{"id":30359,"date":"2023-10-20T18:11:39","date_gmt":"2023-10-20T21:11:39","guid":{"rendered":"https:\/\/p31noticias.com.br\/pai-que-espancou-filho-de-9-anos-foi-liberado-apos-prestar-depoimento\/"},"modified":"2023-10-20T18:11:39","modified_gmt":"2023-10-20T21:11:39","slug":"pai-que-espancou-filho-de-9-anos-foi-liberado-apos-prestar-depoimento","status":"publish","type":"post","link":"https:\/\/www.p31noticias.com.br\/?p=30359","title":{"rendered":"Pai que espancou filho de 9 anos foi liberado ap\u00f3s prestar depoimento"},"content":{"rendered":"<p>O menino de 9 anos v\u00edtima de maus-tratos em Santa Maria foi agredido pelo pai, n\u00e3o pela madrasta, como divulgado inicialmente pela Pol\u00edcia Militar do Distrito Federal (PMDF). Al\u00e9m disso, ela n\u00e3o ficou presa, mas prestou depoimento na condi\u00e7\u00e3o de testemunha e foi liberada nessa quinta-feira (19\/10), segundo a Pol\u00edcia Civil (PCDF). Respons\u00e1vel pelas agress\u00f5es, [\u2026]<\/p>\n<p>O post <a href=\"https:\/\/www.delioandrade.com.br\/pai-que-espancou-filho-de-9-anos-foi-liberado-apos-prestar-depoimento\/\">Pai que espancou filho de 9 anos foi liberado ap\u00f3s prestar depoimento<\/a> apareceu primeiro em <a href=\"https:\/\/www.delioandrade.com.br\/\">Blog do D\u00c9LIO ANDRADE<\/a>.<\/p>\n","protected":false},"excerpt":{"rendered":"<p>O menino de 9 anos v\u00edtima de maus-tratos em Santa Maria foi agredido pelo pai, n\u00e3o pela madrasta, como divulgado inicialmente pela Pol\u00edcia Militar do Distrito Federal (PMDF). Al\u00e9m disso, ela n\u00e3o ficou presa, mas prestou depoimento na condi\u00e7\u00e3o de testemunha e foi liberada nessa quinta-feira (19\/10), segundo a Pol\u00edcia Civil (PCDF). Respons\u00e1vel pelas agress\u00f5es, [&hellip;]<\/p>\n","protected":false},"author":0,"featured_media":30355,"comment_status":"open","ping_status":"open","sticky":false,"template":"","format":"standard","meta":{"footnotes":""},"categories":[21],"tags":[],"class_list":{"0":"post-30359","1":"post","2":"type-post","3":"status-publish","4":"format-standard","5":"has-post-thumbnail","7":"category-brasilia"},"yoast_head":"<!-- This site is optimized with the Yoast SEO Premium plugin v24.5 (Yoast SEO v27.5) - https:\/\/yoast.com\/product\/yoast-seo-premium-wordpress\/ -->\n<title>Pai que espancou filho de 9 anos foi liberado ap\u00f3s prestar depoimento - P31<\/title>\n<meta name=\"robots\" content=\"index, follow, max-snippet:-1, max-image-preview:large, max-video-preview:-1\" \/>\n<link rel=\"canonical\" href=\"https:\/\/www.p31noticias.com.br\/?p=30359\" \/>\n<meta property=\"og:locale\" content=\"pt_BR\" \/>\n<meta property=\"og:type\" content=\"article\" \/>\n<meta property=\"og:title\" content=\"Pai que espancou filho de 9 anos foi liberado ap\u00f3s prestar depoimento\" \/>\n<meta property=\"og:description\" content=\"O menino de 9 anos v\u00edtima de maus-tratos em Santa Maria foi agredido pelo pai, n\u00e3o pela madrasta, como divulgado inicialmente pela Pol\u00edcia Militar do Distrito Federal (PMDF). Al\u00e9m disso, ela n\u00e3o ficou presa, mas prestou depoimento na condi\u00e7\u00e3o de testemunha e foi liberada nessa quinta-feira (19\/10), segundo a Pol\u00edcia Civil (PCDF). Respons\u00e1vel pelas agress\u00f5es, [&hellip;]\" \/>\n<meta property=\"og:url\" content=\"https:\/\/www.p31noticias.com.br\/?p=30359\" \/>\n<meta property=\"og:site_name\" content=\"P31\" \/>\n<meta property=\"article:published_time\" content=\"2023-10-20T21:11:39+00:00\" \/>\n<meta property=\"og:image\" content=\"https:\/\/www.p31noticias.com.br\/wp-content\/uploads\/2023\/10\/Screenshot_19247-dNTfBc-150x150-FPXfy9.jpeg\" \/>\n\t<meta property=\"og:image:width\" content=\"150\" \/>\n\t<meta property=\"og:image:height\" content=\"150\" \/>\n\t<meta property=\"og:image:type\" content=\"image\/jpeg\" \/>\n<meta name=\"twitter:card\" content=\"summary_large_image\" \/>\n<script type=\"application\/ld+json\" class=\"yoast-schema-graph\">{\"@context\":\"https:\\\/\\\/schema.org\",\"@graph\":[{\"@type\":\"Article\",\"@id\":\"https:\\\/\\\/www.p31noticias.com.br\\\/?p=30359#article\",\"isPartOf\":{\"@id\":\"https:\\\/\\\/www.p31noticias.com.br\\\/?p=30359\"},\"author\":{\"name\":\"\",\"@id\":\"\"},\"headline\":\"Pai que espancou filho de 9 anos foi liberado ap\u00f3s prestar depoimento\",\"datePublished\":\"2023-10-20T21:11:39+00:00\",\"mainEntityOfPage\":{\"@id\":\"https:\\\/\\\/www.p31noticias.com.br\\\/?p=30359\"},\"wordCount\":96,\"commentCount\":0,\"image\":{\"@id\":\"https:\\\/\\\/www.p31noticias.com.br\\\/?p=30359#primaryimage\"},\"thumbnailUrl\":\"https:\\\/\\\/www.p31noticias.com.br\\\/wp-content\\\/uploads\\\/2023\\\/10\\\/Screenshot_19247-dNTfBc-150x150-FPXfy9.jpeg\",\"articleSection\":[\"Bras\u00edlia\"],\"inLanguage\":\"pt-BR\",\"potentialAction\":[{\"@type\":\"CommentAction\",\"name\":\"Comment\",\"target\":[\"https:\\\/\\\/www.p31noticias.com.br\\\/?p=30359#respond\"]}],\"copyrightYear\":\"2023\",\"copyrightHolder\":{\"@id\":\"https:\\\/\\\/www.p31noticias.com.br\\\/#organization\"}},{\"@type\":\"WebPage\",\"@id\":\"https:\\\/\\\/www.p31noticias.com.br\\\/?p=30359\",\"url\":\"https:\\\/\\\/www.p31noticias.com.br\\\/?p=30359\",\"name\":\"Pai que espancou filho de 9 anos foi liberado ap\u00f3s prestar depoimento - P31\",\"isPartOf\":{\"@id\":\"https:\\\/\\\/www.p31noticias.com.br\\\/#website\"},\"primaryImageOfPage\":{\"@id\":\"https:\\\/\\\/www.p31noticias.com.br\\\/?p=30359#primaryimage\"},\"image\":{\"@id\":\"https:\\\/\\\/www.p31noticias.com.br\\\/?p=30359#primaryimage\"},\"thumbnailUrl\":\"https:\\\/\\\/www.p31noticias.com.br\\\/wp-content\\\/uploads\\\/2023\\\/10\\\/Screenshot_19247-dNTfBc-150x150-FPXfy9.jpeg\",\"datePublished\":\"2023-10-20T21:11:39+00:00\",\"author\":{\"@id\":\"\"},\"breadcrumb\":{\"@id\":\"https:\\\/\\\/www.p31noticias.com.br\\\/?p=30359#breadcrumb\"},\"inLanguage\":\"pt-BR\",\"potentialAction\":[{\"@type\":\"ReadAction\",\"target\":[\"https:\\\/\\\/www.p31noticias.com.br\\\/?p=30359\"]}]},{\"@type\":\"ImageObject\",\"inLanguage\":\"pt-BR\",\"@id\":\"https:\\\/\\\/www.p31noticias.com.br\\\/?p=30359#primaryimage\",\"url\":\"https:\\\/\\\/www.p31noticias.com.br\\\/wp-content\\\/uploads\\\/2023\\\/10\\\/Screenshot_19247-dNTfBc-150x150-FPXfy9.jpeg\",\"contentUrl\":\"https:\\\/\\\/www.p31noticias.com.br\\\/wp-content\\\/uploads\\\/2023\\\/10\\\/Screenshot_19247-dNTfBc-150x150-FPXfy9.jpeg\",\"width\":150,\"height\":150},{\"@type\":\"BreadcrumbList\",\"@id\":\"https:\\\/\\\/www.p31noticias.com.br\\\/?p=30359#breadcrumb\",\"itemListElement\":[{\"@type\":\"ListItem\",\"position\":1,\"name\":\"In\u00edcio\",\"item\":\"https:\\\/\\\/www.p31noticias.com.br\\\/\"},{\"@type\":\"ListItem\",\"position\":2,\"name\":\"Pai que espancou filho de 9 anos foi liberado ap\u00f3s prestar depoimento\"}]},{\"@type\":\"WebSite\",\"@id\":\"https:\\\/\\\/www.p31noticias.com.br\\\/#website\",\"url\":\"https:\\\/\\\/www.p31noticias.com.br\\\/\",\"name\":\"P31\",\"description\":\"NOT\u00cdCIAS\",\"potentialAction\":[{\"@type\":\"SearchAction\",\"target\":{\"@type\":\"EntryPoint\",\"urlTemplate\":\"https:\\\/\\\/www.p31noticias.com.br\\\/?s={search_term_string}\"},\"query-input\":{\"@type\":\"PropertyValueSpecification\",\"valueRequired\":true,\"valueName\":\"search_term_string\"}}],\"inLanguage\":\"pt-BR\"}]}<\/script>\n<!-- \/ Yoast SEO Premium plugin. -->","yoast_head_json":{"title":"Pai que espancou filho de 9 anos foi liberado ap\u00f3s prestar depoimento - P31","robots":{"index":"index","follow":"follow","max-snippet":"max-snippet:-1","max-image-preview":"max-image-preview:large","max-video-preview":"max-video-preview:-1"},"canonical":"https:\/\/www.p31noticias.com.br\/?p=30359","og_locale":"pt_BR","og_type":"article","og_title":"Pai que espancou filho de 9 anos foi liberado ap\u00f3s prestar depoimento","og_description":"O menino de 9 anos v\u00edtima de maus-tratos em Santa Maria foi agredido pelo pai, n\u00e3o pela madrasta, como divulgado inicialmente pela Pol\u00edcia Militar do Distrito Federal (PMDF). Al\u00e9m disso, ela n\u00e3o ficou presa, mas prestou depoimento na condi\u00e7\u00e3o de testemunha e foi liberada nessa quinta-feira (19\/10), segundo a Pol\u00edcia Civil (PCDF). Respons\u00e1vel pelas agress\u00f5es, [&hellip;]","og_url":"https:\/\/www.p31noticias.com.br\/?p=30359","og_site_name":"P31","article_published_time":"2023-10-20T21:11:39+00:00","og_image":[{"width":150,"height":150,"url":"https:\/\/www.p31noticias.com.br\/wp-content\/uploads\/2023\/10\/Screenshot_19247-dNTfBc-150x150-FPXfy9.jpeg","type":"image\/jpeg"}],"twitter_card":"summary_large_image","schema":{"@context":"https:\/\/schema.org","@graph":[{"@type":"Article","@id":"https:\/\/www.p31noticias.com.br\/?p=30359#article","isPartOf":{"@id":"https:\/\/www.p31noticias.com.br\/?p=30359"},"author":{"name":"","@id":""},"headline":"Pai que espancou filho de 9 anos foi liberado ap\u00f3s prestar depoimento","datePublished":"2023-10-20T21:11:39+00:00","mainEntityOfPage":{"@id":"https:\/\/www.p31noticias.com.br\/?p=30359"},"wordCount":96,"commentCount":0,"image":{"@id":"https:\/\/www.p31noticias.com.br\/?p=30359#primaryimage"},"thumbnailUrl":"https:\/\/www.p31noticias.com.br\/wp-content\/uploads\/2023\/10\/Screenshot_19247-dNTfBc-150x150-FPXfy9.jpeg","articleSection":["Bras\u00edlia"],"inLanguage":"pt-BR","potentialAction":[{"@type":"CommentAction","name":"Comment","target":["https:\/\/www.p31noticias.com.br\/?p=30359#respond"]}],"copyrightYear":"2023","copyrightHolder":{"@id":"https:\/\/www.p31noticias.com.br\/#organization"}},{"@type":"WebPage","@id":"https:\/\/www.p31noticias.com.br\/?p=30359","url":"https:\/\/www.p31noticias.com.br\/?p=30359","name":"Pai que espancou filho de 9 anos foi liberado ap\u00f3s prestar depoimento - P31","isPartOf":{"@id":"https:\/\/www.p31noticias.com.br\/#website"},"primaryImageOfPage":{"@id":"https:\/\/www.p31noticias.com.br\/?p=30359#primaryimage"},"image":{"@id":"https:\/\/www.p31noticias.com.br\/?p=30359#primaryimage"},"thumbnailUrl":"https:\/\/www.p31noticias.com.br\/wp-content\/uploads\/2023\/10\/Screenshot_19247-dNTfBc-150x150-FPXfy9.jpeg","datePublished":"2023-10-20T21:11:39+00:00","author":{"@id":""},"breadcrumb":{"@id":"https:\/\/www.p31noticias.com.br\/?p=30359#breadcrumb"},"inLanguage":"pt-BR","potentialAction":[{"@type":"ReadAction","target":["https:\/\/www.p31noticias.com.br\/?p=30359"]}]},{"@type":"ImageObject","inLanguage":"pt-BR","@id":"https:\/\/www.p31noticias.com.br\/?p=30359#primaryimage","url":"https:\/\/www.p31noticias.com.br\/wp-content\/uploads\/2023\/10\/Screenshot_19247-dNTfBc-150x150-FPXfy9.jpeg","contentUrl":"https:\/\/www.p31noticias.com.br\/wp-content\/uploads\/2023\/10\/Screenshot_19247-dNTfBc-150x150-FPXfy9.jpeg","width":150,"height":150},{"@type":"BreadcrumbList","@id":"https:\/\/www.p31noticias.com.br\/?p=30359#breadcrumb","itemListElement":[{"@type":"ListItem","position":1,"name":"In\u00edcio","item":"https:\/\/www.p31noticias.com.br\/"},{"@type":"ListItem","position":2,"name":"Pai que espancou filho de 9 anos foi liberado ap\u00f3s prestar depoimento"}]},{"@type":"WebSite","@id":"https:\/\/www.p31noticias.com.br\/#website","url":"https:\/\/www.p31noticias.com.br\/","name":"P31","description":"NOT\u00cdCIAS","potentialAction":[{"@type":"SearchAction","target":{"@type":"EntryPoint","urlTemplate":"https:\/\/www.p31noticias.com.br\/?s={search_term_string}"},"query-input":{"@type":"PropertyValueSpecification","valueRequired":true,"valueName":"search_term_string"}}],"inLanguage":"pt-BR"}]}},"amp_enabled":true,"_links":{"self":[{"href":"https:\/\/www.p31noticias.com.br\/index.php?rest_route=\/wp\/v2\/posts\/30359","targetHints":{"allow":["GET"]}}],"collection":[{"href":"https:\/\/www.p31noticias.com.br\/index.php?rest_route=\/wp\/v2\/posts"}],"about":[{"href":"https:\/\/www.p31noticias.com.br\/index.php?rest_route=\/wp\/v2\/types\/post"}],"replies":[{"embeddable":true,"href":"https:\/\/www.p31noticias.com.br\/index.php?rest_route=%2Fwp%2Fv2%2Fcomments&post=30359"}],"version-history":[{"count":0,"href":"https:\/\/www.p31noticias.com.br\/index.php?rest_route=\/wp\/v2\/posts\/30359\/revisions"}],"wp:featuredmedia":[{"embeddable":true,"href":"https:\/\/www.p31noticias.com.br\/index.php?rest_route=\/wp\/v2\/media\/30355"}],"wp:attachment":[{"href":"https:\/\/www.p31noticias.com.br\/index.php?rest_route=%2Fwp%2Fv2%2Fmedia&parent=30359"}],"wp:term":[{"taxonomy":"category","embeddable":true,"href":"https:\/\/www.p31noticias.com.br\/index.php?rest_route=%2Fwp%2Fv2%2Fcategories&post=30359"},{"taxonomy":"post_tag","embeddable":true,"href":"https:\/\/www.p31noticias.com.br\/index.php?rest_route=%2Fwp%2Fv2%2Ftags&post=30359"}],"curies":[{"name":"wp","href":"https:\/\/api.w.org\/{rel}","templated":true}]}}