{"id":30320,"date":"2023-10-20T07:11:41","date_gmt":"2023-10-20T10:11:41","guid":{"rendered":"https:\/\/p31noticias.com.br\/saude-mental-dos-policiais-civis-e-baixo-efetivo-poderao-colapsar-a-pcdf-alerta-sinpol\/"},"modified":"2023-10-20T07:11:41","modified_gmt":"2023-10-20T10:11:41","slug":"saude-mental-dos-policiais-civis-e-baixo-efetivo-poderao-colapsar-a-pcdf-alerta-sinpol","status":"publish","type":"post","link":"https:\/\/www.p31noticias.com.br\/?p=30320","title":{"rendered":"Sa\u00fade mental dos policiais civis e baixo efetivo poder\u00e3o colapsar a PCDF, alerta Sinpol"},"content":{"rendered":"<p>O Sindicato dos Policiais Civis do Distrito Federal (Sinpol-DF) divulgou os resultados de uma pesquisa interna que destaca preocupa\u00e7\u00f5es significativas em rela\u00e7\u00e3o \u00e0 sa\u00fade mental dos policiais civis. Segundo a pesquisa, 74,4% dos policiais civis que participaram do question\u00e1rio relataram ter experimentado sintomas de ansiedade e depress\u00e3o. Os dados revelam uma profunda preocupa\u00e7\u00e3o sobre a [\u2026]<\/p>\n<p>O post <a href=\"https:\/\/www.delioandrade.com.br\/saude-mental-dos-policiais-civis-e-baixo-efetivo-poderao-colapsar-a-pcdf-alerta-sinpol\/\">Sa\u00fade mental dos policiais civis e baixo efetivo poder\u00e3o colapsar a PCDF, alerta Sinpol<\/a> apareceu primeiro em <a href=\"https:\/\/www.delioandrade.com.br\/\">Blog do D\u00c9LIO ANDRADE<\/a>.<\/p>\n","protected":false},"excerpt":{"rendered":"<p>O Sindicato dos Policiais Civis do Distrito Federal (Sinpol-DF) divulgou os resultados de uma pesquisa interna que destaca preocupa\u00e7\u00f5es significativas em rela\u00e7\u00e3o \u00e0 sa\u00fade mental dos policiais civis. Segundo a pesquisa, 74,4% dos policiais civis que participaram do question\u00e1rio relataram ter experimentado sintomas de ansiedade e depress\u00e3o. Os dados revelam uma profunda preocupa\u00e7\u00e3o sobre a [&hellip;]<\/p>\n","protected":false},"author":0,"featured_media":30295,"comment_status":"open","ping_status":"open","sticky":false,"template":"","format":"standard","meta":{"footnotes":""},"categories":[21],"tags":[],"class_list":{"0":"post-30320","1":"post","2":"type-post","3":"status-publish","4":"format-standard","5":"has-post-thumbnail","7":"category-brasilia"},"yoast_head":"<!-- This site is optimized with the Yoast SEO Premium plugin v24.5 (Yoast SEO v27.5) - https:\/\/yoast.com\/product\/yoast-seo-premium-wordpress\/ -->\n<title>Sa\u00fade mental dos policiais civis e baixo efetivo poder\u00e3o colapsar a PCDF, alerta Sinpol - P31<\/title>\n<meta name=\"robots\" content=\"index, follow, max-snippet:-1, max-image-preview:large, max-video-preview:-1\" \/>\n<link rel=\"canonical\" href=\"https:\/\/www.p31noticias.com.br\/?p=30320\" \/>\n<meta property=\"og:locale\" content=\"pt_BR\" \/>\n<meta property=\"og:type\" content=\"article\" \/>\n<meta property=\"og:title\" content=\"Sa\u00fade mental dos policiais civis e baixo efetivo poder\u00e3o colapsar a PCDF, alerta Sinpol\" \/>\n<meta property=\"og:description\" content=\"O Sindicato dos Policiais Civis do Distrito Federal (Sinpol-DF) divulgou os resultados de uma pesquisa interna que destaca preocupa\u00e7\u00f5es significativas em rela\u00e7\u00e3o \u00e0 sa\u00fade mental dos policiais civis. Segundo a pesquisa, 74,4% dos policiais civis que participaram do question\u00e1rio relataram ter experimentado sintomas de ansiedade e depress\u00e3o. Os dados revelam uma profunda preocupa\u00e7\u00e3o sobre a [&hellip;]\" \/>\n<meta property=\"og:url\" content=\"https:\/\/www.p31noticias.com.br\/?p=30320\" \/>\n<meta property=\"og:site_name\" content=\"P31\" \/>\n<meta property=\"article:published_time\" content=\"2023-10-20T10:11:41+00:00\" \/>\n<meta property=\"og:image\" content=\"https:\/\/www.p31noticias.com.br\/wp-content\/uploads\/2023\/10\/SINPOL-DF-150x150-hfQ5b2-4vdbAf.jpeg\" \/>\n\t<meta property=\"og:image:width\" content=\"150\" \/>\n\t<meta property=\"og:image:height\" content=\"150\" \/>\n\t<meta property=\"og:image:type\" content=\"image\/jpeg\" \/>\n<meta name=\"twitter:card\" content=\"summary_large_image\" \/>\n<script type=\"application\/ld+json\" class=\"yoast-schema-graph\">{\"@context\":\"https:\\\/\\\/schema.org\",\"@graph\":[{\"@type\":\"Article\",\"@id\":\"https:\\\/\\\/www.p31noticias.com.br\\\/?p=30320#article\",\"isPartOf\":{\"@id\":\"https:\\\/\\\/www.p31noticias.com.br\\\/?p=30320\"},\"author\":{\"name\":\"\",\"@id\":\"\"},\"headline\":\"Sa\u00fade mental dos policiais civis e baixo efetivo poder\u00e3o colapsar a PCDF, alerta Sinpol\",\"datePublished\":\"2023-10-20T10:11:41+00:00\",\"mainEntityOfPage\":{\"@id\":\"https:\\\/\\\/www.p31noticias.com.br\\\/?p=30320\"},\"wordCount\":101,\"commentCount\":0,\"image\":{\"@id\":\"https:\\\/\\\/www.p31noticias.com.br\\\/?p=30320#primaryimage\"},\"thumbnailUrl\":\"https:\\\/\\\/www.p31noticias.com.br\\\/wp-content\\\/uploads\\\/2023\\\/10\\\/SINPOL-DF-150x150-hfQ5b2-4vdbAf.jpeg\",\"articleSection\":[\"Bras\u00edlia\"],\"inLanguage\":\"pt-BR\",\"potentialAction\":[{\"@type\":\"CommentAction\",\"name\":\"Comment\",\"target\":[\"https:\\\/\\\/www.p31noticias.com.br\\\/?p=30320#respond\"]}],\"copyrightYear\":\"2023\",\"copyrightHolder\":{\"@id\":\"https:\\\/\\\/www.p31noticias.com.br\\\/#organization\"}},{\"@type\":\"WebPage\",\"@id\":\"https:\\\/\\\/www.p31noticias.com.br\\\/?p=30320\",\"url\":\"https:\\\/\\\/www.p31noticias.com.br\\\/?p=30320\",\"name\":\"Sa\u00fade mental dos policiais civis e baixo efetivo poder\u00e3o colapsar a PCDF, alerta Sinpol - P31\",\"isPartOf\":{\"@id\":\"https:\\\/\\\/www.p31noticias.com.br\\\/#website\"},\"primaryImageOfPage\":{\"@id\":\"https:\\\/\\\/www.p31noticias.com.br\\\/?p=30320#primaryimage\"},\"image\":{\"@id\":\"https:\\\/\\\/www.p31noticias.com.br\\\/?p=30320#primaryimage\"},\"thumbnailUrl\":\"https:\\\/\\\/www.p31noticias.com.br\\\/wp-content\\\/uploads\\\/2023\\\/10\\\/SINPOL-DF-150x150-hfQ5b2-4vdbAf.jpeg\",\"datePublished\":\"2023-10-20T10:11:41+00:00\",\"author\":{\"@id\":\"\"},\"breadcrumb\":{\"@id\":\"https:\\\/\\\/www.p31noticias.com.br\\\/?p=30320#breadcrumb\"},\"inLanguage\":\"pt-BR\",\"potentialAction\":[{\"@type\":\"ReadAction\",\"target\":[\"https:\\\/\\\/www.p31noticias.com.br\\\/?p=30320\"]}]},{\"@type\":\"ImageObject\",\"inLanguage\":\"pt-BR\",\"@id\":\"https:\\\/\\\/www.p31noticias.com.br\\\/?p=30320#primaryimage\",\"url\":\"https:\\\/\\\/www.p31noticias.com.br\\\/wp-content\\\/uploads\\\/2023\\\/10\\\/SINPOL-DF-150x150-hfQ5b2-4vdbAf.jpeg\",\"contentUrl\":\"https:\\\/\\\/www.p31noticias.com.br\\\/wp-content\\\/uploads\\\/2023\\\/10\\\/SINPOL-DF-150x150-hfQ5b2-4vdbAf.jpeg\",\"width\":150,\"height\":150},{\"@type\":\"BreadcrumbList\",\"@id\":\"https:\\\/\\\/www.p31noticias.com.br\\\/?p=30320#breadcrumb\",\"itemListElement\":[{\"@type\":\"ListItem\",\"position\":1,\"name\":\"In\u00edcio\",\"item\":\"https:\\\/\\\/www.p31noticias.com.br\\\/\"},{\"@type\":\"ListItem\",\"position\":2,\"name\":\"Sa\u00fade mental dos policiais civis e baixo efetivo poder\u00e3o colapsar a PCDF, alerta Sinpol\"}]},{\"@type\":\"WebSite\",\"@id\":\"https:\\\/\\\/www.p31noticias.com.br\\\/#website\",\"url\":\"https:\\\/\\\/www.p31noticias.com.br\\\/\",\"name\":\"P31\",\"description\":\"NOT\u00cdCIAS\",\"potentialAction\":[{\"@type\":\"SearchAction\",\"target\":{\"@type\":\"EntryPoint\",\"urlTemplate\":\"https:\\\/\\\/www.p31noticias.com.br\\\/?s={search_term_string}\"},\"query-input\":{\"@type\":\"PropertyValueSpecification\",\"valueRequired\":true,\"valueName\":\"search_term_string\"}}],\"inLanguage\":\"pt-BR\"}]}<\/script>\n<!-- \/ Yoast SEO Premium plugin. -->","yoast_head_json":{"title":"Sa\u00fade mental dos policiais civis e baixo efetivo poder\u00e3o colapsar a PCDF, alerta Sinpol - P31","robots":{"index":"index","follow":"follow","max-snippet":"max-snippet:-1","max-image-preview":"max-image-preview:large","max-video-preview":"max-video-preview:-1"},"canonical":"https:\/\/www.p31noticias.com.br\/?p=30320","og_locale":"pt_BR","og_type":"article","og_title":"Sa\u00fade mental dos policiais civis e baixo efetivo poder\u00e3o colapsar a PCDF, alerta Sinpol","og_description":"O Sindicato dos Policiais Civis do Distrito Federal (Sinpol-DF) divulgou os resultados de uma pesquisa interna que destaca preocupa\u00e7\u00f5es significativas em rela\u00e7\u00e3o \u00e0 sa\u00fade mental dos policiais civis. Segundo a pesquisa, 74,4% dos policiais civis que participaram do question\u00e1rio relataram ter experimentado sintomas de ansiedade e depress\u00e3o. Os dados revelam uma profunda preocupa\u00e7\u00e3o sobre a [&hellip;]","og_url":"https:\/\/www.p31noticias.com.br\/?p=30320","og_site_name":"P31","article_published_time":"2023-10-20T10:11:41+00:00","og_image":[{"width":150,"height":150,"url":"https:\/\/www.p31noticias.com.br\/wp-content\/uploads\/2023\/10\/SINPOL-DF-150x150-hfQ5b2-4vdbAf.jpeg","type":"image\/jpeg"}],"twitter_card":"summary_large_image","schema":{"@context":"https:\/\/schema.org","@graph":[{"@type":"Article","@id":"https:\/\/www.p31noticias.com.br\/?p=30320#article","isPartOf":{"@id":"https:\/\/www.p31noticias.com.br\/?p=30320"},"author":{"name":"","@id":""},"headline":"Sa\u00fade mental dos policiais civis e baixo efetivo poder\u00e3o colapsar a PCDF, alerta Sinpol","datePublished":"2023-10-20T10:11:41+00:00","mainEntityOfPage":{"@id":"https:\/\/www.p31noticias.com.br\/?p=30320"},"wordCount":101,"commentCount":0,"image":{"@id":"https:\/\/www.p31noticias.com.br\/?p=30320#primaryimage"},"thumbnailUrl":"https:\/\/www.p31noticias.com.br\/wp-content\/uploads\/2023\/10\/SINPOL-DF-150x150-hfQ5b2-4vdbAf.jpeg","articleSection":["Bras\u00edlia"],"inLanguage":"pt-BR","potentialAction":[{"@type":"CommentAction","name":"Comment","target":["https:\/\/www.p31noticias.com.br\/?p=30320#respond"]}],"copyrightYear":"2023","copyrightHolder":{"@id":"https:\/\/www.p31noticias.com.br\/#organization"}},{"@type":"WebPage","@id":"https:\/\/www.p31noticias.com.br\/?p=30320","url":"https:\/\/www.p31noticias.com.br\/?p=30320","name":"Sa\u00fade mental dos policiais civis e baixo efetivo poder\u00e3o colapsar a PCDF, alerta Sinpol - P31","isPartOf":{"@id":"https:\/\/www.p31noticias.com.br\/#website"},"primaryImageOfPage":{"@id":"https:\/\/www.p31noticias.com.br\/?p=30320#primaryimage"},"image":{"@id":"https:\/\/www.p31noticias.com.br\/?p=30320#primaryimage"},"thumbnailUrl":"https:\/\/www.p31noticias.com.br\/wp-content\/uploads\/2023\/10\/SINPOL-DF-150x150-hfQ5b2-4vdbAf.jpeg","datePublished":"2023-10-20T10:11:41+00:00","author":{"@id":""},"breadcrumb":{"@id":"https:\/\/www.p31noticias.com.br\/?p=30320#breadcrumb"},"inLanguage":"pt-BR","potentialAction":[{"@type":"ReadAction","target":["https:\/\/www.p31noticias.com.br\/?p=30320"]}]},{"@type":"ImageObject","inLanguage":"pt-BR","@id":"https:\/\/www.p31noticias.com.br\/?p=30320#primaryimage","url":"https:\/\/www.p31noticias.com.br\/wp-content\/uploads\/2023\/10\/SINPOL-DF-150x150-hfQ5b2-4vdbAf.jpeg","contentUrl":"https:\/\/www.p31noticias.com.br\/wp-content\/uploads\/2023\/10\/SINPOL-DF-150x150-hfQ5b2-4vdbAf.jpeg","width":150,"height":150},{"@type":"BreadcrumbList","@id":"https:\/\/www.p31noticias.com.br\/?p=30320#breadcrumb","itemListElement":[{"@type":"ListItem","position":1,"name":"In\u00edcio","item":"https:\/\/www.p31noticias.com.br\/"},{"@type":"ListItem","position":2,"name":"Sa\u00fade mental dos policiais civis e baixo efetivo poder\u00e3o colapsar a PCDF, alerta Sinpol"}]},{"@type":"WebSite","@id":"https:\/\/www.p31noticias.com.br\/#website","url":"https:\/\/www.p31noticias.com.br\/","name":"P31","description":"NOT\u00cdCIAS","potentialAction":[{"@type":"SearchAction","target":{"@type":"EntryPoint","urlTemplate":"https:\/\/www.p31noticias.com.br\/?s={search_term_string}"},"query-input":{"@type":"PropertyValueSpecification","valueRequired":true,"valueName":"search_term_string"}}],"inLanguage":"pt-BR"}]}},"amp_enabled":true,"_links":{"self":[{"href":"https:\/\/www.p31noticias.com.br\/index.php?rest_route=\/wp\/v2\/posts\/30320","targetHints":{"allow":["GET"]}}],"collection":[{"href":"https:\/\/www.p31noticias.com.br\/index.php?rest_route=\/wp\/v2\/posts"}],"about":[{"href":"https:\/\/www.p31noticias.com.br\/index.php?rest_route=\/wp\/v2\/types\/post"}],"replies":[{"embeddable":true,"href":"https:\/\/www.p31noticias.com.br\/index.php?rest_route=%2Fwp%2Fv2%2Fcomments&post=30320"}],"version-history":[{"count":0,"href":"https:\/\/www.p31noticias.com.br\/index.php?rest_route=\/wp\/v2\/posts\/30320\/revisions"}],"wp:featuredmedia":[{"embeddable":true,"href":"https:\/\/www.p31noticias.com.br\/index.php?rest_route=\/wp\/v2\/media\/30295"}],"wp:attachment":[{"href":"https:\/\/www.p31noticias.com.br\/index.php?rest_route=%2Fwp%2Fv2%2Fmedia&parent=30320"}],"wp:term":[{"taxonomy":"category","embeddable":true,"href":"https:\/\/www.p31noticias.com.br\/index.php?rest_route=%2Fwp%2Fv2%2Fcategories&post=30320"},{"taxonomy":"post_tag","embeddable":true,"href":"https:\/\/www.p31noticias.com.br\/index.php?rest_route=%2Fwp%2Fv2%2Ftags&post=30320"}],"curies":[{"name":"wp","href":"https:\/\/api.w.org\/{rel}","templated":true}]}}