{"id":29928,"date":"2023-10-17T07:06:25","date_gmt":"2023-10-17T10:06:25","guid":{"rendered":"https:\/\/p31noticias.com.br\/sem-salario-vigilantes-ameacam-paralisacao-na-rodoviaria-e-na-saude-3\/"},"modified":"2023-10-17T07:06:25","modified_gmt":"2023-10-17T10:06:25","slug":"sem-salario-vigilantes-ameacam-paralisacao-na-rodoviaria-e-na-saude-3","status":"publish","type":"post","link":"https:\/\/www.p31noticias.com.br\/?p=29928","title":{"rendered":"Sem sal\u00e1rio, vigilantes amea\u00e7am paralisa\u00e7\u00e3o na Rodovi\u00e1ria e na Sa\u00fade"},"content":{"rendered":"<p>Cerca de 200 vigilantes terceirizados que trabalham na Rodovi\u00e1ria do Plano Piloto e na Secretaria de Sa\u00fade pretendem parar os servi\u00e7os a partir das 7h desta ter\u00e7a-feira (17\/10). A categoria alega que os profissionais ainda n\u00e3o receberam o sal\u00e1rio deste m\u00eas. Os vigilantes tamb\u00e9m n\u00e3o teriam recebido pagamento de f\u00e9rias e de benef\u00edcios contratuais, como [\u2026]<\/p>\n<p>O post <a href=\"https:\/\/www.delioandrade.com.br\/sem-salario-vigilantes-ameacam-paralisacao-na-rodoviaria-e-na-saude\/\">Sem sal\u00e1rio, vigilantes amea\u00e7am paralisa\u00e7\u00e3o na Rodovi\u00e1ria e na Sa\u00fade<\/a> apareceu primeiro em <a href=\"https:\/\/www.delioandrade.com.br\/\">Blog do D\u00c9LIO ANDRADE<\/a>.<\/p>\n","protected":false},"excerpt":{"rendered":"<p>Cerca de 200 vigilantes terceirizados que trabalham na Rodovi\u00e1ria do Plano Piloto e na Secretaria de Sa\u00fade pretendem parar os servi\u00e7os a partir das 7h desta ter\u00e7a-feira (17\/10). A categoria alega que os profissionais ainda n\u00e3o receberam o sal\u00e1rio deste m\u00eas. Os vigilantes tamb\u00e9m n\u00e3o teriam recebido pagamento de f\u00e9rias e de benef\u00edcios contratuais, como [&hellip;]<\/p>\n","protected":false},"author":0,"featured_media":0,"comment_status":"open","ping_status":"open","sticky":false,"template":"","format":"standard","meta":{"footnotes":""},"categories":[21],"tags":[],"class_list":{"0":"post-29928","1":"post","2":"type-post","3":"status-publish","4":"format-standard","6":"category-brasilia"},"yoast_head":"<!-- This site is optimized with the Yoast SEO Premium plugin v24.5 (Yoast SEO v27.4) - https:\/\/yoast.com\/product\/yoast-seo-premium-wordpress\/ -->\n<title>Sem sal\u00e1rio, vigilantes amea\u00e7am paralisa\u00e7\u00e3o na Rodovi\u00e1ria e na Sa\u00fade - P31<\/title>\n<meta name=\"robots\" content=\"index, follow, max-snippet:-1, max-image-preview:large, max-video-preview:-1\" \/>\n<link rel=\"canonical\" href=\"https:\/\/www.p31noticias.com.br\/?p=29928\" \/>\n<meta property=\"og:locale\" content=\"pt_BR\" \/>\n<meta property=\"og:type\" content=\"article\" \/>\n<meta property=\"og:title\" content=\"Sem sal\u00e1rio, vigilantes amea\u00e7am paralisa\u00e7\u00e3o na Rodovi\u00e1ria e na Sa\u00fade\" \/>\n<meta property=\"og:description\" content=\"Cerca de 200 vigilantes terceirizados que trabalham na Rodovi\u00e1ria do Plano Piloto e na Secretaria de Sa\u00fade pretendem parar os servi\u00e7os a partir das 7h desta ter\u00e7a-feira (17\/10). A categoria alega que os profissionais ainda n\u00e3o receberam o sal\u00e1rio deste m\u00eas. Os vigilantes tamb\u00e9m n\u00e3o teriam recebido pagamento de f\u00e9rias e de benef\u00edcios contratuais, como [&hellip;]\" \/>\n<meta property=\"og:url\" content=\"https:\/\/www.p31noticias.com.br\/?p=29928\" \/>\n<meta property=\"og:site_name\" content=\"P31\" \/>\n<meta property=\"article:published_time\" content=\"2023-10-17T10:06:25+00:00\" \/>\n<meta name=\"twitter:card\" content=\"summary_large_image\" \/>\n<script type=\"application\/ld+json\" class=\"yoast-schema-graph\">{\"@context\":\"https:\\\/\\\/schema.org\",\"@graph\":[{\"@type\":\"Article\",\"@id\":\"https:\\\/\\\/www.p31noticias.com.br\\\/?p=29928#article\",\"isPartOf\":{\"@id\":\"https:\\\/\\\/www.p31noticias.com.br\\\/?p=29928\"},\"author\":{\"name\":\"\",\"@id\":\"\"},\"headline\":\"Sem sal\u00e1rio, vigilantes amea\u00e7am paralisa\u00e7\u00e3o na Rodovi\u00e1ria e na Sa\u00fade\",\"datePublished\":\"2023-10-17T10:06:25+00:00\",\"mainEntityOfPage\":{\"@id\":\"https:\\\/\\\/www.p31noticias.com.br\\\/?p=29928\"},\"wordCount\":104,\"commentCount\":0,\"articleSection\":[\"Bras\u00edlia\"],\"inLanguage\":\"pt-BR\",\"potentialAction\":[{\"@type\":\"CommentAction\",\"name\":\"Comment\",\"target\":[\"https:\\\/\\\/www.p31noticias.com.br\\\/?p=29928#respond\"]}],\"copyrightYear\":\"2023\",\"copyrightHolder\":{\"@id\":\"https:\\\/\\\/www.p31noticias.com.br\\\/#organization\"}},{\"@type\":\"WebPage\",\"@id\":\"https:\\\/\\\/www.p31noticias.com.br\\\/?p=29928\",\"url\":\"https:\\\/\\\/www.p31noticias.com.br\\\/?p=29928\",\"name\":\"Sem sal\u00e1rio, vigilantes amea\u00e7am paralisa\u00e7\u00e3o na Rodovi\u00e1ria e na Sa\u00fade - P31\",\"isPartOf\":{\"@id\":\"https:\\\/\\\/www.p31noticias.com.br\\\/#website\"},\"datePublished\":\"2023-10-17T10:06:25+00:00\",\"author\":{\"@id\":\"\"},\"breadcrumb\":{\"@id\":\"https:\\\/\\\/www.p31noticias.com.br\\\/?p=29928#breadcrumb\"},\"inLanguage\":\"pt-BR\",\"potentialAction\":[{\"@type\":\"ReadAction\",\"target\":[\"https:\\\/\\\/www.p31noticias.com.br\\\/?p=29928\"]}]},{\"@type\":\"BreadcrumbList\",\"@id\":\"https:\\\/\\\/www.p31noticias.com.br\\\/?p=29928#breadcrumb\",\"itemListElement\":[{\"@type\":\"ListItem\",\"position\":1,\"name\":\"In\u00edcio\",\"item\":\"https:\\\/\\\/www.p31noticias.com.br\\\/\"},{\"@type\":\"ListItem\",\"position\":2,\"name\":\"Sem sal\u00e1rio, vigilantes amea\u00e7am paralisa\u00e7\u00e3o na Rodovi\u00e1ria e na Sa\u00fade\"}]},{\"@type\":\"WebSite\",\"@id\":\"https:\\\/\\\/www.p31noticias.com.br\\\/#website\",\"url\":\"https:\\\/\\\/www.p31noticias.com.br\\\/\",\"name\":\"P31\",\"description\":\"NOT\u00cdCIAS\",\"potentialAction\":[{\"@type\":\"SearchAction\",\"target\":{\"@type\":\"EntryPoint\",\"urlTemplate\":\"https:\\\/\\\/www.p31noticias.com.br\\\/?s={search_term_string}\"},\"query-input\":{\"@type\":\"PropertyValueSpecification\",\"valueRequired\":true,\"valueName\":\"search_term_string\"}}],\"inLanguage\":\"pt-BR\"}]}<\/script>\n<!-- \/ Yoast SEO Premium plugin. -->","yoast_head_json":{"title":"Sem sal\u00e1rio, vigilantes amea\u00e7am paralisa\u00e7\u00e3o na Rodovi\u00e1ria e na Sa\u00fade - P31","robots":{"index":"index","follow":"follow","max-snippet":"max-snippet:-1","max-image-preview":"max-image-preview:large","max-video-preview":"max-video-preview:-1"},"canonical":"https:\/\/www.p31noticias.com.br\/?p=29928","og_locale":"pt_BR","og_type":"article","og_title":"Sem sal\u00e1rio, vigilantes amea\u00e7am paralisa\u00e7\u00e3o na Rodovi\u00e1ria e na Sa\u00fade","og_description":"Cerca de 200 vigilantes terceirizados que trabalham na Rodovi\u00e1ria do Plano Piloto e na Secretaria de Sa\u00fade pretendem parar os servi\u00e7os a partir das 7h desta ter\u00e7a-feira (17\/10). A categoria alega que os profissionais ainda n\u00e3o receberam o sal\u00e1rio deste m\u00eas. Os vigilantes tamb\u00e9m n\u00e3o teriam recebido pagamento de f\u00e9rias e de benef\u00edcios contratuais, como [&hellip;]","og_url":"https:\/\/www.p31noticias.com.br\/?p=29928","og_site_name":"P31","article_published_time":"2023-10-17T10:06:25+00:00","twitter_card":"summary_large_image","schema":{"@context":"https:\/\/schema.org","@graph":[{"@type":"Article","@id":"https:\/\/www.p31noticias.com.br\/?p=29928#article","isPartOf":{"@id":"https:\/\/www.p31noticias.com.br\/?p=29928"},"author":{"name":"","@id":""},"headline":"Sem sal\u00e1rio, vigilantes amea\u00e7am paralisa\u00e7\u00e3o na Rodovi\u00e1ria e na Sa\u00fade","datePublished":"2023-10-17T10:06:25+00:00","mainEntityOfPage":{"@id":"https:\/\/www.p31noticias.com.br\/?p=29928"},"wordCount":104,"commentCount":0,"articleSection":["Bras\u00edlia"],"inLanguage":"pt-BR","potentialAction":[{"@type":"CommentAction","name":"Comment","target":["https:\/\/www.p31noticias.com.br\/?p=29928#respond"]}],"copyrightYear":"2023","copyrightHolder":{"@id":"https:\/\/www.p31noticias.com.br\/#organization"}},{"@type":"WebPage","@id":"https:\/\/www.p31noticias.com.br\/?p=29928","url":"https:\/\/www.p31noticias.com.br\/?p=29928","name":"Sem sal\u00e1rio, vigilantes amea\u00e7am paralisa\u00e7\u00e3o na Rodovi\u00e1ria e na Sa\u00fade - P31","isPartOf":{"@id":"https:\/\/www.p31noticias.com.br\/#website"},"datePublished":"2023-10-17T10:06:25+00:00","author":{"@id":""},"breadcrumb":{"@id":"https:\/\/www.p31noticias.com.br\/?p=29928#breadcrumb"},"inLanguage":"pt-BR","potentialAction":[{"@type":"ReadAction","target":["https:\/\/www.p31noticias.com.br\/?p=29928"]}]},{"@type":"BreadcrumbList","@id":"https:\/\/www.p31noticias.com.br\/?p=29928#breadcrumb","itemListElement":[{"@type":"ListItem","position":1,"name":"In\u00edcio","item":"https:\/\/www.p31noticias.com.br\/"},{"@type":"ListItem","position":2,"name":"Sem sal\u00e1rio, vigilantes amea\u00e7am paralisa\u00e7\u00e3o na Rodovi\u00e1ria e na Sa\u00fade"}]},{"@type":"WebSite","@id":"https:\/\/www.p31noticias.com.br\/#website","url":"https:\/\/www.p31noticias.com.br\/","name":"P31","description":"NOT\u00cdCIAS","potentialAction":[{"@type":"SearchAction","target":{"@type":"EntryPoint","urlTemplate":"https:\/\/www.p31noticias.com.br\/?s={search_term_string}"},"query-input":{"@type":"PropertyValueSpecification","valueRequired":true,"valueName":"search_term_string"}}],"inLanguage":"pt-BR"}]}},"amp_enabled":true,"_links":{"self":[{"href":"https:\/\/www.p31noticias.com.br\/index.php?rest_route=\/wp\/v2\/posts\/29928","targetHints":{"allow":["GET"]}}],"collection":[{"href":"https:\/\/www.p31noticias.com.br\/index.php?rest_route=\/wp\/v2\/posts"}],"about":[{"href":"https:\/\/www.p31noticias.com.br\/index.php?rest_route=\/wp\/v2\/types\/post"}],"replies":[{"embeddable":true,"href":"https:\/\/www.p31noticias.com.br\/index.php?rest_route=%2Fwp%2Fv2%2Fcomments&post=29928"}],"version-history":[{"count":0,"href":"https:\/\/www.p31noticias.com.br\/index.php?rest_route=\/wp\/v2\/posts\/29928\/revisions"}],"wp:attachment":[{"href":"https:\/\/www.p31noticias.com.br\/index.php?rest_route=%2Fwp%2Fv2%2Fmedia&parent=29928"}],"wp:term":[{"taxonomy":"category","embeddable":true,"href":"https:\/\/www.p31noticias.com.br\/index.php?rest_route=%2Fwp%2Fv2%2Fcategories&post=29928"},{"taxonomy":"post_tag","embeddable":true,"href":"https:\/\/www.p31noticias.com.br\/index.php?rest_route=%2Fwp%2Fv2%2Ftags&post=29928"}],"curies":[{"name":"wp","href":"https:\/\/api.w.org\/{rel}","templated":true}]}}