{"id":29918,"date":"2023-10-17T03:09:10","date_gmt":"2023-10-17T06:09:10","guid":{"rendered":"https:\/\/p31noticias.com.br\/gdf-e-paulooctavio-entregam-cepi-sarah-kubitschek-a-populacao-do-sol-nascente-nesta-terca-feira-17\/"},"modified":"2023-10-17T03:09:10","modified_gmt":"2023-10-17T06:09:10","slug":"gdf-e-paulooctavio-entregam-cepi-sarah-kubitschek-a-populacao-do-sol-nascente-nesta-terca-feira-17","status":"publish","type":"post","link":"https:\/\/www.p31noticias.com.br\/?p=29918","title":{"rendered":"GDF e PaulOOctavio entregam CEPI Sarah Kubitschek \u00e0 popula\u00e7\u00e3o do Sol Nascente nesta ter\u00e7a-feira (17)"},"content":{"rendered":"<p>Maior comunidade popular do Brasil, com mais de 32 mil domic\u00edlios, segundo os dados do Censo de 2020, o Sol Nascente ganha, nesta ter\u00e7a-feira (17), sua segunda creche. O Centro de Ensino da Primeira Inf\u00e2ncia (CEPI) Sarah Kubitschek ser\u00e1 inaugurado \u00e0s 10h. Erguido pela Construtora PaulOOctavio na Quadra 500, a um custo de R$ 8,5 [\u2026]<\/p>\n<p>O post <a href=\"https:\/\/www.delioandrade.com.br\/gdf-e-paulooctavio-entregam-cepi-sarah-kubitschek-a-populacao-do-sol-nascente-nesta-terca-feira-17\/\">GDF e PaulOOctavio entregam CEPI Sarah Kubitschek \u00e0 popula\u00e7\u00e3o do Sol Nascente nesta ter\u00e7a-feira (17)<\/a> apareceu primeiro em <a href=\"https:\/\/www.delioandrade.com.br\/\">Blog do D\u00c9LIO ANDRADE<\/a>.<\/p>\n","protected":false},"excerpt":{"rendered":"<p>Maior comunidade popular do Brasil, com mais de 32 mil domic\u00edlios, segundo os dados do Censo de 2020, o Sol Nascente ganha, nesta ter\u00e7a-feira (17), sua segunda creche. O Centro de Ensino da Primeira Inf\u00e2ncia (CEPI) Sarah Kubitschek ser\u00e1 inaugurado \u00e0s 10h. Erguido pela Construtora PaulOOctavio na Quadra 500, a um custo de R$ 8,5 [&hellip;]<\/p>\n","protected":false},"author":0,"featured_media":29895,"comment_status":"open","ping_status":"open","sticky":false,"template":"","format":"standard","meta":{"footnotes":""},"categories":[21],"tags":[],"class_list":{"0":"post-29918","1":"post","2":"type-post","3":"status-publish","4":"format-standard","5":"has-post-thumbnail","7":"category-brasilia"},"yoast_head":"<!-- This site is optimized with the Yoast SEO Premium plugin v24.5 (Yoast SEO v27.4) - https:\/\/yoast.com\/product\/yoast-seo-premium-wordpress\/ -->\n<title>GDF e PaulOOctavio entregam CEPI Sarah Kubitschek \u00e0 popula\u00e7\u00e3o do Sol Nascente nesta ter\u00e7a-feira (17) - P31<\/title>\n<meta name=\"robots\" content=\"index, follow, max-snippet:-1, max-image-preview:large, max-video-preview:-1\" \/>\n<link rel=\"canonical\" href=\"https:\/\/www.p31noticias.com.br\/?p=29918\" \/>\n<meta property=\"og:locale\" content=\"pt_BR\" \/>\n<meta property=\"og:type\" content=\"article\" \/>\n<meta property=\"og:title\" content=\"GDF e PaulOOctavio entregam CEPI Sarah Kubitschek \u00e0 popula\u00e7\u00e3o do Sol Nascente nesta ter\u00e7a-feira (17)\" \/>\n<meta property=\"og:description\" content=\"Maior comunidade popular do Brasil, com mais de 32 mil domic\u00edlios, segundo os dados do Censo de 2020, o Sol Nascente ganha, nesta ter\u00e7a-feira (17), sua segunda creche. O Centro de Ensino da Primeira Inf\u00e2ncia (CEPI) Sarah Kubitschek ser\u00e1 inaugurado \u00e0s 10h. Erguido pela Construtora PaulOOctavio na Quadra 500, a um custo de R$ 8,5 [&hellip;]\" \/>\n<meta property=\"og:url\" content=\"https:\/\/www.p31noticias.com.br\/?p=29918\" \/>\n<meta property=\"og:site_name\" content=\"P31\" \/>\n<meta property=\"article:published_time\" content=\"2023-10-17T06:09:10+00:00\" \/>\n<meta property=\"og:image\" content=\"https:\/\/www.p31noticias.com.br\/wp-content\/uploads\/2023\/10\/CrecheSarahKubitschek-150x150-tUkUOe-yp6lsw.jpeg\" \/>\n\t<meta property=\"og:image:width\" content=\"150\" \/>\n\t<meta property=\"og:image:height\" content=\"150\" \/>\n\t<meta property=\"og:image:type\" content=\"image\/jpeg\" \/>\n<meta name=\"twitter:card\" content=\"summary_large_image\" \/>\n<script type=\"application\/ld+json\" class=\"yoast-schema-graph\">{\"@context\":\"https:\\\/\\\/schema.org\",\"@graph\":[{\"@type\":\"Article\",\"@id\":\"https:\\\/\\\/www.p31noticias.com.br\\\/?p=29918#article\",\"isPartOf\":{\"@id\":\"https:\\\/\\\/www.p31noticias.com.br\\\/?p=29918\"},\"author\":{\"name\":\"\",\"@id\":\"\"},\"headline\":\"GDF e PaulOOctavio entregam CEPI Sarah Kubitschek \u00e0 popula\u00e7\u00e3o do Sol Nascente nesta ter\u00e7a-feira (17)\",\"datePublished\":\"2023-10-17T06:09:10+00:00\",\"mainEntityOfPage\":{\"@id\":\"https:\\\/\\\/www.p31noticias.com.br\\\/?p=29918\"},\"wordCount\":93,\"commentCount\":0,\"image\":{\"@id\":\"https:\\\/\\\/www.p31noticias.com.br\\\/?p=29918#primaryimage\"},\"thumbnailUrl\":\"https:\\\/\\\/www.p31noticias.com.br\\\/wp-content\\\/uploads\\\/2023\\\/10\\\/CrecheSarahKubitschek-150x150-tUkUOe-yp6lsw.jpeg\",\"articleSection\":[\"Bras\u00edlia\"],\"inLanguage\":\"pt-BR\",\"potentialAction\":[{\"@type\":\"CommentAction\",\"name\":\"Comment\",\"target\":[\"https:\\\/\\\/www.p31noticias.com.br\\\/?p=29918#respond\"]}],\"copyrightYear\":\"2023\",\"copyrightHolder\":{\"@id\":\"https:\\\/\\\/www.p31noticias.com.br\\\/#organization\"}},{\"@type\":\"WebPage\",\"@id\":\"https:\\\/\\\/www.p31noticias.com.br\\\/?p=29918\",\"url\":\"https:\\\/\\\/www.p31noticias.com.br\\\/?p=29918\",\"name\":\"GDF e PaulOOctavio entregam CEPI Sarah Kubitschek \u00e0 popula\u00e7\u00e3o do Sol Nascente nesta ter\u00e7a-feira (17) - P31\",\"isPartOf\":{\"@id\":\"https:\\\/\\\/www.p31noticias.com.br\\\/#website\"},\"primaryImageOfPage\":{\"@id\":\"https:\\\/\\\/www.p31noticias.com.br\\\/?p=29918#primaryimage\"},\"image\":{\"@id\":\"https:\\\/\\\/www.p31noticias.com.br\\\/?p=29918#primaryimage\"},\"thumbnailUrl\":\"https:\\\/\\\/www.p31noticias.com.br\\\/wp-content\\\/uploads\\\/2023\\\/10\\\/CrecheSarahKubitschek-150x150-tUkUOe-yp6lsw.jpeg\",\"datePublished\":\"2023-10-17T06:09:10+00:00\",\"author\":{\"@id\":\"\"},\"breadcrumb\":{\"@id\":\"https:\\\/\\\/www.p31noticias.com.br\\\/?p=29918#breadcrumb\"},\"inLanguage\":\"pt-BR\",\"potentialAction\":[{\"@type\":\"ReadAction\",\"target\":[\"https:\\\/\\\/www.p31noticias.com.br\\\/?p=29918\"]}]},{\"@type\":\"ImageObject\",\"inLanguage\":\"pt-BR\",\"@id\":\"https:\\\/\\\/www.p31noticias.com.br\\\/?p=29918#primaryimage\",\"url\":\"https:\\\/\\\/www.p31noticias.com.br\\\/wp-content\\\/uploads\\\/2023\\\/10\\\/CrecheSarahKubitschek-150x150-tUkUOe-yp6lsw.jpeg\",\"contentUrl\":\"https:\\\/\\\/www.p31noticias.com.br\\\/wp-content\\\/uploads\\\/2023\\\/10\\\/CrecheSarahKubitschek-150x150-tUkUOe-yp6lsw.jpeg\",\"width\":150,\"height\":150},{\"@type\":\"BreadcrumbList\",\"@id\":\"https:\\\/\\\/www.p31noticias.com.br\\\/?p=29918#breadcrumb\",\"itemListElement\":[{\"@type\":\"ListItem\",\"position\":1,\"name\":\"In\u00edcio\",\"item\":\"https:\\\/\\\/www.p31noticias.com.br\\\/\"},{\"@type\":\"ListItem\",\"position\":2,\"name\":\"GDF e PaulOOctavio entregam CEPI Sarah Kubitschek \u00e0 popula\u00e7\u00e3o do Sol Nascente nesta ter\u00e7a-feira (17)\"}]},{\"@type\":\"WebSite\",\"@id\":\"https:\\\/\\\/www.p31noticias.com.br\\\/#website\",\"url\":\"https:\\\/\\\/www.p31noticias.com.br\\\/\",\"name\":\"P31\",\"description\":\"NOT\u00cdCIAS\",\"potentialAction\":[{\"@type\":\"SearchAction\",\"target\":{\"@type\":\"EntryPoint\",\"urlTemplate\":\"https:\\\/\\\/www.p31noticias.com.br\\\/?s={search_term_string}\"},\"query-input\":{\"@type\":\"PropertyValueSpecification\",\"valueRequired\":true,\"valueName\":\"search_term_string\"}}],\"inLanguage\":\"pt-BR\"}]}<\/script>\n<!-- \/ Yoast SEO Premium plugin. -->","yoast_head_json":{"title":"GDF e PaulOOctavio entregam CEPI Sarah Kubitschek \u00e0 popula\u00e7\u00e3o do Sol Nascente nesta ter\u00e7a-feira (17) - P31","robots":{"index":"index","follow":"follow","max-snippet":"max-snippet:-1","max-image-preview":"max-image-preview:large","max-video-preview":"max-video-preview:-1"},"canonical":"https:\/\/www.p31noticias.com.br\/?p=29918","og_locale":"pt_BR","og_type":"article","og_title":"GDF e PaulOOctavio entregam CEPI Sarah Kubitschek \u00e0 popula\u00e7\u00e3o do Sol Nascente nesta ter\u00e7a-feira (17)","og_description":"Maior comunidade popular do Brasil, com mais de 32 mil domic\u00edlios, segundo os dados do Censo de 2020, o Sol Nascente ganha, nesta ter\u00e7a-feira (17), sua segunda creche. O Centro de Ensino da Primeira Inf\u00e2ncia (CEPI) Sarah Kubitschek ser\u00e1 inaugurado \u00e0s 10h. Erguido pela Construtora PaulOOctavio na Quadra 500, a um custo de R$ 8,5 [&hellip;]","og_url":"https:\/\/www.p31noticias.com.br\/?p=29918","og_site_name":"P31","article_published_time":"2023-10-17T06:09:10+00:00","og_image":[{"width":150,"height":150,"url":"https:\/\/www.p31noticias.com.br\/wp-content\/uploads\/2023\/10\/CrecheSarahKubitschek-150x150-tUkUOe-yp6lsw.jpeg","type":"image\/jpeg"}],"twitter_card":"summary_large_image","schema":{"@context":"https:\/\/schema.org","@graph":[{"@type":"Article","@id":"https:\/\/www.p31noticias.com.br\/?p=29918#article","isPartOf":{"@id":"https:\/\/www.p31noticias.com.br\/?p=29918"},"author":{"name":"","@id":""},"headline":"GDF e PaulOOctavio entregam CEPI Sarah Kubitschek \u00e0 popula\u00e7\u00e3o do Sol Nascente nesta ter\u00e7a-feira (17)","datePublished":"2023-10-17T06:09:10+00:00","mainEntityOfPage":{"@id":"https:\/\/www.p31noticias.com.br\/?p=29918"},"wordCount":93,"commentCount":0,"image":{"@id":"https:\/\/www.p31noticias.com.br\/?p=29918#primaryimage"},"thumbnailUrl":"https:\/\/www.p31noticias.com.br\/wp-content\/uploads\/2023\/10\/CrecheSarahKubitschek-150x150-tUkUOe-yp6lsw.jpeg","articleSection":["Bras\u00edlia"],"inLanguage":"pt-BR","potentialAction":[{"@type":"CommentAction","name":"Comment","target":["https:\/\/www.p31noticias.com.br\/?p=29918#respond"]}],"copyrightYear":"2023","copyrightHolder":{"@id":"https:\/\/www.p31noticias.com.br\/#organization"}},{"@type":"WebPage","@id":"https:\/\/www.p31noticias.com.br\/?p=29918","url":"https:\/\/www.p31noticias.com.br\/?p=29918","name":"GDF e PaulOOctavio entregam CEPI Sarah Kubitschek \u00e0 popula\u00e7\u00e3o do Sol Nascente nesta ter\u00e7a-feira (17) - P31","isPartOf":{"@id":"https:\/\/www.p31noticias.com.br\/#website"},"primaryImageOfPage":{"@id":"https:\/\/www.p31noticias.com.br\/?p=29918#primaryimage"},"image":{"@id":"https:\/\/www.p31noticias.com.br\/?p=29918#primaryimage"},"thumbnailUrl":"https:\/\/www.p31noticias.com.br\/wp-content\/uploads\/2023\/10\/CrecheSarahKubitschek-150x150-tUkUOe-yp6lsw.jpeg","datePublished":"2023-10-17T06:09:10+00:00","author":{"@id":""},"breadcrumb":{"@id":"https:\/\/www.p31noticias.com.br\/?p=29918#breadcrumb"},"inLanguage":"pt-BR","potentialAction":[{"@type":"ReadAction","target":["https:\/\/www.p31noticias.com.br\/?p=29918"]}]},{"@type":"ImageObject","inLanguage":"pt-BR","@id":"https:\/\/www.p31noticias.com.br\/?p=29918#primaryimage","url":"https:\/\/www.p31noticias.com.br\/wp-content\/uploads\/2023\/10\/CrecheSarahKubitschek-150x150-tUkUOe-yp6lsw.jpeg","contentUrl":"https:\/\/www.p31noticias.com.br\/wp-content\/uploads\/2023\/10\/CrecheSarahKubitschek-150x150-tUkUOe-yp6lsw.jpeg","width":150,"height":150},{"@type":"BreadcrumbList","@id":"https:\/\/www.p31noticias.com.br\/?p=29918#breadcrumb","itemListElement":[{"@type":"ListItem","position":1,"name":"In\u00edcio","item":"https:\/\/www.p31noticias.com.br\/"},{"@type":"ListItem","position":2,"name":"GDF e PaulOOctavio entregam CEPI Sarah Kubitschek \u00e0 popula\u00e7\u00e3o do Sol Nascente nesta ter\u00e7a-feira (17)"}]},{"@type":"WebSite","@id":"https:\/\/www.p31noticias.com.br\/#website","url":"https:\/\/www.p31noticias.com.br\/","name":"P31","description":"NOT\u00cdCIAS","potentialAction":[{"@type":"SearchAction","target":{"@type":"EntryPoint","urlTemplate":"https:\/\/www.p31noticias.com.br\/?s={search_term_string}"},"query-input":{"@type":"PropertyValueSpecification","valueRequired":true,"valueName":"search_term_string"}}],"inLanguage":"pt-BR"}]}},"amp_enabled":true,"_links":{"self":[{"href":"https:\/\/www.p31noticias.com.br\/index.php?rest_route=\/wp\/v2\/posts\/29918","targetHints":{"allow":["GET"]}}],"collection":[{"href":"https:\/\/www.p31noticias.com.br\/index.php?rest_route=\/wp\/v2\/posts"}],"about":[{"href":"https:\/\/www.p31noticias.com.br\/index.php?rest_route=\/wp\/v2\/types\/post"}],"replies":[{"embeddable":true,"href":"https:\/\/www.p31noticias.com.br\/index.php?rest_route=%2Fwp%2Fv2%2Fcomments&post=29918"}],"version-history":[{"count":0,"href":"https:\/\/www.p31noticias.com.br\/index.php?rest_route=\/wp\/v2\/posts\/29918\/revisions"}],"wp:featuredmedia":[{"embeddable":true,"href":"https:\/\/www.p31noticias.com.br\/index.php?rest_route=\/wp\/v2\/media\/29895"}],"wp:attachment":[{"href":"https:\/\/www.p31noticias.com.br\/index.php?rest_route=%2Fwp%2Fv2%2Fmedia&parent=29918"}],"wp:term":[{"taxonomy":"category","embeddable":true,"href":"https:\/\/www.p31noticias.com.br\/index.php?rest_route=%2Fwp%2Fv2%2Fcategories&post=29918"},{"taxonomy":"post_tag","embeddable":true,"href":"https:\/\/www.p31noticias.com.br\/index.php?rest_route=%2Fwp%2Fv2%2Ftags&post=29918"}],"curies":[{"name":"wp","href":"https:\/\/api.w.org\/{rel}","templated":true}]}}