{"id":29879,"date":"2023-10-16T20:10:03","date_gmt":"2023-10-16T23:10:03","guid":{"rendered":"https:\/\/p31noticias.com.br\/fiscalizacao-flagra-247-condutores-alcoolizados-no-feriado-prolongado\/"},"modified":"2023-10-16T20:10:03","modified_gmt":"2023-10-16T23:10:03","slug":"fiscalizacao-flagra-247-condutores-alcoolizados-no-feriado-prolongado","status":"publish","type":"post","link":"https:\/\/www.p31noticias.com.br\/?p=29879","title":{"rendered":"Fiscaliza\u00e7\u00e3o flagra 247 condutores alcoolizados no feriado prolongado"},"content":{"rendered":"<p>Entre a noite de quarta-feira (11) e a madrugada desta segunda-feira (16), o Departamento de Tr\u00e2nsito do Distrito Federal (Detran-DF) e a Pol\u00edcia Militar do Distrito Federal (PMDF), em a\u00e7\u00f5es integradas, autuaram 247 condutores que conduziam ve\u00edculo sob efeito de \u00e1lcool, em nove opera\u00e7\u00f5es realizadas no per\u00edodo de feriado prolongado. Nove opera\u00e7\u00f5es realizadas durante o [\u2026]<\/p>\n<p>O post <a href=\"https:\/\/www.delioandrade.com.br\/fiscalizacao-flagra-247-condutores-alcoolizados-no-feriado-prolongado\/\">Fiscaliza\u00e7\u00e3o flagra 247 condutores alcoolizados no feriado prolongado<\/a> apareceu primeiro em <a href=\"https:\/\/www.delioandrade.com.br\/\">Blog do D\u00c9LIO ANDRADE<\/a>.<\/p>\n","protected":false},"excerpt":{"rendered":"<p>Entre a noite de quarta-feira (11) e a madrugada desta segunda-feira (16), o Departamento de Tr\u00e2nsito do Distrito Federal (Detran-DF) e a Pol\u00edcia Militar do Distrito Federal (PMDF), em a\u00e7\u00f5es integradas, autuaram 247 condutores que conduziam ve\u00edculo sob efeito de \u00e1lcool, em nove opera\u00e7\u00f5es realizadas no per\u00edodo de feriado prolongado. Nove opera\u00e7\u00f5es realizadas durante o [&hellip;]<\/p>\n","protected":false},"author":0,"featured_media":29880,"comment_status":"open","ping_status":"open","sticky":false,"template":"","format":"standard","meta":{"footnotes":""},"categories":[21],"tags":[],"class_list":{"0":"post-29879","1":"post","2":"type-post","3":"status-publish","4":"format-standard","5":"has-post-thumbnail","7":"category-brasilia"},"yoast_head":"<!-- This site is optimized with the Yoast SEO Premium plugin v24.5 (Yoast SEO v27.4) - https:\/\/yoast.com\/product\/yoast-seo-premium-wordpress\/ -->\n<title>Fiscaliza\u00e7\u00e3o flagra 247 condutores alcoolizados no feriado prolongado - P31<\/title>\n<meta name=\"robots\" content=\"index, follow, max-snippet:-1, max-image-preview:large, max-video-preview:-1\" \/>\n<link rel=\"canonical\" href=\"https:\/\/www.p31noticias.com.br\/?p=29879\" \/>\n<meta property=\"og:locale\" content=\"pt_BR\" \/>\n<meta property=\"og:type\" content=\"article\" \/>\n<meta property=\"og:title\" content=\"Fiscaliza\u00e7\u00e3o flagra 247 condutores alcoolizados no feriado prolongado\" \/>\n<meta property=\"og:description\" content=\"Entre a noite de quarta-feira (11) e a madrugada desta segunda-feira (16), o Departamento de Tr\u00e2nsito do Distrito Federal (Detran-DF) e a Pol\u00edcia Militar do Distrito Federal (PMDF), em a\u00e7\u00f5es integradas, autuaram 247 condutores que conduziam ve\u00edculo sob efeito de \u00e1lcool, em nove opera\u00e7\u00f5es realizadas no per\u00edodo de feriado prolongado. Nove opera\u00e7\u00f5es realizadas durante o [&hellip;]\" \/>\n<meta property=\"og:url\" content=\"https:\/\/www.p31noticias.com.br\/?p=29879\" \/>\n<meta property=\"og:site_name\" content=\"P31\" \/>\n<meta property=\"article:published_time\" content=\"2023-10-16T23:10:03+00:00\" \/>\n<meta property=\"og:image\" content=\"https:\/\/www.p31noticias.com.br\/wp-content\/uploads\/2023\/10\/WhatsApp-Image-2023-10-13-at-11.02.42-qcA3GD-150x150-qsSAFl.jpeg\" \/>\n\t<meta property=\"og:image:width\" content=\"150\" \/>\n\t<meta property=\"og:image:height\" content=\"150\" \/>\n\t<meta property=\"og:image:type\" content=\"image\/jpeg\" \/>\n<meta name=\"twitter:card\" content=\"summary_large_image\" \/>\n<script type=\"application\/ld+json\" class=\"yoast-schema-graph\">{\"@context\":\"https:\\\/\\\/schema.org\",\"@graph\":[{\"@type\":\"Article\",\"@id\":\"https:\\\/\\\/www.p31noticias.com.br\\\/?p=29879#article\",\"isPartOf\":{\"@id\":\"https:\\\/\\\/www.p31noticias.com.br\\\/?p=29879\"},\"author\":{\"name\":\"\",\"@id\":\"\"},\"headline\":\"Fiscaliza\u00e7\u00e3o flagra 247 condutores alcoolizados no feriado prolongado\",\"datePublished\":\"2023-10-16T23:10:03+00:00\",\"mainEntityOfPage\":{\"@id\":\"https:\\\/\\\/www.p31noticias.com.br\\\/?p=29879\"},\"wordCount\":85,\"commentCount\":0,\"image\":{\"@id\":\"https:\\\/\\\/www.p31noticias.com.br\\\/?p=29879#primaryimage\"},\"thumbnailUrl\":\"https:\\\/\\\/www.p31noticias.com.br\\\/wp-content\\\/uploads\\\/2023\\\/10\\\/WhatsApp-Image-2023-10-13-at-11.02.42-qcA3GD-150x150-qsSAFl.jpeg\",\"articleSection\":[\"Bras\u00edlia\"],\"inLanguage\":\"pt-BR\",\"potentialAction\":[{\"@type\":\"CommentAction\",\"name\":\"Comment\",\"target\":[\"https:\\\/\\\/www.p31noticias.com.br\\\/?p=29879#respond\"]}],\"copyrightYear\":\"2023\",\"copyrightHolder\":{\"@id\":\"https:\\\/\\\/www.p31noticias.com.br\\\/#organization\"}},{\"@type\":\"WebPage\",\"@id\":\"https:\\\/\\\/www.p31noticias.com.br\\\/?p=29879\",\"url\":\"https:\\\/\\\/www.p31noticias.com.br\\\/?p=29879\",\"name\":\"Fiscaliza\u00e7\u00e3o flagra 247 condutores alcoolizados no feriado prolongado - P31\",\"isPartOf\":{\"@id\":\"https:\\\/\\\/www.p31noticias.com.br\\\/#website\"},\"primaryImageOfPage\":{\"@id\":\"https:\\\/\\\/www.p31noticias.com.br\\\/?p=29879#primaryimage\"},\"image\":{\"@id\":\"https:\\\/\\\/www.p31noticias.com.br\\\/?p=29879#primaryimage\"},\"thumbnailUrl\":\"https:\\\/\\\/www.p31noticias.com.br\\\/wp-content\\\/uploads\\\/2023\\\/10\\\/WhatsApp-Image-2023-10-13-at-11.02.42-qcA3GD-150x150-qsSAFl.jpeg\",\"datePublished\":\"2023-10-16T23:10:03+00:00\",\"author\":{\"@id\":\"\"},\"breadcrumb\":{\"@id\":\"https:\\\/\\\/www.p31noticias.com.br\\\/?p=29879#breadcrumb\"},\"inLanguage\":\"pt-BR\",\"potentialAction\":[{\"@type\":\"ReadAction\",\"target\":[\"https:\\\/\\\/www.p31noticias.com.br\\\/?p=29879\"]}]},{\"@type\":\"ImageObject\",\"inLanguage\":\"pt-BR\",\"@id\":\"https:\\\/\\\/www.p31noticias.com.br\\\/?p=29879#primaryimage\",\"url\":\"https:\\\/\\\/www.p31noticias.com.br\\\/wp-content\\\/uploads\\\/2023\\\/10\\\/WhatsApp-Image-2023-10-13-at-11.02.42-qcA3GD-150x150-qsSAFl.jpeg\",\"contentUrl\":\"https:\\\/\\\/www.p31noticias.com.br\\\/wp-content\\\/uploads\\\/2023\\\/10\\\/WhatsApp-Image-2023-10-13-at-11.02.42-qcA3GD-150x150-qsSAFl.jpeg\",\"width\":150,\"height\":150},{\"@type\":\"BreadcrumbList\",\"@id\":\"https:\\\/\\\/www.p31noticias.com.br\\\/?p=29879#breadcrumb\",\"itemListElement\":[{\"@type\":\"ListItem\",\"position\":1,\"name\":\"In\u00edcio\",\"item\":\"https:\\\/\\\/www.p31noticias.com.br\\\/\"},{\"@type\":\"ListItem\",\"position\":2,\"name\":\"Fiscaliza\u00e7\u00e3o flagra 247 condutores alcoolizados no feriado prolongado\"}]},{\"@type\":\"WebSite\",\"@id\":\"https:\\\/\\\/www.p31noticias.com.br\\\/#website\",\"url\":\"https:\\\/\\\/www.p31noticias.com.br\\\/\",\"name\":\"P31\",\"description\":\"NOT\u00cdCIAS\",\"potentialAction\":[{\"@type\":\"SearchAction\",\"target\":{\"@type\":\"EntryPoint\",\"urlTemplate\":\"https:\\\/\\\/www.p31noticias.com.br\\\/?s={search_term_string}\"},\"query-input\":{\"@type\":\"PropertyValueSpecification\",\"valueRequired\":true,\"valueName\":\"search_term_string\"}}],\"inLanguage\":\"pt-BR\"}]}<\/script>\n<!-- \/ Yoast SEO Premium plugin. -->","yoast_head_json":{"title":"Fiscaliza\u00e7\u00e3o flagra 247 condutores alcoolizados no feriado prolongado - P31","robots":{"index":"index","follow":"follow","max-snippet":"max-snippet:-1","max-image-preview":"max-image-preview:large","max-video-preview":"max-video-preview:-1"},"canonical":"https:\/\/www.p31noticias.com.br\/?p=29879","og_locale":"pt_BR","og_type":"article","og_title":"Fiscaliza\u00e7\u00e3o flagra 247 condutores alcoolizados no feriado prolongado","og_description":"Entre a noite de quarta-feira (11) e a madrugada desta segunda-feira (16), o Departamento de Tr\u00e2nsito do Distrito Federal (Detran-DF) e a Pol\u00edcia Militar do Distrito Federal (PMDF), em a\u00e7\u00f5es integradas, autuaram 247 condutores que conduziam ve\u00edculo sob efeito de \u00e1lcool, em nove opera\u00e7\u00f5es realizadas no per\u00edodo de feriado prolongado. Nove opera\u00e7\u00f5es realizadas durante o [&hellip;]","og_url":"https:\/\/www.p31noticias.com.br\/?p=29879","og_site_name":"P31","article_published_time":"2023-10-16T23:10:03+00:00","og_image":[{"width":150,"height":150,"url":"https:\/\/www.p31noticias.com.br\/wp-content\/uploads\/2023\/10\/WhatsApp-Image-2023-10-13-at-11.02.42-qcA3GD-150x150-qsSAFl.jpeg","type":"image\/jpeg"}],"twitter_card":"summary_large_image","schema":{"@context":"https:\/\/schema.org","@graph":[{"@type":"Article","@id":"https:\/\/www.p31noticias.com.br\/?p=29879#article","isPartOf":{"@id":"https:\/\/www.p31noticias.com.br\/?p=29879"},"author":{"name":"","@id":""},"headline":"Fiscaliza\u00e7\u00e3o flagra 247 condutores alcoolizados no feriado prolongado","datePublished":"2023-10-16T23:10:03+00:00","mainEntityOfPage":{"@id":"https:\/\/www.p31noticias.com.br\/?p=29879"},"wordCount":85,"commentCount":0,"image":{"@id":"https:\/\/www.p31noticias.com.br\/?p=29879#primaryimage"},"thumbnailUrl":"https:\/\/www.p31noticias.com.br\/wp-content\/uploads\/2023\/10\/WhatsApp-Image-2023-10-13-at-11.02.42-qcA3GD-150x150-qsSAFl.jpeg","articleSection":["Bras\u00edlia"],"inLanguage":"pt-BR","potentialAction":[{"@type":"CommentAction","name":"Comment","target":["https:\/\/www.p31noticias.com.br\/?p=29879#respond"]}],"copyrightYear":"2023","copyrightHolder":{"@id":"https:\/\/www.p31noticias.com.br\/#organization"}},{"@type":"WebPage","@id":"https:\/\/www.p31noticias.com.br\/?p=29879","url":"https:\/\/www.p31noticias.com.br\/?p=29879","name":"Fiscaliza\u00e7\u00e3o flagra 247 condutores alcoolizados no feriado prolongado - P31","isPartOf":{"@id":"https:\/\/www.p31noticias.com.br\/#website"},"primaryImageOfPage":{"@id":"https:\/\/www.p31noticias.com.br\/?p=29879#primaryimage"},"image":{"@id":"https:\/\/www.p31noticias.com.br\/?p=29879#primaryimage"},"thumbnailUrl":"https:\/\/www.p31noticias.com.br\/wp-content\/uploads\/2023\/10\/WhatsApp-Image-2023-10-13-at-11.02.42-qcA3GD-150x150-qsSAFl.jpeg","datePublished":"2023-10-16T23:10:03+00:00","author":{"@id":""},"breadcrumb":{"@id":"https:\/\/www.p31noticias.com.br\/?p=29879#breadcrumb"},"inLanguage":"pt-BR","potentialAction":[{"@type":"ReadAction","target":["https:\/\/www.p31noticias.com.br\/?p=29879"]}]},{"@type":"ImageObject","inLanguage":"pt-BR","@id":"https:\/\/www.p31noticias.com.br\/?p=29879#primaryimage","url":"https:\/\/www.p31noticias.com.br\/wp-content\/uploads\/2023\/10\/WhatsApp-Image-2023-10-13-at-11.02.42-qcA3GD-150x150-qsSAFl.jpeg","contentUrl":"https:\/\/www.p31noticias.com.br\/wp-content\/uploads\/2023\/10\/WhatsApp-Image-2023-10-13-at-11.02.42-qcA3GD-150x150-qsSAFl.jpeg","width":150,"height":150},{"@type":"BreadcrumbList","@id":"https:\/\/www.p31noticias.com.br\/?p=29879#breadcrumb","itemListElement":[{"@type":"ListItem","position":1,"name":"In\u00edcio","item":"https:\/\/www.p31noticias.com.br\/"},{"@type":"ListItem","position":2,"name":"Fiscaliza\u00e7\u00e3o flagra 247 condutores alcoolizados no feriado prolongado"}]},{"@type":"WebSite","@id":"https:\/\/www.p31noticias.com.br\/#website","url":"https:\/\/www.p31noticias.com.br\/","name":"P31","description":"NOT\u00cdCIAS","potentialAction":[{"@type":"SearchAction","target":{"@type":"EntryPoint","urlTemplate":"https:\/\/www.p31noticias.com.br\/?s={search_term_string}"},"query-input":{"@type":"PropertyValueSpecification","valueRequired":true,"valueName":"search_term_string"}}],"inLanguage":"pt-BR"}]}},"amp_enabled":true,"_links":{"self":[{"href":"https:\/\/www.p31noticias.com.br\/index.php?rest_route=\/wp\/v2\/posts\/29879","targetHints":{"allow":["GET"]}}],"collection":[{"href":"https:\/\/www.p31noticias.com.br\/index.php?rest_route=\/wp\/v2\/posts"}],"about":[{"href":"https:\/\/www.p31noticias.com.br\/index.php?rest_route=\/wp\/v2\/types\/post"}],"replies":[{"embeddable":true,"href":"https:\/\/www.p31noticias.com.br\/index.php?rest_route=%2Fwp%2Fv2%2Fcomments&post=29879"}],"version-history":[{"count":0,"href":"https:\/\/www.p31noticias.com.br\/index.php?rest_route=\/wp\/v2\/posts\/29879\/revisions"}],"wp:featuredmedia":[{"embeddable":true,"href":"https:\/\/www.p31noticias.com.br\/index.php?rest_route=\/wp\/v2\/media\/29880"}],"wp:attachment":[{"href":"https:\/\/www.p31noticias.com.br\/index.php?rest_route=%2Fwp%2Fv2%2Fmedia&parent=29879"}],"wp:term":[{"taxonomy":"category","embeddable":true,"href":"https:\/\/www.p31noticias.com.br\/index.php?rest_route=%2Fwp%2Fv2%2Fcategories&post=29879"},{"taxonomy":"post_tag","embeddable":true,"href":"https:\/\/www.p31noticias.com.br\/index.php?rest_route=%2Fwp%2Fv2%2Ftags&post=29879"}],"curies":[{"name":"wp","href":"https:\/\/api.w.org\/{rel}","templated":true}]}}