{"id":29655,"date":"2023-10-15T02:06:55","date_gmt":"2023-10-15T05:06:55","guid":{"rendered":"https:\/\/p31noticias.com.br\/dia-mundial-da-alimentacao-20-anos-do-programa-de-aquisicao-de-alimentos\/"},"modified":"2023-10-15T02:06:55","modified_gmt":"2023-10-15T05:06:55","slug":"dia-mundial-da-alimentacao-20-anos-do-programa-de-aquisicao-de-alimentos","status":"publish","type":"post","link":"https:\/\/www.p31noticias.com.br\/?p=29655","title":{"rendered":"Dia Mundial da Alimenta\u00e7\u00e3o: 20 anos do Programa de Aquisi\u00e7\u00e3o de Alimentos"},"content":{"rendered":"<p>\u00a0 Na pr\u00f3xima segunda-feira (16\/10) \u00e9 o Dia Mundial da Alimenta\u00e7\u00e3o. O Governo Federal realiza um evento, no Pal\u00e1cio do Planalto, para celebrar a data e os 20 anos do Programa de Aquisi\u00e7\u00e3o de Alimentos (PAA), que foi relan\u00e7ado em mar\u00e7o pelo presidente Luiz In\u00e1cio Lula da Silva. O programa \u00e9 um dos principais instrumentos [\u2026]<\/p>\n<p>O post <a href=\"https:\/\/www.delioandrade.com.br\/dia-mundial-da-alimentacao-20-anos-do-programa-de-aquisicao-de-alimentos\/\">Dia Mundial da Alimenta\u00e7\u00e3o: 20 anos do Programa de Aquisi\u00e7\u00e3o de Alimentos<\/a> apareceu primeiro em <a href=\"https:\/\/www.delioandrade.com.br\/\">Blog do D\u00c9LIO ANDRADE<\/a>.<\/p>\n","protected":false},"excerpt":{"rendered":"<p>\u00a0 Na pr\u00f3xima segunda-feira (16\/10) \u00e9 o Dia Mundial da Alimenta\u00e7\u00e3o. O Governo Federal realiza um evento, no Pal\u00e1cio do Planalto, para celebrar a data e os 20 anos do Programa de Aquisi\u00e7\u00e3o de Alimentos (PAA), que foi relan\u00e7ado em mar\u00e7o pelo presidente Luiz In\u00e1cio Lula da Silva. O programa \u00e9 um dos principais instrumentos [&hellip;]<\/p>\n","protected":false},"author":0,"featured_media":29622,"comment_status":"open","ping_status":"open","sticky":false,"template":"","format":"standard","meta":{"footnotes":""},"categories":[21],"tags":[],"class_list":{"0":"post-29655","1":"post","2":"type-post","3":"status-publish","4":"format-standard","5":"has-post-thumbnail","7":"category-brasilia"},"yoast_head":"<!-- This site is optimized with the Yoast SEO Premium plugin v24.5 (Yoast SEO v27.4) - https:\/\/yoast.com\/product\/yoast-seo-premium-wordpress\/ -->\n<title>Dia Mundial da Alimenta\u00e7\u00e3o: 20 anos do Programa de Aquisi\u00e7\u00e3o de Alimentos - P31<\/title>\n<meta name=\"robots\" content=\"index, follow, max-snippet:-1, max-image-preview:large, max-video-preview:-1\" \/>\n<link rel=\"canonical\" href=\"https:\/\/www.p31noticias.com.br\/?p=29655\" \/>\n<meta property=\"og:locale\" content=\"pt_BR\" \/>\n<meta property=\"og:type\" content=\"article\" \/>\n<meta property=\"og:title\" content=\"Dia Mundial da Alimenta\u00e7\u00e3o: 20 anos do Programa de Aquisi\u00e7\u00e3o de Alimentos\" \/>\n<meta property=\"og:description\" content=\"\u00a0 Na pr\u00f3xima segunda-feira (16\/10) \u00e9 o Dia Mundial da Alimenta\u00e7\u00e3o. O Governo Federal realiza um evento, no Pal\u00e1cio do Planalto, para celebrar a data e os 20 anos do Programa de Aquisi\u00e7\u00e3o de Alimentos (PAA), que foi relan\u00e7ado em mar\u00e7o pelo presidente Luiz In\u00e1cio Lula da Silva. O programa \u00e9 um dos principais instrumentos [&hellip;]\" \/>\n<meta property=\"og:url\" content=\"https:\/\/www.p31noticias.com.br\/?p=29655\" \/>\n<meta property=\"og:site_name\" content=\"P31\" \/>\n<meta property=\"article:published_time\" content=\"2023-10-15T05:06:55+00:00\" \/>\n<meta property=\"og:image\" content=\"https:\/\/www.p31noticias.com.br\/wp-content\/uploads\/2023\/10\/diamundialdaalimentacao-150x150-f6urCL-QOXo1i.webp\" \/>\n\t<meta property=\"og:image:width\" content=\"150\" \/>\n\t<meta property=\"og:image:height\" content=\"150\" \/>\n\t<meta property=\"og:image:type\" content=\"image\/webp\" \/>\n<meta name=\"twitter:card\" content=\"summary_large_image\" \/>\n<script type=\"application\/ld+json\" class=\"yoast-schema-graph\">{\"@context\":\"https:\\\/\\\/schema.org\",\"@graph\":[{\"@type\":\"Article\",\"@id\":\"https:\\\/\\\/www.p31noticias.com.br\\\/?p=29655#article\",\"isPartOf\":{\"@id\":\"https:\\\/\\\/www.p31noticias.com.br\\\/?p=29655\"},\"author\":{\"name\":\"\",\"@id\":\"\"},\"headline\":\"Dia Mundial da Alimenta\u00e7\u00e3o: 20 anos do Programa de Aquisi\u00e7\u00e3o de Alimentos\",\"datePublished\":\"2023-10-15T05:06:55+00:00\",\"mainEntityOfPage\":{\"@id\":\"https:\\\/\\\/www.p31noticias.com.br\\\/?p=29655\"},\"wordCount\":93,\"commentCount\":0,\"image\":{\"@id\":\"https:\\\/\\\/www.p31noticias.com.br\\\/?p=29655#primaryimage\"},\"thumbnailUrl\":\"https:\\\/\\\/www.p31noticias.com.br\\\/wp-content\\\/uploads\\\/2023\\\/10\\\/diamundialdaalimentacao-150x150-f6urCL-QOXo1i.webp\",\"articleSection\":[\"Bras\u00edlia\"],\"inLanguage\":\"pt-BR\",\"potentialAction\":[{\"@type\":\"CommentAction\",\"name\":\"Comment\",\"target\":[\"https:\\\/\\\/www.p31noticias.com.br\\\/?p=29655#respond\"]}],\"copyrightYear\":\"2023\",\"copyrightHolder\":{\"@id\":\"https:\\\/\\\/www.p31noticias.com.br\\\/#organization\"}},{\"@type\":\"WebPage\",\"@id\":\"https:\\\/\\\/www.p31noticias.com.br\\\/?p=29655\",\"url\":\"https:\\\/\\\/www.p31noticias.com.br\\\/?p=29655\",\"name\":\"Dia Mundial da Alimenta\u00e7\u00e3o: 20 anos do Programa de Aquisi\u00e7\u00e3o de Alimentos - P31\",\"isPartOf\":{\"@id\":\"https:\\\/\\\/www.p31noticias.com.br\\\/#website\"},\"primaryImageOfPage\":{\"@id\":\"https:\\\/\\\/www.p31noticias.com.br\\\/?p=29655#primaryimage\"},\"image\":{\"@id\":\"https:\\\/\\\/www.p31noticias.com.br\\\/?p=29655#primaryimage\"},\"thumbnailUrl\":\"https:\\\/\\\/www.p31noticias.com.br\\\/wp-content\\\/uploads\\\/2023\\\/10\\\/diamundialdaalimentacao-150x150-f6urCL-QOXo1i.webp\",\"datePublished\":\"2023-10-15T05:06:55+00:00\",\"author\":{\"@id\":\"\"},\"breadcrumb\":{\"@id\":\"https:\\\/\\\/www.p31noticias.com.br\\\/?p=29655#breadcrumb\"},\"inLanguage\":\"pt-BR\",\"potentialAction\":[{\"@type\":\"ReadAction\",\"target\":[\"https:\\\/\\\/www.p31noticias.com.br\\\/?p=29655\"]}]},{\"@type\":\"ImageObject\",\"inLanguage\":\"pt-BR\",\"@id\":\"https:\\\/\\\/www.p31noticias.com.br\\\/?p=29655#primaryimage\",\"url\":\"https:\\\/\\\/www.p31noticias.com.br\\\/wp-content\\\/uploads\\\/2023\\\/10\\\/diamundialdaalimentacao-150x150-f6urCL-QOXo1i.webp\",\"contentUrl\":\"https:\\\/\\\/www.p31noticias.com.br\\\/wp-content\\\/uploads\\\/2023\\\/10\\\/diamundialdaalimentacao-150x150-f6urCL-QOXo1i.webp\",\"width\":150,\"height\":150},{\"@type\":\"BreadcrumbList\",\"@id\":\"https:\\\/\\\/www.p31noticias.com.br\\\/?p=29655#breadcrumb\",\"itemListElement\":[{\"@type\":\"ListItem\",\"position\":1,\"name\":\"In\u00edcio\",\"item\":\"https:\\\/\\\/www.p31noticias.com.br\\\/\"},{\"@type\":\"ListItem\",\"position\":2,\"name\":\"Dia Mundial da Alimenta\u00e7\u00e3o: 20 anos do Programa de Aquisi\u00e7\u00e3o de Alimentos\"}]},{\"@type\":\"WebSite\",\"@id\":\"https:\\\/\\\/www.p31noticias.com.br\\\/#website\",\"url\":\"https:\\\/\\\/www.p31noticias.com.br\\\/\",\"name\":\"P31\",\"description\":\"NOT\u00cdCIAS\",\"potentialAction\":[{\"@type\":\"SearchAction\",\"target\":{\"@type\":\"EntryPoint\",\"urlTemplate\":\"https:\\\/\\\/www.p31noticias.com.br\\\/?s={search_term_string}\"},\"query-input\":{\"@type\":\"PropertyValueSpecification\",\"valueRequired\":true,\"valueName\":\"search_term_string\"}}],\"inLanguage\":\"pt-BR\"}]}<\/script>\n<!-- \/ Yoast SEO Premium plugin. -->","yoast_head_json":{"title":"Dia Mundial da Alimenta\u00e7\u00e3o: 20 anos do Programa de Aquisi\u00e7\u00e3o de Alimentos - P31","robots":{"index":"index","follow":"follow","max-snippet":"max-snippet:-1","max-image-preview":"max-image-preview:large","max-video-preview":"max-video-preview:-1"},"canonical":"https:\/\/www.p31noticias.com.br\/?p=29655","og_locale":"pt_BR","og_type":"article","og_title":"Dia Mundial da Alimenta\u00e7\u00e3o: 20 anos do Programa de Aquisi\u00e7\u00e3o de Alimentos","og_description":"\u00a0 Na pr\u00f3xima segunda-feira (16\/10) \u00e9 o Dia Mundial da Alimenta\u00e7\u00e3o. O Governo Federal realiza um evento, no Pal\u00e1cio do Planalto, para celebrar a data e os 20 anos do Programa de Aquisi\u00e7\u00e3o de Alimentos (PAA), que foi relan\u00e7ado em mar\u00e7o pelo presidente Luiz In\u00e1cio Lula da Silva. O programa \u00e9 um dos principais instrumentos [&hellip;]","og_url":"https:\/\/www.p31noticias.com.br\/?p=29655","og_site_name":"P31","article_published_time":"2023-10-15T05:06:55+00:00","og_image":[{"width":150,"height":150,"url":"https:\/\/www.p31noticias.com.br\/wp-content\/uploads\/2023\/10\/diamundialdaalimentacao-150x150-f6urCL-QOXo1i.webp","type":"image\/webp"}],"twitter_card":"summary_large_image","schema":{"@context":"https:\/\/schema.org","@graph":[{"@type":"Article","@id":"https:\/\/www.p31noticias.com.br\/?p=29655#article","isPartOf":{"@id":"https:\/\/www.p31noticias.com.br\/?p=29655"},"author":{"name":"","@id":""},"headline":"Dia Mundial da Alimenta\u00e7\u00e3o: 20 anos do Programa de Aquisi\u00e7\u00e3o de Alimentos","datePublished":"2023-10-15T05:06:55+00:00","mainEntityOfPage":{"@id":"https:\/\/www.p31noticias.com.br\/?p=29655"},"wordCount":93,"commentCount":0,"image":{"@id":"https:\/\/www.p31noticias.com.br\/?p=29655#primaryimage"},"thumbnailUrl":"https:\/\/www.p31noticias.com.br\/wp-content\/uploads\/2023\/10\/diamundialdaalimentacao-150x150-f6urCL-QOXo1i.webp","articleSection":["Bras\u00edlia"],"inLanguage":"pt-BR","potentialAction":[{"@type":"CommentAction","name":"Comment","target":["https:\/\/www.p31noticias.com.br\/?p=29655#respond"]}],"copyrightYear":"2023","copyrightHolder":{"@id":"https:\/\/www.p31noticias.com.br\/#organization"}},{"@type":"WebPage","@id":"https:\/\/www.p31noticias.com.br\/?p=29655","url":"https:\/\/www.p31noticias.com.br\/?p=29655","name":"Dia Mundial da Alimenta\u00e7\u00e3o: 20 anos do Programa de Aquisi\u00e7\u00e3o de Alimentos - P31","isPartOf":{"@id":"https:\/\/www.p31noticias.com.br\/#website"},"primaryImageOfPage":{"@id":"https:\/\/www.p31noticias.com.br\/?p=29655#primaryimage"},"image":{"@id":"https:\/\/www.p31noticias.com.br\/?p=29655#primaryimage"},"thumbnailUrl":"https:\/\/www.p31noticias.com.br\/wp-content\/uploads\/2023\/10\/diamundialdaalimentacao-150x150-f6urCL-QOXo1i.webp","datePublished":"2023-10-15T05:06:55+00:00","author":{"@id":""},"breadcrumb":{"@id":"https:\/\/www.p31noticias.com.br\/?p=29655#breadcrumb"},"inLanguage":"pt-BR","potentialAction":[{"@type":"ReadAction","target":["https:\/\/www.p31noticias.com.br\/?p=29655"]}]},{"@type":"ImageObject","inLanguage":"pt-BR","@id":"https:\/\/www.p31noticias.com.br\/?p=29655#primaryimage","url":"https:\/\/www.p31noticias.com.br\/wp-content\/uploads\/2023\/10\/diamundialdaalimentacao-150x150-f6urCL-QOXo1i.webp","contentUrl":"https:\/\/www.p31noticias.com.br\/wp-content\/uploads\/2023\/10\/diamundialdaalimentacao-150x150-f6urCL-QOXo1i.webp","width":150,"height":150},{"@type":"BreadcrumbList","@id":"https:\/\/www.p31noticias.com.br\/?p=29655#breadcrumb","itemListElement":[{"@type":"ListItem","position":1,"name":"In\u00edcio","item":"https:\/\/www.p31noticias.com.br\/"},{"@type":"ListItem","position":2,"name":"Dia Mundial da Alimenta\u00e7\u00e3o: 20 anos do Programa de Aquisi\u00e7\u00e3o de Alimentos"}]},{"@type":"WebSite","@id":"https:\/\/www.p31noticias.com.br\/#website","url":"https:\/\/www.p31noticias.com.br\/","name":"P31","description":"NOT\u00cdCIAS","potentialAction":[{"@type":"SearchAction","target":{"@type":"EntryPoint","urlTemplate":"https:\/\/www.p31noticias.com.br\/?s={search_term_string}"},"query-input":{"@type":"PropertyValueSpecification","valueRequired":true,"valueName":"search_term_string"}}],"inLanguage":"pt-BR"}]}},"amp_enabled":true,"_links":{"self":[{"href":"https:\/\/www.p31noticias.com.br\/index.php?rest_route=\/wp\/v2\/posts\/29655","targetHints":{"allow":["GET"]}}],"collection":[{"href":"https:\/\/www.p31noticias.com.br\/index.php?rest_route=\/wp\/v2\/posts"}],"about":[{"href":"https:\/\/www.p31noticias.com.br\/index.php?rest_route=\/wp\/v2\/types\/post"}],"replies":[{"embeddable":true,"href":"https:\/\/www.p31noticias.com.br\/index.php?rest_route=%2Fwp%2Fv2%2Fcomments&post=29655"}],"version-history":[{"count":0,"href":"https:\/\/www.p31noticias.com.br\/index.php?rest_route=\/wp\/v2\/posts\/29655\/revisions"}],"wp:featuredmedia":[{"embeddable":true,"href":"https:\/\/www.p31noticias.com.br\/index.php?rest_route=\/wp\/v2\/media\/29622"}],"wp:attachment":[{"href":"https:\/\/www.p31noticias.com.br\/index.php?rest_route=%2Fwp%2Fv2%2Fmedia&parent=29655"}],"wp:term":[{"taxonomy":"category","embeddable":true,"href":"https:\/\/www.p31noticias.com.br\/index.php?rest_route=%2Fwp%2Fv2%2Fcategories&post=29655"},{"taxonomy":"post_tag","embeddable":true,"href":"https:\/\/www.p31noticias.com.br\/index.php?rest_route=%2Fwp%2Fv2%2Ftags&post=29655"}],"curies":[{"name":"wp","href":"https:\/\/api.w.org\/{rel}","templated":true}]}}