{"id":29580,"date":"2023-10-14T12:06:34","date_gmt":"2023-10-14T15:06:34","guid":{"rendered":"https:\/\/p31noticias.com.br\/com-reforma-de-22-campos-sinteticos-em-2023-gdf-amplia-opcoes-de-lazer\/"},"modified":"2023-10-14T12:06:34","modified_gmt":"2023-10-14T15:06:34","slug":"com-reforma-de-22-campos-sinteticos-em-2023-gdf-amplia-opcoes-de-lazer","status":"publish","type":"post","link":"https:\/\/www.p31noticias.com.br\/?p=29580","title":{"rendered":"Com reforma de 22 campos sint\u00e9ticos em 2023, GDF amplia op\u00e7\u00f5es de lazer"},"content":{"rendered":"<p>O campo de grama sint\u00e9tica da Estrutural reinaugurado recentemente pelo Governo do Distrito Federal (GDF) \u00e9 um verdadeiro ponto de encontro da comunidade. Pr\u00f3ximo ao fim da tarde, vai chegando cada um com sua bola, uns v\u00e3o para o meio do campo, outros, para os cantinhos s\u00f3 para conversar, alguns soltam pipa. Mas todos est\u00e3o [\u2026]<\/p>\n<p>O post <a href=\"https:\/\/www.delioandrade.com.br\/com-reforma-de-22-campos-sinteticos-em-2023-gdf-amplia-opcoes-de-lazer\/\">Com reforma de 22 campos sint\u00e9ticos em 2023, GDF amplia op\u00e7\u00f5es de lazer<\/a> apareceu primeiro em <a href=\"https:\/\/www.delioandrade.com.br\/\">Blog do D\u00c9LIO ANDRADE<\/a>.<\/p>\n","protected":false},"excerpt":{"rendered":"<p>O campo de grama sint\u00e9tica da Estrutural reinaugurado recentemente pelo Governo do Distrito Federal (GDF) \u00e9 um verdadeiro ponto de encontro da comunidade. Pr\u00f3ximo ao fim da tarde, vai chegando cada um com sua bola, uns v\u00e3o para o meio do campo, outros, para os cantinhos s\u00f3 para conversar, alguns soltam pipa. Mas todos est\u00e3o [&hellip;]<\/p>\n","protected":false},"author":0,"featured_media":29581,"comment_status":"open","ping_status":"open","sticky":false,"template":"","format":"standard","meta":{"footnotes":""},"categories":[21],"tags":[],"class_list":{"0":"post-29580","1":"post","2":"type-post","3":"status-publish","4":"format-standard","5":"has-post-thumbnail","7":"category-brasilia"},"yoast_head":"<!-- This site is optimized with the Yoast SEO Premium plugin v24.5 (Yoast SEO v27.5) - https:\/\/yoast.com\/product\/yoast-seo-premium-wordpress\/ -->\n<title>Com reforma de 22 campos sint\u00e9ticos em 2023, GDF amplia op\u00e7\u00f5es de lazer - P31<\/title>\n<meta name=\"robots\" content=\"index, follow, max-snippet:-1, max-image-preview:large, max-video-preview:-1\" \/>\n<link rel=\"canonical\" href=\"https:\/\/www.p31noticias.com.br\/?p=29580\" \/>\n<meta property=\"og:locale\" content=\"pt_BR\" \/>\n<meta property=\"og:type\" content=\"article\" \/>\n<meta property=\"og:title\" content=\"Com reforma de 22 campos sint\u00e9ticos em 2023, GDF amplia op\u00e7\u00f5es de lazer\" \/>\n<meta property=\"og:description\" content=\"O campo de grama sint\u00e9tica da Estrutural reinaugurado recentemente pelo Governo do Distrito Federal (GDF) \u00e9 um verdadeiro ponto de encontro da comunidade. Pr\u00f3ximo ao fim da tarde, vai chegando cada um com sua bola, uns v\u00e3o para o meio do campo, outros, para os cantinhos s\u00f3 para conversar, alguns soltam pipa. Mas todos est\u00e3o [&hellip;]\" \/>\n<meta property=\"og:url\" content=\"https:\/\/www.p31noticias.com.br\/?p=29580\" \/>\n<meta property=\"og:site_name\" content=\"P31\" \/>\n<meta property=\"article:published_time\" content=\"2023-10-14T15:06:34+00:00\" \/>\n<meta property=\"og:image\" content=\"https:\/\/www.p31noticias.com.br\/wp-content\/uploads\/2023\/10\/Capa-27-q8cxnF-150x150-otvV1c.jpeg\" \/>\n\t<meta property=\"og:image:width\" content=\"150\" \/>\n\t<meta property=\"og:image:height\" content=\"150\" \/>\n\t<meta property=\"og:image:type\" content=\"image\/jpeg\" \/>\n<meta name=\"twitter:card\" content=\"summary_large_image\" \/>\n<script type=\"application\/ld+json\" class=\"yoast-schema-graph\">{\"@context\":\"https:\\\/\\\/schema.org\",\"@graph\":[{\"@type\":\"Article\",\"@id\":\"https:\\\/\\\/www.p31noticias.com.br\\\/?p=29580#article\",\"isPartOf\":{\"@id\":\"https:\\\/\\\/www.p31noticias.com.br\\\/?p=29580\"},\"author\":{\"name\":\"\",\"@id\":\"\"},\"headline\":\"Com reforma de 22 campos sint\u00e9ticos em 2023, GDF amplia op\u00e7\u00f5es de lazer\",\"datePublished\":\"2023-10-14T15:06:34+00:00\",\"mainEntityOfPage\":{\"@id\":\"https:\\\/\\\/www.p31noticias.com.br\\\/?p=29580\"},\"wordCount\":94,\"commentCount\":0,\"image\":{\"@id\":\"https:\\\/\\\/www.p31noticias.com.br\\\/?p=29580#primaryimage\"},\"thumbnailUrl\":\"https:\\\/\\\/www.p31noticias.com.br\\\/wp-content\\\/uploads\\\/2023\\\/10\\\/Capa-27-q8cxnF-150x150-otvV1c.jpeg\",\"articleSection\":[\"Bras\u00edlia\"],\"inLanguage\":\"pt-BR\",\"potentialAction\":[{\"@type\":\"CommentAction\",\"name\":\"Comment\",\"target\":[\"https:\\\/\\\/www.p31noticias.com.br\\\/?p=29580#respond\"]}],\"copyrightYear\":\"2023\",\"copyrightHolder\":{\"@id\":\"https:\\\/\\\/www.p31noticias.com.br\\\/#organization\"}},{\"@type\":\"WebPage\",\"@id\":\"https:\\\/\\\/www.p31noticias.com.br\\\/?p=29580\",\"url\":\"https:\\\/\\\/www.p31noticias.com.br\\\/?p=29580\",\"name\":\"Com reforma de 22 campos sint\u00e9ticos em 2023, GDF amplia op\u00e7\u00f5es de lazer - P31\",\"isPartOf\":{\"@id\":\"https:\\\/\\\/www.p31noticias.com.br\\\/#website\"},\"primaryImageOfPage\":{\"@id\":\"https:\\\/\\\/www.p31noticias.com.br\\\/?p=29580#primaryimage\"},\"image\":{\"@id\":\"https:\\\/\\\/www.p31noticias.com.br\\\/?p=29580#primaryimage\"},\"thumbnailUrl\":\"https:\\\/\\\/www.p31noticias.com.br\\\/wp-content\\\/uploads\\\/2023\\\/10\\\/Capa-27-q8cxnF-150x150-otvV1c.jpeg\",\"datePublished\":\"2023-10-14T15:06:34+00:00\",\"author\":{\"@id\":\"\"},\"breadcrumb\":{\"@id\":\"https:\\\/\\\/www.p31noticias.com.br\\\/?p=29580#breadcrumb\"},\"inLanguage\":\"pt-BR\",\"potentialAction\":[{\"@type\":\"ReadAction\",\"target\":[\"https:\\\/\\\/www.p31noticias.com.br\\\/?p=29580\"]}]},{\"@type\":\"ImageObject\",\"inLanguage\":\"pt-BR\",\"@id\":\"https:\\\/\\\/www.p31noticias.com.br\\\/?p=29580#primaryimage\",\"url\":\"https:\\\/\\\/www.p31noticias.com.br\\\/wp-content\\\/uploads\\\/2023\\\/10\\\/Capa-27-q8cxnF-150x150-otvV1c.jpeg\",\"contentUrl\":\"https:\\\/\\\/www.p31noticias.com.br\\\/wp-content\\\/uploads\\\/2023\\\/10\\\/Capa-27-q8cxnF-150x150-otvV1c.jpeg\",\"width\":150,\"height\":150},{\"@type\":\"BreadcrumbList\",\"@id\":\"https:\\\/\\\/www.p31noticias.com.br\\\/?p=29580#breadcrumb\",\"itemListElement\":[{\"@type\":\"ListItem\",\"position\":1,\"name\":\"In\u00edcio\",\"item\":\"https:\\\/\\\/www.p31noticias.com.br\\\/\"},{\"@type\":\"ListItem\",\"position\":2,\"name\":\"Com reforma de 22 campos sint\u00e9ticos em 2023, GDF amplia op\u00e7\u00f5es de lazer\"}]},{\"@type\":\"WebSite\",\"@id\":\"https:\\\/\\\/www.p31noticias.com.br\\\/#website\",\"url\":\"https:\\\/\\\/www.p31noticias.com.br\\\/\",\"name\":\"P31\",\"description\":\"NOT\u00cdCIAS\",\"potentialAction\":[{\"@type\":\"SearchAction\",\"target\":{\"@type\":\"EntryPoint\",\"urlTemplate\":\"https:\\\/\\\/www.p31noticias.com.br\\\/?s={search_term_string}\"},\"query-input\":{\"@type\":\"PropertyValueSpecification\",\"valueRequired\":true,\"valueName\":\"search_term_string\"}}],\"inLanguage\":\"pt-BR\"}]}<\/script>\n<!-- \/ Yoast SEO Premium plugin. -->","yoast_head_json":{"title":"Com reforma de 22 campos sint\u00e9ticos em 2023, GDF amplia op\u00e7\u00f5es de lazer - P31","robots":{"index":"index","follow":"follow","max-snippet":"max-snippet:-1","max-image-preview":"max-image-preview:large","max-video-preview":"max-video-preview:-1"},"canonical":"https:\/\/www.p31noticias.com.br\/?p=29580","og_locale":"pt_BR","og_type":"article","og_title":"Com reforma de 22 campos sint\u00e9ticos em 2023, GDF amplia op\u00e7\u00f5es de lazer","og_description":"O campo de grama sint\u00e9tica da Estrutural reinaugurado recentemente pelo Governo do Distrito Federal (GDF) \u00e9 um verdadeiro ponto de encontro da comunidade. Pr\u00f3ximo ao fim da tarde, vai chegando cada um com sua bola, uns v\u00e3o para o meio do campo, outros, para os cantinhos s\u00f3 para conversar, alguns soltam pipa. Mas todos est\u00e3o [&hellip;]","og_url":"https:\/\/www.p31noticias.com.br\/?p=29580","og_site_name":"P31","article_published_time":"2023-10-14T15:06:34+00:00","og_image":[{"width":150,"height":150,"url":"https:\/\/www.p31noticias.com.br\/wp-content\/uploads\/2023\/10\/Capa-27-q8cxnF-150x150-otvV1c.jpeg","type":"image\/jpeg"}],"twitter_card":"summary_large_image","schema":{"@context":"https:\/\/schema.org","@graph":[{"@type":"Article","@id":"https:\/\/www.p31noticias.com.br\/?p=29580#article","isPartOf":{"@id":"https:\/\/www.p31noticias.com.br\/?p=29580"},"author":{"name":"","@id":""},"headline":"Com reforma de 22 campos sint\u00e9ticos em 2023, GDF amplia op\u00e7\u00f5es de lazer","datePublished":"2023-10-14T15:06:34+00:00","mainEntityOfPage":{"@id":"https:\/\/www.p31noticias.com.br\/?p=29580"},"wordCount":94,"commentCount":0,"image":{"@id":"https:\/\/www.p31noticias.com.br\/?p=29580#primaryimage"},"thumbnailUrl":"https:\/\/www.p31noticias.com.br\/wp-content\/uploads\/2023\/10\/Capa-27-q8cxnF-150x150-otvV1c.jpeg","articleSection":["Bras\u00edlia"],"inLanguage":"pt-BR","potentialAction":[{"@type":"CommentAction","name":"Comment","target":["https:\/\/www.p31noticias.com.br\/?p=29580#respond"]}],"copyrightYear":"2023","copyrightHolder":{"@id":"https:\/\/www.p31noticias.com.br\/#organization"}},{"@type":"WebPage","@id":"https:\/\/www.p31noticias.com.br\/?p=29580","url":"https:\/\/www.p31noticias.com.br\/?p=29580","name":"Com reforma de 22 campos sint\u00e9ticos em 2023, GDF amplia op\u00e7\u00f5es de lazer - P31","isPartOf":{"@id":"https:\/\/www.p31noticias.com.br\/#website"},"primaryImageOfPage":{"@id":"https:\/\/www.p31noticias.com.br\/?p=29580#primaryimage"},"image":{"@id":"https:\/\/www.p31noticias.com.br\/?p=29580#primaryimage"},"thumbnailUrl":"https:\/\/www.p31noticias.com.br\/wp-content\/uploads\/2023\/10\/Capa-27-q8cxnF-150x150-otvV1c.jpeg","datePublished":"2023-10-14T15:06:34+00:00","author":{"@id":""},"breadcrumb":{"@id":"https:\/\/www.p31noticias.com.br\/?p=29580#breadcrumb"},"inLanguage":"pt-BR","potentialAction":[{"@type":"ReadAction","target":["https:\/\/www.p31noticias.com.br\/?p=29580"]}]},{"@type":"ImageObject","inLanguage":"pt-BR","@id":"https:\/\/www.p31noticias.com.br\/?p=29580#primaryimage","url":"https:\/\/www.p31noticias.com.br\/wp-content\/uploads\/2023\/10\/Capa-27-q8cxnF-150x150-otvV1c.jpeg","contentUrl":"https:\/\/www.p31noticias.com.br\/wp-content\/uploads\/2023\/10\/Capa-27-q8cxnF-150x150-otvV1c.jpeg","width":150,"height":150},{"@type":"BreadcrumbList","@id":"https:\/\/www.p31noticias.com.br\/?p=29580#breadcrumb","itemListElement":[{"@type":"ListItem","position":1,"name":"In\u00edcio","item":"https:\/\/www.p31noticias.com.br\/"},{"@type":"ListItem","position":2,"name":"Com reforma de 22 campos sint\u00e9ticos em 2023, GDF amplia op\u00e7\u00f5es de lazer"}]},{"@type":"WebSite","@id":"https:\/\/www.p31noticias.com.br\/#website","url":"https:\/\/www.p31noticias.com.br\/","name":"P31","description":"NOT\u00cdCIAS","potentialAction":[{"@type":"SearchAction","target":{"@type":"EntryPoint","urlTemplate":"https:\/\/www.p31noticias.com.br\/?s={search_term_string}"},"query-input":{"@type":"PropertyValueSpecification","valueRequired":true,"valueName":"search_term_string"}}],"inLanguage":"pt-BR"}]}},"amp_enabled":true,"_links":{"self":[{"href":"https:\/\/www.p31noticias.com.br\/index.php?rest_route=\/wp\/v2\/posts\/29580","targetHints":{"allow":["GET"]}}],"collection":[{"href":"https:\/\/www.p31noticias.com.br\/index.php?rest_route=\/wp\/v2\/posts"}],"about":[{"href":"https:\/\/www.p31noticias.com.br\/index.php?rest_route=\/wp\/v2\/types\/post"}],"replies":[{"embeddable":true,"href":"https:\/\/www.p31noticias.com.br\/index.php?rest_route=%2Fwp%2Fv2%2Fcomments&post=29580"}],"version-history":[{"count":0,"href":"https:\/\/www.p31noticias.com.br\/index.php?rest_route=\/wp\/v2\/posts\/29580\/revisions"}],"wp:featuredmedia":[{"embeddable":true,"href":"https:\/\/www.p31noticias.com.br\/index.php?rest_route=\/wp\/v2\/media\/29581"}],"wp:attachment":[{"href":"https:\/\/www.p31noticias.com.br\/index.php?rest_route=%2Fwp%2Fv2%2Fmedia&parent=29580"}],"wp:term":[{"taxonomy":"category","embeddable":true,"href":"https:\/\/www.p31noticias.com.br\/index.php?rest_route=%2Fwp%2Fv2%2Fcategories&post=29580"},{"taxonomy":"post_tag","embeddable":true,"href":"https:\/\/www.p31noticias.com.br\/index.php?rest_route=%2Fwp%2Fv2%2Ftags&post=29580"}],"curies":[{"name":"wp","href":"https:\/\/api.w.org\/{rel}","templated":true}]}}