{"id":29509,"date":"2023-10-13T18:06:06","date_gmt":"2023-10-13T21:06:06","guid":{"rendered":"https:\/\/p31noticias.com.br\/mpf-recomenda-que-gdf-remova-aldeia-indigena-de-santuario-no-noroeste\/"},"modified":"2023-10-13T18:06:06","modified_gmt":"2023-10-13T21:06:06","slug":"mpf-recomenda-que-gdf-remova-aldeia-indigena-de-santuario-no-noroeste","status":"publish","type":"post","link":"https:\/\/www.p31noticias.com.br\/?p=29509","title":{"rendered":"MPF recomenda que GDF remova aldeia ind\u00edgena de santu\u00e1rio no Noroeste"},"content":{"rendered":"<p>O Minist\u00e9rio P\u00fablica Federal (MPF) recomendou ao Governo do Distrito Federal (GDF) que fa\u00e7a remo\u00e7\u00e3o dos integrantes da aldeia ind\u00edgena Teko Haw, conhecida como Acampamento Ind\u00edgena Revolucion\u00e1rio (AIR), de dentro do santu\u00e1rio em que se instalaram, no Lote 308 do Noroeste. Para a institui\u00e7\u00e3o, a aldeia n\u00e3o foi reconhecida como integrante da Comunidade Ind\u00edgena do [\u2026]<\/p>\n<p>O post <a href=\"https:\/\/www.delioandrade.com.br\/mpf-recomenda-que-gdf-remova-aldeia-indigena-de-santuario-no-noroeste\/\">MPF recomenda que GDF remova aldeia ind\u00edgena de santu\u00e1rio no Noroeste<\/a> apareceu primeiro em <a href=\"https:\/\/www.delioandrade.com.br\/\">Blog do D\u00c9LIO ANDRADE<\/a>.<\/p>\n","protected":false},"excerpt":{"rendered":"<p>O Minist\u00e9rio P\u00fablica Federal (MPF) recomendou ao Governo do Distrito Federal (GDF) que fa\u00e7a remo\u00e7\u00e3o dos integrantes da aldeia ind\u00edgena Teko Haw, conhecida como Acampamento Ind\u00edgena Revolucion\u00e1rio (AIR), de dentro do santu\u00e1rio em que se instalaram, no Lote 308 do Noroeste. Para a institui\u00e7\u00e3o, a aldeia n\u00e3o foi reconhecida como integrante da Comunidade Ind\u00edgena do [&hellip;]<\/p>\n","protected":false},"author":0,"featured_media":0,"comment_status":"open","ping_status":"open","sticky":false,"template":"","format":"standard","meta":{"footnotes":""},"categories":[21],"tags":[],"class_list":{"0":"post-29509","1":"post","2":"type-post","3":"status-publish","4":"format-standard","6":"category-brasilia"},"yoast_head":"<!-- This site is optimized with the Yoast SEO Premium plugin v24.5 (Yoast SEO v27.4) - https:\/\/yoast.com\/product\/yoast-seo-premium-wordpress\/ -->\n<title>MPF recomenda que GDF remova aldeia ind\u00edgena de santu\u00e1rio no Noroeste - P31<\/title>\n<meta name=\"robots\" content=\"index, follow, max-snippet:-1, max-image-preview:large, max-video-preview:-1\" \/>\n<link rel=\"canonical\" href=\"https:\/\/www.p31noticias.com.br\/?p=29509\" \/>\n<meta property=\"og:locale\" content=\"pt_BR\" \/>\n<meta property=\"og:type\" content=\"article\" \/>\n<meta property=\"og:title\" content=\"MPF recomenda que GDF remova aldeia ind\u00edgena de santu\u00e1rio no Noroeste\" \/>\n<meta property=\"og:description\" content=\"O Minist\u00e9rio P\u00fablica Federal (MPF) recomendou ao Governo do Distrito Federal (GDF) que fa\u00e7a remo\u00e7\u00e3o dos integrantes da aldeia ind\u00edgena Teko Haw, conhecida como Acampamento Ind\u00edgena Revolucion\u00e1rio (AIR), de dentro do santu\u00e1rio em que se instalaram, no Lote 308 do Noroeste. Para a institui\u00e7\u00e3o, a aldeia n\u00e3o foi reconhecida como integrante da Comunidade Ind\u00edgena do [&hellip;]\" \/>\n<meta property=\"og:url\" content=\"https:\/\/www.p31noticias.com.br\/?p=29509\" \/>\n<meta property=\"og:site_name\" content=\"P31\" \/>\n<meta property=\"article:published_time\" content=\"2023-10-13T21:06:06+00:00\" \/>\n<meta name=\"twitter:card\" content=\"summary_large_image\" \/>\n<script type=\"application\/ld+json\" class=\"yoast-schema-graph\">{\"@context\":\"https:\\\/\\\/schema.org\",\"@graph\":[{\"@type\":\"Article\",\"@id\":\"https:\\\/\\\/www.p31noticias.com.br\\\/?p=29509#article\",\"isPartOf\":{\"@id\":\"https:\\\/\\\/www.p31noticias.com.br\\\/?p=29509\"},\"author\":{\"name\":\"\",\"@id\":\"\"},\"headline\":\"MPF recomenda que GDF remova aldeia ind\u00edgena de santu\u00e1rio no Noroeste\",\"datePublished\":\"2023-10-13T21:06:06+00:00\",\"mainEntityOfPage\":{\"@id\":\"https:\\\/\\\/www.p31noticias.com.br\\\/?p=29509\"},\"wordCount\":101,\"commentCount\":0,\"articleSection\":[\"Bras\u00edlia\"],\"inLanguage\":\"pt-BR\",\"potentialAction\":[{\"@type\":\"CommentAction\",\"name\":\"Comment\",\"target\":[\"https:\\\/\\\/www.p31noticias.com.br\\\/?p=29509#respond\"]}],\"copyrightYear\":\"2023\",\"copyrightHolder\":{\"@id\":\"https:\\\/\\\/www.p31noticias.com.br\\\/#organization\"}},{\"@type\":\"WebPage\",\"@id\":\"https:\\\/\\\/www.p31noticias.com.br\\\/?p=29509\",\"url\":\"https:\\\/\\\/www.p31noticias.com.br\\\/?p=29509\",\"name\":\"MPF recomenda que GDF remova aldeia ind\u00edgena de santu\u00e1rio no Noroeste - P31\",\"isPartOf\":{\"@id\":\"https:\\\/\\\/www.p31noticias.com.br\\\/#website\"},\"datePublished\":\"2023-10-13T21:06:06+00:00\",\"author\":{\"@id\":\"\"},\"breadcrumb\":{\"@id\":\"https:\\\/\\\/www.p31noticias.com.br\\\/?p=29509#breadcrumb\"},\"inLanguage\":\"pt-BR\",\"potentialAction\":[{\"@type\":\"ReadAction\",\"target\":[\"https:\\\/\\\/www.p31noticias.com.br\\\/?p=29509\"]}]},{\"@type\":\"BreadcrumbList\",\"@id\":\"https:\\\/\\\/www.p31noticias.com.br\\\/?p=29509#breadcrumb\",\"itemListElement\":[{\"@type\":\"ListItem\",\"position\":1,\"name\":\"In\u00edcio\",\"item\":\"https:\\\/\\\/www.p31noticias.com.br\\\/\"},{\"@type\":\"ListItem\",\"position\":2,\"name\":\"MPF recomenda que GDF remova aldeia ind\u00edgena de santu\u00e1rio no Noroeste\"}]},{\"@type\":\"WebSite\",\"@id\":\"https:\\\/\\\/www.p31noticias.com.br\\\/#website\",\"url\":\"https:\\\/\\\/www.p31noticias.com.br\\\/\",\"name\":\"P31\",\"description\":\"NOT\u00cdCIAS\",\"potentialAction\":[{\"@type\":\"SearchAction\",\"target\":{\"@type\":\"EntryPoint\",\"urlTemplate\":\"https:\\\/\\\/www.p31noticias.com.br\\\/?s={search_term_string}\"},\"query-input\":{\"@type\":\"PropertyValueSpecification\",\"valueRequired\":true,\"valueName\":\"search_term_string\"}}],\"inLanguage\":\"pt-BR\"}]}<\/script>\n<!-- \/ Yoast SEO Premium plugin. -->","yoast_head_json":{"title":"MPF recomenda que GDF remova aldeia ind\u00edgena de santu\u00e1rio no Noroeste - P31","robots":{"index":"index","follow":"follow","max-snippet":"max-snippet:-1","max-image-preview":"max-image-preview:large","max-video-preview":"max-video-preview:-1"},"canonical":"https:\/\/www.p31noticias.com.br\/?p=29509","og_locale":"pt_BR","og_type":"article","og_title":"MPF recomenda que GDF remova aldeia ind\u00edgena de santu\u00e1rio no Noroeste","og_description":"O Minist\u00e9rio P\u00fablica Federal (MPF) recomendou ao Governo do Distrito Federal (GDF) que fa\u00e7a remo\u00e7\u00e3o dos integrantes da aldeia ind\u00edgena Teko Haw, conhecida como Acampamento Ind\u00edgena Revolucion\u00e1rio (AIR), de dentro do santu\u00e1rio em que se instalaram, no Lote 308 do Noroeste. Para a institui\u00e7\u00e3o, a aldeia n\u00e3o foi reconhecida como integrante da Comunidade Ind\u00edgena do [&hellip;]","og_url":"https:\/\/www.p31noticias.com.br\/?p=29509","og_site_name":"P31","article_published_time":"2023-10-13T21:06:06+00:00","twitter_card":"summary_large_image","schema":{"@context":"https:\/\/schema.org","@graph":[{"@type":"Article","@id":"https:\/\/www.p31noticias.com.br\/?p=29509#article","isPartOf":{"@id":"https:\/\/www.p31noticias.com.br\/?p=29509"},"author":{"name":"","@id":""},"headline":"MPF recomenda que GDF remova aldeia ind\u00edgena de santu\u00e1rio no Noroeste","datePublished":"2023-10-13T21:06:06+00:00","mainEntityOfPage":{"@id":"https:\/\/www.p31noticias.com.br\/?p=29509"},"wordCount":101,"commentCount":0,"articleSection":["Bras\u00edlia"],"inLanguage":"pt-BR","potentialAction":[{"@type":"CommentAction","name":"Comment","target":["https:\/\/www.p31noticias.com.br\/?p=29509#respond"]}],"copyrightYear":"2023","copyrightHolder":{"@id":"https:\/\/www.p31noticias.com.br\/#organization"}},{"@type":"WebPage","@id":"https:\/\/www.p31noticias.com.br\/?p=29509","url":"https:\/\/www.p31noticias.com.br\/?p=29509","name":"MPF recomenda que GDF remova aldeia ind\u00edgena de santu\u00e1rio no Noroeste - P31","isPartOf":{"@id":"https:\/\/www.p31noticias.com.br\/#website"},"datePublished":"2023-10-13T21:06:06+00:00","author":{"@id":""},"breadcrumb":{"@id":"https:\/\/www.p31noticias.com.br\/?p=29509#breadcrumb"},"inLanguage":"pt-BR","potentialAction":[{"@type":"ReadAction","target":["https:\/\/www.p31noticias.com.br\/?p=29509"]}]},{"@type":"BreadcrumbList","@id":"https:\/\/www.p31noticias.com.br\/?p=29509#breadcrumb","itemListElement":[{"@type":"ListItem","position":1,"name":"In\u00edcio","item":"https:\/\/www.p31noticias.com.br\/"},{"@type":"ListItem","position":2,"name":"MPF recomenda que GDF remova aldeia ind\u00edgena de santu\u00e1rio no Noroeste"}]},{"@type":"WebSite","@id":"https:\/\/www.p31noticias.com.br\/#website","url":"https:\/\/www.p31noticias.com.br\/","name":"P31","description":"NOT\u00cdCIAS","potentialAction":[{"@type":"SearchAction","target":{"@type":"EntryPoint","urlTemplate":"https:\/\/www.p31noticias.com.br\/?s={search_term_string}"},"query-input":{"@type":"PropertyValueSpecification","valueRequired":true,"valueName":"search_term_string"}}],"inLanguage":"pt-BR"}]}},"amp_enabled":true,"_links":{"self":[{"href":"https:\/\/www.p31noticias.com.br\/index.php?rest_route=\/wp\/v2\/posts\/29509","targetHints":{"allow":["GET"]}}],"collection":[{"href":"https:\/\/www.p31noticias.com.br\/index.php?rest_route=\/wp\/v2\/posts"}],"about":[{"href":"https:\/\/www.p31noticias.com.br\/index.php?rest_route=\/wp\/v2\/types\/post"}],"replies":[{"embeddable":true,"href":"https:\/\/www.p31noticias.com.br\/index.php?rest_route=%2Fwp%2Fv2%2Fcomments&post=29509"}],"version-history":[{"count":0,"href":"https:\/\/www.p31noticias.com.br\/index.php?rest_route=\/wp\/v2\/posts\/29509\/revisions"}],"wp:attachment":[{"href":"https:\/\/www.p31noticias.com.br\/index.php?rest_route=%2Fwp%2Fv2%2Fmedia&parent=29509"}],"wp:term":[{"taxonomy":"category","embeddable":true,"href":"https:\/\/www.p31noticias.com.br\/index.php?rest_route=%2Fwp%2Fv2%2Fcategories&post=29509"},{"taxonomy":"post_tag","embeddable":true,"href":"https:\/\/www.p31noticias.com.br\/index.php?rest_route=%2Fwp%2Fv2%2Ftags&post=29509"}],"curies":[{"name":"wp","href":"https:\/\/api.w.org\/{rel}","templated":true}]}}