{"id":29507,"date":"2023-10-13T18:06:06","date_gmt":"2023-10-13T21:06:06","guid":{"rendered":"https:\/\/p31noticias.com.br\/engenheiros-avaliam-se-complexo-rubem-valentim-pode-ser-reformado\/"},"modified":"2023-10-13T18:06:06","modified_gmt":"2023-10-13T21:06:06","slug":"engenheiros-avaliam-se-complexo-rubem-valentim-pode-ser-reformado","status":"publish","type":"post","link":"https:\/\/www.p31noticias.com.br\/?p=29507","title":{"rendered":"Engenheiros avaliam se Complexo Rubem Valentim pode ser reformado"},"content":{"rendered":"<p>O Complexo Cultural Rubem Valentim, no Cruzeiro, est\u00e1 passando por vistorias para verificar a possibilidade de uma reforma. Uma empresa foi contratada para entregar os laudos da situa\u00e7\u00e3o do local. Ap\u00f3s esse diagn\u00f3stico, que tem 45 dias para se entregue, um projeto arquitet\u00f4nico ser\u00e1 realizado e encaminhado para licita\u00e7\u00e3o. \u201cAssim que entramos no in\u00edcio deste [\u2026]<\/p>\n<p>O post <a href=\"https:\/\/www.delioandrade.com.br\/engenheiros-avaliam-se-complexo-rubem-valentim-pode-ser-reformado\/\">Engenheiros avaliam se Complexo Rubem Valentim pode ser reformado<\/a> apareceu primeiro em <a href=\"https:\/\/www.delioandrade.com.br\/\">Blog do D\u00c9LIO ANDRADE<\/a>.<\/p>\n","protected":false},"excerpt":{"rendered":"<p>O Complexo Cultural Rubem Valentim, no Cruzeiro, est\u00e1 passando por vistorias para verificar a possibilidade de uma reforma. Uma empresa foi contratada para entregar os laudos da situa\u00e7\u00e3o do local. Ap\u00f3s esse diagn\u00f3stico, que tem 45 dias para se entregue, um projeto arquitet\u00f4nico ser\u00e1 realizado e encaminhado para licita\u00e7\u00e3o. \u201cAssim que entramos no in\u00edcio deste [&hellip;]<\/p>\n","protected":false},"author":0,"featured_media":29508,"comment_status":"open","ping_status":"open","sticky":false,"template":"","format":"standard","meta":{"footnotes":""},"categories":[21],"tags":[],"class_list":{"0":"post-29507","1":"post","2":"type-post","3":"status-publish","4":"format-standard","5":"has-post-thumbnail","7":"category-brasilia"},"yoast_head":"<!-- This site is optimized with the Yoast SEO Premium plugin v24.5 (Yoast SEO v27.4) - https:\/\/yoast.com\/product\/yoast-seo-premium-wordpress\/ -->\n<title>Engenheiros avaliam se Complexo Rubem Valentim pode ser reformado - P31<\/title>\n<meta name=\"robots\" content=\"index, follow, max-snippet:-1, max-image-preview:large, max-video-preview:-1\" \/>\n<link rel=\"canonical\" href=\"https:\/\/www.p31noticias.com.br\/?p=29507\" \/>\n<meta property=\"og:locale\" content=\"pt_BR\" \/>\n<meta property=\"og:type\" content=\"article\" \/>\n<meta property=\"og:title\" content=\"Engenheiros avaliam se Complexo Rubem Valentim pode ser reformado\" \/>\n<meta property=\"og:description\" content=\"O Complexo Cultural Rubem Valentim, no Cruzeiro, est\u00e1 passando por vistorias para verificar a possibilidade de uma reforma. Uma empresa foi contratada para entregar os laudos da situa\u00e7\u00e3o do local. Ap\u00f3s esse diagn\u00f3stico, que tem 45 dias para se entregue, um projeto arquitet\u00f4nico ser\u00e1 realizado e encaminhado para licita\u00e7\u00e3o. \u201cAssim que entramos no in\u00edcio deste [&hellip;]\" \/>\n<meta property=\"og:url\" content=\"https:\/\/www.p31noticias.com.br\/?p=29507\" \/>\n<meta property=\"og:site_name\" content=\"P31\" \/>\n<meta property=\"article:published_time\" content=\"2023-10-13T21:06:06+00:00\" \/>\n<meta property=\"og:image\" content=\"https:\/\/www.p31noticias.com.br\/wp-content\/uploads\/2023\/10\/WhatsApp-Image-2023-10-11-at-17.37.01-1-X6sGP6-150x150-qi14dl.jpeg\" \/>\n\t<meta property=\"og:image:width\" content=\"150\" \/>\n\t<meta property=\"og:image:height\" content=\"150\" \/>\n\t<meta property=\"og:image:type\" content=\"image\/jpeg\" \/>\n<meta name=\"twitter:card\" content=\"summary_large_image\" \/>\n<script type=\"application\/ld+json\" class=\"yoast-schema-graph\">{\"@context\":\"https:\\\/\\\/schema.org\",\"@graph\":[{\"@type\":\"Article\",\"@id\":\"https:\\\/\\\/www.p31noticias.com.br\\\/?p=29507#article\",\"isPartOf\":{\"@id\":\"https:\\\/\\\/www.p31noticias.com.br\\\/?p=29507\"},\"author\":{\"name\":\"\",\"@id\":\"\"},\"headline\":\"Engenheiros avaliam se Complexo Rubem Valentim pode ser reformado\",\"datePublished\":\"2023-10-13T21:06:06+00:00\",\"mainEntityOfPage\":{\"@id\":\"https:\\\/\\\/www.p31noticias.com.br\\\/?p=29507\"},\"wordCount\":88,\"commentCount\":0,\"image\":{\"@id\":\"https:\\\/\\\/www.p31noticias.com.br\\\/?p=29507#primaryimage\"},\"thumbnailUrl\":\"https:\\\/\\\/www.p31noticias.com.br\\\/wp-content\\\/uploads\\\/2023\\\/10\\\/WhatsApp-Image-2023-10-11-at-17.37.01-1-X6sGP6-150x150-qi14dl.jpeg\",\"articleSection\":[\"Bras\u00edlia\"],\"inLanguage\":\"pt-BR\",\"potentialAction\":[{\"@type\":\"CommentAction\",\"name\":\"Comment\",\"target\":[\"https:\\\/\\\/www.p31noticias.com.br\\\/?p=29507#respond\"]}],\"copyrightYear\":\"2023\",\"copyrightHolder\":{\"@id\":\"https:\\\/\\\/www.p31noticias.com.br\\\/#organization\"}},{\"@type\":\"WebPage\",\"@id\":\"https:\\\/\\\/www.p31noticias.com.br\\\/?p=29507\",\"url\":\"https:\\\/\\\/www.p31noticias.com.br\\\/?p=29507\",\"name\":\"Engenheiros avaliam se Complexo Rubem Valentim pode ser reformado - P31\",\"isPartOf\":{\"@id\":\"https:\\\/\\\/www.p31noticias.com.br\\\/#website\"},\"primaryImageOfPage\":{\"@id\":\"https:\\\/\\\/www.p31noticias.com.br\\\/?p=29507#primaryimage\"},\"image\":{\"@id\":\"https:\\\/\\\/www.p31noticias.com.br\\\/?p=29507#primaryimage\"},\"thumbnailUrl\":\"https:\\\/\\\/www.p31noticias.com.br\\\/wp-content\\\/uploads\\\/2023\\\/10\\\/WhatsApp-Image-2023-10-11-at-17.37.01-1-X6sGP6-150x150-qi14dl.jpeg\",\"datePublished\":\"2023-10-13T21:06:06+00:00\",\"author\":{\"@id\":\"\"},\"breadcrumb\":{\"@id\":\"https:\\\/\\\/www.p31noticias.com.br\\\/?p=29507#breadcrumb\"},\"inLanguage\":\"pt-BR\",\"potentialAction\":[{\"@type\":\"ReadAction\",\"target\":[\"https:\\\/\\\/www.p31noticias.com.br\\\/?p=29507\"]}]},{\"@type\":\"ImageObject\",\"inLanguage\":\"pt-BR\",\"@id\":\"https:\\\/\\\/www.p31noticias.com.br\\\/?p=29507#primaryimage\",\"url\":\"https:\\\/\\\/www.p31noticias.com.br\\\/wp-content\\\/uploads\\\/2023\\\/10\\\/WhatsApp-Image-2023-10-11-at-17.37.01-1-X6sGP6-150x150-qi14dl.jpeg\",\"contentUrl\":\"https:\\\/\\\/www.p31noticias.com.br\\\/wp-content\\\/uploads\\\/2023\\\/10\\\/WhatsApp-Image-2023-10-11-at-17.37.01-1-X6sGP6-150x150-qi14dl.jpeg\",\"width\":150,\"height\":150},{\"@type\":\"BreadcrumbList\",\"@id\":\"https:\\\/\\\/www.p31noticias.com.br\\\/?p=29507#breadcrumb\",\"itemListElement\":[{\"@type\":\"ListItem\",\"position\":1,\"name\":\"In\u00edcio\",\"item\":\"https:\\\/\\\/www.p31noticias.com.br\\\/\"},{\"@type\":\"ListItem\",\"position\":2,\"name\":\"Engenheiros avaliam se Complexo Rubem Valentim pode ser reformado\"}]},{\"@type\":\"WebSite\",\"@id\":\"https:\\\/\\\/www.p31noticias.com.br\\\/#website\",\"url\":\"https:\\\/\\\/www.p31noticias.com.br\\\/\",\"name\":\"P31\",\"description\":\"NOT\u00cdCIAS\",\"potentialAction\":[{\"@type\":\"SearchAction\",\"target\":{\"@type\":\"EntryPoint\",\"urlTemplate\":\"https:\\\/\\\/www.p31noticias.com.br\\\/?s={search_term_string}\"},\"query-input\":{\"@type\":\"PropertyValueSpecification\",\"valueRequired\":true,\"valueName\":\"search_term_string\"}}],\"inLanguage\":\"pt-BR\"}]}<\/script>\n<!-- \/ Yoast SEO Premium plugin. -->","yoast_head_json":{"title":"Engenheiros avaliam se Complexo Rubem Valentim pode ser reformado - P31","robots":{"index":"index","follow":"follow","max-snippet":"max-snippet:-1","max-image-preview":"max-image-preview:large","max-video-preview":"max-video-preview:-1"},"canonical":"https:\/\/www.p31noticias.com.br\/?p=29507","og_locale":"pt_BR","og_type":"article","og_title":"Engenheiros avaliam se Complexo Rubem Valentim pode ser reformado","og_description":"O Complexo Cultural Rubem Valentim, no Cruzeiro, est\u00e1 passando por vistorias para verificar a possibilidade de uma reforma. Uma empresa foi contratada para entregar os laudos da situa\u00e7\u00e3o do local. Ap\u00f3s esse diagn\u00f3stico, que tem 45 dias para se entregue, um projeto arquitet\u00f4nico ser\u00e1 realizado e encaminhado para licita\u00e7\u00e3o. \u201cAssim que entramos no in\u00edcio deste [&hellip;]","og_url":"https:\/\/www.p31noticias.com.br\/?p=29507","og_site_name":"P31","article_published_time":"2023-10-13T21:06:06+00:00","og_image":[{"width":150,"height":150,"url":"https:\/\/www.p31noticias.com.br\/wp-content\/uploads\/2023\/10\/WhatsApp-Image-2023-10-11-at-17.37.01-1-X6sGP6-150x150-qi14dl.jpeg","type":"image\/jpeg"}],"twitter_card":"summary_large_image","schema":{"@context":"https:\/\/schema.org","@graph":[{"@type":"Article","@id":"https:\/\/www.p31noticias.com.br\/?p=29507#article","isPartOf":{"@id":"https:\/\/www.p31noticias.com.br\/?p=29507"},"author":{"name":"","@id":""},"headline":"Engenheiros avaliam se Complexo Rubem Valentim pode ser reformado","datePublished":"2023-10-13T21:06:06+00:00","mainEntityOfPage":{"@id":"https:\/\/www.p31noticias.com.br\/?p=29507"},"wordCount":88,"commentCount":0,"image":{"@id":"https:\/\/www.p31noticias.com.br\/?p=29507#primaryimage"},"thumbnailUrl":"https:\/\/www.p31noticias.com.br\/wp-content\/uploads\/2023\/10\/WhatsApp-Image-2023-10-11-at-17.37.01-1-X6sGP6-150x150-qi14dl.jpeg","articleSection":["Bras\u00edlia"],"inLanguage":"pt-BR","potentialAction":[{"@type":"CommentAction","name":"Comment","target":["https:\/\/www.p31noticias.com.br\/?p=29507#respond"]}],"copyrightYear":"2023","copyrightHolder":{"@id":"https:\/\/www.p31noticias.com.br\/#organization"}},{"@type":"WebPage","@id":"https:\/\/www.p31noticias.com.br\/?p=29507","url":"https:\/\/www.p31noticias.com.br\/?p=29507","name":"Engenheiros avaliam se Complexo Rubem Valentim pode ser reformado - P31","isPartOf":{"@id":"https:\/\/www.p31noticias.com.br\/#website"},"primaryImageOfPage":{"@id":"https:\/\/www.p31noticias.com.br\/?p=29507#primaryimage"},"image":{"@id":"https:\/\/www.p31noticias.com.br\/?p=29507#primaryimage"},"thumbnailUrl":"https:\/\/www.p31noticias.com.br\/wp-content\/uploads\/2023\/10\/WhatsApp-Image-2023-10-11-at-17.37.01-1-X6sGP6-150x150-qi14dl.jpeg","datePublished":"2023-10-13T21:06:06+00:00","author":{"@id":""},"breadcrumb":{"@id":"https:\/\/www.p31noticias.com.br\/?p=29507#breadcrumb"},"inLanguage":"pt-BR","potentialAction":[{"@type":"ReadAction","target":["https:\/\/www.p31noticias.com.br\/?p=29507"]}]},{"@type":"ImageObject","inLanguage":"pt-BR","@id":"https:\/\/www.p31noticias.com.br\/?p=29507#primaryimage","url":"https:\/\/www.p31noticias.com.br\/wp-content\/uploads\/2023\/10\/WhatsApp-Image-2023-10-11-at-17.37.01-1-X6sGP6-150x150-qi14dl.jpeg","contentUrl":"https:\/\/www.p31noticias.com.br\/wp-content\/uploads\/2023\/10\/WhatsApp-Image-2023-10-11-at-17.37.01-1-X6sGP6-150x150-qi14dl.jpeg","width":150,"height":150},{"@type":"BreadcrumbList","@id":"https:\/\/www.p31noticias.com.br\/?p=29507#breadcrumb","itemListElement":[{"@type":"ListItem","position":1,"name":"In\u00edcio","item":"https:\/\/www.p31noticias.com.br\/"},{"@type":"ListItem","position":2,"name":"Engenheiros avaliam se Complexo Rubem Valentim pode ser reformado"}]},{"@type":"WebSite","@id":"https:\/\/www.p31noticias.com.br\/#website","url":"https:\/\/www.p31noticias.com.br\/","name":"P31","description":"NOT\u00cdCIAS","potentialAction":[{"@type":"SearchAction","target":{"@type":"EntryPoint","urlTemplate":"https:\/\/www.p31noticias.com.br\/?s={search_term_string}"},"query-input":{"@type":"PropertyValueSpecification","valueRequired":true,"valueName":"search_term_string"}}],"inLanguage":"pt-BR"}]}},"amp_enabled":true,"_links":{"self":[{"href":"https:\/\/www.p31noticias.com.br\/index.php?rest_route=\/wp\/v2\/posts\/29507","targetHints":{"allow":["GET"]}}],"collection":[{"href":"https:\/\/www.p31noticias.com.br\/index.php?rest_route=\/wp\/v2\/posts"}],"about":[{"href":"https:\/\/www.p31noticias.com.br\/index.php?rest_route=\/wp\/v2\/types\/post"}],"replies":[{"embeddable":true,"href":"https:\/\/www.p31noticias.com.br\/index.php?rest_route=%2Fwp%2Fv2%2Fcomments&post=29507"}],"version-history":[{"count":0,"href":"https:\/\/www.p31noticias.com.br\/index.php?rest_route=\/wp\/v2\/posts\/29507\/revisions"}],"wp:featuredmedia":[{"embeddable":true,"href":"https:\/\/www.p31noticias.com.br\/index.php?rest_route=\/wp\/v2\/media\/29508"}],"wp:attachment":[{"href":"https:\/\/www.p31noticias.com.br\/index.php?rest_route=%2Fwp%2Fv2%2Fmedia&parent=29507"}],"wp:term":[{"taxonomy":"category","embeddable":true,"href":"https:\/\/www.p31noticias.com.br\/index.php?rest_route=%2Fwp%2Fv2%2Fcategories&post=29507"},{"taxonomy":"post_tag","embeddable":true,"href":"https:\/\/www.p31noticias.com.br\/index.php?rest_route=%2Fwp%2Fv2%2Ftags&post=29507"}],"curies":[{"name":"wp","href":"https:\/\/api.w.org\/{rel}","templated":true}]}}