{"id":29499,"date":"2023-10-13T16:53:44","date_gmt":"2023-10-13T19:53:44","guid":{"rendered":"https:\/\/p31noticias.com.br\/fisioterapeutas-e-terapeutas-ocupacionais-promovem-qualidade-de-vida\/"},"modified":"2023-10-13T16:53:44","modified_gmt":"2023-10-13T19:53:44","slug":"fisioterapeutas-e-terapeutas-ocupacionais-promovem-qualidade-de-vida","status":"publish","type":"post","link":"https:\/\/www.p31noticias.com.br\/?p=29499","title":{"rendered":"Fisioterapeutas e terapeutas ocupacionais promovem qualidade de vida"},"content":{"rendered":"<p>\u200cAos 73 anos, Edna Maria Fernandes come\u00e7ou a sentir uma forte dor nos ombros devido ao esfor\u00e7o f\u00edsico repetitivo que fazia para cuidar da m\u00e3e. Em busca de tratamento, ela foi \u00e0 unidade b\u00e1sica de sa\u00fade (UBS) mais perto de casa, onde o geriatra a encaminhou para atendimento de fisioterapia na Policl\u00ednica de Taguatinga. No [\u2026]<\/p>\n<p>O post <a href=\"https:\/\/www.delioandrade.com.br\/fisioterapeutas-e-terapeutas-ocupacionais-promovem-qualidade-de-vida\/\">Fisioterapeutas e terapeutas ocupacionais promovem qualidade de vida<\/a> apareceu primeiro em <a href=\"https:\/\/www.delioandrade.com.br\/\">Blog do D\u00c9LIO ANDRADE<\/a>.<\/p>\n","protected":false},"excerpt":{"rendered":"<p>\u200cAos 73 anos, Edna Maria Fernandes come\u00e7ou a sentir uma forte dor nos ombros devido ao esfor\u00e7o f\u00edsico repetitivo que fazia para cuidar da m\u00e3e. Em busca de tratamento, ela foi \u00e0 unidade b\u00e1sica de sa\u00fade (UBS) mais perto de casa, onde o geriatra a encaminhou para atendimento de fisioterapia na Policl\u00ednica de Taguatinga. No [&hellip;]<\/p>\n","protected":false},"author":0,"featured_media":29500,"comment_status":"open","ping_status":"open","sticky":false,"template":"","format":"standard","meta":{"footnotes":""},"categories":[21],"tags":[],"class_list":{"0":"post-29499","1":"post","2":"type-post","3":"status-publish","4":"format-standard","5":"has-post-thumbnail","7":"category-brasilia"},"yoast_head":"<!-- This site is optimized with the Yoast SEO Premium plugin v24.5 (Yoast SEO v27.4) - https:\/\/yoast.com\/product\/yoast-seo-premium-wordpress\/ -->\n<title>Fisioterapeutas e terapeutas ocupacionais promovem qualidade de vida - P31<\/title>\n<meta name=\"robots\" content=\"index, follow, max-snippet:-1, max-image-preview:large, max-video-preview:-1\" \/>\n<link rel=\"canonical\" href=\"https:\/\/www.p31noticias.com.br\/?p=29499\" \/>\n<meta property=\"og:locale\" content=\"pt_BR\" \/>\n<meta property=\"og:type\" content=\"article\" \/>\n<meta property=\"og:title\" content=\"Fisioterapeutas e terapeutas ocupacionais promovem qualidade de vida\" \/>\n<meta property=\"og:description\" content=\"\u200cAos 73 anos, Edna Maria Fernandes come\u00e7ou a sentir uma forte dor nos ombros devido ao esfor\u00e7o f\u00edsico repetitivo que fazia para cuidar da m\u00e3e. Em busca de tratamento, ela foi \u00e0 unidade b\u00e1sica de sa\u00fade (UBS) mais perto de casa, onde o geriatra a encaminhou para atendimento de fisioterapia na Policl\u00ednica de Taguatinga. No [&hellip;]\" \/>\n<meta property=\"og:url\" content=\"https:\/\/www.p31noticias.com.br\/?p=29499\" \/>\n<meta property=\"og:site_name\" content=\"P31\" \/>\n<meta property=\"article:published_time\" content=\"2023-10-13T19:53:44+00:00\" \/>\n<meta property=\"og:image\" content=\"https:\/\/www.p31noticias.com.br\/wp-content\/uploads\/2023\/10\/13.10.-Lian-gong.-Foto-Jhonatan-Cantarelle-Agencia-Saude-PgF4Fs-150x150-o1o7VE.jpeg\" \/>\n\t<meta property=\"og:image:width\" content=\"150\" \/>\n\t<meta property=\"og:image:height\" content=\"150\" \/>\n\t<meta property=\"og:image:type\" content=\"image\/jpeg\" \/>\n<meta name=\"twitter:card\" content=\"summary_large_image\" \/>\n<script type=\"application\/ld+json\" class=\"yoast-schema-graph\">{\"@context\":\"https:\\\/\\\/schema.org\",\"@graph\":[{\"@type\":\"Article\",\"@id\":\"https:\\\/\\\/www.p31noticias.com.br\\\/?p=29499#article\",\"isPartOf\":{\"@id\":\"https:\\\/\\\/www.p31noticias.com.br\\\/?p=29499\"},\"author\":{\"name\":\"\",\"@id\":\"\"},\"headline\":\"Fisioterapeutas e terapeutas ocupacionais promovem qualidade de vida\",\"datePublished\":\"2023-10-13T19:53:44+00:00\",\"mainEntityOfPage\":{\"@id\":\"https:\\\/\\\/www.p31noticias.com.br\\\/?p=29499\"},\"wordCount\":86,\"commentCount\":0,\"image\":{\"@id\":\"https:\\\/\\\/www.p31noticias.com.br\\\/?p=29499#primaryimage\"},\"thumbnailUrl\":\"https:\\\/\\\/www.p31noticias.com.br\\\/wp-content\\\/uploads\\\/2023\\\/10\\\/13.10.-Lian-gong.-Foto-Jhonatan-Cantarelle-Agencia-Saude-PgF4Fs-150x150-o1o7VE.jpeg\",\"articleSection\":[\"Bras\u00edlia\"],\"inLanguage\":\"pt-BR\",\"potentialAction\":[{\"@type\":\"CommentAction\",\"name\":\"Comment\",\"target\":[\"https:\\\/\\\/www.p31noticias.com.br\\\/?p=29499#respond\"]}],\"copyrightYear\":\"2023\",\"copyrightHolder\":{\"@id\":\"https:\\\/\\\/www.p31noticias.com.br\\\/#organization\"}},{\"@type\":\"WebPage\",\"@id\":\"https:\\\/\\\/www.p31noticias.com.br\\\/?p=29499\",\"url\":\"https:\\\/\\\/www.p31noticias.com.br\\\/?p=29499\",\"name\":\"Fisioterapeutas e terapeutas ocupacionais promovem qualidade de vida - P31\",\"isPartOf\":{\"@id\":\"https:\\\/\\\/www.p31noticias.com.br\\\/#website\"},\"primaryImageOfPage\":{\"@id\":\"https:\\\/\\\/www.p31noticias.com.br\\\/?p=29499#primaryimage\"},\"image\":{\"@id\":\"https:\\\/\\\/www.p31noticias.com.br\\\/?p=29499#primaryimage\"},\"thumbnailUrl\":\"https:\\\/\\\/www.p31noticias.com.br\\\/wp-content\\\/uploads\\\/2023\\\/10\\\/13.10.-Lian-gong.-Foto-Jhonatan-Cantarelle-Agencia-Saude-PgF4Fs-150x150-o1o7VE.jpeg\",\"datePublished\":\"2023-10-13T19:53:44+00:00\",\"author\":{\"@id\":\"\"},\"breadcrumb\":{\"@id\":\"https:\\\/\\\/www.p31noticias.com.br\\\/?p=29499#breadcrumb\"},\"inLanguage\":\"pt-BR\",\"potentialAction\":[{\"@type\":\"ReadAction\",\"target\":[\"https:\\\/\\\/www.p31noticias.com.br\\\/?p=29499\"]}]},{\"@type\":\"ImageObject\",\"inLanguage\":\"pt-BR\",\"@id\":\"https:\\\/\\\/www.p31noticias.com.br\\\/?p=29499#primaryimage\",\"url\":\"https:\\\/\\\/www.p31noticias.com.br\\\/wp-content\\\/uploads\\\/2023\\\/10\\\/13.10.-Lian-gong.-Foto-Jhonatan-Cantarelle-Agencia-Saude-PgF4Fs-150x150-o1o7VE.jpeg\",\"contentUrl\":\"https:\\\/\\\/www.p31noticias.com.br\\\/wp-content\\\/uploads\\\/2023\\\/10\\\/13.10.-Lian-gong.-Foto-Jhonatan-Cantarelle-Agencia-Saude-PgF4Fs-150x150-o1o7VE.jpeg\",\"width\":150,\"height\":150},{\"@type\":\"BreadcrumbList\",\"@id\":\"https:\\\/\\\/www.p31noticias.com.br\\\/?p=29499#breadcrumb\",\"itemListElement\":[{\"@type\":\"ListItem\",\"position\":1,\"name\":\"In\u00edcio\",\"item\":\"https:\\\/\\\/www.p31noticias.com.br\\\/\"},{\"@type\":\"ListItem\",\"position\":2,\"name\":\"Fisioterapeutas e terapeutas ocupacionais promovem qualidade de vida\"}]},{\"@type\":\"WebSite\",\"@id\":\"https:\\\/\\\/www.p31noticias.com.br\\\/#website\",\"url\":\"https:\\\/\\\/www.p31noticias.com.br\\\/\",\"name\":\"P31\",\"description\":\"NOT\u00cdCIAS\",\"potentialAction\":[{\"@type\":\"SearchAction\",\"target\":{\"@type\":\"EntryPoint\",\"urlTemplate\":\"https:\\\/\\\/www.p31noticias.com.br\\\/?s={search_term_string}\"},\"query-input\":{\"@type\":\"PropertyValueSpecification\",\"valueRequired\":true,\"valueName\":\"search_term_string\"}}],\"inLanguage\":\"pt-BR\"}]}<\/script>\n<!-- \/ Yoast SEO Premium plugin. -->","yoast_head_json":{"title":"Fisioterapeutas e terapeutas ocupacionais promovem qualidade de vida - P31","robots":{"index":"index","follow":"follow","max-snippet":"max-snippet:-1","max-image-preview":"max-image-preview:large","max-video-preview":"max-video-preview:-1"},"canonical":"https:\/\/www.p31noticias.com.br\/?p=29499","og_locale":"pt_BR","og_type":"article","og_title":"Fisioterapeutas e terapeutas ocupacionais promovem qualidade de vida","og_description":"\u200cAos 73 anos, Edna Maria Fernandes come\u00e7ou a sentir uma forte dor nos ombros devido ao esfor\u00e7o f\u00edsico repetitivo que fazia para cuidar da m\u00e3e. Em busca de tratamento, ela foi \u00e0 unidade b\u00e1sica de sa\u00fade (UBS) mais perto de casa, onde o geriatra a encaminhou para atendimento de fisioterapia na Policl\u00ednica de Taguatinga. No [&hellip;]","og_url":"https:\/\/www.p31noticias.com.br\/?p=29499","og_site_name":"P31","article_published_time":"2023-10-13T19:53:44+00:00","og_image":[{"width":150,"height":150,"url":"https:\/\/www.p31noticias.com.br\/wp-content\/uploads\/2023\/10\/13.10.-Lian-gong.-Foto-Jhonatan-Cantarelle-Agencia-Saude-PgF4Fs-150x150-o1o7VE.jpeg","type":"image\/jpeg"}],"twitter_card":"summary_large_image","schema":{"@context":"https:\/\/schema.org","@graph":[{"@type":"Article","@id":"https:\/\/www.p31noticias.com.br\/?p=29499#article","isPartOf":{"@id":"https:\/\/www.p31noticias.com.br\/?p=29499"},"author":{"name":"","@id":""},"headline":"Fisioterapeutas e terapeutas ocupacionais promovem qualidade de vida","datePublished":"2023-10-13T19:53:44+00:00","mainEntityOfPage":{"@id":"https:\/\/www.p31noticias.com.br\/?p=29499"},"wordCount":86,"commentCount":0,"image":{"@id":"https:\/\/www.p31noticias.com.br\/?p=29499#primaryimage"},"thumbnailUrl":"https:\/\/www.p31noticias.com.br\/wp-content\/uploads\/2023\/10\/13.10.-Lian-gong.-Foto-Jhonatan-Cantarelle-Agencia-Saude-PgF4Fs-150x150-o1o7VE.jpeg","articleSection":["Bras\u00edlia"],"inLanguage":"pt-BR","potentialAction":[{"@type":"CommentAction","name":"Comment","target":["https:\/\/www.p31noticias.com.br\/?p=29499#respond"]}],"copyrightYear":"2023","copyrightHolder":{"@id":"https:\/\/www.p31noticias.com.br\/#organization"}},{"@type":"WebPage","@id":"https:\/\/www.p31noticias.com.br\/?p=29499","url":"https:\/\/www.p31noticias.com.br\/?p=29499","name":"Fisioterapeutas e terapeutas ocupacionais promovem qualidade de vida - P31","isPartOf":{"@id":"https:\/\/www.p31noticias.com.br\/#website"},"primaryImageOfPage":{"@id":"https:\/\/www.p31noticias.com.br\/?p=29499#primaryimage"},"image":{"@id":"https:\/\/www.p31noticias.com.br\/?p=29499#primaryimage"},"thumbnailUrl":"https:\/\/www.p31noticias.com.br\/wp-content\/uploads\/2023\/10\/13.10.-Lian-gong.-Foto-Jhonatan-Cantarelle-Agencia-Saude-PgF4Fs-150x150-o1o7VE.jpeg","datePublished":"2023-10-13T19:53:44+00:00","author":{"@id":""},"breadcrumb":{"@id":"https:\/\/www.p31noticias.com.br\/?p=29499#breadcrumb"},"inLanguage":"pt-BR","potentialAction":[{"@type":"ReadAction","target":["https:\/\/www.p31noticias.com.br\/?p=29499"]}]},{"@type":"ImageObject","inLanguage":"pt-BR","@id":"https:\/\/www.p31noticias.com.br\/?p=29499#primaryimage","url":"https:\/\/www.p31noticias.com.br\/wp-content\/uploads\/2023\/10\/13.10.-Lian-gong.-Foto-Jhonatan-Cantarelle-Agencia-Saude-PgF4Fs-150x150-o1o7VE.jpeg","contentUrl":"https:\/\/www.p31noticias.com.br\/wp-content\/uploads\/2023\/10\/13.10.-Lian-gong.-Foto-Jhonatan-Cantarelle-Agencia-Saude-PgF4Fs-150x150-o1o7VE.jpeg","width":150,"height":150},{"@type":"BreadcrumbList","@id":"https:\/\/www.p31noticias.com.br\/?p=29499#breadcrumb","itemListElement":[{"@type":"ListItem","position":1,"name":"In\u00edcio","item":"https:\/\/www.p31noticias.com.br\/"},{"@type":"ListItem","position":2,"name":"Fisioterapeutas e terapeutas ocupacionais promovem qualidade de vida"}]},{"@type":"WebSite","@id":"https:\/\/www.p31noticias.com.br\/#website","url":"https:\/\/www.p31noticias.com.br\/","name":"P31","description":"NOT\u00cdCIAS","potentialAction":[{"@type":"SearchAction","target":{"@type":"EntryPoint","urlTemplate":"https:\/\/www.p31noticias.com.br\/?s={search_term_string}"},"query-input":{"@type":"PropertyValueSpecification","valueRequired":true,"valueName":"search_term_string"}}],"inLanguage":"pt-BR"}]}},"amp_enabled":true,"_links":{"self":[{"href":"https:\/\/www.p31noticias.com.br\/index.php?rest_route=\/wp\/v2\/posts\/29499","targetHints":{"allow":["GET"]}}],"collection":[{"href":"https:\/\/www.p31noticias.com.br\/index.php?rest_route=\/wp\/v2\/posts"}],"about":[{"href":"https:\/\/www.p31noticias.com.br\/index.php?rest_route=\/wp\/v2\/types\/post"}],"replies":[{"embeddable":true,"href":"https:\/\/www.p31noticias.com.br\/index.php?rest_route=%2Fwp%2Fv2%2Fcomments&post=29499"}],"version-history":[{"count":0,"href":"https:\/\/www.p31noticias.com.br\/index.php?rest_route=\/wp\/v2\/posts\/29499\/revisions"}],"wp:featuredmedia":[{"embeddable":true,"href":"https:\/\/www.p31noticias.com.br\/index.php?rest_route=\/wp\/v2\/media\/29500"}],"wp:attachment":[{"href":"https:\/\/www.p31noticias.com.br\/index.php?rest_route=%2Fwp%2Fv2%2Fmedia&parent=29499"}],"wp:term":[{"taxonomy":"category","embeddable":true,"href":"https:\/\/www.p31noticias.com.br\/index.php?rest_route=%2Fwp%2Fv2%2Fcategories&post=29499"},{"taxonomy":"post_tag","embeddable":true,"href":"https:\/\/www.p31noticias.com.br\/index.php?rest_route=%2Fwp%2Fv2%2Ftags&post=29499"}],"curies":[{"name":"wp","href":"https:\/\/api.w.org\/{rel}","templated":true}]}}