{"id":29474,"date":"2023-10-13T15:06:49","date_gmt":"2023-10-13T18:06:49","guid":{"rendered":"https:\/\/p31noticias.com.br\/pensei-que-era-equipamento-de-som-diz-gerente-sobre-bombas-em-posto\/"},"modified":"2023-10-13T15:06:49","modified_gmt":"2023-10-13T18:06:49","slug":"pensei-que-era-equipamento-de-som-diz-gerente-sobre-bombas-em-posto","status":"publish","type":"post","link":"https:\/\/www.p31noticias.com.br\/?p=29474","title":{"rendered":"\u201cPensei que era equipamento de som\u201d, diz gerente sobre bombas em posto"},"content":{"rendered":"<p>A bomba abandonada em um posto de combust\u00edvel do Colorado, na regi\u00e3o de Sobradinho, assustou comerciantes e funcion\u00e1rios que trabalhavam no local nessa quinta-feira (12\/10). Por conta da opera\u00e7\u00e3o do esquadr\u00e3o antibombas do Batalh\u00e3o de Opera\u00e7\u00f5es Especiais (Bope), o com\u00e9rcio precisou ser fechado e a a\u00e9rea, isolada at\u00e9 os artefatos serem detonados. Nesta sexta-feira (13\/10) [\u2026]<\/p>\n<p>O post <a href=\"https:\/\/www.delioandrade.com.br\/pensei-que-era-equipamento-de-som-diz-gerente-sobre-bombas-em-posto\/\">\u201cPensei que era equipamento de som\u201d, diz gerente sobre bombas em posto<\/a> apareceu primeiro em <a href=\"https:\/\/www.delioandrade.com.br\/\">Blog do D\u00c9LIO ANDRADE<\/a>.<\/p>\n","protected":false},"excerpt":{"rendered":"<p>A bomba abandonada em um posto de combust\u00edvel do Colorado, na regi\u00e3o de Sobradinho, assustou comerciantes e funcion\u00e1rios que trabalhavam no local nessa quinta-feira (12\/10). Por conta da opera\u00e7\u00e3o do esquadr\u00e3o antibombas do Batalh\u00e3o de Opera\u00e7\u00f5es Especiais (Bope), o com\u00e9rcio precisou ser fechado e a a\u00e9rea, isolada at\u00e9 os artefatos serem detonados. Nesta sexta-feira (13\/10) [&hellip;]<\/p>\n","protected":false},"author":0,"featured_media":29454,"comment_status":"open","ping_status":"open","sticky":false,"template":"","format":"standard","meta":{"footnotes":""},"categories":[21],"tags":[],"class_list":{"0":"post-29474","1":"post","2":"type-post","3":"status-publish","4":"format-standard","5":"has-post-thumbnail","7":"category-brasilia"},"yoast_head":"<!-- This site is optimized with the Yoast SEO Premium plugin v24.5 (Yoast SEO v27.4) - https:\/\/yoast.com\/product\/yoast-seo-premium-wordpress\/ -->\n<title>\u201cPensei que era equipamento de som\u201d, diz gerente sobre bombas em posto - P31<\/title>\n<meta name=\"robots\" content=\"index, follow, max-snippet:-1, max-image-preview:large, max-video-preview:-1\" \/>\n<link rel=\"canonical\" href=\"https:\/\/www.p31noticias.com.br\/?p=29474\" \/>\n<meta property=\"og:locale\" content=\"pt_BR\" \/>\n<meta property=\"og:type\" content=\"article\" \/>\n<meta property=\"og:title\" content=\"\u201cPensei que era equipamento de som\u201d, diz gerente sobre bombas em posto\" \/>\n<meta property=\"og:description\" content=\"A bomba abandonada em um posto de combust\u00edvel do Colorado, na regi\u00e3o de Sobradinho, assustou comerciantes e funcion\u00e1rios que trabalhavam no local nessa quinta-feira (12\/10). Por conta da opera\u00e7\u00e3o do esquadr\u00e3o antibombas do Batalh\u00e3o de Opera\u00e7\u00f5es Especiais (Bope), o com\u00e9rcio precisou ser fechado e a a\u00e9rea, isolada at\u00e9 os artefatos serem detonados. Nesta sexta-feira (13\/10) [&hellip;]\" \/>\n<meta property=\"og:url\" content=\"https:\/\/www.p31noticias.com.br\/?p=29474\" \/>\n<meta property=\"og:site_name\" content=\"P31\" \/>\n<meta property=\"article:published_time\" content=\"2023-10-13T18:06:49+00:00\" \/>\n<meta property=\"og:image\" content=\"https:\/\/www.p31noticias.com.br\/wp-content\/uploads\/2023\/10\/operacao-petardo-posto-gasolina-br-020-sobradinho-cbmdf1-d1WDVA-150x150-RqGQzt.jpeg\" \/>\n\t<meta property=\"og:image:width\" content=\"150\" \/>\n\t<meta property=\"og:image:height\" content=\"150\" \/>\n\t<meta property=\"og:image:type\" content=\"image\/jpeg\" \/>\n<meta name=\"twitter:card\" content=\"summary_large_image\" \/>\n<script type=\"application\/ld+json\" class=\"yoast-schema-graph\">{\"@context\":\"https:\\\/\\\/schema.org\",\"@graph\":[{\"@type\":\"Article\",\"@id\":\"https:\\\/\\\/www.p31noticias.com.br\\\/?p=29474#article\",\"isPartOf\":{\"@id\":\"https:\\\/\\\/www.p31noticias.com.br\\\/?p=29474\"},\"author\":{\"name\":\"\",\"@id\":\"\"},\"headline\":\"\u201cPensei que era equipamento de som\u201d, diz gerente sobre bombas em posto\",\"datePublished\":\"2023-10-13T18:06:49+00:00\",\"mainEntityOfPage\":{\"@id\":\"https:\\\/\\\/www.p31noticias.com.br\\\/?p=29474\"},\"wordCount\":96,\"commentCount\":0,\"image\":{\"@id\":\"https:\\\/\\\/www.p31noticias.com.br\\\/?p=29474#primaryimage\"},\"thumbnailUrl\":\"https:\\\/\\\/www.p31noticias.com.br\\\/wp-content\\\/uploads\\\/2023\\\/10\\\/operacao-petardo-posto-gasolina-br-020-sobradinho-cbmdf1-d1WDVA-150x150-RqGQzt.jpeg\",\"articleSection\":[\"Bras\u00edlia\"],\"inLanguage\":\"pt-BR\",\"potentialAction\":[{\"@type\":\"CommentAction\",\"name\":\"Comment\",\"target\":[\"https:\\\/\\\/www.p31noticias.com.br\\\/?p=29474#respond\"]}],\"copyrightYear\":\"2023\",\"copyrightHolder\":{\"@id\":\"https:\\\/\\\/www.p31noticias.com.br\\\/#organization\"}},{\"@type\":\"WebPage\",\"@id\":\"https:\\\/\\\/www.p31noticias.com.br\\\/?p=29474\",\"url\":\"https:\\\/\\\/www.p31noticias.com.br\\\/?p=29474\",\"name\":\"\u201cPensei que era equipamento de som\u201d, diz gerente sobre bombas em posto - P31\",\"isPartOf\":{\"@id\":\"https:\\\/\\\/www.p31noticias.com.br\\\/#website\"},\"primaryImageOfPage\":{\"@id\":\"https:\\\/\\\/www.p31noticias.com.br\\\/?p=29474#primaryimage\"},\"image\":{\"@id\":\"https:\\\/\\\/www.p31noticias.com.br\\\/?p=29474#primaryimage\"},\"thumbnailUrl\":\"https:\\\/\\\/www.p31noticias.com.br\\\/wp-content\\\/uploads\\\/2023\\\/10\\\/operacao-petardo-posto-gasolina-br-020-sobradinho-cbmdf1-d1WDVA-150x150-RqGQzt.jpeg\",\"datePublished\":\"2023-10-13T18:06:49+00:00\",\"author\":{\"@id\":\"\"},\"breadcrumb\":{\"@id\":\"https:\\\/\\\/www.p31noticias.com.br\\\/?p=29474#breadcrumb\"},\"inLanguage\":\"pt-BR\",\"potentialAction\":[{\"@type\":\"ReadAction\",\"target\":[\"https:\\\/\\\/www.p31noticias.com.br\\\/?p=29474\"]}]},{\"@type\":\"ImageObject\",\"inLanguage\":\"pt-BR\",\"@id\":\"https:\\\/\\\/www.p31noticias.com.br\\\/?p=29474#primaryimage\",\"url\":\"https:\\\/\\\/www.p31noticias.com.br\\\/wp-content\\\/uploads\\\/2023\\\/10\\\/operacao-petardo-posto-gasolina-br-020-sobradinho-cbmdf1-d1WDVA-150x150-RqGQzt.jpeg\",\"contentUrl\":\"https:\\\/\\\/www.p31noticias.com.br\\\/wp-content\\\/uploads\\\/2023\\\/10\\\/operacao-petardo-posto-gasolina-br-020-sobradinho-cbmdf1-d1WDVA-150x150-RqGQzt.jpeg\",\"width\":150,\"height\":150},{\"@type\":\"BreadcrumbList\",\"@id\":\"https:\\\/\\\/www.p31noticias.com.br\\\/?p=29474#breadcrumb\",\"itemListElement\":[{\"@type\":\"ListItem\",\"position\":1,\"name\":\"In\u00edcio\",\"item\":\"https:\\\/\\\/www.p31noticias.com.br\\\/\"},{\"@type\":\"ListItem\",\"position\":2,\"name\":\"\u201cPensei que era equipamento de som\u201d, diz gerente sobre bombas em posto\"}]},{\"@type\":\"WebSite\",\"@id\":\"https:\\\/\\\/www.p31noticias.com.br\\\/#website\",\"url\":\"https:\\\/\\\/www.p31noticias.com.br\\\/\",\"name\":\"P31\",\"description\":\"NOT\u00cdCIAS\",\"potentialAction\":[{\"@type\":\"SearchAction\",\"target\":{\"@type\":\"EntryPoint\",\"urlTemplate\":\"https:\\\/\\\/www.p31noticias.com.br\\\/?s={search_term_string}\"},\"query-input\":{\"@type\":\"PropertyValueSpecification\",\"valueRequired\":true,\"valueName\":\"search_term_string\"}}],\"inLanguage\":\"pt-BR\"}]}<\/script>\n<!-- \/ Yoast SEO Premium plugin. -->","yoast_head_json":{"title":"\u201cPensei que era equipamento de som\u201d, diz gerente sobre bombas em posto - P31","robots":{"index":"index","follow":"follow","max-snippet":"max-snippet:-1","max-image-preview":"max-image-preview:large","max-video-preview":"max-video-preview:-1"},"canonical":"https:\/\/www.p31noticias.com.br\/?p=29474","og_locale":"pt_BR","og_type":"article","og_title":"\u201cPensei que era equipamento de som\u201d, diz gerente sobre bombas em posto","og_description":"A bomba abandonada em um posto de combust\u00edvel do Colorado, na regi\u00e3o de Sobradinho, assustou comerciantes e funcion\u00e1rios que trabalhavam no local nessa quinta-feira (12\/10). Por conta da opera\u00e7\u00e3o do esquadr\u00e3o antibombas do Batalh\u00e3o de Opera\u00e7\u00f5es Especiais (Bope), o com\u00e9rcio precisou ser fechado e a a\u00e9rea, isolada at\u00e9 os artefatos serem detonados. Nesta sexta-feira (13\/10) [&hellip;]","og_url":"https:\/\/www.p31noticias.com.br\/?p=29474","og_site_name":"P31","article_published_time":"2023-10-13T18:06:49+00:00","og_image":[{"width":150,"height":150,"url":"https:\/\/www.p31noticias.com.br\/wp-content\/uploads\/2023\/10\/operacao-petardo-posto-gasolina-br-020-sobradinho-cbmdf1-d1WDVA-150x150-RqGQzt.jpeg","type":"image\/jpeg"}],"twitter_card":"summary_large_image","schema":{"@context":"https:\/\/schema.org","@graph":[{"@type":"Article","@id":"https:\/\/www.p31noticias.com.br\/?p=29474#article","isPartOf":{"@id":"https:\/\/www.p31noticias.com.br\/?p=29474"},"author":{"name":"","@id":""},"headline":"\u201cPensei que era equipamento de som\u201d, diz gerente sobre bombas em posto","datePublished":"2023-10-13T18:06:49+00:00","mainEntityOfPage":{"@id":"https:\/\/www.p31noticias.com.br\/?p=29474"},"wordCount":96,"commentCount":0,"image":{"@id":"https:\/\/www.p31noticias.com.br\/?p=29474#primaryimage"},"thumbnailUrl":"https:\/\/www.p31noticias.com.br\/wp-content\/uploads\/2023\/10\/operacao-petardo-posto-gasolina-br-020-sobradinho-cbmdf1-d1WDVA-150x150-RqGQzt.jpeg","articleSection":["Bras\u00edlia"],"inLanguage":"pt-BR","potentialAction":[{"@type":"CommentAction","name":"Comment","target":["https:\/\/www.p31noticias.com.br\/?p=29474#respond"]}],"copyrightYear":"2023","copyrightHolder":{"@id":"https:\/\/www.p31noticias.com.br\/#organization"}},{"@type":"WebPage","@id":"https:\/\/www.p31noticias.com.br\/?p=29474","url":"https:\/\/www.p31noticias.com.br\/?p=29474","name":"\u201cPensei que era equipamento de som\u201d, diz gerente sobre bombas em posto - P31","isPartOf":{"@id":"https:\/\/www.p31noticias.com.br\/#website"},"primaryImageOfPage":{"@id":"https:\/\/www.p31noticias.com.br\/?p=29474#primaryimage"},"image":{"@id":"https:\/\/www.p31noticias.com.br\/?p=29474#primaryimage"},"thumbnailUrl":"https:\/\/www.p31noticias.com.br\/wp-content\/uploads\/2023\/10\/operacao-petardo-posto-gasolina-br-020-sobradinho-cbmdf1-d1WDVA-150x150-RqGQzt.jpeg","datePublished":"2023-10-13T18:06:49+00:00","author":{"@id":""},"breadcrumb":{"@id":"https:\/\/www.p31noticias.com.br\/?p=29474#breadcrumb"},"inLanguage":"pt-BR","potentialAction":[{"@type":"ReadAction","target":["https:\/\/www.p31noticias.com.br\/?p=29474"]}]},{"@type":"ImageObject","inLanguage":"pt-BR","@id":"https:\/\/www.p31noticias.com.br\/?p=29474#primaryimage","url":"https:\/\/www.p31noticias.com.br\/wp-content\/uploads\/2023\/10\/operacao-petardo-posto-gasolina-br-020-sobradinho-cbmdf1-d1WDVA-150x150-RqGQzt.jpeg","contentUrl":"https:\/\/www.p31noticias.com.br\/wp-content\/uploads\/2023\/10\/operacao-petardo-posto-gasolina-br-020-sobradinho-cbmdf1-d1WDVA-150x150-RqGQzt.jpeg","width":150,"height":150},{"@type":"BreadcrumbList","@id":"https:\/\/www.p31noticias.com.br\/?p=29474#breadcrumb","itemListElement":[{"@type":"ListItem","position":1,"name":"In\u00edcio","item":"https:\/\/www.p31noticias.com.br\/"},{"@type":"ListItem","position":2,"name":"\u201cPensei que era equipamento de som\u201d, diz gerente sobre bombas em posto"}]},{"@type":"WebSite","@id":"https:\/\/www.p31noticias.com.br\/#website","url":"https:\/\/www.p31noticias.com.br\/","name":"P31","description":"NOT\u00cdCIAS","potentialAction":[{"@type":"SearchAction","target":{"@type":"EntryPoint","urlTemplate":"https:\/\/www.p31noticias.com.br\/?s={search_term_string}"},"query-input":{"@type":"PropertyValueSpecification","valueRequired":true,"valueName":"search_term_string"}}],"inLanguage":"pt-BR"}]}},"amp_enabled":true,"_links":{"self":[{"href":"https:\/\/www.p31noticias.com.br\/index.php?rest_route=\/wp\/v2\/posts\/29474","targetHints":{"allow":["GET"]}}],"collection":[{"href":"https:\/\/www.p31noticias.com.br\/index.php?rest_route=\/wp\/v2\/posts"}],"about":[{"href":"https:\/\/www.p31noticias.com.br\/index.php?rest_route=\/wp\/v2\/types\/post"}],"replies":[{"embeddable":true,"href":"https:\/\/www.p31noticias.com.br\/index.php?rest_route=%2Fwp%2Fv2%2Fcomments&post=29474"}],"version-history":[{"count":0,"href":"https:\/\/www.p31noticias.com.br\/index.php?rest_route=\/wp\/v2\/posts\/29474\/revisions"}],"wp:featuredmedia":[{"embeddable":true,"href":"https:\/\/www.p31noticias.com.br\/index.php?rest_route=\/wp\/v2\/media\/29454"}],"wp:attachment":[{"href":"https:\/\/www.p31noticias.com.br\/index.php?rest_route=%2Fwp%2Fv2%2Fmedia&parent=29474"}],"wp:term":[{"taxonomy":"category","embeddable":true,"href":"https:\/\/www.p31noticias.com.br\/index.php?rest_route=%2Fwp%2Fv2%2Fcategories&post=29474"},{"taxonomy":"post_tag","embeddable":true,"href":"https:\/\/www.p31noticias.com.br\/index.php?rest_route=%2Fwp%2Fv2%2Ftags&post=29474"}],"curies":[{"name":"wp","href":"https:\/\/api.w.org\/{rel}","templated":true}]}}