{"id":29263,"date":"2023-10-11T02:06:26","date_gmt":"2023-10-11T05:06:26","guid":{"rendered":"https:\/\/p31noticias.com.br\/brasil-e-8o-mercado-de-telecomunicacoes-mas-so-tem-5-de-conexoes-5g\/"},"modified":"2023-10-11T02:06:26","modified_gmt":"2023-10-11T05:06:26","slug":"brasil-e-8o-mercado-de-telecomunicacoes-mas-so-tem-5-de-conexoes-5g","status":"publish","type":"post","link":"https:\/\/www.p31noticias.com.br\/?p=29263","title":{"rendered":"Brasil \u00e9 8\u00ba mercado de telecomunica\u00e7\u00f5es, mas s\u00f3 tem 5% de conex\u00f5es 5G"},"content":{"rendered":"<p>Conectividade, inova\u00e7\u00e3o, intelig\u00eancia artificial e ciberseguran\u00e7a est\u00e3o entre alguns dos principais temas apresentados na Futurecom 2023, o maior evento de tecnologia e telecomunica\u00e7\u00f5es da Am\u00e9rica Latina. O encontro ocorreu entre os dias 3 e 5 de outubro, na Expo S\u00e3o Paulo, localizada na capital paulista. Uma pesquisa, divulgada no evento pela Omdia, apontou que o [\u2026]<\/p>\n<p>O post <a href=\"https:\/\/www.delioandrade.com.br\/brasil-e-8o-mercado-de-telecomunicacoes-mas-so-tem-5-de-conexoes-5g\/\">Brasil \u00e9 8\u00ba mercado de telecomunica\u00e7\u00f5es, mas s\u00f3 tem 5% de conex\u00f5es 5G<\/a> apareceu primeiro em <a href=\"https:\/\/www.delioandrade.com.br\/\">Blog do D\u00c9LIO ANDRADE<\/a>.<\/p>\n","protected":false},"excerpt":{"rendered":"<p>Conectividade, inova\u00e7\u00e3o, intelig\u00eancia artificial e ciberseguran\u00e7a est\u00e3o entre alguns dos principais temas apresentados na Futurecom 2023, o maior evento de tecnologia e telecomunica\u00e7\u00f5es da Am\u00e9rica Latina. O encontro ocorreu entre os dias 3 e 5 de outubro, na Expo S\u00e3o Paulo, localizada na capital paulista. Uma pesquisa, divulgada no evento pela Omdia, apontou que o [&hellip;]<\/p>\n","protected":false},"author":0,"featured_media":29251,"comment_status":"open","ping_status":"open","sticky":false,"template":"","format":"standard","meta":{"footnotes":""},"categories":[21],"tags":[],"class_list":{"0":"post-29263","1":"post","2":"type-post","3":"status-publish","4":"format-standard","5":"has-post-thumbnail","7":"category-brasilia"},"yoast_head":"<!-- This site is optimized with the Yoast SEO Premium plugin v24.5 (Yoast SEO v27.4) - https:\/\/yoast.com\/product\/yoast-seo-premium-wordpress\/ -->\n<title>Brasil \u00e9 8\u00ba mercado de telecomunica\u00e7\u00f5es, mas s\u00f3 tem 5% de conex\u00f5es 5G - P31<\/title>\n<meta name=\"robots\" content=\"index, follow, max-snippet:-1, max-image-preview:large, max-video-preview:-1\" \/>\n<link rel=\"canonical\" href=\"https:\/\/www.p31noticias.com.br\/?p=29263\" \/>\n<meta property=\"og:locale\" content=\"pt_BR\" \/>\n<meta property=\"og:type\" content=\"article\" \/>\n<meta property=\"og:title\" content=\"Brasil \u00e9 8\u00ba mercado de telecomunica\u00e7\u00f5es, mas s\u00f3 tem 5% de conex\u00f5es 5G\" \/>\n<meta property=\"og:description\" content=\"Conectividade, inova\u00e7\u00e3o, intelig\u00eancia artificial e ciberseguran\u00e7a est\u00e3o entre alguns dos principais temas apresentados na Futurecom 2023, o maior evento de tecnologia e telecomunica\u00e7\u00f5es da Am\u00e9rica Latina. O encontro ocorreu entre os dias 3 e 5 de outubro, na Expo S\u00e3o Paulo, localizada na capital paulista. Uma pesquisa, divulgada no evento pela Omdia, apontou que o [&hellip;]\" \/>\n<meta property=\"og:url\" content=\"https:\/\/www.p31noticias.com.br\/?p=29263\" \/>\n<meta property=\"og:site_name\" content=\"P31\" \/>\n<meta property=\"article:published_time\" content=\"2023-10-11T05:06:26+00:00\" \/>\n<meta property=\"og:image\" content=\"https:\/\/www.p31noticias.com.br\/wp-content\/uploads\/2023\/10\/Conectividade-inovacao-inteligencia-artificial-e-ciberseguranca-5-zSoZNz-150x150-9HTHFN.jpeg\" \/>\n\t<meta property=\"og:image:width\" content=\"150\" \/>\n\t<meta property=\"og:image:height\" content=\"150\" \/>\n\t<meta property=\"og:image:type\" content=\"image\/jpeg\" \/>\n<meta name=\"twitter:card\" content=\"summary_large_image\" \/>\n<script type=\"application\/ld+json\" class=\"yoast-schema-graph\">{\"@context\":\"https:\\\/\\\/schema.org\",\"@graph\":[{\"@type\":\"Article\",\"@id\":\"https:\\\/\\\/www.p31noticias.com.br\\\/?p=29263#article\",\"isPartOf\":{\"@id\":\"https:\\\/\\\/www.p31noticias.com.br\\\/?p=29263\"},\"author\":{\"name\":\"\",\"@id\":\"\"},\"headline\":\"Brasil \u00e9 8\u00ba mercado de telecomunica\u00e7\u00f5es, mas s\u00f3 tem 5% de conex\u00f5es 5G\",\"datePublished\":\"2023-10-11T05:06:26+00:00\",\"mainEntityOfPage\":{\"@id\":\"https:\\\/\\\/www.p31noticias.com.br\\\/?p=29263\"},\"wordCount\":93,\"commentCount\":0,\"image\":{\"@id\":\"https:\\\/\\\/www.p31noticias.com.br\\\/?p=29263#primaryimage\"},\"thumbnailUrl\":\"https:\\\/\\\/www.p31noticias.com.br\\\/wp-content\\\/uploads\\\/2023\\\/10\\\/Conectividade-inovacao-inteligencia-artificial-e-ciberseguranca-5-zSoZNz-150x150-9HTHFN.jpeg\",\"articleSection\":[\"Bras\u00edlia\"],\"inLanguage\":\"pt-BR\",\"potentialAction\":[{\"@type\":\"CommentAction\",\"name\":\"Comment\",\"target\":[\"https:\\\/\\\/www.p31noticias.com.br\\\/?p=29263#respond\"]}],\"copyrightYear\":\"2023\",\"copyrightHolder\":{\"@id\":\"https:\\\/\\\/www.p31noticias.com.br\\\/#organization\"}},{\"@type\":\"WebPage\",\"@id\":\"https:\\\/\\\/www.p31noticias.com.br\\\/?p=29263\",\"url\":\"https:\\\/\\\/www.p31noticias.com.br\\\/?p=29263\",\"name\":\"Brasil \u00e9 8\u00ba mercado de telecomunica\u00e7\u00f5es, mas s\u00f3 tem 5% de conex\u00f5es 5G - P31\",\"isPartOf\":{\"@id\":\"https:\\\/\\\/www.p31noticias.com.br\\\/#website\"},\"primaryImageOfPage\":{\"@id\":\"https:\\\/\\\/www.p31noticias.com.br\\\/?p=29263#primaryimage\"},\"image\":{\"@id\":\"https:\\\/\\\/www.p31noticias.com.br\\\/?p=29263#primaryimage\"},\"thumbnailUrl\":\"https:\\\/\\\/www.p31noticias.com.br\\\/wp-content\\\/uploads\\\/2023\\\/10\\\/Conectividade-inovacao-inteligencia-artificial-e-ciberseguranca-5-zSoZNz-150x150-9HTHFN.jpeg\",\"datePublished\":\"2023-10-11T05:06:26+00:00\",\"author\":{\"@id\":\"\"},\"breadcrumb\":{\"@id\":\"https:\\\/\\\/www.p31noticias.com.br\\\/?p=29263#breadcrumb\"},\"inLanguage\":\"pt-BR\",\"potentialAction\":[{\"@type\":\"ReadAction\",\"target\":[\"https:\\\/\\\/www.p31noticias.com.br\\\/?p=29263\"]}]},{\"@type\":\"ImageObject\",\"inLanguage\":\"pt-BR\",\"@id\":\"https:\\\/\\\/www.p31noticias.com.br\\\/?p=29263#primaryimage\",\"url\":\"https:\\\/\\\/www.p31noticias.com.br\\\/wp-content\\\/uploads\\\/2023\\\/10\\\/Conectividade-inovacao-inteligencia-artificial-e-ciberseguranca-5-zSoZNz-150x150-9HTHFN.jpeg\",\"contentUrl\":\"https:\\\/\\\/www.p31noticias.com.br\\\/wp-content\\\/uploads\\\/2023\\\/10\\\/Conectividade-inovacao-inteligencia-artificial-e-ciberseguranca-5-zSoZNz-150x150-9HTHFN.jpeg\",\"width\":150,\"height\":150},{\"@type\":\"BreadcrumbList\",\"@id\":\"https:\\\/\\\/www.p31noticias.com.br\\\/?p=29263#breadcrumb\",\"itemListElement\":[{\"@type\":\"ListItem\",\"position\":1,\"name\":\"In\u00edcio\",\"item\":\"https:\\\/\\\/www.p31noticias.com.br\\\/\"},{\"@type\":\"ListItem\",\"position\":2,\"name\":\"Brasil \u00e9 8\u00ba mercado de telecomunica\u00e7\u00f5es, mas s\u00f3 tem 5% de conex\u00f5es 5G\"}]},{\"@type\":\"WebSite\",\"@id\":\"https:\\\/\\\/www.p31noticias.com.br\\\/#website\",\"url\":\"https:\\\/\\\/www.p31noticias.com.br\\\/\",\"name\":\"P31\",\"description\":\"NOT\u00cdCIAS\",\"potentialAction\":[{\"@type\":\"SearchAction\",\"target\":{\"@type\":\"EntryPoint\",\"urlTemplate\":\"https:\\\/\\\/www.p31noticias.com.br\\\/?s={search_term_string}\"},\"query-input\":{\"@type\":\"PropertyValueSpecification\",\"valueRequired\":true,\"valueName\":\"search_term_string\"}}],\"inLanguage\":\"pt-BR\"}]}<\/script>\n<!-- \/ Yoast SEO Premium plugin. -->","yoast_head_json":{"title":"Brasil \u00e9 8\u00ba mercado de telecomunica\u00e7\u00f5es, mas s\u00f3 tem 5% de conex\u00f5es 5G - P31","robots":{"index":"index","follow":"follow","max-snippet":"max-snippet:-1","max-image-preview":"max-image-preview:large","max-video-preview":"max-video-preview:-1"},"canonical":"https:\/\/www.p31noticias.com.br\/?p=29263","og_locale":"pt_BR","og_type":"article","og_title":"Brasil \u00e9 8\u00ba mercado de telecomunica\u00e7\u00f5es, mas s\u00f3 tem 5% de conex\u00f5es 5G","og_description":"Conectividade, inova\u00e7\u00e3o, intelig\u00eancia artificial e ciberseguran\u00e7a est\u00e3o entre alguns dos principais temas apresentados na Futurecom 2023, o maior evento de tecnologia e telecomunica\u00e7\u00f5es da Am\u00e9rica Latina. O encontro ocorreu entre os dias 3 e 5 de outubro, na Expo S\u00e3o Paulo, localizada na capital paulista. Uma pesquisa, divulgada no evento pela Omdia, apontou que o [&hellip;]","og_url":"https:\/\/www.p31noticias.com.br\/?p=29263","og_site_name":"P31","article_published_time":"2023-10-11T05:06:26+00:00","og_image":[{"width":150,"height":150,"url":"https:\/\/www.p31noticias.com.br\/wp-content\/uploads\/2023\/10\/Conectividade-inovacao-inteligencia-artificial-e-ciberseguranca-5-zSoZNz-150x150-9HTHFN.jpeg","type":"image\/jpeg"}],"twitter_card":"summary_large_image","schema":{"@context":"https:\/\/schema.org","@graph":[{"@type":"Article","@id":"https:\/\/www.p31noticias.com.br\/?p=29263#article","isPartOf":{"@id":"https:\/\/www.p31noticias.com.br\/?p=29263"},"author":{"name":"","@id":""},"headline":"Brasil \u00e9 8\u00ba mercado de telecomunica\u00e7\u00f5es, mas s\u00f3 tem 5% de conex\u00f5es 5G","datePublished":"2023-10-11T05:06:26+00:00","mainEntityOfPage":{"@id":"https:\/\/www.p31noticias.com.br\/?p=29263"},"wordCount":93,"commentCount":0,"image":{"@id":"https:\/\/www.p31noticias.com.br\/?p=29263#primaryimage"},"thumbnailUrl":"https:\/\/www.p31noticias.com.br\/wp-content\/uploads\/2023\/10\/Conectividade-inovacao-inteligencia-artificial-e-ciberseguranca-5-zSoZNz-150x150-9HTHFN.jpeg","articleSection":["Bras\u00edlia"],"inLanguage":"pt-BR","potentialAction":[{"@type":"CommentAction","name":"Comment","target":["https:\/\/www.p31noticias.com.br\/?p=29263#respond"]}],"copyrightYear":"2023","copyrightHolder":{"@id":"https:\/\/www.p31noticias.com.br\/#organization"}},{"@type":"WebPage","@id":"https:\/\/www.p31noticias.com.br\/?p=29263","url":"https:\/\/www.p31noticias.com.br\/?p=29263","name":"Brasil \u00e9 8\u00ba mercado de telecomunica\u00e7\u00f5es, mas s\u00f3 tem 5% de conex\u00f5es 5G - P31","isPartOf":{"@id":"https:\/\/www.p31noticias.com.br\/#website"},"primaryImageOfPage":{"@id":"https:\/\/www.p31noticias.com.br\/?p=29263#primaryimage"},"image":{"@id":"https:\/\/www.p31noticias.com.br\/?p=29263#primaryimage"},"thumbnailUrl":"https:\/\/www.p31noticias.com.br\/wp-content\/uploads\/2023\/10\/Conectividade-inovacao-inteligencia-artificial-e-ciberseguranca-5-zSoZNz-150x150-9HTHFN.jpeg","datePublished":"2023-10-11T05:06:26+00:00","author":{"@id":""},"breadcrumb":{"@id":"https:\/\/www.p31noticias.com.br\/?p=29263#breadcrumb"},"inLanguage":"pt-BR","potentialAction":[{"@type":"ReadAction","target":["https:\/\/www.p31noticias.com.br\/?p=29263"]}]},{"@type":"ImageObject","inLanguage":"pt-BR","@id":"https:\/\/www.p31noticias.com.br\/?p=29263#primaryimage","url":"https:\/\/www.p31noticias.com.br\/wp-content\/uploads\/2023\/10\/Conectividade-inovacao-inteligencia-artificial-e-ciberseguranca-5-zSoZNz-150x150-9HTHFN.jpeg","contentUrl":"https:\/\/www.p31noticias.com.br\/wp-content\/uploads\/2023\/10\/Conectividade-inovacao-inteligencia-artificial-e-ciberseguranca-5-zSoZNz-150x150-9HTHFN.jpeg","width":150,"height":150},{"@type":"BreadcrumbList","@id":"https:\/\/www.p31noticias.com.br\/?p=29263#breadcrumb","itemListElement":[{"@type":"ListItem","position":1,"name":"In\u00edcio","item":"https:\/\/www.p31noticias.com.br\/"},{"@type":"ListItem","position":2,"name":"Brasil \u00e9 8\u00ba mercado de telecomunica\u00e7\u00f5es, mas s\u00f3 tem 5% de conex\u00f5es 5G"}]},{"@type":"WebSite","@id":"https:\/\/www.p31noticias.com.br\/#website","url":"https:\/\/www.p31noticias.com.br\/","name":"P31","description":"NOT\u00cdCIAS","potentialAction":[{"@type":"SearchAction","target":{"@type":"EntryPoint","urlTemplate":"https:\/\/www.p31noticias.com.br\/?s={search_term_string}"},"query-input":{"@type":"PropertyValueSpecification","valueRequired":true,"valueName":"search_term_string"}}],"inLanguage":"pt-BR"}]}},"amp_enabled":true,"_links":{"self":[{"href":"https:\/\/www.p31noticias.com.br\/index.php?rest_route=\/wp\/v2\/posts\/29263","targetHints":{"allow":["GET"]}}],"collection":[{"href":"https:\/\/www.p31noticias.com.br\/index.php?rest_route=\/wp\/v2\/posts"}],"about":[{"href":"https:\/\/www.p31noticias.com.br\/index.php?rest_route=\/wp\/v2\/types\/post"}],"replies":[{"embeddable":true,"href":"https:\/\/www.p31noticias.com.br\/index.php?rest_route=%2Fwp%2Fv2%2Fcomments&post=29263"}],"version-history":[{"count":0,"href":"https:\/\/www.p31noticias.com.br\/index.php?rest_route=\/wp\/v2\/posts\/29263\/revisions"}],"wp:featuredmedia":[{"embeddable":true,"href":"https:\/\/www.p31noticias.com.br\/index.php?rest_route=\/wp\/v2\/media\/29251"}],"wp:attachment":[{"href":"https:\/\/www.p31noticias.com.br\/index.php?rest_route=%2Fwp%2Fv2%2Fmedia&parent=29263"}],"wp:term":[{"taxonomy":"category","embeddable":true,"href":"https:\/\/www.p31noticias.com.br\/index.php?rest_route=%2Fwp%2Fv2%2Fcategories&post=29263"},{"taxonomy":"post_tag","embeddable":true,"href":"https:\/\/www.p31noticias.com.br\/index.php?rest_route=%2Fwp%2Fv2%2Ftags&post=29263"}],"curies":[{"name":"wp","href":"https:\/\/api.w.org\/{rel}","templated":true}]}}