{"id":29132,"date":"2023-10-09T12:05:53","date_gmt":"2023-10-09T15:05:53","guid":{"rendered":"https:\/\/p31noticias.com.br\/homem-destroi-porta-de-vidro-com-chute-e-invade-apartamento-no-df\/"},"modified":"2023-10-09T12:05:53","modified_gmt":"2023-10-09T15:05:53","slug":"homem-destroi-porta-de-vidro-com-chute-e-invade-apartamento-no-df","status":"publish","type":"post","link":"https:\/\/www.p31noticias.com.br\/?p=29132","title":{"rendered":"Homem destr\u00f3i porta de vidro com chute e invade apartamento no DF"},"content":{"rendered":"<p>Imagens da c\u00e2mera de seguran\u00e7a de um pr\u00e9dio na quadra 405 da Asa Norte registraram a a\u00e7\u00e3o do criminoso que invadiu um dos apartamentos do bloco, na noite de sexta-feira (6\/10). O homem foi preso em flagrante pela Pol\u00edcia Militar do Distrito Federal (PMDF). O v\u00eddeo mostra o momento em que o criminoso quebra o [\u2026]<\/p>\n<p>O post <a href=\"https:\/\/www.delioandrade.com.br\/homem-destroi-porta-de-vidro-com-chute-e-invade-apartamento-no-df\/\">Homem destr\u00f3i porta de vidro com chute e invade apartamento no DF<\/a> apareceu primeiro em <a href=\"https:\/\/www.delioandrade.com.br\/\">Blog do D\u00c9LIO ANDRADE<\/a>.<\/p>\n","protected":false},"excerpt":{"rendered":"<p>Imagens da c\u00e2mera de seguran\u00e7a de um pr\u00e9dio na quadra 405 da Asa Norte registraram a a\u00e7\u00e3o do criminoso que invadiu um dos apartamentos do bloco, na noite de sexta-feira (6\/10). O homem foi preso em flagrante pela Pol\u00edcia Militar do Distrito Federal (PMDF). O v\u00eddeo mostra o momento em que o criminoso quebra o [&hellip;]<\/p>\n","protected":false},"author":0,"featured_media":0,"comment_status":"open","ping_status":"open","sticky":false,"template":"","format":"standard","meta":{"footnotes":""},"categories":[21],"tags":[],"class_list":{"0":"post-29132","1":"post","2":"type-post","3":"status-publish","4":"format-standard","6":"category-brasilia"},"yoast_head":"<!-- This site is optimized with the Yoast SEO Premium plugin v24.5 (Yoast SEO v27.4) - https:\/\/yoast.com\/product\/yoast-seo-premium-wordpress\/ -->\n<title>Homem destr\u00f3i porta de vidro com chute e invade apartamento no DF - P31<\/title>\n<meta name=\"robots\" content=\"index, follow, max-snippet:-1, max-image-preview:large, max-video-preview:-1\" \/>\n<link rel=\"canonical\" href=\"https:\/\/www.p31noticias.com.br\/?p=29132\" \/>\n<meta property=\"og:locale\" content=\"pt_BR\" \/>\n<meta property=\"og:type\" content=\"article\" \/>\n<meta property=\"og:title\" content=\"Homem destr\u00f3i porta de vidro com chute e invade apartamento no DF\" \/>\n<meta property=\"og:description\" content=\"Imagens da c\u00e2mera de seguran\u00e7a de um pr\u00e9dio na quadra 405 da Asa Norte registraram a a\u00e7\u00e3o do criminoso que invadiu um dos apartamentos do bloco, na noite de sexta-feira (6\/10). O homem foi preso em flagrante pela Pol\u00edcia Militar do Distrito Federal (PMDF). O v\u00eddeo mostra o momento em que o criminoso quebra o [&hellip;]\" \/>\n<meta property=\"og:url\" content=\"https:\/\/www.p31noticias.com.br\/?p=29132\" \/>\n<meta property=\"og:site_name\" content=\"P31\" \/>\n<meta property=\"article:published_time\" content=\"2023-10-09T15:05:53+00:00\" \/>\n<meta name=\"twitter:card\" content=\"summary_large_image\" \/>\n<script type=\"application\/ld+json\" class=\"yoast-schema-graph\">{\"@context\":\"https:\\\/\\\/schema.org\",\"@graph\":[{\"@type\":\"Article\",\"@id\":\"https:\\\/\\\/www.p31noticias.com.br\\\/?p=29132#article\",\"isPartOf\":{\"@id\":\"https:\\\/\\\/www.p31noticias.com.br\\\/?p=29132\"},\"author\":{\"name\":\"\",\"@id\":\"\"},\"headline\":\"Homem destr\u00f3i porta de vidro com chute e invade apartamento no DF\",\"datePublished\":\"2023-10-09T15:05:53+00:00\",\"mainEntityOfPage\":{\"@id\":\"https:\\\/\\\/www.p31noticias.com.br\\\/?p=29132\"},\"wordCount\":95,\"commentCount\":0,\"articleSection\":[\"Bras\u00edlia\"],\"inLanguage\":\"pt-BR\",\"potentialAction\":[{\"@type\":\"CommentAction\",\"name\":\"Comment\",\"target\":[\"https:\\\/\\\/www.p31noticias.com.br\\\/?p=29132#respond\"]}],\"copyrightYear\":\"2023\",\"copyrightHolder\":{\"@id\":\"https:\\\/\\\/www.p31noticias.com.br\\\/#organization\"}},{\"@type\":\"WebPage\",\"@id\":\"https:\\\/\\\/www.p31noticias.com.br\\\/?p=29132\",\"url\":\"https:\\\/\\\/www.p31noticias.com.br\\\/?p=29132\",\"name\":\"Homem destr\u00f3i porta de vidro com chute e invade apartamento no DF - P31\",\"isPartOf\":{\"@id\":\"https:\\\/\\\/www.p31noticias.com.br\\\/#website\"},\"datePublished\":\"2023-10-09T15:05:53+00:00\",\"author\":{\"@id\":\"\"},\"breadcrumb\":{\"@id\":\"https:\\\/\\\/www.p31noticias.com.br\\\/?p=29132#breadcrumb\"},\"inLanguage\":\"pt-BR\",\"potentialAction\":[{\"@type\":\"ReadAction\",\"target\":[\"https:\\\/\\\/www.p31noticias.com.br\\\/?p=29132\"]}]},{\"@type\":\"BreadcrumbList\",\"@id\":\"https:\\\/\\\/www.p31noticias.com.br\\\/?p=29132#breadcrumb\",\"itemListElement\":[{\"@type\":\"ListItem\",\"position\":1,\"name\":\"In\u00edcio\",\"item\":\"https:\\\/\\\/www.p31noticias.com.br\\\/\"},{\"@type\":\"ListItem\",\"position\":2,\"name\":\"Homem destr\u00f3i porta de vidro com chute e invade apartamento no DF\"}]},{\"@type\":\"WebSite\",\"@id\":\"https:\\\/\\\/www.p31noticias.com.br\\\/#website\",\"url\":\"https:\\\/\\\/www.p31noticias.com.br\\\/\",\"name\":\"P31\",\"description\":\"NOT\u00cdCIAS\",\"potentialAction\":[{\"@type\":\"SearchAction\",\"target\":{\"@type\":\"EntryPoint\",\"urlTemplate\":\"https:\\\/\\\/www.p31noticias.com.br\\\/?s={search_term_string}\"},\"query-input\":{\"@type\":\"PropertyValueSpecification\",\"valueRequired\":true,\"valueName\":\"search_term_string\"}}],\"inLanguage\":\"pt-BR\"}]}<\/script>\n<!-- \/ Yoast SEO Premium plugin. -->","yoast_head_json":{"title":"Homem destr\u00f3i porta de vidro com chute e invade apartamento no DF - P31","robots":{"index":"index","follow":"follow","max-snippet":"max-snippet:-1","max-image-preview":"max-image-preview:large","max-video-preview":"max-video-preview:-1"},"canonical":"https:\/\/www.p31noticias.com.br\/?p=29132","og_locale":"pt_BR","og_type":"article","og_title":"Homem destr\u00f3i porta de vidro com chute e invade apartamento no DF","og_description":"Imagens da c\u00e2mera de seguran\u00e7a de um pr\u00e9dio na quadra 405 da Asa Norte registraram a a\u00e7\u00e3o do criminoso que invadiu um dos apartamentos do bloco, na noite de sexta-feira (6\/10). O homem foi preso em flagrante pela Pol\u00edcia Militar do Distrito Federal (PMDF). O v\u00eddeo mostra o momento em que o criminoso quebra o [&hellip;]","og_url":"https:\/\/www.p31noticias.com.br\/?p=29132","og_site_name":"P31","article_published_time":"2023-10-09T15:05:53+00:00","twitter_card":"summary_large_image","schema":{"@context":"https:\/\/schema.org","@graph":[{"@type":"Article","@id":"https:\/\/www.p31noticias.com.br\/?p=29132#article","isPartOf":{"@id":"https:\/\/www.p31noticias.com.br\/?p=29132"},"author":{"name":"","@id":""},"headline":"Homem destr\u00f3i porta de vidro com chute e invade apartamento no DF","datePublished":"2023-10-09T15:05:53+00:00","mainEntityOfPage":{"@id":"https:\/\/www.p31noticias.com.br\/?p=29132"},"wordCount":95,"commentCount":0,"articleSection":["Bras\u00edlia"],"inLanguage":"pt-BR","potentialAction":[{"@type":"CommentAction","name":"Comment","target":["https:\/\/www.p31noticias.com.br\/?p=29132#respond"]}],"copyrightYear":"2023","copyrightHolder":{"@id":"https:\/\/www.p31noticias.com.br\/#organization"}},{"@type":"WebPage","@id":"https:\/\/www.p31noticias.com.br\/?p=29132","url":"https:\/\/www.p31noticias.com.br\/?p=29132","name":"Homem destr\u00f3i porta de vidro com chute e invade apartamento no DF - P31","isPartOf":{"@id":"https:\/\/www.p31noticias.com.br\/#website"},"datePublished":"2023-10-09T15:05:53+00:00","author":{"@id":""},"breadcrumb":{"@id":"https:\/\/www.p31noticias.com.br\/?p=29132#breadcrumb"},"inLanguage":"pt-BR","potentialAction":[{"@type":"ReadAction","target":["https:\/\/www.p31noticias.com.br\/?p=29132"]}]},{"@type":"BreadcrumbList","@id":"https:\/\/www.p31noticias.com.br\/?p=29132#breadcrumb","itemListElement":[{"@type":"ListItem","position":1,"name":"In\u00edcio","item":"https:\/\/www.p31noticias.com.br\/"},{"@type":"ListItem","position":2,"name":"Homem destr\u00f3i porta de vidro com chute e invade apartamento no DF"}]},{"@type":"WebSite","@id":"https:\/\/www.p31noticias.com.br\/#website","url":"https:\/\/www.p31noticias.com.br\/","name":"P31","description":"NOT\u00cdCIAS","potentialAction":[{"@type":"SearchAction","target":{"@type":"EntryPoint","urlTemplate":"https:\/\/www.p31noticias.com.br\/?s={search_term_string}"},"query-input":{"@type":"PropertyValueSpecification","valueRequired":true,"valueName":"search_term_string"}}],"inLanguage":"pt-BR"}]}},"amp_enabled":true,"_links":{"self":[{"href":"https:\/\/www.p31noticias.com.br\/index.php?rest_route=\/wp\/v2\/posts\/29132","targetHints":{"allow":["GET"]}}],"collection":[{"href":"https:\/\/www.p31noticias.com.br\/index.php?rest_route=\/wp\/v2\/posts"}],"about":[{"href":"https:\/\/www.p31noticias.com.br\/index.php?rest_route=\/wp\/v2\/types\/post"}],"replies":[{"embeddable":true,"href":"https:\/\/www.p31noticias.com.br\/index.php?rest_route=%2Fwp%2Fv2%2Fcomments&post=29132"}],"version-history":[{"count":0,"href":"https:\/\/www.p31noticias.com.br\/index.php?rest_route=\/wp\/v2\/posts\/29132\/revisions"}],"wp:attachment":[{"href":"https:\/\/www.p31noticias.com.br\/index.php?rest_route=%2Fwp%2Fv2%2Fmedia&parent=29132"}],"wp:term":[{"taxonomy":"category","embeddable":true,"href":"https:\/\/www.p31noticias.com.br\/index.php?rest_route=%2Fwp%2Fv2%2Fcategories&post=29132"},{"taxonomy":"post_tag","embeddable":true,"href":"https:\/\/www.p31noticias.com.br\/index.php?rest_route=%2Fwp%2Fv2%2Ftags&post=29132"}],"curies":[{"name":"wp","href":"https:\/\/api.w.org\/{rel}","templated":true}]}}