{"id":29119,"date":"2023-10-09T08:09:48","date_gmt":"2023-10-09T11:09:48","guid":{"rendered":"https:\/\/p31noticias.com.br\/oprimidos-pela-mineracao-camponeses-lamentam-doi-viver-sem-agua-em-pleno-para\/"},"modified":"2023-10-09T08:09:48","modified_gmt":"2023-10-09T11:09:48","slug":"oprimidos-pela-mineracao-camponeses-lamentam-doi-viver-sem-agua-em-pleno-para","status":"publish","type":"post","link":"https:\/\/www.p31noticias.com.br\/?p=29119","title":{"rendered":"Oprimidos pela minera\u00e7\u00e3o, camponeses lamentam: \u2018d\u00f3i viver sem \u00e1gua em pleno Par\u00e1\u2019"},"content":{"rendered":"<p>Entre p\u00e9s de a\u00e7a\u00ed, cacau-roxo e cupua\u00e7u, a pequena agricultora Maria Eva Martins caminha preocupada at\u00e9 um pequeno a\u00e7ude em seu lote de terra, conquistado ap\u00f3s mais de dez anos de luta pela reforma agr\u00e1ria na zona rural de Marab\u00e1, sudeste do Par\u00e1. Diante da \u00e1gua turva e esverdeada, ela v\u00ea o futuro com pessimismo. [\u2026]<\/p>\n<p>O post <a href=\"https:\/\/www.delioandrade.com.br\/oprimidos-pela-mineracao-camponeses-lamentam-doi-viver-sem-agua-em-pleno-para\/\">Oprimidos pela minera\u00e7\u00e3o, camponeses lamentam: \u2018d\u00f3i viver sem \u00e1gua em pleno Par\u00e1\u2019<\/a> apareceu primeiro em <a href=\"https:\/\/www.delioandrade.com.br\/\">Blog do D\u00c9LIO ANDRADE<\/a>.<\/p>\n","protected":false},"excerpt":{"rendered":"<p>Entre p\u00e9s de a\u00e7a\u00ed, cacau-roxo e cupua\u00e7u, a pequena agricultora Maria Eva Martins caminha preocupada at\u00e9 um pequeno a\u00e7ude em seu lote de terra, conquistado ap\u00f3s mais de dez anos de luta pela reforma agr\u00e1ria na zona rural de Marab\u00e1, sudeste do Par\u00e1. Diante da \u00e1gua turva e esverdeada, ela v\u00ea o futuro com pessimismo. [&hellip;]<\/p>\n","protected":false},"author":0,"featured_media":29120,"comment_status":"open","ping_status":"open","sticky":false,"template":"","format":"standard","meta":{"footnotes":""},"categories":[21],"tags":[],"class_list":{"0":"post-29119","1":"post","2":"type-post","3":"status-publish","4":"format-standard","5":"has-post-thumbnail","7":"category-brasilia"},"yoast_head":"<!-- This site is optimized with the Yoast SEO Premium plugin v24.5 (Yoast SEO v27.4) - https:\/\/yoast.com\/product\/yoast-seo-premium-wordpress\/ -->\n<title>Oprimidos pela minera\u00e7\u00e3o, camponeses lamentam: \u2018d\u00f3i viver sem \u00e1gua em pleno Par\u00e1\u2019 - P31<\/title>\n<meta name=\"robots\" content=\"index, follow, max-snippet:-1, max-image-preview:large, max-video-preview:-1\" \/>\n<link rel=\"canonical\" href=\"https:\/\/www.p31noticias.com.br\/?p=29119\" \/>\n<meta property=\"og:locale\" content=\"pt_BR\" \/>\n<meta property=\"og:type\" content=\"article\" \/>\n<meta property=\"og:title\" content=\"Oprimidos pela minera\u00e7\u00e3o, camponeses lamentam: \u2018d\u00f3i viver sem \u00e1gua em pleno Par\u00e1\u2019\" \/>\n<meta property=\"og:description\" content=\"Entre p\u00e9s de a\u00e7a\u00ed, cacau-roxo e cupua\u00e7u, a pequena agricultora Maria Eva Martins caminha preocupada at\u00e9 um pequeno a\u00e7ude em seu lote de terra, conquistado ap\u00f3s mais de dez anos de luta pela reforma agr\u00e1ria na zona rural de Marab\u00e1, sudeste do Par\u00e1. Diante da \u00e1gua turva e esverdeada, ela v\u00ea o futuro com pessimismo. [&hellip;]\" \/>\n<meta property=\"og:url\" content=\"https:\/\/www.p31noticias.com.br\/?p=29119\" \/>\n<meta property=\"og:site_name\" content=\"P31\" \/>\n<meta property=\"article:published_time\" content=\"2023-10-09T11:09:48+00:00\" \/>\n<meta property=\"og:image\" content=\"https:\/\/www.p31noticias.com.br\/wp-content\/uploads\/2023\/10\/Capa_Oprimidos-pela-mineracao-camponeses-lamentam-E28098doi-viver-sem-agua-em-pleno-Para-VY3CRn-150x150-AjQPHH.jpeg\" \/>\n\t<meta property=\"og:image:width\" content=\"150\" \/>\n\t<meta property=\"og:image:height\" content=\"150\" \/>\n\t<meta property=\"og:image:type\" content=\"image\/jpeg\" \/>\n<meta name=\"twitter:card\" content=\"summary_large_image\" \/>\n<script type=\"application\/ld+json\" class=\"yoast-schema-graph\">{\"@context\":\"https:\\\/\\\/schema.org\",\"@graph\":[{\"@type\":\"Article\",\"@id\":\"https:\\\/\\\/www.p31noticias.com.br\\\/?p=29119#article\",\"isPartOf\":{\"@id\":\"https:\\\/\\\/www.p31noticias.com.br\\\/?p=29119\"},\"author\":{\"name\":\"\",\"@id\":\"\"},\"headline\":\"Oprimidos pela minera\u00e7\u00e3o, camponeses lamentam: \u2018d\u00f3i viver sem \u00e1gua em pleno Par\u00e1\u2019\",\"datePublished\":\"2023-10-09T11:09:48+00:00\",\"mainEntityOfPage\":{\"@id\":\"https:\\\/\\\/www.p31noticias.com.br\\\/?p=29119\"},\"wordCount\":99,\"commentCount\":0,\"image\":{\"@id\":\"https:\\\/\\\/www.p31noticias.com.br\\\/?p=29119#primaryimage\"},\"thumbnailUrl\":\"https:\\\/\\\/www.p31noticias.com.br\\\/wp-content\\\/uploads\\\/2023\\\/10\\\/Capa_Oprimidos-pela-mineracao-camponeses-lamentam-E28098doi-viver-sem-agua-em-pleno-Para-VY3CRn-150x150-AjQPHH.jpeg\",\"articleSection\":[\"Bras\u00edlia\"],\"inLanguage\":\"pt-BR\",\"potentialAction\":[{\"@type\":\"CommentAction\",\"name\":\"Comment\",\"target\":[\"https:\\\/\\\/www.p31noticias.com.br\\\/?p=29119#respond\"]}],\"copyrightYear\":\"2023\",\"copyrightHolder\":{\"@id\":\"https:\\\/\\\/www.p31noticias.com.br\\\/#organization\"}},{\"@type\":\"WebPage\",\"@id\":\"https:\\\/\\\/www.p31noticias.com.br\\\/?p=29119\",\"url\":\"https:\\\/\\\/www.p31noticias.com.br\\\/?p=29119\",\"name\":\"Oprimidos pela minera\u00e7\u00e3o, camponeses lamentam: \u2018d\u00f3i viver sem \u00e1gua em pleno Par\u00e1\u2019 - P31\",\"isPartOf\":{\"@id\":\"https:\\\/\\\/www.p31noticias.com.br\\\/#website\"},\"primaryImageOfPage\":{\"@id\":\"https:\\\/\\\/www.p31noticias.com.br\\\/?p=29119#primaryimage\"},\"image\":{\"@id\":\"https:\\\/\\\/www.p31noticias.com.br\\\/?p=29119#primaryimage\"},\"thumbnailUrl\":\"https:\\\/\\\/www.p31noticias.com.br\\\/wp-content\\\/uploads\\\/2023\\\/10\\\/Capa_Oprimidos-pela-mineracao-camponeses-lamentam-E28098doi-viver-sem-agua-em-pleno-Para-VY3CRn-150x150-AjQPHH.jpeg\",\"datePublished\":\"2023-10-09T11:09:48+00:00\",\"author\":{\"@id\":\"\"},\"breadcrumb\":{\"@id\":\"https:\\\/\\\/www.p31noticias.com.br\\\/?p=29119#breadcrumb\"},\"inLanguage\":\"pt-BR\",\"potentialAction\":[{\"@type\":\"ReadAction\",\"target\":[\"https:\\\/\\\/www.p31noticias.com.br\\\/?p=29119\"]}]},{\"@type\":\"ImageObject\",\"inLanguage\":\"pt-BR\",\"@id\":\"https:\\\/\\\/www.p31noticias.com.br\\\/?p=29119#primaryimage\",\"url\":\"https:\\\/\\\/www.p31noticias.com.br\\\/wp-content\\\/uploads\\\/2023\\\/10\\\/Capa_Oprimidos-pela-mineracao-camponeses-lamentam-E28098doi-viver-sem-agua-em-pleno-Para-VY3CRn-150x150-AjQPHH.jpeg\",\"contentUrl\":\"https:\\\/\\\/www.p31noticias.com.br\\\/wp-content\\\/uploads\\\/2023\\\/10\\\/Capa_Oprimidos-pela-mineracao-camponeses-lamentam-E28098doi-viver-sem-agua-em-pleno-Para-VY3CRn-150x150-AjQPHH.jpeg\",\"width\":150,\"height\":150},{\"@type\":\"BreadcrumbList\",\"@id\":\"https:\\\/\\\/www.p31noticias.com.br\\\/?p=29119#breadcrumb\",\"itemListElement\":[{\"@type\":\"ListItem\",\"position\":1,\"name\":\"In\u00edcio\",\"item\":\"https:\\\/\\\/www.p31noticias.com.br\\\/\"},{\"@type\":\"ListItem\",\"position\":2,\"name\":\"Oprimidos pela minera\u00e7\u00e3o, camponeses lamentam: \u2018d\u00f3i viver sem \u00e1gua em pleno Par\u00e1\u2019\"}]},{\"@type\":\"WebSite\",\"@id\":\"https:\\\/\\\/www.p31noticias.com.br\\\/#website\",\"url\":\"https:\\\/\\\/www.p31noticias.com.br\\\/\",\"name\":\"P31\",\"description\":\"NOT\u00cdCIAS\",\"potentialAction\":[{\"@type\":\"SearchAction\",\"target\":{\"@type\":\"EntryPoint\",\"urlTemplate\":\"https:\\\/\\\/www.p31noticias.com.br\\\/?s={search_term_string}\"},\"query-input\":{\"@type\":\"PropertyValueSpecification\",\"valueRequired\":true,\"valueName\":\"search_term_string\"}}],\"inLanguage\":\"pt-BR\"}]}<\/script>\n<!-- \/ Yoast SEO Premium plugin. -->","yoast_head_json":{"title":"Oprimidos pela minera\u00e7\u00e3o, camponeses lamentam: \u2018d\u00f3i viver sem \u00e1gua em pleno Par\u00e1\u2019 - P31","robots":{"index":"index","follow":"follow","max-snippet":"max-snippet:-1","max-image-preview":"max-image-preview:large","max-video-preview":"max-video-preview:-1"},"canonical":"https:\/\/www.p31noticias.com.br\/?p=29119","og_locale":"pt_BR","og_type":"article","og_title":"Oprimidos pela minera\u00e7\u00e3o, camponeses lamentam: \u2018d\u00f3i viver sem \u00e1gua em pleno Par\u00e1\u2019","og_description":"Entre p\u00e9s de a\u00e7a\u00ed, cacau-roxo e cupua\u00e7u, a pequena agricultora Maria Eva Martins caminha preocupada at\u00e9 um pequeno a\u00e7ude em seu lote de terra, conquistado ap\u00f3s mais de dez anos de luta pela reforma agr\u00e1ria na zona rural de Marab\u00e1, sudeste do Par\u00e1. Diante da \u00e1gua turva e esverdeada, ela v\u00ea o futuro com pessimismo. [&hellip;]","og_url":"https:\/\/www.p31noticias.com.br\/?p=29119","og_site_name":"P31","article_published_time":"2023-10-09T11:09:48+00:00","og_image":[{"width":150,"height":150,"url":"https:\/\/www.p31noticias.com.br\/wp-content\/uploads\/2023\/10\/Capa_Oprimidos-pela-mineracao-camponeses-lamentam-E28098doi-viver-sem-agua-em-pleno-Para-VY3CRn-150x150-AjQPHH.jpeg","type":"image\/jpeg"}],"twitter_card":"summary_large_image","schema":{"@context":"https:\/\/schema.org","@graph":[{"@type":"Article","@id":"https:\/\/www.p31noticias.com.br\/?p=29119#article","isPartOf":{"@id":"https:\/\/www.p31noticias.com.br\/?p=29119"},"author":{"name":"","@id":""},"headline":"Oprimidos pela minera\u00e7\u00e3o, camponeses lamentam: \u2018d\u00f3i viver sem \u00e1gua em pleno Par\u00e1\u2019","datePublished":"2023-10-09T11:09:48+00:00","mainEntityOfPage":{"@id":"https:\/\/www.p31noticias.com.br\/?p=29119"},"wordCount":99,"commentCount":0,"image":{"@id":"https:\/\/www.p31noticias.com.br\/?p=29119#primaryimage"},"thumbnailUrl":"https:\/\/www.p31noticias.com.br\/wp-content\/uploads\/2023\/10\/Capa_Oprimidos-pela-mineracao-camponeses-lamentam-E28098doi-viver-sem-agua-em-pleno-Para-VY3CRn-150x150-AjQPHH.jpeg","articleSection":["Bras\u00edlia"],"inLanguage":"pt-BR","potentialAction":[{"@type":"CommentAction","name":"Comment","target":["https:\/\/www.p31noticias.com.br\/?p=29119#respond"]}],"copyrightYear":"2023","copyrightHolder":{"@id":"https:\/\/www.p31noticias.com.br\/#organization"}},{"@type":"WebPage","@id":"https:\/\/www.p31noticias.com.br\/?p=29119","url":"https:\/\/www.p31noticias.com.br\/?p=29119","name":"Oprimidos pela minera\u00e7\u00e3o, camponeses lamentam: \u2018d\u00f3i viver sem \u00e1gua em pleno Par\u00e1\u2019 - P31","isPartOf":{"@id":"https:\/\/www.p31noticias.com.br\/#website"},"primaryImageOfPage":{"@id":"https:\/\/www.p31noticias.com.br\/?p=29119#primaryimage"},"image":{"@id":"https:\/\/www.p31noticias.com.br\/?p=29119#primaryimage"},"thumbnailUrl":"https:\/\/www.p31noticias.com.br\/wp-content\/uploads\/2023\/10\/Capa_Oprimidos-pela-mineracao-camponeses-lamentam-E28098doi-viver-sem-agua-em-pleno-Para-VY3CRn-150x150-AjQPHH.jpeg","datePublished":"2023-10-09T11:09:48+00:00","author":{"@id":""},"breadcrumb":{"@id":"https:\/\/www.p31noticias.com.br\/?p=29119#breadcrumb"},"inLanguage":"pt-BR","potentialAction":[{"@type":"ReadAction","target":["https:\/\/www.p31noticias.com.br\/?p=29119"]}]},{"@type":"ImageObject","inLanguage":"pt-BR","@id":"https:\/\/www.p31noticias.com.br\/?p=29119#primaryimage","url":"https:\/\/www.p31noticias.com.br\/wp-content\/uploads\/2023\/10\/Capa_Oprimidos-pela-mineracao-camponeses-lamentam-E28098doi-viver-sem-agua-em-pleno-Para-VY3CRn-150x150-AjQPHH.jpeg","contentUrl":"https:\/\/www.p31noticias.com.br\/wp-content\/uploads\/2023\/10\/Capa_Oprimidos-pela-mineracao-camponeses-lamentam-E28098doi-viver-sem-agua-em-pleno-Para-VY3CRn-150x150-AjQPHH.jpeg","width":150,"height":150},{"@type":"BreadcrumbList","@id":"https:\/\/www.p31noticias.com.br\/?p=29119#breadcrumb","itemListElement":[{"@type":"ListItem","position":1,"name":"In\u00edcio","item":"https:\/\/www.p31noticias.com.br\/"},{"@type":"ListItem","position":2,"name":"Oprimidos pela minera\u00e7\u00e3o, camponeses lamentam: \u2018d\u00f3i viver sem \u00e1gua em pleno Par\u00e1\u2019"}]},{"@type":"WebSite","@id":"https:\/\/www.p31noticias.com.br\/#website","url":"https:\/\/www.p31noticias.com.br\/","name":"P31","description":"NOT\u00cdCIAS","potentialAction":[{"@type":"SearchAction","target":{"@type":"EntryPoint","urlTemplate":"https:\/\/www.p31noticias.com.br\/?s={search_term_string}"},"query-input":{"@type":"PropertyValueSpecification","valueRequired":true,"valueName":"search_term_string"}}],"inLanguage":"pt-BR"}]}},"amp_enabled":true,"_links":{"self":[{"href":"https:\/\/www.p31noticias.com.br\/index.php?rest_route=\/wp\/v2\/posts\/29119","targetHints":{"allow":["GET"]}}],"collection":[{"href":"https:\/\/www.p31noticias.com.br\/index.php?rest_route=\/wp\/v2\/posts"}],"about":[{"href":"https:\/\/www.p31noticias.com.br\/index.php?rest_route=\/wp\/v2\/types\/post"}],"replies":[{"embeddable":true,"href":"https:\/\/www.p31noticias.com.br\/index.php?rest_route=%2Fwp%2Fv2%2Fcomments&post=29119"}],"version-history":[{"count":0,"href":"https:\/\/www.p31noticias.com.br\/index.php?rest_route=\/wp\/v2\/posts\/29119\/revisions"}],"wp:featuredmedia":[{"embeddable":true,"href":"https:\/\/www.p31noticias.com.br\/index.php?rest_route=\/wp\/v2\/media\/29120"}],"wp:attachment":[{"href":"https:\/\/www.p31noticias.com.br\/index.php?rest_route=%2Fwp%2Fv2%2Fmedia&parent=29119"}],"wp:term":[{"taxonomy":"category","embeddable":true,"href":"https:\/\/www.p31noticias.com.br\/index.php?rest_route=%2Fwp%2Fv2%2Fcategories&post=29119"},{"taxonomy":"post_tag","embeddable":true,"href":"https:\/\/www.p31noticias.com.br\/index.php?rest_route=%2Fwp%2Fv2%2Ftags&post=29119"}],"curies":[{"name":"wp","href":"https:\/\/api.w.org\/{rel}","templated":true}]}}