{"id":29114,"date":"2023-10-09T07:07:32","date_gmt":"2023-10-09T10:07:32","guid":{"rendered":"https:\/\/p31noticias.com.br\/em-4-meses-1-326-professores-foram-afastados-por-transtornos-mentais\/"},"modified":"2023-10-09T07:07:32","modified_gmt":"2023-10-09T10:07:32","slug":"em-4-meses-1-326-professores-foram-afastados-por-transtornos-mentais","status":"publish","type":"post","link":"https:\/\/www.p31noticias.com.br\/?p=29114","title":{"rendered":"Em 4 meses, 1.326 professores foram afastados por transtornos mentais"},"content":{"rendered":"<p>Em 2023, de janeiro a abril, mais de 5.178 servidores da rede p\u00fablica de ensino do Distrito Federal precisaram de atestados m\u00e9dicos. Desses, 26,31% ausentaram-se do trabalho para cuidarem de transtornos mentais, e 84,4% eram professores. Os outros 15,48% faziam parte da carreira de assist\u00eancia \u00e0 educa\u00e7\u00e3o, ocupa\u00e7\u00e3o integrada por monitores de Gest\u00e3o Educacional, secret\u00e1rios [\u2026]<\/p>\n<p>O post <a href=\"https:\/\/www.delioandrade.com.br\/em-4-meses-1-326-professores-foram-afastados-por-transtornos-mentais\/\">Em 4 meses, 1.326 professores foram afastados por transtornos mentais<\/a> apareceu primeiro em <a href=\"https:\/\/www.delioandrade.com.br\/\">Blog do D\u00c9LIO ANDRADE<\/a>.<\/p>\n","protected":false},"excerpt":{"rendered":"<p>Em 2023, de janeiro a abril, mais de 5.178 servidores da rede p\u00fablica de ensino do Distrito Federal precisaram de atestados m\u00e9dicos. Desses, 26,31% ausentaram-se do trabalho para cuidarem de transtornos mentais, e 84,4% eram professores. Os outros 15,48% faziam parte da carreira de assist\u00eancia \u00e0 educa\u00e7\u00e3o, ocupa\u00e7\u00e3o integrada por monitores de Gest\u00e3o Educacional, secret\u00e1rios [&hellip;]<\/p>\n","protected":false},"author":0,"featured_media":29099,"comment_status":"open","ping_status":"open","sticky":false,"template":"","format":"standard","meta":{"footnotes":""},"categories":[21],"tags":[],"class_list":{"0":"post-29114","1":"post","2":"type-post","3":"status-publish","4":"format-standard","5":"has-post-thumbnail","7":"category-brasilia"},"yoast_head":"<!-- This site is optimized with the Yoast SEO Premium plugin v24.5 (Yoast SEO v27.4) - https:\/\/yoast.com\/product\/yoast-seo-premium-wordpress\/ -->\n<title>Em 4 meses, 1.326 professores foram afastados por transtornos mentais - P31<\/title>\n<meta name=\"robots\" content=\"index, follow, max-snippet:-1, max-image-preview:large, max-video-preview:-1\" \/>\n<link rel=\"canonical\" href=\"https:\/\/www.p31noticias.com.br\/?p=29114\" \/>\n<meta property=\"og:locale\" content=\"pt_BR\" \/>\n<meta property=\"og:type\" content=\"article\" \/>\n<meta property=\"og:title\" content=\"Em 4 meses, 1.326 professores foram afastados por transtornos mentais\" \/>\n<meta property=\"og:description\" content=\"Em 2023, de janeiro a abril, mais de 5.178 servidores da rede p\u00fablica de ensino do Distrito Federal precisaram de atestados m\u00e9dicos. Desses, 26,31% ausentaram-se do trabalho para cuidarem de transtornos mentais, e 84,4% eram professores. Os outros 15,48% faziam parte da carreira de assist\u00eancia \u00e0 educa\u00e7\u00e3o, ocupa\u00e7\u00e3o integrada por monitores de Gest\u00e3o Educacional, secret\u00e1rios [&hellip;]\" \/>\n<meta property=\"og:url\" content=\"https:\/\/www.p31noticias.com.br\/?p=29114\" \/>\n<meta property=\"og:site_name\" content=\"P31\" \/>\n<meta property=\"article:published_time\" content=\"2023-10-09T10:07:32+00:00\" \/>\n<meta property=\"og:image\" content=\"https:\/\/www.p31noticias.com.br\/wp-content\/uploads\/2023\/10\/Afastamentos-Secretaria-Educacao-960x640-ur3ajV-150x150-gHOZdh.jpeg\" \/>\n\t<meta property=\"og:image:width\" content=\"150\" \/>\n\t<meta property=\"og:image:height\" content=\"150\" \/>\n\t<meta property=\"og:image:type\" content=\"image\/jpeg\" \/>\n<meta name=\"twitter:card\" content=\"summary_large_image\" \/>\n<script type=\"application\/ld+json\" class=\"yoast-schema-graph\">{\"@context\":\"https:\\\/\\\/schema.org\",\"@graph\":[{\"@type\":\"Article\",\"@id\":\"https:\\\/\\\/www.p31noticias.com.br\\\/?p=29114#article\",\"isPartOf\":{\"@id\":\"https:\\\/\\\/www.p31noticias.com.br\\\/?p=29114\"},\"author\":{\"name\":\"\",\"@id\":\"\"},\"headline\":\"Em 4 meses, 1.326 professores foram afastados por transtornos mentais\",\"datePublished\":\"2023-10-09T10:07:32+00:00\",\"mainEntityOfPage\":{\"@id\":\"https:\\\/\\\/www.p31noticias.com.br\\\/?p=29114\"},\"wordCount\":82,\"commentCount\":0,\"image\":{\"@id\":\"https:\\\/\\\/www.p31noticias.com.br\\\/?p=29114#primaryimage\"},\"thumbnailUrl\":\"https:\\\/\\\/www.p31noticias.com.br\\\/wp-content\\\/uploads\\\/2023\\\/10\\\/Afastamentos-Secretaria-Educacao-960x640-ur3ajV-150x150-gHOZdh.jpeg\",\"articleSection\":[\"Bras\u00edlia\"],\"inLanguage\":\"pt-BR\",\"potentialAction\":[{\"@type\":\"CommentAction\",\"name\":\"Comment\",\"target\":[\"https:\\\/\\\/www.p31noticias.com.br\\\/?p=29114#respond\"]}],\"copyrightYear\":\"2023\",\"copyrightHolder\":{\"@id\":\"https:\\\/\\\/www.p31noticias.com.br\\\/#organization\"}},{\"@type\":\"WebPage\",\"@id\":\"https:\\\/\\\/www.p31noticias.com.br\\\/?p=29114\",\"url\":\"https:\\\/\\\/www.p31noticias.com.br\\\/?p=29114\",\"name\":\"Em 4 meses, 1.326 professores foram afastados por transtornos mentais - P31\",\"isPartOf\":{\"@id\":\"https:\\\/\\\/www.p31noticias.com.br\\\/#website\"},\"primaryImageOfPage\":{\"@id\":\"https:\\\/\\\/www.p31noticias.com.br\\\/?p=29114#primaryimage\"},\"image\":{\"@id\":\"https:\\\/\\\/www.p31noticias.com.br\\\/?p=29114#primaryimage\"},\"thumbnailUrl\":\"https:\\\/\\\/www.p31noticias.com.br\\\/wp-content\\\/uploads\\\/2023\\\/10\\\/Afastamentos-Secretaria-Educacao-960x640-ur3ajV-150x150-gHOZdh.jpeg\",\"datePublished\":\"2023-10-09T10:07:32+00:00\",\"author\":{\"@id\":\"\"},\"breadcrumb\":{\"@id\":\"https:\\\/\\\/www.p31noticias.com.br\\\/?p=29114#breadcrumb\"},\"inLanguage\":\"pt-BR\",\"potentialAction\":[{\"@type\":\"ReadAction\",\"target\":[\"https:\\\/\\\/www.p31noticias.com.br\\\/?p=29114\"]}]},{\"@type\":\"ImageObject\",\"inLanguage\":\"pt-BR\",\"@id\":\"https:\\\/\\\/www.p31noticias.com.br\\\/?p=29114#primaryimage\",\"url\":\"https:\\\/\\\/www.p31noticias.com.br\\\/wp-content\\\/uploads\\\/2023\\\/10\\\/Afastamentos-Secretaria-Educacao-960x640-ur3ajV-150x150-gHOZdh.jpeg\",\"contentUrl\":\"https:\\\/\\\/www.p31noticias.com.br\\\/wp-content\\\/uploads\\\/2023\\\/10\\\/Afastamentos-Secretaria-Educacao-960x640-ur3ajV-150x150-gHOZdh.jpeg\",\"width\":150,\"height\":150},{\"@type\":\"BreadcrumbList\",\"@id\":\"https:\\\/\\\/www.p31noticias.com.br\\\/?p=29114#breadcrumb\",\"itemListElement\":[{\"@type\":\"ListItem\",\"position\":1,\"name\":\"In\u00edcio\",\"item\":\"https:\\\/\\\/www.p31noticias.com.br\\\/\"},{\"@type\":\"ListItem\",\"position\":2,\"name\":\"Em 4 meses, 1.326 professores foram afastados por transtornos mentais\"}]},{\"@type\":\"WebSite\",\"@id\":\"https:\\\/\\\/www.p31noticias.com.br\\\/#website\",\"url\":\"https:\\\/\\\/www.p31noticias.com.br\\\/\",\"name\":\"P31\",\"description\":\"NOT\u00cdCIAS\",\"potentialAction\":[{\"@type\":\"SearchAction\",\"target\":{\"@type\":\"EntryPoint\",\"urlTemplate\":\"https:\\\/\\\/www.p31noticias.com.br\\\/?s={search_term_string}\"},\"query-input\":{\"@type\":\"PropertyValueSpecification\",\"valueRequired\":true,\"valueName\":\"search_term_string\"}}],\"inLanguage\":\"pt-BR\"}]}<\/script>\n<!-- \/ Yoast SEO Premium plugin. -->","yoast_head_json":{"title":"Em 4 meses, 1.326 professores foram afastados por transtornos mentais - P31","robots":{"index":"index","follow":"follow","max-snippet":"max-snippet:-1","max-image-preview":"max-image-preview:large","max-video-preview":"max-video-preview:-1"},"canonical":"https:\/\/www.p31noticias.com.br\/?p=29114","og_locale":"pt_BR","og_type":"article","og_title":"Em 4 meses, 1.326 professores foram afastados por transtornos mentais","og_description":"Em 2023, de janeiro a abril, mais de 5.178 servidores da rede p\u00fablica de ensino do Distrito Federal precisaram de atestados m\u00e9dicos. Desses, 26,31% ausentaram-se do trabalho para cuidarem de transtornos mentais, e 84,4% eram professores. Os outros 15,48% faziam parte da carreira de assist\u00eancia \u00e0 educa\u00e7\u00e3o, ocupa\u00e7\u00e3o integrada por monitores de Gest\u00e3o Educacional, secret\u00e1rios [&hellip;]","og_url":"https:\/\/www.p31noticias.com.br\/?p=29114","og_site_name":"P31","article_published_time":"2023-10-09T10:07:32+00:00","og_image":[{"width":150,"height":150,"url":"https:\/\/www.p31noticias.com.br\/wp-content\/uploads\/2023\/10\/Afastamentos-Secretaria-Educacao-960x640-ur3ajV-150x150-gHOZdh.jpeg","type":"image\/jpeg"}],"twitter_card":"summary_large_image","schema":{"@context":"https:\/\/schema.org","@graph":[{"@type":"Article","@id":"https:\/\/www.p31noticias.com.br\/?p=29114#article","isPartOf":{"@id":"https:\/\/www.p31noticias.com.br\/?p=29114"},"author":{"name":"","@id":""},"headline":"Em 4 meses, 1.326 professores foram afastados por transtornos mentais","datePublished":"2023-10-09T10:07:32+00:00","mainEntityOfPage":{"@id":"https:\/\/www.p31noticias.com.br\/?p=29114"},"wordCount":82,"commentCount":0,"image":{"@id":"https:\/\/www.p31noticias.com.br\/?p=29114#primaryimage"},"thumbnailUrl":"https:\/\/www.p31noticias.com.br\/wp-content\/uploads\/2023\/10\/Afastamentos-Secretaria-Educacao-960x640-ur3ajV-150x150-gHOZdh.jpeg","articleSection":["Bras\u00edlia"],"inLanguage":"pt-BR","potentialAction":[{"@type":"CommentAction","name":"Comment","target":["https:\/\/www.p31noticias.com.br\/?p=29114#respond"]}],"copyrightYear":"2023","copyrightHolder":{"@id":"https:\/\/www.p31noticias.com.br\/#organization"}},{"@type":"WebPage","@id":"https:\/\/www.p31noticias.com.br\/?p=29114","url":"https:\/\/www.p31noticias.com.br\/?p=29114","name":"Em 4 meses, 1.326 professores foram afastados por transtornos mentais - P31","isPartOf":{"@id":"https:\/\/www.p31noticias.com.br\/#website"},"primaryImageOfPage":{"@id":"https:\/\/www.p31noticias.com.br\/?p=29114#primaryimage"},"image":{"@id":"https:\/\/www.p31noticias.com.br\/?p=29114#primaryimage"},"thumbnailUrl":"https:\/\/www.p31noticias.com.br\/wp-content\/uploads\/2023\/10\/Afastamentos-Secretaria-Educacao-960x640-ur3ajV-150x150-gHOZdh.jpeg","datePublished":"2023-10-09T10:07:32+00:00","author":{"@id":""},"breadcrumb":{"@id":"https:\/\/www.p31noticias.com.br\/?p=29114#breadcrumb"},"inLanguage":"pt-BR","potentialAction":[{"@type":"ReadAction","target":["https:\/\/www.p31noticias.com.br\/?p=29114"]}]},{"@type":"ImageObject","inLanguage":"pt-BR","@id":"https:\/\/www.p31noticias.com.br\/?p=29114#primaryimage","url":"https:\/\/www.p31noticias.com.br\/wp-content\/uploads\/2023\/10\/Afastamentos-Secretaria-Educacao-960x640-ur3ajV-150x150-gHOZdh.jpeg","contentUrl":"https:\/\/www.p31noticias.com.br\/wp-content\/uploads\/2023\/10\/Afastamentos-Secretaria-Educacao-960x640-ur3ajV-150x150-gHOZdh.jpeg","width":150,"height":150},{"@type":"BreadcrumbList","@id":"https:\/\/www.p31noticias.com.br\/?p=29114#breadcrumb","itemListElement":[{"@type":"ListItem","position":1,"name":"In\u00edcio","item":"https:\/\/www.p31noticias.com.br\/"},{"@type":"ListItem","position":2,"name":"Em 4 meses, 1.326 professores foram afastados por transtornos mentais"}]},{"@type":"WebSite","@id":"https:\/\/www.p31noticias.com.br\/#website","url":"https:\/\/www.p31noticias.com.br\/","name":"P31","description":"NOT\u00cdCIAS","potentialAction":[{"@type":"SearchAction","target":{"@type":"EntryPoint","urlTemplate":"https:\/\/www.p31noticias.com.br\/?s={search_term_string}"},"query-input":{"@type":"PropertyValueSpecification","valueRequired":true,"valueName":"search_term_string"}}],"inLanguage":"pt-BR"}]}},"amp_enabled":true,"_links":{"self":[{"href":"https:\/\/www.p31noticias.com.br\/index.php?rest_route=\/wp\/v2\/posts\/29114","targetHints":{"allow":["GET"]}}],"collection":[{"href":"https:\/\/www.p31noticias.com.br\/index.php?rest_route=\/wp\/v2\/posts"}],"about":[{"href":"https:\/\/www.p31noticias.com.br\/index.php?rest_route=\/wp\/v2\/types\/post"}],"replies":[{"embeddable":true,"href":"https:\/\/www.p31noticias.com.br\/index.php?rest_route=%2Fwp%2Fv2%2Fcomments&post=29114"}],"version-history":[{"count":0,"href":"https:\/\/www.p31noticias.com.br\/index.php?rest_route=\/wp\/v2\/posts\/29114\/revisions"}],"wp:featuredmedia":[{"embeddable":true,"href":"https:\/\/www.p31noticias.com.br\/index.php?rest_route=\/wp\/v2\/media\/29099"}],"wp:attachment":[{"href":"https:\/\/www.p31noticias.com.br\/index.php?rest_route=%2Fwp%2Fv2%2Fmedia&parent=29114"}],"wp:term":[{"taxonomy":"category","embeddable":true,"href":"https:\/\/www.p31noticias.com.br\/index.php?rest_route=%2Fwp%2Fv2%2Fcategories&post=29114"},{"taxonomy":"post_tag","embeddable":true,"href":"https:\/\/www.p31noticias.com.br\/index.php?rest_route=%2Fwp%2Fv2%2Ftags&post=29114"}],"curies":[{"name":"wp","href":"https:\/\/api.w.org\/{rel}","templated":true}]}}