{"id":28981,"date":"2023-10-07T07:06:35","date_gmt":"2023-10-07T10:06:35","guid":{"rendered":"https:\/\/p31noticias.com.br\/projeto-preve-que-pessoas-com-sequela-podem-dar-palestras-em-escolas\/"},"modified":"2023-10-07T07:06:35","modified_gmt":"2023-10-07T10:06:35","slug":"projeto-preve-que-pessoas-com-sequela-podem-dar-palestras-em-escolas","status":"publish","type":"post","link":"https:\/\/www.p31noticias.com.br\/?p=28981","title":{"rendered":"Projeto prev\u00ea que pessoas com sequela podem dar palestras em escolas"},"content":{"rendered":"<p>O deputado distrital Rog\u00e9rio Morro da Cruz protocolou no \u00faltimo dia 3, \u00a0projeto que cria o Programa Prote\u00e7\u00e3o para a Vida (PPV\/DF), com a finalidade de conscientizar os estudantes dos ensinos fundamental e m\u00e9dio sobre a import\u00e2ncia de adotar h\u00e1bitos saud\u00e1veis. Isso ser\u00e1 alcan\u00e7ado por meio do compartilhamento de experi\u00eancias de volunt\u00e1rios que convivem com [\u2026]<\/p>\n<p>O post <a href=\"https:\/\/www.delioandrade.com.br\/projeto-preve-que-pessoas-com-sequela-podem-dar-palestras-em-escolas\/\">Projeto prev\u00ea que pessoas com sequela podem dar palestras em escolas<\/a> apareceu primeiro em <a href=\"https:\/\/www.delioandrade.com.br\/\">Blog do D\u00c9LIO ANDRADE<\/a>.<\/p>\n","protected":false},"excerpt":{"rendered":"<p>O deputado distrital Rog\u00e9rio Morro da Cruz protocolou no \u00faltimo dia 3, \u00a0projeto que cria o Programa Prote\u00e7\u00e3o para a Vida (PPV\/DF), com a finalidade de conscientizar os estudantes dos ensinos fundamental e m\u00e9dio sobre a import\u00e2ncia de adotar h\u00e1bitos saud\u00e1veis. Isso ser\u00e1 alcan\u00e7ado por meio do compartilhamento de experi\u00eancias de volunt\u00e1rios que convivem com [&hellip;]<\/p>\n","protected":false},"author":0,"featured_media":28921,"comment_status":"open","ping_status":"open","sticky":false,"template":"","format":"standard","meta":{"footnotes":""},"categories":[21],"tags":[],"class_list":{"0":"post-28981","1":"post","2":"type-post","3":"status-publish","4":"format-standard","5":"has-post-thumbnail","7":"category-brasilia"},"yoast_head":"<!-- This site is optimized with the Yoast SEO Premium plugin v24.5 (Yoast SEO v27.5) - https:\/\/yoast.com\/product\/yoast-seo-premium-wordpress\/ -->\n<title>Projeto prev\u00ea que pessoas com sequela podem dar palestras em escolas - P31<\/title>\n<meta name=\"robots\" content=\"index, follow, max-snippet:-1, max-image-preview:large, max-video-preview:-1\" \/>\n<link rel=\"canonical\" href=\"https:\/\/www.p31noticias.com.br\/?p=28981\" \/>\n<meta property=\"og:locale\" content=\"pt_BR\" \/>\n<meta property=\"og:type\" content=\"article\" \/>\n<meta property=\"og:title\" content=\"Projeto prev\u00ea que pessoas com sequela podem dar palestras em escolas\" \/>\n<meta property=\"og:description\" content=\"O deputado distrital Rog\u00e9rio Morro da Cruz protocolou no \u00faltimo dia 3, \u00a0projeto que cria o Programa Prote\u00e7\u00e3o para a Vida (PPV\/DF), com a finalidade de conscientizar os estudantes dos ensinos fundamental e m\u00e9dio sobre a import\u00e2ncia de adotar h\u00e1bitos saud\u00e1veis. Isso ser\u00e1 alcan\u00e7ado por meio do compartilhamento de experi\u00eancias de volunt\u00e1rios que convivem com [&hellip;]\" \/>\n<meta property=\"og:url\" content=\"https:\/\/www.p31noticias.com.br\/?p=28981\" \/>\n<meta property=\"og:site_name\" content=\"P31\" \/>\n<meta property=\"article:published_time\" content=\"2023-10-07T10:06:35+00:00\" \/>\n<meta property=\"og:image\" content=\"https:\/\/www.p31noticias.com.br\/wp-content\/uploads\/2023\/10\/rogeriomorrodacruzDep-150x150-PzWEaV-al41Wf.jpeg\" \/>\n\t<meta property=\"og:image:width\" content=\"150\" \/>\n\t<meta property=\"og:image:height\" content=\"150\" \/>\n\t<meta property=\"og:image:type\" content=\"image\/jpeg\" \/>\n<meta name=\"twitter:card\" content=\"summary_large_image\" \/>\n<script type=\"application\/ld+json\" class=\"yoast-schema-graph\">{\"@context\":\"https:\\\/\\\/schema.org\",\"@graph\":[{\"@type\":\"Article\",\"@id\":\"https:\\\/\\\/www.p31noticias.com.br\\\/?p=28981#article\",\"isPartOf\":{\"@id\":\"https:\\\/\\\/www.p31noticias.com.br\\\/?p=28981\"},\"author\":{\"name\":\"\",\"@id\":\"\"},\"headline\":\"Projeto prev\u00ea que pessoas com sequela podem dar palestras em escolas\",\"datePublished\":\"2023-10-07T10:06:35+00:00\",\"mainEntityOfPage\":{\"@id\":\"https:\\\/\\\/www.p31noticias.com.br\\\/?p=28981\"},\"wordCount\":96,\"commentCount\":0,\"image\":{\"@id\":\"https:\\\/\\\/www.p31noticias.com.br\\\/?p=28981#primaryimage\"},\"thumbnailUrl\":\"https:\\\/\\\/www.p31noticias.com.br\\\/wp-content\\\/uploads\\\/2023\\\/10\\\/rogeriomorrodacruzDep-150x150-PzWEaV-al41Wf.jpeg\",\"articleSection\":[\"Bras\u00edlia\"],\"inLanguage\":\"pt-BR\",\"potentialAction\":[{\"@type\":\"CommentAction\",\"name\":\"Comment\",\"target\":[\"https:\\\/\\\/www.p31noticias.com.br\\\/?p=28981#respond\"]}],\"copyrightYear\":\"2023\",\"copyrightHolder\":{\"@id\":\"https:\\\/\\\/www.p31noticias.com.br\\\/#organization\"}},{\"@type\":\"WebPage\",\"@id\":\"https:\\\/\\\/www.p31noticias.com.br\\\/?p=28981\",\"url\":\"https:\\\/\\\/www.p31noticias.com.br\\\/?p=28981\",\"name\":\"Projeto prev\u00ea que pessoas com sequela podem dar palestras em escolas - P31\",\"isPartOf\":{\"@id\":\"https:\\\/\\\/www.p31noticias.com.br\\\/#website\"},\"primaryImageOfPage\":{\"@id\":\"https:\\\/\\\/www.p31noticias.com.br\\\/?p=28981#primaryimage\"},\"image\":{\"@id\":\"https:\\\/\\\/www.p31noticias.com.br\\\/?p=28981#primaryimage\"},\"thumbnailUrl\":\"https:\\\/\\\/www.p31noticias.com.br\\\/wp-content\\\/uploads\\\/2023\\\/10\\\/rogeriomorrodacruzDep-150x150-PzWEaV-al41Wf.jpeg\",\"datePublished\":\"2023-10-07T10:06:35+00:00\",\"author\":{\"@id\":\"\"},\"breadcrumb\":{\"@id\":\"https:\\\/\\\/www.p31noticias.com.br\\\/?p=28981#breadcrumb\"},\"inLanguage\":\"pt-BR\",\"potentialAction\":[{\"@type\":\"ReadAction\",\"target\":[\"https:\\\/\\\/www.p31noticias.com.br\\\/?p=28981\"]}]},{\"@type\":\"ImageObject\",\"inLanguage\":\"pt-BR\",\"@id\":\"https:\\\/\\\/www.p31noticias.com.br\\\/?p=28981#primaryimage\",\"url\":\"https:\\\/\\\/www.p31noticias.com.br\\\/wp-content\\\/uploads\\\/2023\\\/10\\\/rogeriomorrodacruzDep-150x150-PzWEaV-al41Wf.jpeg\",\"contentUrl\":\"https:\\\/\\\/www.p31noticias.com.br\\\/wp-content\\\/uploads\\\/2023\\\/10\\\/rogeriomorrodacruzDep-150x150-PzWEaV-al41Wf.jpeg\",\"width\":150,\"height\":150},{\"@type\":\"BreadcrumbList\",\"@id\":\"https:\\\/\\\/www.p31noticias.com.br\\\/?p=28981#breadcrumb\",\"itemListElement\":[{\"@type\":\"ListItem\",\"position\":1,\"name\":\"In\u00edcio\",\"item\":\"https:\\\/\\\/www.p31noticias.com.br\\\/\"},{\"@type\":\"ListItem\",\"position\":2,\"name\":\"Projeto prev\u00ea que pessoas com sequela podem dar palestras em escolas\"}]},{\"@type\":\"WebSite\",\"@id\":\"https:\\\/\\\/www.p31noticias.com.br\\\/#website\",\"url\":\"https:\\\/\\\/www.p31noticias.com.br\\\/\",\"name\":\"P31\",\"description\":\"NOT\u00cdCIAS\",\"potentialAction\":[{\"@type\":\"SearchAction\",\"target\":{\"@type\":\"EntryPoint\",\"urlTemplate\":\"https:\\\/\\\/www.p31noticias.com.br\\\/?s={search_term_string}\"},\"query-input\":{\"@type\":\"PropertyValueSpecification\",\"valueRequired\":true,\"valueName\":\"search_term_string\"}}],\"inLanguage\":\"pt-BR\"}]}<\/script>\n<!-- \/ Yoast SEO Premium plugin. -->","yoast_head_json":{"title":"Projeto prev\u00ea que pessoas com sequela podem dar palestras em escolas - P31","robots":{"index":"index","follow":"follow","max-snippet":"max-snippet:-1","max-image-preview":"max-image-preview:large","max-video-preview":"max-video-preview:-1"},"canonical":"https:\/\/www.p31noticias.com.br\/?p=28981","og_locale":"pt_BR","og_type":"article","og_title":"Projeto prev\u00ea que pessoas com sequela podem dar palestras em escolas","og_description":"O deputado distrital Rog\u00e9rio Morro da Cruz protocolou no \u00faltimo dia 3, \u00a0projeto que cria o Programa Prote\u00e7\u00e3o para a Vida (PPV\/DF), com a finalidade de conscientizar os estudantes dos ensinos fundamental e m\u00e9dio sobre a import\u00e2ncia de adotar h\u00e1bitos saud\u00e1veis. Isso ser\u00e1 alcan\u00e7ado por meio do compartilhamento de experi\u00eancias de volunt\u00e1rios que convivem com [&hellip;]","og_url":"https:\/\/www.p31noticias.com.br\/?p=28981","og_site_name":"P31","article_published_time":"2023-10-07T10:06:35+00:00","og_image":[{"width":150,"height":150,"url":"https:\/\/www.p31noticias.com.br\/wp-content\/uploads\/2023\/10\/rogeriomorrodacruzDep-150x150-PzWEaV-al41Wf.jpeg","type":"image\/jpeg"}],"twitter_card":"summary_large_image","schema":{"@context":"https:\/\/schema.org","@graph":[{"@type":"Article","@id":"https:\/\/www.p31noticias.com.br\/?p=28981#article","isPartOf":{"@id":"https:\/\/www.p31noticias.com.br\/?p=28981"},"author":{"name":"","@id":""},"headline":"Projeto prev\u00ea que pessoas com sequela podem dar palestras em escolas","datePublished":"2023-10-07T10:06:35+00:00","mainEntityOfPage":{"@id":"https:\/\/www.p31noticias.com.br\/?p=28981"},"wordCount":96,"commentCount":0,"image":{"@id":"https:\/\/www.p31noticias.com.br\/?p=28981#primaryimage"},"thumbnailUrl":"https:\/\/www.p31noticias.com.br\/wp-content\/uploads\/2023\/10\/rogeriomorrodacruzDep-150x150-PzWEaV-al41Wf.jpeg","articleSection":["Bras\u00edlia"],"inLanguage":"pt-BR","potentialAction":[{"@type":"CommentAction","name":"Comment","target":["https:\/\/www.p31noticias.com.br\/?p=28981#respond"]}],"copyrightYear":"2023","copyrightHolder":{"@id":"https:\/\/www.p31noticias.com.br\/#organization"}},{"@type":"WebPage","@id":"https:\/\/www.p31noticias.com.br\/?p=28981","url":"https:\/\/www.p31noticias.com.br\/?p=28981","name":"Projeto prev\u00ea que pessoas com sequela podem dar palestras em escolas - P31","isPartOf":{"@id":"https:\/\/www.p31noticias.com.br\/#website"},"primaryImageOfPage":{"@id":"https:\/\/www.p31noticias.com.br\/?p=28981#primaryimage"},"image":{"@id":"https:\/\/www.p31noticias.com.br\/?p=28981#primaryimage"},"thumbnailUrl":"https:\/\/www.p31noticias.com.br\/wp-content\/uploads\/2023\/10\/rogeriomorrodacruzDep-150x150-PzWEaV-al41Wf.jpeg","datePublished":"2023-10-07T10:06:35+00:00","author":{"@id":""},"breadcrumb":{"@id":"https:\/\/www.p31noticias.com.br\/?p=28981#breadcrumb"},"inLanguage":"pt-BR","potentialAction":[{"@type":"ReadAction","target":["https:\/\/www.p31noticias.com.br\/?p=28981"]}]},{"@type":"ImageObject","inLanguage":"pt-BR","@id":"https:\/\/www.p31noticias.com.br\/?p=28981#primaryimage","url":"https:\/\/www.p31noticias.com.br\/wp-content\/uploads\/2023\/10\/rogeriomorrodacruzDep-150x150-PzWEaV-al41Wf.jpeg","contentUrl":"https:\/\/www.p31noticias.com.br\/wp-content\/uploads\/2023\/10\/rogeriomorrodacruzDep-150x150-PzWEaV-al41Wf.jpeg","width":150,"height":150},{"@type":"BreadcrumbList","@id":"https:\/\/www.p31noticias.com.br\/?p=28981#breadcrumb","itemListElement":[{"@type":"ListItem","position":1,"name":"In\u00edcio","item":"https:\/\/www.p31noticias.com.br\/"},{"@type":"ListItem","position":2,"name":"Projeto prev\u00ea que pessoas com sequela podem dar palestras em escolas"}]},{"@type":"WebSite","@id":"https:\/\/www.p31noticias.com.br\/#website","url":"https:\/\/www.p31noticias.com.br\/","name":"P31","description":"NOT\u00cdCIAS","potentialAction":[{"@type":"SearchAction","target":{"@type":"EntryPoint","urlTemplate":"https:\/\/www.p31noticias.com.br\/?s={search_term_string}"},"query-input":{"@type":"PropertyValueSpecification","valueRequired":true,"valueName":"search_term_string"}}],"inLanguage":"pt-BR"}]}},"amp_enabled":true,"_links":{"self":[{"href":"https:\/\/www.p31noticias.com.br\/index.php?rest_route=\/wp\/v2\/posts\/28981","targetHints":{"allow":["GET"]}}],"collection":[{"href":"https:\/\/www.p31noticias.com.br\/index.php?rest_route=\/wp\/v2\/posts"}],"about":[{"href":"https:\/\/www.p31noticias.com.br\/index.php?rest_route=\/wp\/v2\/types\/post"}],"replies":[{"embeddable":true,"href":"https:\/\/www.p31noticias.com.br\/index.php?rest_route=%2Fwp%2Fv2%2Fcomments&post=28981"}],"version-history":[{"count":0,"href":"https:\/\/www.p31noticias.com.br\/index.php?rest_route=\/wp\/v2\/posts\/28981\/revisions"}],"wp:featuredmedia":[{"embeddable":true,"href":"https:\/\/www.p31noticias.com.br\/index.php?rest_route=\/wp\/v2\/media\/28921"}],"wp:attachment":[{"href":"https:\/\/www.p31noticias.com.br\/index.php?rest_route=%2Fwp%2Fv2%2Fmedia&parent=28981"}],"wp:term":[{"taxonomy":"category","embeddable":true,"href":"https:\/\/www.p31noticias.com.br\/index.php?rest_route=%2Fwp%2Fv2%2Fcategories&post=28981"},{"taxonomy":"post_tag","embeddable":true,"href":"https:\/\/www.p31noticias.com.br\/index.php?rest_route=%2Fwp%2Fv2%2Ftags&post=28981"}],"curies":[{"name":"wp","href":"https:\/\/api.w.org\/{rel}","templated":true}]}}