{"id":28951,"date":"2023-10-07T02:05:54","date_gmt":"2023-10-07T05:05:54","guid":{"rendered":"https:\/\/p31noticias.com.br\/chuvas-causam-estragos-e-provocam-queda-de-energia-em-2-regioes-do-df-5\/"},"modified":"2023-10-07T02:05:54","modified_gmt":"2023-10-07T05:05:54","slug":"chuvas-causam-estragos-e-provocam-queda-de-energia-em-2-regioes-do-df-5","status":"publish","type":"post","link":"https:\/\/www.p31noticias.com.br\/?p=28951","title":{"rendered":"Chuvas causam estragos e provocam queda de energia em 2 regi\u00f5es do DF"},"content":{"rendered":"<p>No fim da tarde desta sexta-feira (6\/10), algumas regi\u00f5es do Distrito Federal registraram fortes chuvas. Em Ceil\u00e2ndia e Samambaia houve queda de \u00e1rvore e queda de energia, al\u00e9m de outras ocorr\u00eancias. De acordo com a Neoenergia, ventos e a pr\u00f3pria chuva derrubaram mais de 10 postes da rede el\u00e9trica que atendem \u00e0s duas regi\u00f5es. Leia [\u2026]<\/p>\n<p>O post <a href=\"https:\/\/www.delioandrade.com.br\/chuvas-causam-estragos-e-provocam-queda-de-energia-em-2-regioes-do-df\/\">Chuvas causam estragos e provocam queda de energia em 2 regi\u00f5es do DF<\/a> apareceu primeiro em <a href=\"https:\/\/www.delioandrade.com.br\/\">Blog do D\u00c9LIO ANDRADE<\/a>.<\/p>\n","protected":false},"excerpt":{"rendered":"<p>No fim da tarde desta sexta-feira (6\/10), algumas regi\u00f5es do Distrito Federal registraram fortes chuvas. Em Ceil\u00e2ndia e Samambaia houve queda de \u00e1rvore e queda de energia, al\u00e9m de outras ocorr\u00eancias. De acordo com a Neoenergia, ventos e a pr\u00f3pria chuva derrubaram mais de 10 postes da rede el\u00e9trica que atendem \u00e0s duas regi\u00f5es. Leia [&hellip;]<\/p>\n","protected":false},"author":0,"featured_media":0,"comment_status":"open","ping_status":"open","sticky":false,"template":"","format":"standard","meta":{"footnotes":""},"categories":[21],"tags":[],"class_list":{"0":"post-28951","1":"post","2":"type-post","3":"status-publish","4":"format-standard","6":"category-brasilia"},"yoast_head":"<!-- This site is optimized with the Yoast SEO Premium plugin v24.5 (Yoast SEO v27.4) - https:\/\/yoast.com\/product\/yoast-seo-premium-wordpress\/ -->\n<title>Chuvas causam estragos e provocam queda de energia em 2 regi\u00f5es do DF - P31<\/title>\n<meta name=\"robots\" content=\"index, follow, max-snippet:-1, max-image-preview:large, max-video-preview:-1\" \/>\n<link rel=\"canonical\" href=\"https:\/\/www.p31noticias.com.br\/?p=28951\" \/>\n<meta property=\"og:locale\" content=\"pt_BR\" \/>\n<meta property=\"og:type\" content=\"article\" \/>\n<meta property=\"og:title\" content=\"Chuvas causam estragos e provocam queda de energia em 2 regi\u00f5es do DF\" \/>\n<meta property=\"og:description\" content=\"No fim da tarde desta sexta-feira (6\/10), algumas regi\u00f5es do Distrito Federal registraram fortes chuvas. Em Ceil\u00e2ndia e Samambaia houve queda de \u00e1rvore e queda de energia, al\u00e9m de outras ocorr\u00eancias. De acordo com a Neoenergia, ventos e a pr\u00f3pria chuva derrubaram mais de 10 postes da rede el\u00e9trica que atendem \u00e0s duas regi\u00f5es. Leia [&hellip;]\" \/>\n<meta property=\"og:url\" content=\"https:\/\/www.p31noticias.com.br\/?p=28951\" \/>\n<meta property=\"og:site_name\" content=\"P31\" \/>\n<meta property=\"article:published_time\" content=\"2023-10-07T05:05:54+00:00\" \/>\n<meta name=\"twitter:card\" content=\"summary_large_image\" \/>\n<script type=\"application\/ld+json\" class=\"yoast-schema-graph\">{\"@context\":\"https:\\\/\\\/schema.org\",\"@graph\":[{\"@type\":\"Article\",\"@id\":\"https:\\\/\\\/www.p31noticias.com.br\\\/?p=28951#article\",\"isPartOf\":{\"@id\":\"https:\\\/\\\/www.p31noticias.com.br\\\/?p=28951\"},\"author\":{\"name\":\"\",\"@id\":\"\"},\"headline\":\"Chuvas causam estragos e provocam queda de energia em 2 regi\u00f5es do DF\",\"datePublished\":\"2023-10-07T05:05:54+00:00\",\"mainEntityOfPage\":{\"@id\":\"https:\\\/\\\/www.p31noticias.com.br\\\/?p=28951\"},\"wordCount\":96,\"commentCount\":0,\"articleSection\":[\"Bras\u00edlia\"],\"inLanguage\":\"pt-BR\",\"potentialAction\":[{\"@type\":\"CommentAction\",\"name\":\"Comment\",\"target\":[\"https:\\\/\\\/www.p31noticias.com.br\\\/?p=28951#respond\"]}],\"copyrightYear\":\"2023\",\"copyrightHolder\":{\"@id\":\"https:\\\/\\\/www.p31noticias.com.br\\\/#organization\"}},{\"@type\":\"WebPage\",\"@id\":\"https:\\\/\\\/www.p31noticias.com.br\\\/?p=28951\",\"url\":\"https:\\\/\\\/www.p31noticias.com.br\\\/?p=28951\",\"name\":\"Chuvas causam estragos e provocam queda de energia em 2 regi\u00f5es do DF - P31\",\"isPartOf\":{\"@id\":\"https:\\\/\\\/www.p31noticias.com.br\\\/#website\"},\"datePublished\":\"2023-10-07T05:05:54+00:00\",\"author\":{\"@id\":\"\"},\"breadcrumb\":{\"@id\":\"https:\\\/\\\/www.p31noticias.com.br\\\/?p=28951#breadcrumb\"},\"inLanguage\":\"pt-BR\",\"potentialAction\":[{\"@type\":\"ReadAction\",\"target\":[\"https:\\\/\\\/www.p31noticias.com.br\\\/?p=28951\"]}]},{\"@type\":\"BreadcrumbList\",\"@id\":\"https:\\\/\\\/www.p31noticias.com.br\\\/?p=28951#breadcrumb\",\"itemListElement\":[{\"@type\":\"ListItem\",\"position\":1,\"name\":\"In\u00edcio\",\"item\":\"https:\\\/\\\/www.p31noticias.com.br\\\/\"},{\"@type\":\"ListItem\",\"position\":2,\"name\":\"Chuvas causam estragos e provocam queda de energia em 2 regi\u00f5es do DF\"}]},{\"@type\":\"WebSite\",\"@id\":\"https:\\\/\\\/www.p31noticias.com.br\\\/#website\",\"url\":\"https:\\\/\\\/www.p31noticias.com.br\\\/\",\"name\":\"P31\",\"description\":\"NOT\u00cdCIAS\",\"potentialAction\":[{\"@type\":\"SearchAction\",\"target\":{\"@type\":\"EntryPoint\",\"urlTemplate\":\"https:\\\/\\\/www.p31noticias.com.br\\\/?s={search_term_string}\"},\"query-input\":{\"@type\":\"PropertyValueSpecification\",\"valueRequired\":true,\"valueName\":\"search_term_string\"}}],\"inLanguage\":\"pt-BR\"}]}<\/script>\n<!-- \/ Yoast SEO Premium plugin. -->","yoast_head_json":{"title":"Chuvas causam estragos e provocam queda de energia em 2 regi\u00f5es do DF - P31","robots":{"index":"index","follow":"follow","max-snippet":"max-snippet:-1","max-image-preview":"max-image-preview:large","max-video-preview":"max-video-preview:-1"},"canonical":"https:\/\/www.p31noticias.com.br\/?p=28951","og_locale":"pt_BR","og_type":"article","og_title":"Chuvas causam estragos e provocam queda de energia em 2 regi\u00f5es do DF","og_description":"No fim da tarde desta sexta-feira (6\/10), algumas regi\u00f5es do Distrito Federal registraram fortes chuvas. Em Ceil\u00e2ndia e Samambaia houve queda de \u00e1rvore e queda de energia, al\u00e9m de outras ocorr\u00eancias. De acordo com a Neoenergia, ventos e a pr\u00f3pria chuva derrubaram mais de 10 postes da rede el\u00e9trica que atendem \u00e0s duas regi\u00f5es. Leia [&hellip;]","og_url":"https:\/\/www.p31noticias.com.br\/?p=28951","og_site_name":"P31","article_published_time":"2023-10-07T05:05:54+00:00","twitter_card":"summary_large_image","schema":{"@context":"https:\/\/schema.org","@graph":[{"@type":"Article","@id":"https:\/\/www.p31noticias.com.br\/?p=28951#article","isPartOf":{"@id":"https:\/\/www.p31noticias.com.br\/?p=28951"},"author":{"name":"","@id":""},"headline":"Chuvas causam estragos e provocam queda de energia em 2 regi\u00f5es do DF","datePublished":"2023-10-07T05:05:54+00:00","mainEntityOfPage":{"@id":"https:\/\/www.p31noticias.com.br\/?p=28951"},"wordCount":96,"commentCount":0,"articleSection":["Bras\u00edlia"],"inLanguage":"pt-BR","potentialAction":[{"@type":"CommentAction","name":"Comment","target":["https:\/\/www.p31noticias.com.br\/?p=28951#respond"]}],"copyrightYear":"2023","copyrightHolder":{"@id":"https:\/\/www.p31noticias.com.br\/#organization"}},{"@type":"WebPage","@id":"https:\/\/www.p31noticias.com.br\/?p=28951","url":"https:\/\/www.p31noticias.com.br\/?p=28951","name":"Chuvas causam estragos e provocam queda de energia em 2 regi\u00f5es do DF - P31","isPartOf":{"@id":"https:\/\/www.p31noticias.com.br\/#website"},"datePublished":"2023-10-07T05:05:54+00:00","author":{"@id":""},"breadcrumb":{"@id":"https:\/\/www.p31noticias.com.br\/?p=28951#breadcrumb"},"inLanguage":"pt-BR","potentialAction":[{"@type":"ReadAction","target":["https:\/\/www.p31noticias.com.br\/?p=28951"]}]},{"@type":"BreadcrumbList","@id":"https:\/\/www.p31noticias.com.br\/?p=28951#breadcrumb","itemListElement":[{"@type":"ListItem","position":1,"name":"In\u00edcio","item":"https:\/\/www.p31noticias.com.br\/"},{"@type":"ListItem","position":2,"name":"Chuvas causam estragos e provocam queda de energia em 2 regi\u00f5es do DF"}]},{"@type":"WebSite","@id":"https:\/\/www.p31noticias.com.br\/#website","url":"https:\/\/www.p31noticias.com.br\/","name":"P31","description":"NOT\u00cdCIAS","potentialAction":[{"@type":"SearchAction","target":{"@type":"EntryPoint","urlTemplate":"https:\/\/www.p31noticias.com.br\/?s={search_term_string}"},"query-input":{"@type":"PropertyValueSpecification","valueRequired":true,"valueName":"search_term_string"}}],"inLanguage":"pt-BR"}]}},"amp_enabled":true,"_links":{"self":[{"href":"https:\/\/www.p31noticias.com.br\/index.php?rest_route=\/wp\/v2\/posts\/28951","targetHints":{"allow":["GET"]}}],"collection":[{"href":"https:\/\/www.p31noticias.com.br\/index.php?rest_route=\/wp\/v2\/posts"}],"about":[{"href":"https:\/\/www.p31noticias.com.br\/index.php?rest_route=\/wp\/v2\/types\/post"}],"replies":[{"embeddable":true,"href":"https:\/\/www.p31noticias.com.br\/index.php?rest_route=%2Fwp%2Fv2%2Fcomments&post=28951"}],"version-history":[{"count":0,"href":"https:\/\/www.p31noticias.com.br\/index.php?rest_route=\/wp\/v2\/posts\/28951\/revisions"}],"wp:attachment":[{"href":"https:\/\/www.p31noticias.com.br\/index.php?rest_route=%2Fwp%2Fv2%2Fmedia&parent=28951"}],"wp:term":[{"taxonomy":"category","embeddable":true,"href":"https:\/\/www.p31noticias.com.br\/index.php?rest_route=%2Fwp%2Fv2%2Fcategories&post=28951"},{"taxonomy":"post_tag","embeddable":true,"href":"https:\/\/www.p31noticias.com.br\/index.php?rest_route=%2Fwp%2Fv2%2Ftags&post=28951"}],"curies":[{"name":"wp","href":"https:\/\/api.w.org\/{rel}","templated":true}]}}