{"id":28925,"date":"2023-10-06T23:28:09","date_gmt":"2023-10-07T02:28:09","guid":{"rendered":"https:\/\/p31noticias.com.br\/?p=28925"},"modified":"2023-10-06T23:28:09","modified_gmt":"2023-10-07T02:28:09","slug":"deputado-pastor-daniel-de-castro-aciona-ministerio-publico-apos-evento-do-governo-com-apresentacao-batcu","status":"publish","type":"post","link":"https:\/\/www.p31noticias.com.br\/?p=28925","title":{"rendered":"Deputado Pastor Daniel de Castro aciona Minist\u00e9rio P\u00fablico ap\u00f3s evento do Governo com apresenta\u00e7\u00e3o \u201cBatcu\u201d"},"content":{"rendered":"<p dir=\"ltr\" style=\"text-align: justify;\">O deputado distrital Pastor Daniel de Castro (PP) tomou medidas legais ao acionar o Minist\u00e9rio P\u00fablico para investigar um suposto uso indevido de recursos p\u00fablicos durante um evento do Minist\u00e9rio da Sa\u00fade. As imagens que circulam nas redes sociais e que foram alvo de cr\u00edticas mostram uma mulher realizando uma dan\u00e7a de funk em um palco durante o &#8220;1\u00ba Encontro de Mobiliza\u00e7\u00e3o da Promo\u00e7\u00e3o da Sa\u00fade no Brasil&#8221;. Enquanto isso, uma pessoa canta &#8220;batcu&#8221; no microfone. O evento aconteceu em Bras\u00edlia na quinta-feira (5\/10).<\/p>\n<p dir=\"ltr\" style=\"text-align: justify;\">O deputado enfatizou, em sua representa\u00e7\u00e3o ao Minist\u00e9rio P\u00fablico, que a logomarca do Minist\u00e9rio da Sa\u00fade, do SUS (Sistema \u00danico de Sa\u00fade) e do Governo Federal ficou vis\u00edvel no palco, destacando que se tratava de um evento oficial financiado com recursos p\u00fablicos.<\/p>\n<p dir=\"ltr\" style=\"text-align: justify;\"><img loading=\"lazy\" decoding=\"async\" class=\"alignright\" src=\"https:\/\/mail.google.com\/mail\/u\/0?ui=2&amp;ik=e51c0b2605&amp;attid=0.1.1&amp;permmsgid=msg-f:1779061029393285747&amp;th=18b07e9492ba4273&amp;view=fimg&amp;fur=ip&amp;sz=s0-l75-ft&amp;attbid=ANGjdJ_SsopoWPw2VPGuGXuBQofwkJ3s_pcitnSayx2M36tsve7i_gJTLt8JhLwq7Q4BFby46ejOH7SSfUgVw8PoPR_cV45SA7AARWjS17EMcS9-8SMHArSyZmUA7U0&amp;disp=emb\" width=\"398\" height=\"281\" \/>Ele argumentou que, uma vez que eventos patrocinados pelo governo s\u00e3o custodiados com dinheiro p\u00fablico arrecadado por meio de impostos, a exibi\u00e7\u00e3o de dan\u00e7as de teor sexual durante esses eventos pode ser considerada um uso inadequado desses recursos.<\/p>\n<p dir=\"ltr\" style=\"text-align: justify;\">Segundo o pastor, apresenta\u00e7\u00f5es de natureza sexual n\u00e3o s\u00e3o inclu\u00eddas em eventos p\u00fablicos, especialmente quando n\u00e3o t\u00eam rela\u00e7\u00e3o com o prop\u00f3sito do encontro, que deveria ser uma promo\u00e7\u00e3o da sa\u00fade.<\/p>\n<p dir=\"ltr\" style=\"text-align: justify;\">Ele concluiu sua representa\u00e7\u00e3o com um apelo \u00e0 interven\u00e7\u00e3o urgente do Minist\u00e9rio P\u00fablico para esclarecer a natureza e o prop\u00f3sito do evento, bem como para investigar a legalidade no uso de fundos p\u00fablicos. Al\u00e9m disso, ele destacou a import\u00e2ncia de proteger a comunidade que, ao participar de um evento de promo\u00e7\u00e3o da sa\u00fade, se depara com apresenta\u00e7\u00f5es de teor sexual, e assim, evitar que eventos desse tipo ocorram novamente.<\/p>\n<p dir=\"ltr\">O v\u00eddeo de apresenta\u00e7\u00e3o se tornou viral em todo o Brasil, gerando um amplo debate p\u00fablico sobre o assunto.<\/p>\n<p dir=\"ltr\"><a href=\"https:\/\/pt.scribd.com\/document\/675844735\/SEI-CLDF-1371921-Repres\" target=\"_blank\" rel=\"noopener\" data-saferedirecturl=\"https:\/\/www.google.com\/url?q=https:\/\/pt.scribd.com\/document\/675844735\/SEI-CLDF-1371921-Repres&amp;source=gmail&amp;ust=1696731465306000&amp;usg=AOvVaw12WLF_6A-R8s2qT2HufsdV\">https:\/\/pt.scribd.com\/<wbr \/>document\/675844735\/SEI-CLDF-<wbr \/>1371921-Repres<\/a><\/p>\n<p dir=\"ltr\">Assessoria de Imprensa Deputado Distrital Pastor Daniel de Castro<\/p>\n","protected":false},"excerpt":{"rendered":"<p>O deputado distrital Pastor Daniel de Castro (PP) tomou medidas legais ao acionar o Minist\u00e9rio P\u00fablico para investigar um suposto uso indevido de recursos p\u00fablicos durante um evento do Minist\u00e9rio da Sa\u00fade. As imagens que circulam nas redes sociais e que foram alvo de cr\u00edticas mostram uma mulher realizando uma dan\u00e7a de funk em um [&hellip;]<\/p>\n","protected":false},"author":2,"featured_media":28926,"comment_status":"open","ping_status":"open","sticky":false,"template":"","format":"standard","meta":{"footnotes":""},"categories":[68],"tags":[],"class_list":{"0":"post-28925","1":"post","2":"type-post","3":"status-publish","4":"format-standard","5":"has-post-thumbnail","7":"category-brasil"},"yoast_head":"<!-- This site is optimized with the Yoast SEO Premium plugin v24.5 (Yoast SEO v27.4) - https:\/\/yoast.com\/product\/yoast-seo-premium-wordpress\/ -->\n<title>Deputado Pastor Daniel de Castro aciona Minist\u00e9rio P\u00fablico ap\u00f3s evento do Governo com apresenta\u00e7\u00e3o \u201cBatcu\u201d - P31<\/title>\n<meta name=\"robots\" content=\"index, follow, max-snippet:-1, max-image-preview:large, max-video-preview:-1\" \/>\n<link rel=\"canonical\" href=\"https:\/\/www.p31noticias.com.br\/?p=28925\" \/>\n<meta property=\"og:locale\" content=\"pt_BR\" \/>\n<meta property=\"og:type\" content=\"article\" \/>\n<meta property=\"og:title\" content=\"Deputado Pastor Daniel de Castro aciona Minist\u00e9rio P\u00fablico ap\u00f3s evento do Governo com apresenta\u00e7\u00e3o \u201cBatcu\u201d\" \/>\n<meta property=\"og:description\" content=\"O deputado distrital Pastor Daniel de Castro (PP) tomou medidas legais ao acionar o Minist\u00e9rio P\u00fablico para investigar um suposto uso indevido de recursos p\u00fablicos durante um evento do Minist\u00e9rio da Sa\u00fade. As imagens que circulam nas redes sociais e que foram alvo de cr\u00edticas mostram uma mulher realizando uma dan\u00e7a de funk em um [&hellip;]\" \/>\n<meta property=\"og:url\" content=\"https:\/\/www.p31noticias.com.br\/?p=28925\" \/>\n<meta property=\"og:site_name\" content=\"P31\" \/>\n<meta property=\"article:published_time\" content=\"2023-10-07T02:28:09+00:00\" \/>\n<meta property=\"og:image\" content=\"https:\/\/www.p31noticias.com.br\/wp-content\/uploads\/2023\/10\/unnamed-2dsfgbvadb.jpg\" \/>\n\t<meta property=\"og:image:width\" content=\"1242\" \/>\n\t<meta property=\"og:image:height\" content=\"833\" \/>\n\t<meta property=\"og:image:type\" content=\"image\/jpeg\" \/>\n<meta name=\"author\" content=\"Gon\u00e7alves Junior\" \/>\n<meta name=\"twitter:card\" content=\"summary_large_image\" \/>\n<meta name=\"twitter:label1\" content=\"Escrito por\" \/>\n\t<meta name=\"twitter:data1\" content=\"Gon\u00e7alves Junior\" \/>\n\t<meta name=\"twitter:label2\" content=\"Est. tempo de leitura\" \/>\n\t<meta name=\"twitter:data2\" content=\"2 minutos\" \/>\n<script type=\"application\/ld+json\" class=\"yoast-schema-graph\">{\"@context\":\"https:\\\/\\\/schema.org\",\"@graph\":[{\"@type\":\"Article\",\"@id\":\"https:\\\/\\\/www.p31noticias.com.br\\\/?p=28925#article\",\"isPartOf\":{\"@id\":\"https:\\\/\\\/www.p31noticias.com.br\\\/?p=28925\"},\"author\":{\"name\":\"Gon\u00e7alves Junior\",\"@id\":\"https:\\\/\\\/www.p31noticias.com.br\\\/#\\\/schema\\\/person\\\/95f2ece30e3b4132065b915150cd0f94\"},\"headline\":\"Deputado Pastor Daniel de Castro aciona Minist\u00e9rio P\u00fablico ap\u00f3s evento do Governo com apresenta\u00e7\u00e3o \u201cBatcu\u201d\",\"datePublished\":\"2023-10-07T02:28:09+00:00\",\"mainEntityOfPage\":{\"@id\":\"https:\\\/\\\/www.p31noticias.com.br\\\/?p=28925\"},\"wordCount\":362,\"commentCount\":0,\"image\":{\"@id\":\"https:\\\/\\\/www.p31noticias.com.br\\\/?p=28925#primaryimage\"},\"thumbnailUrl\":\"https:\\\/\\\/www.p31noticias.com.br\\\/wp-content\\\/uploads\\\/2023\\\/10\\\/unnamed-2dsfgbvadb.jpg\",\"articleSection\":[\"Brasil\"],\"inLanguage\":\"pt-BR\",\"potentialAction\":[{\"@type\":\"CommentAction\",\"name\":\"Comment\",\"target\":[\"https:\\\/\\\/www.p31noticias.com.br\\\/?p=28925#respond\"]}],\"copyrightYear\":\"2023\",\"copyrightHolder\":{\"@id\":\"https:\\\/\\\/www.p31noticias.com.br\\\/#organization\"}},{\"@type\":\"WebPage\",\"@id\":\"https:\\\/\\\/www.p31noticias.com.br\\\/?p=28925\",\"url\":\"https:\\\/\\\/www.p31noticias.com.br\\\/?p=28925\",\"name\":\"Deputado Pastor Daniel de Castro aciona Minist\u00e9rio P\u00fablico ap\u00f3s evento do Governo com apresenta\u00e7\u00e3o \u201cBatcu\u201d - P31\",\"isPartOf\":{\"@id\":\"https:\\\/\\\/www.p31noticias.com.br\\\/#website\"},\"primaryImageOfPage\":{\"@id\":\"https:\\\/\\\/www.p31noticias.com.br\\\/?p=28925#primaryimage\"},\"image\":{\"@id\":\"https:\\\/\\\/www.p31noticias.com.br\\\/?p=28925#primaryimage\"},\"thumbnailUrl\":\"https:\\\/\\\/www.p31noticias.com.br\\\/wp-content\\\/uploads\\\/2023\\\/10\\\/unnamed-2dsfgbvadb.jpg\",\"datePublished\":\"2023-10-07T02:28:09+00:00\",\"author\":{\"@id\":\"https:\\\/\\\/www.p31noticias.com.br\\\/#\\\/schema\\\/person\\\/95f2ece30e3b4132065b915150cd0f94\"},\"breadcrumb\":{\"@id\":\"https:\\\/\\\/www.p31noticias.com.br\\\/?p=28925#breadcrumb\"},\"inLanguage\":\"pt-BR\",\"potentialAction\":[{\"@type\":\"ReadAction\",\"target\":[\"https:\\\/\\\/www.p31noticias.com.br\\\/?p=28925\"]}]},{\"@type\":\"ImageObject\",\"inLanguage\":\"pt-BR\",\"@id\":\"https:\\\/\\\/www.p31noticias.com.br\\\/?p=28925#primaryimage\",\"url\":\"https:\\\/\\\/www.p31noticias.com.br\\\/wp-content\\\/uploads\\\/2023\\\/10\\\/unnamed-2dsfgbvadb.jpg\",\"contentUrl\":\"https:\\\/\\\/www.p31noticias.com.br\\\/wp-content\\\/uploads\\\/2023\\\/10\\\/unnamed-2dsfgbvadb.jpg\",\"width\":1242,\"height\":833},{\"@type\":\"BreadcrumbList\",\"@id\":\"https:\\\/\\\/www.p31noticias.com.br\\\/?p=28925#breadcrumb\",\"itemListElement\":[{\"@type\":\"ListItem\",\"position\":1,\"name\":\"In\u00edcio\",\"item\":\"https:\\\/\\\/www.p31noticias.com.br\\\/\"},{\"@type\":\"ListItem\",\"position\":2,\"name\":\"Deputado Pastor Daniel de Castro aciona Minist\u00e9rio P\u00fablico ap\u00f3s evento do Governo com apresenta\u00e7\u00e3o \u201cBatcu\u201d\"}]},{\"@type\":\"WebSite\",\"@id\":\"https:\\\/\\\/www.p31noticias.com.br\\\/#website\",\"url\":\"https:\\\/\\\/www.p31noticias.com.br\\\/\",\"name\":\"P31\",\"description\":\"NOT\u00cdCIAS\",\"potentialAction\":[{\"@type\":\"SearchAction\",\"target\":{\"@type\":\"EntryPoint\",\"urlTemplate\":\"https:\\\/\\\/www.p31noticias.com.br\\\/?s={search_term_string}\"},\"query-input\":{\"@type\":\"PropertyValueSpecification\",\"valueRequired\":true,\"valueName\":\"search_term_string\"}}],\"inLanguage\":\"pt-BR\"},{\"@type\":\"Person\",\"@id\":\"https:\\\/\\\/www.p31noticias.com.br\\\/#\\\/schema\\\/person\\\/95f2ece30e3b4132065b915150cd0f94\",\"name\":\"Gon\u00e7alves Junior\",\"image\":{\"@type\":\"ImageObject\",\"inLanguage\":\"pt-BR\",\"@id\":\"https:\\\/\\\/secure.gravatar.com\\\/avatar\\\/6711f350116a89762687a48d66f723c799e5438a5b7578508d4294cd7a5d0800?s=96&d=mm&r=g\",\"url\":\"https:\\\/\\\/secure.gravatar.com\\\/avatar\\\/6711f350116a89762687a48d66f723c799e5438a5b7578508d4294cd7a5d0800?s=96&d=mm&r=g\",\"contentUrl\":\"https:\\\/\\\/secure.gravatar.com\\\/avatar\\\/6711f350116a89762687a48d66f723c799e5438a5b7578508d4294cd7a5d0800?s=96&d=mm&r=g\",\"caption\":\"Gon\u00e7alves Junior\"},\"url\":\"https:\\\/\\\/www.p31noticias.com.br\\\/?author=2\"}]}<\/script>\n<!-- \/ Yoast SEO Premium plugin. -->","yoast_head_json":{"title":"Deputado Pastor Daniel de Castro aciona Minist\u00e9rio P\u00fablico ap\u00f3s evento do Governo com apresenta\u00e7\u00e3o \u201cBatcu\u201d - P31","robots":{"index":"index","follow":"follow","max-snippet":"max-snippet:-1","max-image-preview":"max-image-preview:large","max-video-preview":"max-video-preview:-1"},"canonical":"https:\/\/www.p31noticias.com.br\/?p=28925","og_locale":"pt_BR","og_type":"article","og_title":"Deputado Pastor Daniel de Castro aciona Minist\u00e9rio P\u00fablico ap\u00f3s evento do Governo com apresenta\u00e7\u00e3o \u201cBatcu\u201d","og_description":"O deputado distrital Pastor Daniel de Castro (PP) tomou medidas legais ao acionar o Minist\u00e9rio P\u00fablico para investigar um suposto uso indevido de recursos p\u00fablicos durante um evento do Minist\u00e9rio da Sa\u00fade. As imagens que circulam nas redes sociais e que foram alvo de cr\u00edticas mostram uma mulher realizando uma dan\u00e7a de funk em um [&hellip;]","og_url":"https:\/\/www.p31noticias.com.br\/?p=28925","og_site_name":"P31","article_published_time":"2023-10-07T02:28:09+00:00","og_image":[{"width":1242,"height":833,"url":"https:\/\/www.p31noticias.com.br\/wp-content\/uploads\/2023\/10\/unnamed-2dsfgbvadb.jpg","type":"image\/jpeg"}],"author":"Gon\u00e7alves Junior","twitter_card":"summary_large_image","twitter_misc":{"Escrito por":"Gon\u00e7alves Junior","Est. tempo de leitura":"2 minutos"},"schema":{"@context":"https:\/\/schema.org","@graph":[{"@type":"Article","@id":"https:\/\/www.p31noticias.com.br\/?p=28925#article","isPartOf":{"@id":"https:\/\/www.p31noticias.com.br\/?p=28925"},"author":{"name":"Gon\u00e7alves Junior","@id":"https:\/\/www.p31noticias.com.br\/#\/schema\/person\/95f2ece30e3b4132065b915150cd0f94"},"headline":"Deputado Pastor Daniel de Castro aciona Minist\u00e9rio P\u00fablico ap\u00f3s evento do Governo com apresenta\u00e7\u00e3o \u201cBatcu\u201d","datePublished":"2023-10-07T02:28:09+00:00","mainEntityOfPage":{"@id":"https:\/\/www.p31noticias.com.br\/?p=28925"},"wordCount":362,"commentCount":0,"image":{"@id":"https:\/\/www.p31noticias.com.br\/?p=28925#primaryimage"},"thumbnailUrl":"https:\/\/www.p31noticias.com.br\/wp-content\/uploads\/2023\/10\/unnamed-2dsfgbvadb.jpg","articleSection":["Brasil"],"inLanguage":"pt-BR","potentialAction":[{"@type":"CommentAction","name":"Comment","target":["https:\/\/www.p31noticias.com.br\/?p=28925#respond"]}],"copyrightYear":"2023","copyrightHolder":{"@id":"https:\/\/www.p31noticias.com.br\/#organization"}},{"@type":"WebPage","@id":"https:\/\/www.p31noticias.com.br\/?p=28925","url":"https:\/\/www.p31noticias.com.br\/?p=28925","name":"Deputado Pastor Daniel de Castro aciona Minist\u00e9rio P\u00fablico ap\u00f3s evento do Governo com apresenta\u00e7\u00e3o \u201cBatcu\u201d - P31","isPartOf":{"@id":"https:\/\/www.p31noticias.com.br\/#website"},"primaryImageOfPage":{"@id":"https:\/\/www.p31noticias.com.br\/?p=28925#primaryimage"},"image":{"@id":"https:\/\/www.p31noticias.com.br\/?p=28925#primaryimage"},"thumbnailUrl":"https:\/\/www.p31noticias.com.br\/wp-content\/uploads\/2023\/10\/unnamed-2dsfgbvadb.jpg","datePublished":"2023-10-07T02:28:09+00:00","author":{"@id":"https:\/\/www.p31noticias.com.br\/#\/schema\/person\/95f2ece30e3b4132065b915150cd0f94"},"breadcrumb":{"@id":"https:\/\/www.p31noticias.com.br\/?p=28925#breadcrumb"},"inLanguage":"pt-BR","potentialAction":[{"@type":"ReadAction","target":["https:\/\/www.p31noticias.com.br\/?p=28925"]}]},{"@type":"ImageObject","inLanguage":"pt-BR","@id":"https:\/\/www.p31noticias.com.br\/?p=28925#primaryimage","url":"https:\/\/www.p31noticias.com.br\/wp-content\/uploads\/2023\/10\/unnamed-2dsfgbvadb.jpg","contentUrl":"https:\/\/www.p31noticias.com.br\/wp-content\/uploads\/2023\/10\/unnamed-2dsfgbvadb.jpg","width":1242,"height":833},{"@type":"BreadcrumbList","@id":"https:\/\/www.p31noticias.com.br\/?p=28925#breadcrumb","itemListElement":[{"@type":"ListItem","position":1,"name":"In\u00edcio","item":"https:\/\/www.p31noticias.com.br\/"},{"@type":"ListItem","position":2,"name":"Deputado Pastor Daniel de Castro aciona Minist\u00e9rio P\u00fablico ap\u00f3s evento do Governo com apresenta\u00e7\u00e3o \u201cBatcu\u201d"}]},{"@type":"WebSite","@id":"https:\/\/www.p31noticias.com.br\/#website","url":"https:\/\/www.p31noticias.com.br\/","name":"P31","description":"NOT\u00cdCIAS","potentialAction":[{"@type":"SearchAction","target":{"@type":"EntryPoint","urlTemplate":"https:\/\/www.p31noticias.com.br\/?s={search_term_string}"},"query-input":{"@type":"PropertyValueSpecification","valueRequired":true,"valueName":"search_term_string"}}],"inLanguage":"pt-BR"},{"@type":"Person","@id":"https:\/\/www.p31noticias.com.br\/#\/schema\/person\/95f2ece30e3b4132065b915150cd0f94","name":"Gon\u00e7alves Junior","image":{"@type":"ImageObject","inLanguage":"pt-BR","@id":"https:\/\/secure.gravatar.com\/avatar\/6711f350116a89762687a48d66f723c799e5438a5b7578508d4294cd7a5d0800?s=96&d=mm&r=g","url":"https:\/\/secure.gravatar.com\/avatar\/6711f350116a89762687a48d66f723c799e5438a5b7578508d4294cd7a5d0800?s=96&d=mm&r=g","contentUrl":"https:\/\/secure.gravatar.com\/avatar\/6711f350116a89762687a48d66f723c799e5438a5b7578508d4294cd7a5d0800?s=96&d=mm&r=g","caption":"Gon\u00e7alves Junior"},"url":"https:\/\/www.p31noticias.com.br\/?author=2"}]}},"amp_enabled":true,"_links":{"self":[{"href":"https:\/\/www.p31noticias.com.br\/index.php?rest_route=\/wp\/v2\/posts\/28925","targetHints":{"allow":["GET"]}}],"collection":[{"href":"https:\/\/www.p31noticias.com.br\/index.php?rest_route=\/wp\/v2\/posts"}],"about":[{"href":"https:\/\/www.p31noticias.com.br\/index.php?rest_route=\/wp\/v2\/types\/post"}],"author":[{"embeddable":true,"href":"https:\/\/www.p31noticias.com.br\/index.php?rest_route=\/wp\/v2\/users\/2"}],"replies":[{"embeddable":true,"href":"https:\/\/www.p31noticias.com.br\/index.php?rest_route=%2Fwp%2Fv2%2Fcomments&post=28925"}],"version-history":[{"count":1,"href":"https:\/\/www.p31noticias.com.br\/index.php?rest_route=\/wp\/v2\/posts\/28925\/revisions"}],"predecessor-version":[{"id":28927,"href":"https:\/\/www.p31noticias.com.br\/index.php?rest_route=\/wp\/v2\/posts\/28925\/revisions\/28927"}],"wp:featuredmedia":[{"embeddable":true,"href":"https:\/\/www.p31noticias.com.br\/index.php?rest_route=\/wp\/v2\/media\/28926"}],"wp:attachment":[{"href":"https:\/\/www.p31noticias.com.br\/index.php?rest_route=%2Fwp%2Fv2%2Fmedia&parent=28925"}],"wp:term":[{"taxonomy":"category","embeddable":true,"href":"https:\/\/www.p31noticias.com.br\/index.php?rest_route=%2Fwp%2Fv2%2Fcategories&post=28925"},{"taxonomy":"post_tag","embeddable":true,"href":"https:\/\/www.p31noticias.com.br\/index.php?rest_route=%2Fwp%2Fv2%2Ftags&post=28925"}],"curies":[{"name":"wp","href":"https:\/\/api.w.org\/{rel}","templated":true}]}}