{"id":28878,"date":"2023-10-03T00:59:54","date_gmt":"2023-10-03T03:59:54","guid":{"rendered":"https:\/\/p31noticias.com.br\/?p=28878"},"modified":"2023-10-03T00:59:55","modified_gmt":"2023-10-03T03:59:55","slug":"tecnologia-que-rendeu-premio-nobel-de-medicina-e-divisor-de-aguas","status":"publish","type":"post","link":"https:\/\/www.p31noticias.com.br\/?p=28878","title":{"rendered":"Tecnologia que rendeu Pr\u00eamio Nobel de Medicina \u00e9 divisor de \u00e1guas"},"content":{"rendered":"<h3 class=\"col-10 offset-1 animated fadeInDown dealy-900 display-8 display-md-8 alt-font font-italic my-1 text-center\" style=\"text-align: justify;\"><em><strong>Pesquisadores brasileiros comemoram escolha dos laureados<\/strong><\/em><\/h3>\n<p style=\"text-align: justify;\">Especialistas e pesquisadores brasileiros celebraram a escolha da bioqu\u00edmica h\u00fangara Katalin Kariko e do cientista americano Drew Weissman para receberem o Pr\u00eamio Nobel de Medicina 2023 pelas pesquisas da tecnologia de RNA mensageiro (mRNA), que resultaram no desenvolvimento de vacinas contra a covid-19, considerada pelo j\u00fari da premia\u00e7\u00e3o como uma das maiores amea\u00e7as \u00e0 sa\u00fade da humanidade nos tempos modernos.<img decoding=\"async\" src=\"https:\/\/agenciabrasil.ebc.com.br\/ebc.png?id=1558651&amp;o=node\" \/>Os dois cientistas foram laureados pelas descobertas relativas \u00e0s modifica\u00e7\u00f5es do entendimento de como a tecnologia mRNA interage no sistema imunol\u00f3gico, o que permitiu a produ\u00e7\u00e3o em maior escala dos imunizantes. O\u00a0<a href=\"https:\/\/agenciabrasil.ebc.com.br\/internacional\/noticia\/2023-10\/nobel-de-medicina-e-concedido-cientistas-hungaro-e-norte-americano\" target=\"_blank\" rel=\"noopener\">an\u00fancio foi feito nesta segunda-feira<\/a>\u00a0(2) pelo j\u00fari do Instituto Nobel, em Estocolmo, na Su\u00e9cia, pelo secret\u00e1rio do Comit\u00ea de Medicina, Thomas Perlmann.<\/p>\n<p style=\"text-align: justify;\">Para o vice-presidente da Sociedade Brasileira de Imuniza\u00e7\u00f5es (SBIm), o pediatra infectologista Renato Kfouri, as vacinas de RNA mensageiro abrem uma janela de oportunidades n\u00e3o s\u00f3 para a preven\u00e7\u00e3o de doen\u00e7as infecciosas, como novas vacinas e mais potentes contra doen\u00e7as conhecidas com imunizantes j\u00e1 dispon\u00edveis. Al\u00e9m disso, o m\u00e9dico destacou que a tecnologia contribui para a prote\u00e7\u00e3o com as vacinas chamadas de terap\u00eauticas contra doen\u00e7as cr\u00f4nicas n\u00e3o transmiss\u00edveis, n\u00e3o infecciosas.<\/p>\n<p style=\"text-align: justify;\">\u201cVacinas contra o c\u00e2ncer, contra o infarto, diabetes, Alzheimer. A informa\u00e7\u00e3o introduzida pelo RNA mensageiro no nosso organismo \u00e9 capaz de produzir prote\u00ednas e anticorpos contra diversas dessas doen\u00e7as. \u00c9 um pr\u00eamio mais do que justo que vem premiar uma plataforma que pode revolucionar todo o tratamento de doen\u00e7as j\u00e1 existentes e prevenir tantas outras, atrav\u00e9s de uma tecnologia mais f\u00e1cil, que \u00e9 desafiadora muitas vezes para muitas doen\u00e7as\u201d, disse por meio de v\u00eddeo \u00e0\u00a0<strong>Ag\u00eancia Brasil<\/strong>.<\/p>\n<p style=\"text-align: justify;\">Renato Kfouri acrescentou que as vacinas com RNA mensageiros se mostraram altamente eficazes contra a covid-19, mas mais do que isso, s\u00e3o vacinas extremamente f\u00e1ceis de se produzir por n\u00e3o depender de material biol\u00f3gico.<\/p>\n<p style=\"text-align: justify;\">\u201cS\u00e3o vacinas que n\u00e3o dependem de crescimento de v\u00edrus, de bact\u00e9rias, produzidas de forma sint\u00e9tica e com uma plasticidade, ou seja, capaz de alterar a informa\u00e7\u00e3o gen\u00e9tica, modificar a prote\u00edna produzida e consequentemente induzir prote\u00e7\u00e3o contra diversas doen\u00e7as. Vacinas contra outras doen\u00e7as infecciosas com esta plataforma j\u00e1 vem sendo desenvolvidas como as contra gripe, sarampo, v\u00edrus respirat\u00f3rios.\u201d<\/p>\n<p style=\"text-align: justify;\">Na vis\u00e3o do vice-presidente da SBIm, as vacinas com RNA mensageiro s\u00e3o um divisor de \u00e1guas, porque amplia as oportunidades de preven\u00e7\u00e3o ao introduzir os c\u00f3digos gen\u00e9ticos que induzem o organismo a produzir prote\u00ednas espec\u00edficas no combate \u00e0s doen\u00e7as infecciosas.<\/p>\n<blockquote><p>\u201cTemos hoje a possibilidade, atrav\u00e9s de uma tecnologia muito simples, de produzir vacinas sint\u00e9ticas de r\u00e1pida produ\u00e7\u00e3o, sem riscos biol\u00f3gicos em termos de produ\u00e7\u00e3o de materiais e fazendo com que a gente aumente o espectro de prote\u00e7\u00e3o para tantas outras doen\u00e7as. \u00c9 um pr\u00eamio mais do que merecido para uma tecnologia, que certamente ser\u00e1 um divisor de \u00e1guas na medicina\u201d.<\/p><\/blockquote>\n<p style=\"text-align: justify;\">A l\u00edder cient\u00edfica do Projeto mRNA de Bio-Manguinhos da Funda\u00e7\u00e3o Oswaldo Cruz (Fiocruz) pesquisadora Patr\u00edcia Neves destacou que o Pr\u00eamio Nobel veio muito em decorr\u00eancia da import\u00e2ncia que teve para lidar com a pandemia de covid-19, mas lembrou que este tipo de tecnologia j\u00e1 \u00e9 pesquisado h\u00e1 pelo menos 20 anos e vinha sendo utilizada em vacinas terap\u00eauticas no tratamento de c\u00e2ncer.<\/p>\n<p style=\"text-align: justify;\">\u201cQuando a gente fala de RNA mensageiro n\u00e3o est\u00e1 falando apenas da import\u00e2ncia que teve na pandemia de covid, mas principalmente da import\u00e2ncia que ela tem daqui para frente na preven\u00e7\u00e3o de outras doen\u00e7as infecciosas como Leishmaniose, febre-amarela, e tamb\u00e9m o SRV [v\u00edrus sincicial respirat\u00f3rio] \u2013 o pr\u00f3ximo alvo mais direcionado dos pesquisadores, porque \u00e9 uma doen\u00e7a importante. A gente est\u00e1 falando de outras doen\u00e7as e de tratamentos que nem tem a ver com vacinas. J\u00e1 existem trabalhos mostrando que \u00e9 poss\u00edvel fazer reprodu\u00e7\u00e3o de prote\u00ednas em doen\u00e7as raras, o que vai baratear muito os tratamentos\u201d, afirmou em entrevista \u00e0\u00a0<strong>Ag\u00eancia Brasil<\/strong>.<\/p>\n<p style=\"text-align: justify;\">A pesquisadora reconhece que para desenvolver outros produtos baseados no mRNA ainda h\u00e1 muitos estudos pela frente, mas o princ\u00edpio j\u00e1 est\u00e1 aprovado para vacinas preventivas.<\/p>\n<blockquote><p>\u201cPara outros alvos a gente precisa caminhar um pouquinho mais, mas a promessa \u00e9 enorme. Por isso que essa premia\u00e7\u00e3o com o Nobel tem a ver com o que aconteceu na pandemia, mas a meu ver tem a ver tamb\u00e9m com aquilo que a tecnologia promete daqui para frente.\u201d<\/p><\/blockquote>\n<p style=\"text-align: justify;\">Na avalia\u00e7\u00e3o de Patr\u00edcia, o an\u00fancio do Pr\u00eamio Nobel d\u00e1 visibilidade \u00e0 tecnologia do mRNA e mostra que ela \u00e9 segura, eficaz e pode ser utilizada em v\u00e1rias aplica\u00e7\u00f5es.<\/p>\n<p style=\"text-align: justify;\">\u201cTalvez nem n\u00f3s mesmos tenhamos a visibilidade de tudo que ela vai poder alcan\u00e7ar. Realmente foi uma surpresa muito grata ver esses pesquisadores recebendo, porque vai revolucionar o campo da vacinologia e, com certeza, outros campos de tratamentos tamb\u00e9m. Muito justa por tudo. Pelo controle da pandemia, foi a vacina mais r\u00e1pida a ser desenvolvida para minimizar o estrago da pandemia\u201d, disse ao lembrar que das vacinas dispon\u00edveis no Brasil, a da Pfizer utiliza este tipo de tecnologia.<\/p>\n<h2 style=\"text-align: justify;\">Vacina brasileira<\/h2>\n<p style=\"text-align: justify;\">Patr\u00edcia Neves est\u00e1 \u00e0 frente, com a pesquisadora Ana Paula Ano Bom, do projeto de Bio-Manguinhos para o desenvolvimento da primeira vacina contra a covid-19 com tecnologia totalmente brasileira, conforme compromisso com a Organiza\u00e7\u00e3o Mundial da Sa\u00fade e Organiza\u00e7\u00e3o Pan-Americana de Sa\u00fade. At\u00e9 o momento foram realizados mais de sete testes diferentes em animais ao longo de dois anos. Seguidas as etapas de testes de comprova\u00e7\u00e3o da efic\u00e1cia, a vacina ter\u00e1 que passar pela aprova\u00e7\u00e3o da Anvisa.<\/p>\n<p style=\"text-align: justify;\">\u201cA gente est\u00e1 desenvolvendo aqui em Bio-Manguinhos essa vacina, mas tamb\u00e9m implementando a parte produtiva e de controle de qualidade para que a gente tenha dom\u00ednio completo da plataforma e possa desenvolver outros tratamentos utilizando essa tecnologia e disponibilizar para todos os brasileiros pelo SUS\u201d, relatou.<\/p>\n<p style=\"text-align: justify;\">A pesquisadora estima que a vacina totalmente brasileira esteja dispon\u00edvel em 2025: &#8220;depois da pandemia temos que passar por tr\u00eas fases de estudos cl\u00ednicos. Pretendemos entrar na primeira fase de estudo cl\u00ednico no ano que vem e, tudo correndo bem, da maneira que planejamos, em 2025 a gente estaria submetendo o dossi\u00ea para registro&#8221;.<\/p>\n<h2 style=\"text-align: justify;\">Butantan<\/h2>\n<p style=\"text-align: justify;\">O diretor de Regulat\u00f3rio, Controle de Qualidade e Estudos Cl\u00ednicos do Instituto Butantan, Gustavo Mendes, tamb\u00e9m considera que a vacina com RNA mensageiro revolucionou a terap\u00eautica e o campo das vacinas, porque estimula os sistemas imunol\u00f3gicos com muito mais exatid\u00e3o sem precisar de outras tecnologias com utiliza\u00e7\u00e3o de v\u00edrus. \u201cFoi um grande salto na ci\u00eancia para a humanidade\u201d, observou em \u00e1udio enviado \u00e0\u00a0<strong>Ag\u00eancia Brasil<\/strong>.<\/p>\n<p style=\"text-align: justify;\">Gustavo Mendes destacou ainda que embora j\u00e1 existam estudos no Brasil para o desenvolvimento de imunizantes com esta tecnologia, n\u00e3o h\u00e1 at\u00e9 o momento produtos dispon\u00edveis. Segundo ele, o Instituto tamb\u00e9m vai desenvolver estudos.<\/p>\n<p style=\"text-align: justify;\">\u201cO Butantan acabou de submeter uma proposta para o Minist\u00e9rio da Sa\u00fade, no escopo desse novo do Complexo Econ\u00f4mico Industrial de Sa\u00fade. J\u00e1 existe um acordo e entendimento de transfer\u00eancia de recursos do Minist\u00e9rio da Sa\u00fade ao Butantan, para o Butantan tamb\u00e9m come\u00e7ar as pesquisas aqui nas nossas instala\u00e7\u00f5es\u201d, revelou.<\/p>\n<p style=\"text-align: justify;\">Ag\u00eancia Brasil<\/p>\n","protected":false},"excerpt":{"rendered":"<p>Pesquisadores brasileiros comemoram escolha dos laureados Especialistas e pesquisadores brasileiros celebraram a escolha da bioqu\u00edmica h\u00fangara Katalin Kariko e do cientista americano Drew Weissman para receberem o Pr\u00eamio Nobel de Medicina 2023 pelas pesquisas da tecnologia de RNA mensageiro (mRNA), que resultaram no desenvolvimento de vacinas contra a covid-19, considerada pelo j\u00fari da premia\u00e7\u00e3o como [&hellip;]<\/p>\n","protected":false},"author":2,"featured_media":28879,"comment_status":"open","ping_status":"open","sticky":false,"template":"","format":"standard","meta":{"footnotes":""},"categories":[68],"tags":[],"class_list":{"0":"post-28878","1":"post","2":"type-post","3":"status-publish","4":"format-standard","5":"has-post-thumbnail","7":"category-brasil"},"yoast_head":"<!-- This site is optimized with the Yoast SEO Premium plugin v24.5 (Yoast SEO v27.4) - https:\/\/yoast.com\/product\/yoast-seo-premium-wordpress\/ -->\n<title>Tecnologia que rendeu Pr\u00eamio Nobel de Medicina \u00e9 divisor de \u00e1guas - P31<\/title>\n<meta name=\"robots\" content=\"index, follow, max-snippet:-1, max-image-preview:large, max-video-preview:-1\" \/>\n<link rel=\"canonical\" href=\"https:\/\/www.p31noticias.com.br\/?p=28878\" \/>\n<meta property=\"og:locale\" content=\"pt_BR\" \/>\n<meta property=\"og:type\" content=\"article\" \/>\n<meta property=\"og:title\" content=\"Tecnologia que rendeu Pr\u00eamio Nobel de Medicina \u00e9 divisor de \u00e1guas\" \/>\n<meta property=\"og:description\" content=\"Pesquisadores brasileiros comemoram escolha dos laureados Especialistas e pesquisadores brasileiros celebraram a escolha da bioqu\u00edmica h\u00fangara Katalin Kariko e do cientista americano Drew Weissman para receberem o Pr\u00eamio Nobel de Medicina 2023 pelas pesquisas da tecnologia de RNA mensageiro (mRNA), que resultaram no desenvolvimento de vacinas contra a covid-19, considerada pelo j\u00fari da premia\u00e7\u00e3o como [&hellip;]\" \/>\n<meta property=\"og:url\" content=\"https:\/\/www.p31noticias.com.br\/?p=28878\" \/>\n<meta property=\"og:site_name\" content=\"P31\" \/>\n<meta property=\"article:published_time\" content=\"2023-10-03T03:59:54+00:00\" \/>\n<meta property=\"article:modified_time\" content=\"2023-10-03T03:59:55+00:00\" \/>\n<meta property=\"og:image\" content=\"https:\/\/www.p31noticias.com.br\/wp-content\/uploads\/2023\/10\/45f5b24d184b1d7576fcf9e846f01b1d.jpeg\" \/>\n\t<meta property=\"og:image:width\" content=\"1024\" \/>\n\t<meta property=\"og:image:height\" content=\"683\" \/>\n\t<meta property=\"og:image:type\" content=\"image\/jpeg\" \/>\n<meta name=\"author\" content=\"Gon\u00e7alves Junior\" \/>\n<meta name=\"twitter:card\" content=\"summary_large_image\" \/>\n<meta name=\"twitter:label1\" content=\"Escrito por\" \/>\n\t<meta name=\"twitter:data1\" content=\"Gon\u00e7alves Junior\" \/>\n\t<meta name=\"twitter:label2\" content=\"Est. tempo de leitura\" \/>\n\t<meta name=\"twitter:data2\" content=\"6 minutos\" \/>\n<script type=\"application\/ld+json\" class=\"yoast-schema-graph\">{\"@context\":\"https:\\\/\\\/schema.org\",\"@graph\":[{\"@type\":\"Article\",\"@id\":\"https:\\\/\\\/www.p31noticias.com.br\\\/?p=28878#article\",\"isPartOf\":{\"@id\":\"https:\\\/\\\/www.p31noticias.com.br\\\/?p=28878\"},\"author\":{\"name\":\"Gon\u00e7alves Junior\",\"@id\":\"https:\\\/\\\/www.p31noticias.com.br\\\/#\\\/schema\\\/person\\\/95f2ece30e3b4132065b915150cd0f94\"},\"headline\":\"Tecnologia que rendeu Pr\u00eamio Nobel de Medicina \u00e9 divisor de \u00e1guas\",\"datePublished\":\"2023-10-03T03:59:54+00:00\",\"dateModified\":\"2023-10-03T03:59:55+00:00\",\"mainEntityOfPage\":{\"@id\":\"https:\\\/\\\/www.p31noticias.com.br\\\/?p=28878\"},\"wordCount\":1277,\"commentCount\":0,\"image\":{\"@id\":\"https:\\\/\\\/www.p31noticias.com.br\\\/?p=28878#primaryimage\"},\"thumbnailUrl\":\"https:\\\/\\\/www.p31noticias.com.br\\\/wp-content\\\/uploads\\\/2023\\\/10\\\/45f5b24d184b1d7576fcf9e846f01b1d.jpeg\",\"articleSection\":[\"Brasil\"],\"inLanguage\":\"pt-BR\",\"potentialAction\":[{\"@type\":\"CommentAction\",\"name\":\"Comment\",\"target\":[\"https:\\\/\\\/www.p31noticias.com.br\\\/?p=28878#respond\"]}],\"copyrightYear\":\"2023\",\"copyrightHolder\":{\"@id\":\"https:\\\/\\\/www.p31noticias.com.br\\\/#organization\"}},{\"@type\":\"WebPage\",\"@id\":\"https:\\\/\\\/www.p31noticias.com.br\\\/?p=28878\",\"url\":\"https:\\\/\\\/www.p31noticias.com.br\\\/?p=28878\",\"name\":\"Tecnologia que rendeu Pr\u00eamio Nobel de Medicina \u00e9 divisor de \u00e1guas - P31\",\"isPartOf\":{\"@id\":\"https:\\\/\\\/www.p31noticias.com.br\\\/#website\"},\"primaryImageOfPage\":{\"@id\":\"https:\\\/\\\/www.p31noticias.com.br\\\/?p=28878#primaryimage\"},\"image\":{\"@id\":\"https:\\\/\\\/www.p31noticias.com.br\\\/?p=28878#primaryimage\"},\"thumbnailUrl\":\"https:\\\/\\\/www.p31noticias.com.br\\\/wp-content\\\/uploads\\\/2023\\\/10\\\/45f5b24d184b1d7576fcf9e846f01b1d.jpeg\",\"datePublished\":\"2023-10-03T03:59:54+00:00\",\"dateModified\":\"2023-10-03T03:59:55+00:00\",\"author\":{\"@id\":\"https:\\\/\\\/www.p31noticias.com.br\\\/#\\\/schema\\\/person\\\/95f2ece30e3b4132065b915150cd0f94\"},\"breadcrumb\":{\"@id\":\"https:\\\/\\\/www.p31noticias.com.br\\\/?p=28878#breadcrumb\"},\"inLanguage\":\"pt-BR\",\"potentialAction\":[{\"@type\":\"ReadAction\",\"target\":[\"https:\\\/\\\/www.p31noticias.com.br\\\/?p=28878\"]}]},{\"@type\":\"ImageObject\",\"inLanguage\":\"pt-BR\",\"@id\":\"https:\\\/\\\/www.p31noticias.com.br\\\/?p=28878#primaryimage\",\"url\":\"https:\\\/\\\/www.p31noticias.com.br\\\/wp-content\\\/uploads\\\/2023\\\/10\\\/45f5b24d184b1d7576fcf9e846f01b1d.jpeg\",\"contentUrl\":\"https:\\\/\\\/www.p31noticias.com.br\\\/wp-content\\\/uploads\\\/2023\\\/10\\\/45f5b24d184b1d7576fcf9e846f01b1d.jpeg\",\"width\":1024,\"height\":683},{\"@type\":\"BreadcrumbList\",\"@id\":\"https:\\\/\\\/www.p31noticias.com.br\\\/?p=28878#breadcrumb\",\"itemListElement\":[{\"@type\":\"ListItem\",\"position\":1,\"name\":\"In\u00edcio\",\"item\":\"https:\\\/\\\/www.p31noticias.com.br\\\/\"},{\"@type\":\"ListItem\",\"position\":2,\"name\":\"Tecnologia que rendeu Pr\u00eamio Nobel de Medicina \u00e9 divisor de \u00e1guas\"}]},{\"@type\":\"WebSite\",\"@id\":\"https:\\\/\\\/www.p31noticias.com.br\\\/#website\",\"url\":\"https:\\\/\\\/www.p31noticias.com.br\\\/\",\"name\":\"P31\",\"description\":\"NOT\u00cdCIAS\",\"potentialAction\":[{\"@type\":\"SearchAction\",\"target\":{\"@type\":\"EntryPoint\",\"urlTemplate\":\"https:\\\/\\\/www.p31noticias.com.br\\\/?s={search_term_string}\"},\"query-input\":{\"@type\":\"PropertyValueSpecification\",\"valueRequired\":true,\"valueName\":\"search_term_string\"}}],\"inLanguage\":\"pt-BR\"},{\"@type\":\"Person\",\"@id\":\"https:\\\/\\\/www.p31noticias.com.br\\\/#\\\/schema\\\/person\\\/95f2ece30e3b4132065b915150cd0f94\",\"name\":\"Gon\u00e7alves Junior\",\"image\":{\"@type\":\"ImageObject\",\"inLanguage\":\"pt-BR\",\"@id\":\"https:\\\/\\\/secure.gravatar.com\\\/avatar\\\/6711f350116a89762687a48d66f723c799e5438a5b7578508d4294cd7a5d0800?s=96&d=mm&r=g\",\"url\":\"https:\\\/\\\/secure.gravatar.com\\\/avatar\\\/6711f350116a89762687a48d66f723c799e5438a5b7578508d4294cd7a5d0800?s=96&d=mm&r=g\",\"contentUrl\":\"https:\\\/\\\/secure.gravatar.com\\\/avatar\\\/6711f350116a89762687a48d66f723c799e5438a5b7578508d4294cd7a5d0800?s=96&d=mm&r=g\",\"caption\":\"Gon\u00e7alves Junior\"},\"url\":\"https:\\\/\\\/www.p31noticias.com.br\\\/?author=2\"}]}<\/script>\n<!-- \/ Yoast SEO Premium plugin. -->","yoast_head_json":{"title":"Tecnologia que rendeu Pr\u00eamio Nobel de Medicina \u00e9 divisor de \u00e1guas - P31","robots":{"index":"index","follow":"follow","max-snippet":"max-snippet:-1","max-image-preview":"max-image-preview:large","max-video-preview":"max-video-preview:-1"},"canonical":"https:\/\/www.p31noticias.com.br\/?p=28878","og_locale":"pt_BR","og_type":"article","og_title":"Tecnologia que rendeu Pr\u00eamio Nobel de Medicina \u00e9 divisor de \u00e1guas","og_description":"Pesquisadores brasileiros comemoram escolha dos laureados Especialistas e pesquisadores brasileiros celebraram a escolha da bioqu\u00edmica h\u00fangara Katalin Kariko e do cientista americano Drew Weissman para receberem o Pr\u00eamio Nobel de Medicina 2023 pelas pesquisas da tecnologia de RNA mensageiro (mRNA), que resultaram no desenvolvimento de vacinas contra a covid-19, considerada pelo j\u00fari da premia\u00e7\u00e3o como [&hellip;]","og_url":"https:\/\/www.p31noticias.com.br\/?p=28878","og_site_name":"P31","article_published_time":"2023-10-03T03:59:54+00:00","article_modified_time":"2023-10-03T03:59:55+00:00","og_image":[{"width":1024,"height":683,"url":"https:\/\/www.p31noticias.com.br\/wp-content\/uploads\/2023\/10\/45f5b24d184b1d7576fcf9e846f01b1d.jpeg","type":"image\/jpeg"}],"author":"Gon\u00e7alves Junior","twitter_card":"summary_large_image","twitter_misc":{"Escrito por":"Gon\u00e7alves Junior","Est. tempo de leitura":"6 minutos"},"schema":{"@context":"https:\/\/schema.org","@graph":[{"@type":"Article","@id":"https:\/\/www.p31noticias.com.br\/?p=28878#article","isPartOf":{"@id":"https:\/\/www.p31noticias.com.br\/?p=28878"},"author":{"name":"Gon\u00e7alves Junior","@id":"https:\/\/www.p31noticias.com.br\/#\/schema\/person\/95f2ece30e3b4132065b915150cd0f94"},"headline":"Tecnologia que rendeu Pr\u00eamio Nobel de Medicina \u00e9 divisor de \u00e1guas","datePublished":"2023-10-03T03:59:54+00:00","dateModified":"2023-10-03T03:59:55+00:00","mainEntityOfPage":{"@id":"https:\/\/www.p31noticias.com.br\/?p=28878"},"wordCount":1277,"commentCount":0,"image":{"@id":"https:\/\/www.p31noticias.com.br\/?p=28878#primaryimage"},"thumbnailUrl":"https:\/\/www.p31noticias.com.br\/wp-content\/uploads\/2023\/10\/45f5b24d184b1d7576fcf9e846f01b1d.jpeg","articleSection":["Brasil"],"inLanguage":"pt-BR","potentialAction":[{"@type":"CommentAction","name":"Comment","target":["https:\/\/www.p31noticias.com.br\/?p=28878#respond"]}],"copyrightYear":"2023","copyrightHolder":{"@id":"https:\/\/www.p31noticias.com.br\/#organization"}},{"@type":"WebPage","@id":"https:\/\/www.p31noticias.com.br\/?p=28878","url":"https:\/\/www.p31noticias.com.br\/?p=28878","name":"Tecnologia que rendeu Pr\u00eamio Nobel de Medicina \u00e9 divisor de \u00e1guas - P31","isPartOf":{"@id":"https:\/\/www.p31noticias.com.br\/#website"},"primaryImageOfPage":{"@id":"https:\/\/www.p31noticias.com.br\/?p=28878#primaryimage"},"image":{"@id":"https:\/\/www.p31noticias.com.br\/?p=28878#primaryimage"},"thumbnailUrl":"https:\/\/www.p31noticias.com.br\/wp-content\/uploads\/2023\/10\/45f5b24d184b1d7576fcf9e846f01b1d.jpeg","datePublished":"2023-10-03T03:59:54+00:00","dateModified":"2023-10-03T03:59:55+00:00","author":{"@id":"https:\/\/www.p31noticias.com.br\/#\/schema\/person\/95f2ece30e3b4132065b915150cd0f94"},"breadcrumb":{"@id":"https:\/\/www.p31noticias.com.br\/?p=28878#breadcrumb"},"inLanguage":"pt-BR","potentialAction":[{"@type":"ReadAction","target":["https:\/\/www.p31noticias.com.br\/?p=28878"]}]},{"@type":"ImageObject","inLanguage":"pt-BR","@id":"https:\/\/www.p31noticias.com.br\/?p=28878#primaryimage","url":"https:\/\/www.p31noticias.com.br\/wp-content\/uploads\/2023\/10\/45f5b24d184b1d7576fcf9e846f01b1d.jpeg","contentUrl":"https:\/\/www.p31noticias.com.br\/wp-content\/uploads\/2023\/10\/45f5b24d184b1d7576fcf9e846f01b1d.jpeg","width":1024,"height":683},{"@type":"BreadcrumbList","@id":"https:\/\/www.p31noticias.com.br\/?p=28878#breadcrumb","itemListElement":[{"@type":"ListItem","position":1,"name":"In\u00edcio","item":"https:\/\/www.p31noticias.com.br\/"},{"@type":"ListItem","position":2,"name":"Tecnologia que rendeu Pr\u00eamio Nobel de Medicina \u00e9 divisor de \u00e1guas"}]},{"@type":"WebSite","@id":"https:\/\/www.p31noticias.com.br\/#website","url":"https:\/\/www.p31noticias.com.br\/","name":"P31","description":"NOT\u00cdCIAS","potentialAction":[{"@type":"SearchAction","target":{"@type":"EntryPoint","urlTemplate":"https:\/\/www.p31noticias.com.br\/?s={search_term_string}"},"query-input":{"@type":"PropertyValueSpecification","valueRequired":true,"valueName":"search_term_string"}}],"inLanguage":"pt-BR"},{"@type":"Person","@id":"https:\/\/www.p31noticias.com.br\/#\/schema\/person\/95f2ece30e3b4132065b915150cd0f94","name":"Gon\u00e7alves Junior","image":{"@type":"ImageObject","inLanguage":"pt-BR","@id":"https:\/\/secure.gravatar.com\/avatar\/6711f350116a89762687a48d66f723c799e5438a5b7578508d4294cd7a5d0800?s=96&d=mm&r=g","url":"https:\/\/secure.gravatar.com\/avatar\/6711f350116a89762687a48d66f723c799e5438a5b7578508d4294cd7a5d0800?s=96&d=mm&r=g","contentUrl":"https:\/\/secure.gravatar.com\/avatar\/6711f350116a89762687a48d66f723c799e5438a5b7578508d4294cd7a5d0800?s=96&d=mm&r=g","caption":"Gon\u00e7alves Junior"},"url":"https:\/\/www.p31noticias.com.br\/?author=2"}]}},"amp_enabled":true,"_links":{"self":[{"href":"https:\/\/www.p31noticias.com.br\/index.php?rest_route=\/wp\/v2\/posts\/28878","targetHints":{"allow":["GET"]}}],"collection":[{"href":"https:\/\/www.p31noticias.com.br\/index.php?rest_route=\/wp\/v2\/posts"}],"about":[{"href":"https:\/\/www.p31noticias.com.br\/index.php?rest_route=\/wp\/v2\/types\/post"}],"author":[{"embeddable":true,"href":"https:\/\/www.p31noticias.com.br\/index.php?rest_route=\/wp\/v2\/users\/2"}],"replies":[{"embeddable":true,"href":"https:\/\/www.p31noticias.com.br\/index.php?rest_route=%2Fwp%2Fv2%2Fcomments&post=28878"}],"version-history":[{"count":1,"href":"https:\/\/www.p31noticias.com.br\/index.php?rest_route=\/wp\/v2\/posts\/28878\/revisions"}],"predecessor-version":[{"id":28880,"href":"https:\/\/www.p31noticias.com.br\/index.php?rest_route=\/wp\/v2\/posts\/28878\/revisions\/28880"}],"wp:featuredmedia":[{"embeddable":true,"href":"https:\/\/www.p31noticias.com.br\/index.php?rest_route=\/wp\/v2\/media\/28879"}],"wp:attachment":[{"href":"https:\/\/www.p31noticias.com.br\/index.php?rest_route=%2Fwp%2Fv2%2Fmedia&parent=28878"}],"wp:term":[{"taxonomy":"category","embeddable":true,"href":"https:\/\/www.p31noticias.com.br\/index.php?rest_route=%2Fwp%2Fv2%2Fcategories&post=28878"},{"taxonomy":"post_tag","embeddable":true,"href":"https:\/\/www.p31noticias.com.br\/index.php?rest_route=%2Fwp%2Fv2%2Ftags&post=28878"}],"curies":[{"name":"wp","href":"https:\/\/api.w.org\/{rel}","templated":true}]}}