{"id":28869,"date":"2023-10-03T00:43:30","date_gmt":"2023-10-03T03:43:30","guid":{"rendered":"https:\/\/p31noticias.com.br\/?p=28869"},"modified":"2023-10-03T00:43:30","modified_gmt":"2023-10-03T03:43:30","slug":"apoio-de-forcas-federais-no-rj-e-por-tempo-indeterminado-diz-castro","status":"publish","type":"post","link":"https:\/\/www.p31noticias.com.br\/?p=28869","title":{"rendered":"Apoio de for\u00e7as federais no RJ \u00e9 por tempo indeterminado, diz Castro"},"content":{"rendered":"<h3 class=\"col-10 offset-1 animated fadeInDown dealy-900 display-8 display-md-8 alt-font font-italic my-1 text-center\" style=\"text-align: justify;\"><em><strong>Governador diz que trabalho ser\u00e1 focado em intelig\u00eancia<\/strong><\/em><\/h3>\n<p style=\"text-align: justify;\">O governador do Rio de Janeiro, Cl\u00e1udio Castro, afirmou que a atua\u00e7\u00e3o conjunta de for\u00e7as de seguran\u00e7a federais, em apoio \u00e0s pol\u00edcias estaduais, n\u00e3o tem prazo para acabar. Castro se reuniu no fim da tarde com o ministro da Justi\u00e7a e Seguran\u00e7a P\u00fablica, Fl\u00e1vio Dino, em Bras\u00edlia, para alinhar detalhes do <a href=\"https:\/\/agenciabrasil.ebc.com.br\/geral\/noticia\/2023-10\/forca-nacional-e-prf-reforcarao-acoes-de-seguranca-no-rio-de-janeiro\" target=\"_blank\" rel=\"noopener\">plano operacional das a\u00e7\u00f5es de enfrentamento ao crime organizado<\/a>.<img decoding=\"async\" src=\"https:\/\/agenciabrasil.ebc.com.br\/ebc.png?id=1558731&amp;o=node\" \/>O envio de cerca de 300 agentes da For\u00e7a Nacional de Seguran\u00e7a foi autorizado por Dino, a pedido do governador, e inclui o envio de outros 270 homens da Pol\u00edcia Rodovi\u00e1ria Federal. Al\u00e9m disso, est\u00e3o sendo enviadas 50 viaturas, 22 carros blindados, um helic\u00f3ptero e um ve\u00edculo de resgate. O ponto inicial da \u201ca\u00e7\u00e3o integrada\u201d ser\u00e1 uma a\u00e7\u00e3o conjunta no Complexo da Mar\u00e9, mas que deve se expandir ao longo dos meses.<\/p>\n<p style=\"text-align: justify;\">\u201cVai ser enquanto for necess\u00e1rio. O que n\u00f3s imaginamos \u00e9, a partir da Mar\u00e9, come\u00e7ar que esse processo de investiga\u00e7\u00e3o v\u00e1 se irradiando para outras \u00e1reas. A Mar\u00e9 \u00e9 o ponto de partida, mas n\u00e3o \u00e9 o fim\u201d, disse Castro em entrevista a jornalistas ap\u00f3s a reuni\u00e3o no Minist\u00e9rio da Justi\u00e7a e Seguran\u00e7a P\u00fablica.<\/p>\n<p style=\"text-align: justify;\">O governador tamb\u00e9m destacou que o trabalho envolver\u00e1 prioritariamente a\u00e7\u00f5es de intelig\u00eancia, focadas em desestruturar as a\u00e7\u00f5es do crime organizado e assegurar a pris\u00e3o de lideran\u00e7as. \u201cQue a gente possa, sobretudo, prender lideran\u00e7as, fazer uma desestrutura\u00e7\u00e3o deles e fazer uma asfixia financeira nessas organiza\u00e7\u00f5es criminosas, sejam elas mil\u00edcias, narcomil\u00edcias, fac\u00e7\u00e3o A, B ou C\u201d, acrescentou.<\/p>\n<p style=\"text-align: justify;\">Ainda segundo o governador, um dos focos de atua\u00e7\u00e3o ser\u00e1 no enfrentamento \u00e0s chamadas &#8216;narcomil\u00edcias&#8217;, que s\u00e3o as associa\u00e7\u00f5es entre organiza\u00e7\u00f5es que atuam no tr\u00e1fico e as mil\u00edcias &#8211; grupos paramilitares que dominam territ\u00f3rios no estado do Rio de Janeiro.<\/p>\n<p style=\"text-align: justify;\">\u201cA for\u00e7a-tarefa estadual funcionou muito bem e provocou um enfraquecimento claro, n\u00edtido nelas [mil\u00edcias]. E a\u00ed o tr\u00e1fico come\u00e7ou a tentar conquistar as \u00e1reas de mil\u00edcia e, em alguns locais, eles acabaram se unindo, fazendo com o que a gente chama hoje de narcomil\u00edcias, que \u00e9 a uni\u00e3o entre o tr\u00e1fico e as mil\u00edcias. Com certeza \u00e9 preocupante, a gente vem combatendo isso e, dando certo a opera\u00e7\u00e3o na Mar\u00e9, como eu disse, a gente vai irradiar para outras comunidades\u201d.<\/p>\n<p style=\"text-align: justify;\">Ag\u00eancia Brasil<\/p>\n","protected":false},"excerpt":{"rendered":"<p>Governador diz que trabalho ser\u00e1 focado em intelig\u00eancia O governador do Rio de Janeiro, Cl\u00e1udio Castro, afirmou que a atua\u00e7\u00e3o conjunta de for\u00e7as de seguran\u00e7a federais, em apoio \u00e0s pol\u00edcias estaduais, n\u00e3o tem prazo para acabar. Castro se reuniu no fim da tarde com o ministro da Justi\u00e7a e Seguran\u00e7a P\u00fablica, Fl\u00e1vio Dino, em Bras\u00edlia, [&hellip;]<\/p>\n","protected":false},"author":2,"featured_media":28870,"comment_status":"open","ping_status":"open","sticky":false,"template":"","format":"standard","meta":{"footnotes":""},"categories":[68],"tags":[],"class_list":{"0":"post-28869","1":"post","2":"type-post","3":"status-publish","4":"format-standard","5":"has-post-thumbnail","7":"category-brasil"},"yoast_head":"<!-- This site is optimized with the Yoast SEO Premium plugin v24.5 (Yoast SEO v27.4) - https:\/\/yoast.com\/product\/yoast-seo-premium-wordpress\/ -->\n<title>Apoio de for\u00e7as federais no RJ \u00e9 por tempo indeterminado, diz Castro - P31<\/title>\n<meta name=\"robots\" content=\"index, follow, max-snippet:-1, max-image-preview:large, max-video-preview:-1\" \/>\n<link rel=\"canonical\" href=\"https:\/\/www.p31noticias.com.br\/?p=28869\" \/>\n<meta property=\"og:locale\" content=\"pt_BR\" \/>\n<meta property=\"og:type\" content=\"article\" \/>\n<meta property=\"og:title\" content=\"Apoio de for\u00e7as federais no RJ \u00e9 por tempo indeterminado, diz Castro\" \/>\n<meta property=\"og:description\" content=\"Governador diz que trabalho ser\u00e1 focado em intelig\u00eancia O governador do Rio de Janeiro, Cl\u00e1udio Castro, afirmou que a atua\u00e7\u00e3o conjunta de for\u00e7as de seguran\u00e7a federais, em apoio \u00e0s pol\u00edcias estaduais, n\u00e3o tem prazo para acabar. Castro se reuniu no fim da tarde com o ministro da Justi\u00e7a e Seguran\u00e7a P\u00fablica, Fl\u00e1vio Dino, em Bras\u00edlia, [&hellip;]\" \/>\n<meta property=\"og:url\" content=\"https:\/\/www.p31noticias.com.br\/?p=28869\" \/>\n<meta property=\"og:site_name\" content=\"P31\" \/>\n<meta property=\"article:published_time\" content=\"2023-10-03T03:43:30+00:00\" \/>\n<meta property=\"og:image\" content=\"https:\/\/www.p31noticias.com.br\/wp-content\/uploads\/2023\/10\/dsc1802.jpg\" \/>\n\t<meta property=\"og:image:width\" content=\"1170\" \/>\n\t<meta property=\"og:image:height\" content=\"700\" \/>\n\t<meta property=\"og:image:type\" content=\"image\/jpeg\" \/>\n<meta name=\"author\" content=\"Gon\u00e7alves Junior\" \/>\n<meta name=\"twitter:card\" content=\"summary_large_image\" \/>\n<meta name=\"twitter:label1\" content=\"Escrito por\" \/>\n\t<meta name=\"twitter:data1\" content=\"Gon\u00e7alves Junior\" \/>\n\t<meta name=\"twitter:label2\" content=\"Est. tempo de leitura\" \/>\n\t<meta name=\"twitter:data2\" content=\"2 minutos\" \/>\n<script type=\"application\/ld+json\" class=\"yoast-schema-graph\">{\"@context\":\"https:\\\/\\\/schema.org\",\"@graph\":[{\"@type\":\"Article\",\"@id\":\"https:\\\/\\\/www.p31noticias.com.br\\\/?p=28869#article\",\"isPartOf\":{\"@id\":\"https:\\\/\\\/www.p31noticias.com.br\\\/?p=28869\"},\"author\":{\"name\":\"Gon\u00e7alves Junior\",\"@id\":\"https:\\\/\\\/www.p31noticias.com.br\\\/#\\\/schema\\\/person\\\/95f2ece30e3b4132065b915150cd0f94\"},\"headline\":\"Apoio de for\u00e7as federais no RJ \u00e9 por tempo indeterminado, diz Castro\",\"datePublished\":\"2023-10-03T03:43:30+00:00\",\"mainEntityOfPage\":{\"@id\":\"https:\\\/\\\/www.p31noticias.com.br\\\/?p=28869\"},\"wordCount\":440,\"commentCount\":0,\"image\":{\"@id\":\"https:\\\/\\\/www.p31noticias.com.br\\\/?p=28869#primaryimage\"},\"thumbnailUrl\":\"https:\\\/\\\/www.p31noticias.com.br\\\/wp-content\\\/uploads\\\/2023\\\/10\\\/dsc1802.jpg\",\"articleSection\":[\"Brasil\"],\"inLanguage\":\"pt-BR\",\"potentialAction\":[{\"@type\":\"CommentAction\",\"name\":\"Comment\",\"target\":[\"https:\\\/\\\/www.p31noticias.com.br\\\/?p=28869#respond\"]}],\"copyrightYear\":\"2023\",\"copyrightHolder\":{\"@id\":\"https:\\\/\\\/www.p31noticias.com.br\\\/#organization\"}},{\"@type\":\"WebPage\",\"@id\":\"https:\\\/\\\/www.p31noticias.com.br\\\/?p=28869\",\"url\":\"https:\\\/\\\/www.p31noticias.com.br\\\/?p=28869\",\"name\":\"Apoio de for\u00e7as federais no RJ \u00e9 por tempo indeterminado, diz Castro - P31\",\"isPartOf\":{\"@id\":\"https:\\\/\\\/www.p31noticias.com.br\\\/#website\"},\"primaryImageOfPage\":{\"@id\":\"https:\\\/\\\/www.p31noticias.com.br\\\/?p=28869#primaryimage\"},\"image\":{\"@id\":\"https:\\\/\\\/www.p31noticias.com.br\\\/?p=28869#primaryimage\"},\"thumbnailUrl\":\"https:\\\/\\\/www.p31noticias.com.br\\\/wp-content\\\/uploads\\\/2023\\\/10\\\/dsc1802.jpg\",\"datePublished\":\"2023-10-03T03:43:30+00:00\",\"author\":{\"@id\":\"https:\\\/\\\/www.p31noticias.com.br\\\/#\\\/schema\\\/person\\\/95f2ece30e3b4132065b915150cd0f94\"},\"breadcrumb\":{\"@id\":\"https:\\\/\\\/www.p31noticias.com.br\\\/?p=28869#breadcrumb\"},\"inLanguage\":\"pt-BR\",\"potentialAction\":[{\"@type\":\"ReadAction\",\"target\":[\"https:\\\/\\\/www.p31noticias.com.br\\\/?p=28869\"]}]},{\"@type\":\"ImageObject\",\"inLanguage\":\"pt-BR\",\"@id\":\"https:\\\/\\\/www.p31noticias.com.br\\\/?p=28869#primaryimage\",\"url\":\"https:\\\/\\\/www.p31noticias.com.br\\\/wp-content\\\/uploads\\\/2023\\\/10\\\/dsc1802.jpg\",\"contentUrl\":\"https:\\\/\\\/www.p31noticias.com.br\\\/wp-content\\\/uploads\\\/2023\\\/10\\\/dsc1802.jpg\",\"width\":1170,\"height\":700,\"caption\":\"Rio de Janeiro (RJ), 29\\\/09\\\/2023 \u2013 O governador do Rio de Janeiro, Cl\u00e1udio Castro durante reuni\u00e3o com autoridades da seguran\u00e7a p\u00fablica no Pal\u00e1cio Guanabara, em Laranjeiras, zona sul da capital fluminense. Foto: Tomaz Silva\\\/Ag\u00eancia Brasil\"},{\"@type\":\"BreadcrumbList\",\"@id\":\"https:\\\/\\\/www.p31noticias.com.br\\\/?p=28869#breadcrumb\",\"itemListElement\":[{\"@type\":\"ListItem\",\"position\":1,\"name\":\"In\u00edcio\",\"item\":\"https:\\\/\\\/www.p31noticias.com.br\\\/\"},{\"@type\":\"ListItem\",\"position\":2,\"name\":\"Apoio de for\u00e7as federais no RJ \u00e9 por tempo indeterminado, diz Castro\"}]},{\"@type\":\"WebSite\",\"@id\":\"https:\\\/\\\/www.p31noticias.com.br\\\/#website\",\"url\":\"https:\\\/\\\/www.p31noticias.com.br\\\/\",\"name\":\"P31\",\"description\":\"NOT\u00cdCIAS\",\"potentialAction\":[{\"@type\":\"SearchAction\",\"target\":{\"@type\":\"EntryPoint\",\"urlTemplate\":\"https:\\\/\\\/www.p31noticias.com.br\\\/?s={search_term_string}\"},\"query-input\":{\"@type\":\"PropertyValueSpecification\",\"valueRequired\":true,\"valueName\":\"search_term_string\"}}],\"inLanguage\":\"pt-BR\"},{\"@type\":\"Person\",\"@id\":\"https:\\\/\\\/www.p31noticias.com.br\\\/#\\\/schema\\\/person\\\/95f2ece30e3b4132065b915150cd0f94\",\"name\":\"Gon\u00e7alves Junior\",\"image\":{\"@type\":\"ImageObject\",\"inLanguage\":\"pt-BR\",\"@id\":\"https:\\\/\\\/secure.gravatar.com\\\/avatar\\\/6711f350116a89762687a48d66f723c799e5438a5b7578508d4294cd7a5d0800?s=96&d=mm&r=g\",\"url\":\"https:\\\/\\\/secure.gravatar.com\\\/avatar\\\/6711f350116a89762687a48d66f723c799e5438a5b7578508d4294cd7a5d0800?s=96&d=mm&r=g\",\"contentUrl\":\"https:\\\/\\\/secure.gravatar.com\\\/avatar\\\/6711f350116a89762687a48d66f723c799e5438a5b7578508d4294cd7a5d0800?s=96&d=mm&r=g\",\"caption\":\"Gon\u00e7alves Junior\"},\"url\":\"https:\\\/\\\/www.p31noticias.com.br\\\/?author=2\"}]}<\/script>\n<!-- \/ Yoast SEO Premium plugin. -->","yoast_head_json":{"title":"Apoio de for\u00e7as federais no RJ \u00e9 por tempo indeterminado, diz Castro - P31","robots":{"index":"index","follow":"follow","max-snippet":"max-snippet:-1","max-image-preview":"max-image-preview:large","max-video-preview":"max-video-preview:-1"},"canonical":"https:\/\/www.p31noticias.com.br\/?p=28869","og_locale":"pt_BR","og_type":"article","og_title":"Apoio de for\u00e7as federais no RJ \u00e9 por tempo indeterminado, diz Castro","og_description":"Governador diz que trabalho ser\u00e1 focado em intelig\u00eancia O governador do Rio de Janeiro, Cl\u00e1udio Castro, afirmou que a atua\u00e7\u00e3o conjunta de for\u00e7as de seguran\u00e7a federais, em apoio \u00e0s pol\u00edcias estaduais, n\u00e3o tem prazo para acabar. Castro se reuniu no fim da tarde com o ministro da Justi\u00e7a e Seguran\u00e7a P\u00fablica, Fl\u00e1vio Dino, em Bras\u00edlia, [&hellip;]","og_url":"https:\/\/www.p31noticias.com.br\/?p=28869","og_site_name":"P31","article_published_time":"2023-10-03T03:43:30+00:00","og_image":[{"width":1170,"height":700,"url":"https:\/\/www.p31noticias.com.br\/wp-content\/uploads\/2023\/10\/dsc1802.jpg","type":"image\/jpeg"}],"author":"Gon\u00e7alves Junior","twitter_card":"summary_large_image","twitter_misc":{"Escrito por":"Gon\u00e7alves Junior","Est. tempo de leitura":"2 minutos"},"schema":{"@context":"https:\/\/schema.org","@graph":[{"@type":"Article","@id":"https:\/\/www.p31noticias.com.br\/?p=28869#article","isPartOf":{"@id":"https:\/\/www.p31noticias.com.br\/?p=28869"},"author":{"name":"Gon\u00e7alves Junior","@id":"https:\/\/www.p31noticias.com.br\/#\/schema\/person\/95f2ece30e3b4132065b915150cd0f94"},"headline":"Apoio de for\u00e7as federais no RJ \u00e9 por tempo indeterminado, diz Castro","datePublished":"2023-10-03T03:43:30+00:00","mainEntityOfPage":{"@id":"https:\/\/www.p31noticias.com.br\/?p=28869"},"wordCount":440,"commentCount":0,"image":{"@id":"https:\/\/www.p31noticias.com.br\/?p=28869#primaryimage"},"thumbnailUrl":"https:\/\/www.p31noticias.com.br\/wp-content\/uploads\/2023\/10\/dsc1802.jpg","articleSection":["Brasil"],"inLanguage":"pt-BR","potentialAction":[{"@type":"CommentAction","name":"Comment","target":["https:\/\/www.p31noticias.com.br\/?p=28869#respond"]}],"copyrightYear":"2023","copyrightHolder":{"@id":"https:\/\/www.p31noticias.com.br\/#organization"}},{"@type":"WebPage","@id":"https:\/\/www.p31noticias.com.br\/?p=28869","url":"https:\/\/www.p31noticias.com.br\/?p=28869","name":"Apoio de for\u00e7as federais no RJ \u00e9 por tempo indeterminado, diz Castro - P31","isPartOf":{"@id":"https:\/\/www.p31noticias.com.br\/#website"},"primaryImageOfPage":{"@id":"https:\/\/www.p31noticias.com.br\/?p=28869#primaryimage"},"image":{"@id":"https:\/\/www.p31noticias.com.br\/?p=28869#primaryimage"},"thumbnailUrl":"https:\/\/www.p31noticias.com.br\/wp-content\/uploads\/2023\/10\/dsc1802.jpg","datePublished":"2023-10-03T03:43:30+00:00","author":{"@id":"https:\/\/www.p31noticias.com.br\/#\/schema\/person\/95f2ece30e3b4132065b915150cd0f94"},"breadcrumb":{"@id":"https:\/\/www.p31noticias.com.br\/?p=28869#breadcrumb"},"inLanguage":"pt-BR","potentialAction":[{"@type":"ReadAction","target":["https:\/\/www.p31noticias.com.br\/?p=28869"]}]},{"@type":"ImageObject","inLanguage":"pt-BR","@id":"https:\/\/www.p31noticias.com.br\/?p=28869#primaryimage","url":"https:\/\/www.p31noticias.com.br\/wp-content\/uploads\/2023\/10\/dsc1802.jpg","contentUrl":"https:\/\/www.p31noticias.com.br\/wp-content\/uploads\/2023\/10\/dsc1802.jpg","width":1170,"height":700,"caption":"Rio de Janeiro (RJ), 29\/09\/2023 \u2013 O governador do Rio de Janeiro, Cl\u00e1udio Castro durante reuni\u00e3o com autoridades da seguran\u00e7a p\u00fablica no Pal\u00e1cio Guanabara, em Laranjeiras, zona sul da capital fluminense. Foto: Tomaz Silva\/Ag\u00eancia Brasil"},{"@type":"BreadcrumbList","@id":"https:\/\/www.p31noticias.com.br\/?p=28869#breadcrumb","itemListElement":[{"@type":"ListItem","position":1,"name":"In\u00edcio","item":"https:\/\/www.p31noticias.com.br\/"},{"@type":"ListItem","position":2,"name":"Apoio de for\u00e7as federais no RJ \u00e9 por tempo indeterminado, diz Castro"}]},{"@type":"WebSite","@id":"https:\/\/www.p31noticias.com.br\/#website","url":"https:\/\/www.p31noticias.com.br\/","name":"P31","description":"NOT\u00cdCIAS","potentialAction":[{"@type":"SearchAction","target":{"@type":"EntryPoint","urlTemplate":"https:\/\/www.p31noticias.com.br\/?s={search_term_string}"},"query-input":{"@type":"PropertyValueSpecification","valueRequired":true,"valueName":"search_term_string"}}],"inLanguage":"pt-BR"},{"@type":"Person","@id":"https:\/\/www.p31noticias.com.br\/#\/schema\/person\/95f2ece30e3b4132065b915150cd0f94","name":"Gon\u00e7alves Junior","image":{"@type":"ImageObject","inLanguage":"pt-BR","@id":"https:\/\/secure.gravatar.com\/avatar\/6711f350116a89762687a48d66f723c799e5438a5b7578508d4294cd7a5d0800?s=96&d=mm&r=g","url":"https:\/\/secure.gravatar.com\/avatar\/6711f350116a89762687a48d66f723c799e5438a5b7578508d4294cd7a5d0800?s=96&d=mm&r=g","contentUrl":"https:\/\/secure.gravatar.com\/avatar\/6711f350116a89762687a48d66f723c799e5438a5b7578508d4294cd7a5d0800?s=96&d=mm&r=g","caption":"Gon\u00e7alves Junior"},"url":"https:\/\/www.p31noticias.com.br\/?author=2"}]}},"amp_enabled":true,"_links":{"self":[{"href":"https:\/\/www.p31noticias.com.br\/index.php?rest_route=\/wp\/v2\/posts\/28869","targetHints":{"allow":["GET"]}}],"collection":[{"href":"https:\/\/www.p31noticias.com.br\/index.php?rest_route=\/wp\/v2\/posts"}],"about":[{"href":"https:\/\/www.p31noticias.com.br\/index.php?rest_route=\/wp\/v2\/types\/post"}],"author":[{"embeddable":true,"href":"https:\/\/www.p31noticias.com.br\/index.php?rest_route=\/wp\/v2\/users\/2"}],"replies":[{"embeddable":true,"href":"https:\/\/www.p31noticias.com.br\/index.php?rest_route=%2Fwp%2Fv2%2Fcomments&post=28869"}],"version-history":[{"count":1,"href":"https:\/\/www.p31noticias.com.br\/index.php?rest_route=\/wp\/v2\/posts\/28869\/revisions"}],"predecessor-version":[{"id":28871,"href":"https:\/\/www.p31noticias.com.br\/index.php?rest_route=\/wp\/v2\/posts\/28869\/revisions\/28871"}],"wp:featuredmedia":[{"embeddable":true,"href":"https:\/\/www.p31noticias.com.br\/index.php?rest_route=\/wp\/v2\/media\/28870"}],"wp:attachment":[{"href":"https:\/\/www.p31noticias.com.br\/index.php?rest_route=%2Fwp%2Fv2%2Fmedia&parent=28869"}],"wp:term":[{"taxonomy":"category","embeddable":true,"href":"https:\/\/www.p31noticias.com.br\/index.php?rest_route=%2Fwp%2Fv2%2Fcategories&post=28869"},{"taxonomy":"post_tag","embeddable":true,"href":"https:\/\/www.p31noticias.com.br\/index.php?rest_route=%2Fwp%2Fv2%2Ftags&post=28869"}],"curies":[{"name":"wp","href":"https:\/\/api.w.org\/{rel}","templated":true}]}}