{"id":28863,"date":"2023-10-03T00:34:39","date_gmt":"2023-10-03T03:34:39","guid":{"rendered":"https:\/\/p31noticias.com.br\/?p=28863"},"modified":"2023-10-03T00:34:39","modified_gmt":"2023-10-03T03:34:39","slug":"participacao-na-escolha-de-conselhos-tutelares-cresce-mais-de-25","status":"publish","type":"post","link":"https:\/\/www.p31noticias.com.br\/?p=28863","title":{"rendered":"Participa\u00e7\u00e3o na escolha de conselhos tutelares cresce mais de 25%"},"content":{"rendered":"<h3 class=\"col-10 offset-1 animated fadeInDown dealy-900 display-8 display-md-8 alt-font font-italic my-1 text-center\" style=\"text-align: justify;\"><em><strong>C\u00e1lculo foi feito nos 22 capitais que conclu\u00edram apura\u00e7\u00e3o dos votos<\/strong><\/em><\/h3>\n<p style=\"text-align: justify;\">O n\u00famero de brasileiros que participaram das elei\u00e7\u00f5es dos conselhos tutelares aumentou 25,8% em 22 capitais. \u00a0<img decoding=\"async\" src=\"https:\/\/agenciabrasil.ebc.com.br\/ebc.png?id=1558700&amp;o=node\" \/>Nessas capitais, onde a apura\u00e7\u00e3o dos votos j\u00e1 foi conclu\u00edda, foram 1,6 milh\u00e3o de votos nas elei\u00e7\u00f5es deste domingo (1\u00ba) ante\u00a01,2 milh\u00e3o do pleito anterior, realizado em 2019.<\/p>\n<p style=\"text-align: justify;\">Entre as capitais com mais participa\u00e7\u00e3o est\u00e3o Salvador, Florian\u00f3polis, Bras\u00edlia e S\u00e3o Paulo. Na capital baiana, o aumento foi de 30 mil para mais de 69 mil votos.<\/p>\n<p style=\"text-align: justify;\">Em Florian\u00f3polis, a participa\u00e7\u00e3o dos eleitores dobrou, de 4,7 mil para cerca de 9,7 mil. Na capital federal, foram 76 mil eleitores a mais, e na capital paulista, 56 mil.<\/p>\n<p style=\"text-align: justify;\">Para o Minist\u00e9rio dos Direitos Humanos e da Cidadania, o maior comparecimento da popula\u00e7\u00e3o \u00e0s urnas est\u00e1 relacionada ao fato de o pleito ter sido realizado em todo o pa\u00eds de uma \u00fanica vez.<\/p>\n<div class=\"dnd-widget-wrapper context-cheio_8colunas type-image\" style=\"text-align: justify;\">\n<div class=\"dnd-atom-rendered\">\n<div class=\"shadow overflow-hidden rounded-lg d-block w-100\"><img decoding=\"async\" class=\"flex-fill img-cover\" title=\"Minist\u00e9rio dos Direitos Humanos\" src=\"https:\/\/imagens.ebc.com.br\/ytM8_D5kUMU8XLs1cr_pzcckqNg=\/754x0\/smart\/https:\/\/agenciabrasil.ebc.com.br\/sites\/default\/files\/thumbnails\/image\/6cd7c3d8-4923-4628-8840-ddfd72f493c3.jpeg?itok=lmPT6apR\" alt=\"02\/10\/2023, Participa\u00e7\u00e3o na escolha de conselhos tutelares cresce mais de 25%. Foto: Minist\u00e9rio dos Direitos Humanos\" \/><\/div>\n<\/div>\n<div class=\"dnd-caption-wrapper\">\n<h6 class=\"meta\">Participa\u00e7\u00e3o na escolha de conselhos tutelares cresce mais de 25%\u00a0&#8211;\u00a0<strong>Minist\u00e9rio dos Direitos Humanos<\/strong><\/h6>\n<\/div>\n<\/div>\n<p style=\"text-align: justify;\">No pleito, mais de 30 mil conselheiros tutelares foram eleitos e tomar\u00e3o posse em 10 de janeiro de 2024\u00a0para mandato at\u00e9 2027.<\/p>\n<p style=\"text-align: justify;\">Os conselheiros s\u00e3o respons\u00e1veis por\u00a0atender crian\u00e7as e adolescentes e tomar medidas para que sejam protegidas, conforme prev\u00ea o Estatuto da Crian\u00e7a e do Adolescente (ECA).<\/p>\n<h2 style=\"text-align: justify;\">Elei\u00e7\u00f5es adiadas<\/h2>\n<p style=\"text-align: justify;\">Em 18 munic\u00edpios, as elei\u00e7\u00f5es foram adiadas. Desses locais, quatro est\u00e3o no\u00a0Rio Grande do Sul, estado afetado por fortes chuvas O pleito foi adiado ainda em Natal por problema na distribui\u00e7\u00e3o das urnas eletr\u00f4nicas.<\/p>\n<p style=\"text-align: justify;\">Em algumas cidades, foi identificada elei\u00e7\u00e3o indireta, o que \u00e9 proibida pelo Estatuto da Crian\u00e7a e do Adolescente (ECA). S\u00e3o elas: Uberl\u00e2ndia (MG), Rio Largo (AL) e Santana do Ipanema (AL). Nesses casos, o minist\u00e9rio ir\u00e1 acionar a Advocacia-Geral da Uni\u00e3o e o Minist\u00e9rio P\u00fablico para que os conselheiros tutelares sejam eleitos pelo voto direto.<\/p>\n<p style=\"text-align: justify;\">Ag\u00eancia Brasil<\/p>\n","protected":false},"excerpt":{"rendered":"<p>C\u00e1lculo foi feito nos 22 capitais que conclu\u00edram apura\u00e7\u00e3o dos votos O n\u00famero de brasileiros que participaram das elei\u00e7\u00f5es dos conselhos tutelares aumentou 25,8% em 22 capitais. \u00a0Nessas capitais, onde a apura\u00e7\u00e3o dos votos j\u00e1 foi conclu\u00edda, foram 1,6 milh\u00e3o de votos nas elei\u00e7\u00f5es deste domingo (1\u00ba) ante\u00a01,2 milh\u00e3o do pleito anterior, realizado em 2019. [&hellip;]<\/p>\n","protected":false},"author":2,"featured_media":28864,"comment_status":"open","ping_status":"open","sticky":false,"template":"","format":"standard","meta":{"footnotes":""},"categories":[68],"tags":[],"class_list":{"0":"post-28863","1":"post","2":"type-post","3":"status-publish","4":"format-standard","5":"has-post-thumbnail","7":"category-brasil"},"yoast_head":"<!-- This site is optimized with the Yoast SEO Premium plugin v24.5 (Yoast SEO v27.4) - https:\/\/yoast.com\/product\/yoast-seo-premium-wordpress\/ -->\n<title>Participa\u00e7\u00e3o na escolha de conselhos tutelares cresce mais de 25% - P31<\/title>\n<meta name=\"robots\" content=\"index, follow, max-snippet:-1, max-image-preview:large, max-video-preview:-1\" \/>\n<link rel=\"canonical\" href=\"https:\/\/www.p31noticias.com.br\/?p=28863\" \/>\n<meta property=\"og:locale\" content=\"pt_BR\" \/>\n<meta property=\"og:type\" content=\"article\" \/>\n<meta property=\"og:title\" content=\"Participa\u00e7\u00e3o na escolha de conselhos tutelares cresce mais de 25%\" \/>\n<meta property=\"og:description\" content=\"C\u00e1lculo foi feito nos 22 capitais que conclu\u00edram apura\u00e7\u00e3o dos votos O n\u00famero de brasileiros que participaram das elei\u00e7\u00f5es dos conselhos tutelares aumentou 25,8% em 22 capitais. \u00a0Nessas capitais, onde a apura\u00e7\u00e3o dos votos j\u00e1 foi conclu\u00edda, foram 1,6 milh\u00e3o de votos nas elei\u00e7\u00f5es deste domingo (1\u00ba) ante\u00a01,2 milh\u00e3o do pleito anterior, realizado em 2019. [&hellip;]\" \/>\n<meta property=\"og:url\" content=\"https:\/\/www.p31noticias.com.br\/?p=28863\" \/>\n<meta property=\"og:site_name\" content=\"P31\" \/>\n<meta property=\"article:published_time\" content=\"2023-10-03T03:34:39+00:00\" \/>\n<meta property=\"og:image\" content=\"https:\/\/www.p31noticias.com.br\/wp-content\/uploads\/2023\/10\/trbr5536.jpg\" \/>\n\t<meta property=\"og:image:width\" content=\"1170\" \/>\n\t<meta property=\"og:image:height\" content=\"700\" \/>\n\t<meta property=\"og:image:type\" content=\"image\/jpeg\" \/>\n<meta name=\"author\" content=\"Gon\u00e7alves Junior\" \/>\n<meta name=\"twitter:card\" content=\"summary_large_image\" \/>\n<meta name=\"twitter:label1\" content=\"Escrito por\" \/>\n\t<meta name=\"twitter:data1\" content=\"Gon\u00e7alves Junior\" \/>\n\t<meta name=\"twitter:label2\" content=\"Est. tempo de leitura\" \/>\n\t<meta name=\"twitter:data2\" content=\"2 minutos\" \/>\n<script type=\"application\/ld+json\" class=\"yoast-schema-graph\">{\"@context\":\"https:\\\/\\\/schema.org\",\"@graph\":[{\"@type\":\"Article\",\"@id\":\"https:\\\/\\\/www.p31noticias.com.br\\\/?p=28863#article\",\"isPartOf\":{\"@id\":\"https:\\\/\\\/www.p31noticias.com.br\\\/?p=28863\"},\"author\":{\"name\":\"Gon\u00e7alves Junior\",\"@id\":\"https:\\\/\\\/www.p31noticias.com.br\\\/#\\\/schema\\\/person\\\/95f2ece30e3b4132065b915150cd0f94\"},\"headline\":\"Participa\u00e7\u00e3o na escolha de conselhos tutelares cresce mais de 25%\",\"datePublished\":\"2023-10-03T03:34:39+00:00\",\"mainEntityOfPage\":{\"@id\":\"https:\\\/\\\/www.p31noticias.com.br\\\/?p=28863\"},\"wordCount\":338,\"commentCount\":0,\"image\":{\"@id\":\"https:\\\/\\\/www.p31noticias.com.br\\\/?p=28863#primaryimage\"},\"thumbnailUrl\":\"https:\\\/\\\/www.p31noticias.com.br\\\/wp-content\\\/uploads\\\/2023\\\/10\\\/trbr5536.jpg\",\"articleSection\":[\"Brasil\"],\"inLanguage\":\"pt-BR\",\"potentialAction\":[{\"@type\":\"CommentAction\",\"name\":\"Comment\",\"target\":[\"https:\\\/\\\/www.p31noticias.com.br\\\/?p=28863#respond\"]}],\"copyrightYear\":\"2023\",\"copyrightHolder\":{\"@id\":\"https:\\\/\\\/www.p31noticias.com.br\\\/#organization\"}},{\"@type\":\"WebPage\",\"@id\":\"https:\\\/\\\/www.p31noticias.com.br\\\/?p=28863\",\"url\":\"https:\\\/\\\/www.p31noticias.com.br\\\/?p=28863\",\"name\":\"Participa\u00e7\u00e3o na escolha de conselhos tutelares cresce mais de 25% - P31\",\"isPartOf\":{\"@id\":\"https:\\\/\\\/www.p31noticias.com.br\\\/#website\"},\"primaryImageOfPage\":{\"@id\":\"https:\\\/\\\/www.p31noticias.com.br\\\/?p=28863#primaryimage\"},\"image\":{\"@id\":\"https:\\\/\\\/www.p31noticias.com.br\\\/?p=28863#primaryimage\"},\"thumbnailUrl\":\"https:\\\/\\\/www.p31noticias.com.br\\\/wp-content\\\/uploads\\\/2023\\\/10\\\/trbr5536.jpg\",\"datePublished\":\"2023-10-03T03:34:39+00:00\",\"author\":{\"@id\":\"https:\\\/\\\/www.p31noticias.com.br\\\/#\\\/schema\\\/person\\\/95f2ece30e3b4132065b915150cd0f94\"},\"breadcrumb\":{\"@id\":\"https:\\\/\\\/www.p31noticias.com.br\\\/?p=28863#breadcrumb\"},\"inLanguage\":\"pt-BR\",\"potentialAction\":[{\"@type\":\"ReadAction\",\"target\":[\"https:\\\/\\\/www.p31noticias.com.br\\\/?p=28863\"]}]},{\"@type\":\"ImageObject\",\"inLanguage\":\"pt-BR\",\"@id\":\"https:\\\/\\\/www.p31noticias.com.br\\\/?p=28863#primaryimage\",\"url\":\"https:\\\/\\\/www.p31noticias.com.br\\\/wp-content\\\/uploads\\\/2023\\\/10\\\/trbr5536.jpg\",\"contentUrl\":\"https:\\\/\\\/www.p31noticias.com.br\\\/wp-content\\\/uploads\\\/2023\\\/10\\\/trbr5536.jpg\",\"width\":1170,\"height\":700},{\"@type\":\"BreadcrumbList\",\"@id\":\"https:\\\/\\\/www.p31noticias.com.br\\\/?p=28863#breadcrumb\",\"itemListElement\":[{\"@type\":\"ListItem\",\"position\":1,\"name\":\"In\u00edcio\",\"item\":\"https:\\\/\\\/www.p31noticias.com.br\\\/\"},{\"@type\":\"ListItem\",\"position\":2,\"name\":\"Participa\u00e7\u00e3o na escolha de conselhos tutelares cresce mais de 25%\"}]},{\"@type\":\"WebSite\",\"@id\":\"https:\\\/\\\/www.p31noticias.com.br\\\/#website\",\"url\":\"https:\\\/\\\/www.p31noticias.com.br\\\/\",\"name\":\"P31\",\"description\":\"NOT\u00cdCIAS\",\"potentialAction\":[{\"@type\":\"SearchAction\",\"target\":{\"@type\":\"EntryPoint\",\"urlTemplate\":\"https:\\\/\\\/www.p31noticias.com.br\\\/?s={search_term_string}\"},\"query-input\":{\"@type\":\"PropertyValueSpecification\",\"valueRequired\":true,\"valueName\":\"search_term_string\"}}],\"inLanguage\":\"pt-BR\"},{\"@type\":\"Person\",\"@id\":\"https:\\\/\\\/www.p31noticias.com.br\\\/#\\\/schema\\\/person\\\/95f2ece30e3b4132065b915150cd0f94\",\"name\":\"Gon\u00e7alves Junior\",\"image\":{\"@type\":\"ImageObject\",\"inLanguage\":\"pt-BR\",\"@id\":\"https:\\\/\\\/secure.gravatar.com\\\/avatar\\\/6711f350116a89762687a48d66f723c799e5438a5b7578508d4294cd7a5d0800?s=96&d=mm&r=g\",\"url\":\"https:\\\/\\\/secure.gravatar.com\\\/avatar\\\/6711f350116a89762687a48d66f723c799e5438a5b7578508d4294cd7a5d0800?s=96&d=mm&r=g\",\"contentUrl\":\"https:\\\/\\\/secure.gravatar.com\\\/avatar\\\/6711f350116a89762687a48d66f723c799e5438a5b7578508d4294cd7a5d0800?s=96&d=mm&r=g\",\"caption\":\"Gon\u00e7alves Junior\"},\"url\":\"https:\\\/\\\/www.p31noticias.com.br\\\/?author=2\"}]}<\/script>\n<!-- \/ Yoast SEO Premium plugin. -->","yoast_head_json":{"title":"Participa\u00e7\u00e3o na escolha de conselhos tutelares cresce mais de 25% - P31","robots":{"index":"index","follow":"follow","max-snippet":"max-snippet:-1","max-image-preview":"max-image-preview:large","max-video-preview":"max-video-preview:-1"},"canonical":"https:\/\/www.p31noticias.com.br\/?p=28863","og_locale":"pt_BR","og_type":"article","og_title":"Participa\u00e7\u00e3o na escolha de conselhos tutelares cresce mais de 25%","og_description":"C\u00e1lculo foi feito nos 22 capitais que conclu\u00edram apura\u00e7\u00e3o dos votos O n\u00famero de brasileiros que participaram das elei\u00e7\u00f5es dos conselhos tutelares aumentou 25,8% em 22 capitais. \u00a0Nessas capitais, onde a apura\u00e7\u00e3o dos votos j\u00e1 foi conclu\u00edda, foram 1,6 milh\u00e3o de votos nas elei\u00e7\u00f5es deste domingo (1\u00ba) ante\u00a01,2 milh\u00e3o do pleito anterior, realizado em 2019. [&hellip;]","og_url":"https:\/\/www.p31noticias.com.br\/?p=28863","og_site_name":"P31","article_published_time":"2023-10-03T03:34:39+00:00","og_image":[{"width":1170,"height":700,"url":"https:\/\/www.p31noticias.com.br\/wp-content\/uploads\/2023\/10\/trbr5536.jpg","type":"image\/jpeg"}],"author":"Gon\u00e7alves Junior","twitter_card":"summary_large_image","twitter_misc":{"Escrito por":"Gon\u00e7alves Junior","Est. tempo de leitura":"2 minutos"},"schema":{"@context":"https:\/\/schema.org","@graph":[{"@type":"Article","@id":"https:\/\/www.p31noticias.com.br\/?p=28863#article","isPartOf":{"@id":"https:\/\/www.p31noticias.com.br\/?p=28863"},"author":{"name":"Gon\u00e7alves Junior","@id":"https:\/\/www.p31noticias.com.br\/#\/schema\/person\/95f2ece30e3b4132065b915150cd0f94"},"headline":"Participa\u00e7\u00e3o na escolha de conselhos tutelares cresce mais de 25%","datePublished":"2023-10-03T03:34:39+00:00","mainEntityOfPage":{"@id":"https:\/\/www.p31noticias.com.br\/?p=28863"},"wordCount":338,"commentCount":0,"image":{"@id":"https:\/\/www.p31noticias.com.br\/?p=28863#primaryimage"},"thumbnailUrl":"https:\/\/www.p31noticias.com.br\/wp-content\/uploads\/2023\/10\/trbr5536.jpg","articleSection":["Brasil"],"inLanguage":"pt-BR","potentialAction":[{"@type":"CommentAction","name":"Comment","target":["https:\/\/www.p31noticias.com.br\/?p=28863#respond"]}],"copyrightYear":"2023","copyrightHolder":{"@id":"https:\/\/www.p31noticias.com.br\/#organization"}},{"@type":"WebPage","@id":"https:\/\/www.p31noticias.com.br\/?p=28863","url":"https:\/\/www.p31noticias.com.br\/?p=28863","name":"Participa\u00e7\u00e3o na escolha de conselhos tutelares cresce mais de 25% - P31","isPartOf":{"@id":"https:\/\/www.p31noticias.com.br\/#website"},"primaryImageOfPage":{"@id":"https:\/\/www.p31noticias.com.br\/?p=28863#primaryimage"},"image":{"@id":"https:\/\/www.p31noticias.com.br\/?p=28863#primaryimage"},"thumbnailUrl":"https:\/\/www.p31noticias.com.br\/wp-content\/uploads\/2023\/10\/trbr5536.jpg","datePublished":"2023-10-03T03:34:39+00:00","author":{"@id":"https:\/\/www.p31noticias.com.br\/#\/schema\/person\/95f2ece30e3b4132065b915150cd0f94"},"breadcrumb":{"@id":"https:\/\/www.p31noticias.com.br\/?p=28863#breadcrumb"},"inLanguage":"pt-BR","potentialAction":[{"@type":"ReadAction","target":["https:\/\/www.p31noticias.com.br\/?p=28863"]}]},{"@type":"ImageObject","inLanguage":"pt-BR","@id":"https:\/\/www.p31noticias.com.br\/?p=28863#primaryimage","url":"https:\/\/www.p31noticias.com.br\/wp-content\/uploads\/2023\/10\/trbr5536.jpg","contentUrl":"https:\/\/www.p31noticias.com.br\/wp-content\/uploads\/2023\/10\/trbr5536.jpg","width":1170,"height":700},{"@type":"BreadcrumbList","@id":"https:\/\/www.p31noticias.com.br\/?p=28863#breadcrumb","itemListElement":[{"@type":"ListItem","position":1,"name":"In\u00edcio","item":"https:\/\/www.p31noticias.com.br\/"},{"@type":"ListItem","position":2,"name":"Participa\u00e7\u00e3o na escolha de conselhos tutelares cresce mais de 25%"}]},{"@type":"WebSite","@id":"https:\/\/www.p31noticias.com.br\/#website","url":"https:\/\/www.p31noticias.com.br\/","name":"P31","description":"NOT\u00cdCIAS","potentialAction":[{"@type":"SearchAction","target":{"@type":"EntryPoint","urlTemplate":"https:\/\/www.p31noticias.com.br\/?s={search_term_string}"},"query-input":{"@type":"PropertyValueSpecification","valueRequired":true,"valueName":"search_term_string"}}],"inLanguage":"pt-BR"},{"@type":"Person","@id":"https:\/\/www.p31noticias.com.br\/#\/schema\/person\/95f2ece30e3b4132065b915150cd0f94","name":"Gon\u00e7alves Junior","image":{"@type":"ImageObject","inLanguage":"pt-BR","@id":"https:\/\/secure.gravatar.com\/avatar\/6711f350116a89762687a48d66f723c799e5438a5b7578508d4294cd7a5d0800?s=96&d=mm&r=g","url":"https:\/\/secure.gravatar.com\/avatar\/6711f350116a89762687a48d66f723c799e5438a5b7578508d4294cd7a5d0800?s=96&d=mm&r=g","contentUrl":"https:\/\/secure.gravatar.com\/avatar\/6711f350116a89762687a48d66f723c799e5438a5b7578508d4294cd7a5d0800?s=96&d=mm&r=g","caption":"Gon\u00e7alves Junior"},"url":"https:\/\/www.p31noticias.com.br\/?author=2"}]}},"amp_enabled":true,"_links":{"self":[{"href":"https:\/\/www.p31noticias.com.br\/index.php?rest_route=\/wp\/v2\/posts\/28863","targetHints":{"allow":["GET"]}}],"collection":[{"href":"https:\/\/www.p31noticias.com.br\/index.php?rest_route=\/wp\/v2\/posts"}],"about":[{"href":"https:\/\/www.p31noticias.com.br\/index.php?rest_route=\/wp\/v2\/types\/post"}],"author":[{"embeddable":true,"href":"https:\/\/www.p31noticias.com.br\/index.php?rest_route=\/wp\/v2\/users\/2"}],"replies":[{"embeddable":true,"href":"https:\/\/www.p31noticias.com.br\/index.php?rest_route=%2Fwp%2Fv2%2Fcomments&post=28863"}],"version-history":[{"count":1,"href":"https:\/\/www.p31noticias.com.br\/index.php?rest_route=\/wp\/v2\/posts\/28863\/revisions"}],"predecessor-version":[{"id":28865,"href":"https:\/\/www.p31noticias.com.br\/index.php?rest_route=\/wp\/v2\/posts\/28863\/revisions\/28865"}],"wp:featuredmedia":[{"embeddable":true,"href":"https:\/\/www.p31noticias.com.br\/index.php?rest_route=\/wp\/v2\/media\/28864"}],"wp:attachment":[{"href":"https:\/\/www.p31noticias.com.br\/index.php?rest_route=%2Fwp%2Fv2%2Fmedia&parent=28863"}],"wp:term":[{"taxonomy":"category","embeddable":true,"href":"https:\/\/www.p31noticias.com.br\/index.php?rest_route=%2Fwp%2Fv2%2Fcategories&post=28863"},{"taxonomy":"post_tag","embeddable":true,"href":"https:\/\/www.p31noticias.com.br\/index.php?rest_route=%2Fwp%2Fv2%2Ftags&post=28863"}],"curies":[{"name":"wp","href":"https:\/\/api.w.org\/{rel}","templated":true}]}}