{"id":28860,"date":"2023-10-03T00:30:13","date_gmt":"2023-10-03T03:30:13","guid":{"rendered":"https:\/\/p31noticias.com.br\/?p=28860"},"modified":"2023-10-03T00:30:13","modified_gmt":"2023-10-03T03:30:13","slug":"para-reduzir-fila-inss-passa-a-conceder-auxilio-doenca-sem-pericia","status":"publish","type":"post","link":"https:\/\/www.p31noticias.com.br\/?p=28860","title":{"rendered":"Para reduzir fila, INSS passa a conceder aux\u00edlio doen\u00e7a sem per\u00edcia"},"content":{"rendered":"<h3 class=\"col-10 offset-1 animated fadeInDown dealy-900 display-8 display-md-8 alt-font font-italic my-1 text-center\" style=\"text-align: justify;\"><em><strong>Benef\u00edcio ser\u00e1 concedido com an\u00e1lise documental de atestados m\u00e9dicos<\/strong><\/em><\/h3>\n<p style=\"text-align: justify;\">O Instituto Nacional do Seguro Social (INSS) est\u00e1 autorizado a conceder o benef\u00edcio de aux\u00edlio doen\u00e7a somente com an\u00e1lise documental de atestados e laudos m\u00e9dicos, sem que o trabalhador formal precise agendar uma pericia presencial com m\u00e9dico federal.\u00a0<img decoding=\"async\" src=\"https:\/\/agenciabrasil.ebc.com.br\/ebc.png?id=1558689&amp;o=node\" \/>A medida foi adotada pelo Minist\u00e9rio da Previd\u00eancia Social, que enfrenta um ac\u00famulo de pedidos de aux\u00edlio por incapacidade tempor\u00e1ria, nome oficial do benef\u00edcio conhecido como aux\u00edlio doen\u00e7a.<\/p>\n<p style=\"text-align: justify;\">Hoje, a fila conta com mais de 1,1 milh\u00e3o de trabalhadores com carteira assinada no aguardo do aux\u00edlio. Desses, mais de 600 mil ainda aguardam o agendamento de per\u00edcia.<\/p>\n<p style=\"text-align: justify;\">Por meio de portaria publicada no Di\u00e1rio Oficial da Uni\u00e3o (DOU) na semana passada, o minist\u00e9rio regulamentou a concess\u00e3o do benef\u00edcio. Para solicitar, o segurado do INSS deve enviar toda documenta\u00e7\u00e3o, com assinatura verific\u00e1vel de profissionais registrados, por meio da\u00a0<a href=\"https:\/\/www.gov.br\/previdencia\/pt-br\/assuntos\/atestmed\" target=\"_blank\" rel=\"noopener\">plataforma Atestmed<\/a>, criada especificamente para isso.<\/p>\n<p style=\"text-align: justify;\">No caso de acidente de trabalho, \u00e9 obrigat\u00f3ria a apresenta\u00e7\u00e3o tamb\u00e9m da Comunica\u00e7\u00e3o de Acidente de Trabalho (CAT). Se todos os documentos estiverem de acordo com as regras, o aux\u00edlio doen\u00e7a dever\u00e1 ser concedido \u201ccom dispensa de parecer conclusivo da Per\u00edcia M\u00e9dica Federal quanto \u00e0 incapacidade laboral\u201d, diz a norma sobre o assunto.<\/p>\n<p style=\"text-align: justify;\">O governo tem tentado tamb\u00e9m outras estrat\u00e9gias para reduzir a fila do aux\u00edlio doen\u00e7a, como a liga\u00e7\u00e3o direta para que assegurados antecipem per\u00edcias j\u00e1 agendadas. Outra iniciativa \u00e9 o pagamento de b\u00f4nus por\u00a0<a href=\"https:\/\/agenciabrasil.ebc.com.br\/geral\/noticia\/2023-09\/inss-comeca-ligar-hoje-para-segurados-anteciparem-pericia\" target=\"_blank\" rel=\"noopener\">produtividade aos peritos e outros servidores<\/a>.<\/p>\n<p style=\"text-align: justify;\">Ag\u00eancia Brasil<\/p>\n","protected":false},"excerpt":{"rendered":"<p>Benef\u00edcio ser\u00e1 concedido com an\u00e1lise documental de atestados m\u00e9dicos O Instituto Nacional do Seguro Social (INSS) est\u00e1 autorizado a conceder o benef\u00edcio de aux\u00edlio doen\u00e7a somente com an\u00e1lise documental de atestados e laudos m\u00e9dicos, sem que o trabalhador formal precise agendar uma pericia presencial com m\u00e9dico federal.\u00a0A medida foi adotada pelo Minist\u00e9rio da Previd\u00eancia Social, [&hellip;]<\/p>\n","protected":false},"author":2,"featured_media":28861,"comment_status":"open","ping_status":"open","sticky":false,"template":"","format":"standard","meta":{"footnotes":""},"categories":[68],"tags":[],"class_list":{"0":"post-28860","1":"post","2":"type-post","3":"status-publish","4":"format-standard","5":"has-post-thumbnail","7":"category-brasil"},"yoast_head":"<!-- This site is optimized with the Yoast SEO Premium plugin v24.5 (Yoast SEO v27.4) - https:\/\/yoast.com\/product\/yoast-seo-premium-wordpress\/ -->\n<title>Para reduzir fila, INSS passa a conceder aux\u00edlio doen\u00e7a sem per\u00edcia - P31<\/title>\n<meta name=\"robots\" content=\"index, follow, max-snippet:-1, max-image-preview:large, max-video-preview:-1\" \/>\n<link rel=\"canonical\" href=\"https:\/\/www.p31noticias.com.br\/?p=28860\" \/>\n<meta property=\"og:locale\" content=\"pt_BR\" \/>\n<meta property=\"og:type\" content=\"article\" \/>\n<meta property=\"og:title\" content=\"Para reduzir fila, INSS passa a conceder aux\u00edlio doen\u00e7a sem per\u00edcia\" \/>\n<meta property=\"og:description\" content=\"Benef\u00edcio ser\u00e1 concedido com an\u00e1lise documental de atestados m\u00e9dicos O Instituto Nacional do Seguro Social (INSS) est\u00e1 autorizado a conceder o benef\u00edcio de aux\u00edlio doen\u00e7a somente com an\u00e1lise documental de atestados e laudos m\u00e9dicos, sem que o trabalhador formal precise agendar uma pericia presencial com m\u00e9dico federal.\u00a0A medida foi adotada pelo Minist\u00e9rio da Previd\u00eancia Social, [&hellip;]\" \/>\n<meta property=\"og:url\" content=\"https:\/\/www.p31noticias.com.br\/?p=28860\" \/>\n<meta property=\"og:site_name\" content=\"P31\" \/>\n<meta property=\"article:published_time\" content=\"2023-10-03T03:30:13+00:00\" \/>\n<meta property=\"og:image\" content=\"https:\/\/www.p31noticias.com.br\/wp-content\/uploads\/2023\/10\/fachada-ministerio_mcamgo_abr_100420231818-12.jpg\" \/>\n\t<meta property=\"og:image:width\" content=\"1170\" \/>\n\t<meta property=\"og:image:height\" content=\"700\" \/>\n\t<meta property=\"og:image:type\" content=\"image\/jpeg\" \/>\n<meta name=\"author\" content=\"Gon\u00e7alves Junior\" \/>\n<meta name=\"twitter:card\" content=\"summary_large_image\" \/>\n<meta name=\"twitter:label1\" content=\"Escrito por\" \/>\n\t<meta name=\"twitter:data1\" content=\"Gon\u00e7alves Junior\" \/>\n\t<meta name=\"twitter:label2\" content=\"Est. tempo de leitura\" \/>\n\t<meta name=\"twitter:data2\" content=\"1 minuto\" \/>\n<script type=\"application\/ld+json\" class=\"yoast-schema-graph\">{\"@context\":\"https:\\\/\\\/schema.org\",\"@graph\":[{\"@type\":\"Article\",\"@id\":\"https:\\\/\\\/www.p31noticias.com.br\\\/?p=28860#article\",\"isPartOf\":{\"@id\":\"https:\\\/\\\/www.p31noticias.com.br\\\/?p=28860\"},\"author\":{\"name\":\"Gon\u00e7alves Junior\",\"@id\":\"https:\\\/\\\/www.p31noticias.com.br\\\/#\\\/schema\\\/person\\\/95f2ece30e3b4132065b915150cd0f94\"},\"headline\":\"Para reduzir fila, INSS passa a conceder aux\u00edlio doen\u00e7a sem per\u00edcia\",\"datePublished\":\"2023-10-03T03:30:13+00:00\",\"mainEntityOfPage\":{\"@id\":\"https:\\\/\\\/www.p31noticias.com.br\\\/?p=28860\"},\"wordCount\":296,\"commentCount\":0,\"image\":{\"@id\":\"https:\\\/\\\/www.p31noticias.com.br\\\/?p=28860#primaryimage\"},\"thumbnailUrl\":\"https:\\\/\\\/www.p31noticias.com.br\\\/wp-content\\\/uploads\\\/2023\\\/10\\\/fachada-ministerio_mcamgo_abr_100420231818-12.jpg\",\"articleSection\":[\"Brasil\"],\"inLanguage\":\"pt-BR\",\"potentialAction\":[{\"@type\":\"CommentAction\",\"name\":\"Comment\",\"target\":[\"https:\\\/\\\/www.p31noticias.com.br\\\/?p=28860#respond\"]}],\"copyrightYear\":\"2023\",\"copyrightHolder\":{\"@id\":\"https:\\\/\\\/www.p31noticias.com.br\\\/#organization\"}},{\"@type\":\"WebPage\",\"@id\":\"https:\\\/\\\/www.p31noticias.com.br\\\/?p=28860\",\"url\":\"https:\\\/\\\/www.p31noticias.com.br\\\/?p=28860\",\"name\":\"Para reduzir fila, INSS passa a conceder aux\u00edlio doen\u00e7a sem per\u00edcia - P31\",\"isPartOf\":{\"@id\":\"https:\\\/\\\/www.p31noticias.com.br\\\/#website\"},\"primaryImageOfPage\":{\"@id\":\"https:\\\/\\\/www.p31noticias.com.br\\\/?p=28860#primaryimage\"},\"image\":{\"@id\":\"https:\\\/\\\/www.p31noticias.com.br\\\/?p=28860#primaryimage\"},\"thumbnailUrl\":\"https:\\\/\\\/www.p31noticias.com.br\\\/wp-content\\\/uploads\\\/2023\\\/10\\\/fachada-ministerio_mcamgo_abr_100420231818-12.jpg\",\"datePublished\":\"2023-10-03T03:30:13+00:00\",\"author\":{\"@id\":\"https:\\\/\\\/www.p31noticias.com.br\\\/#\\\/schema\\\/person\\\/95f2ece30e3b4132065b915150cd0f94\"},\"breadcrumb\":{\"@id\":\"https:\\\/\\\/www.p31noticias.com.br\\\/?p=28860#breadcrumb\"},\"inLanguage\":\"pt-BR\",\"potentialAction\":[{\"@type\":\"ReadAction\",\"target\":[\"https:\\\/\\\/www.p31noticias.com.br\\\/?p=28860\"]}]},{\"@type\":\"ImageObject\",\"inLanguage\":\"pt-BR\",\"@id\":\"https:\\\/\\\/www.p31noticias.com.br\\\/?p=28860#primaryimage\",\"url\":\"https:\\\/\\\/www.p31noticias.com.br\\\/wp-content\\\/uploads\\\/2023\\\/10\\\/fachada-ministerio_mcamgo_abr_100420231818-12.jpg\",\"contentUrl\":\"https:\\\/\\\/www.p31noticias.com.br\\\/wp-content\\\/uploads\\\/2023\\\/10\\\/fachada-ministerio_mcamgo_abr_100420231818-12.jpg\",\"width\":1170,\"height\":700,\"caption\":\"Bras\u00edlia (DF), 10\\\/04\\\/2023 - Fachada do minist\u00e9rio do Trabalho e Emprego e do minist\u00e9rio da Previd\u00eancia Social.\"},{\"@type\":\"BreadcrumbList\",\"@id\":\"https:\\\/\\\/www.p31noticias.com.br\\\/?p=28860#breadcrumb\",\"itemListElement\":[{\"@type\":\"ListItem\",\"position\":1,\"name\":\"In\u00edcio\",\"item\":\"https:\\\/\\\/www.p31noticias.com.br\\\/\"},{\"@type\":\"ListItem\",\"position\":2,\"name\":\"Para reduzir fila, INSS passa a conceder aux\u00edlio doen\u00e7a sem per\u00edcia\"}]},{\"@type\":\"WebSite\",\"@id\":\"https:\\\/\\\/www.p31noticias.com.br\\\/#website\",\"url\":\"https:\\\/\\\/www.p31noticias.com.br\\\/\",\"name\":\"P31\",\"description\":\"NOT\u00cdCIAS\",\"potentialAction\":[{\"@type\":\"SearchAction\",\"target\":{\"@type\":\"EntryPoint\",\"urlTemplate\":\"https:\\\/\\\/www.p31noticias.com.br\\\/?s={search_term_string}\"},\"query-input\":{\"@type\":\"PropertyValueSpecification\",\"valueRequired\":true,\"valueName\":\"search_term_string\"}}],\"inLanguage\":\"pt-BR\"},{\"@type\":\"Person\",\"@id\":\"https:\\\/\\\/www.p31noticias.com.br\\\/#\\\/schema\\\/person\\\/95f2ece30e3b4132065b915150cd0f94\",\"name\":\"Gon\u00e7alves Junior\",\"image\":{\"@type\":\"ImageObject\",\"inLanguage\":\"pt-BR\",\"@id\":\"https:\\\/\\\/secure.gravatar.com\\\/avatar\\\/6711f350116a89762687a48d66f723c799e5438a5b7578508d4294cd7a5d0800?s=96&d=mm&r=g\",\"url\":\"https:\\\/\\\/secure.gravatar.com\\\/avatar\\\/6711f350116a89762687a48d66f723c799e5438a5b7578508d4294cd7a5d0800?s=96&d=mm&r=g\",\"contentUrl\":\"https:\\\/\\\/secure.gravatar.com\\\/avatar\\\/6711f350116a89762687a48d66f723c799e5438a5b7578508d4294cd7a5d0800?s=96&d=mm&r=g\",\"caption\":\"Gon\u00e7alves Junior\"},\"url\":\"https:\\\/\\\/www.p31noticias.com.br\\\/?author=2\"}]}<\/script>\n<!-- \/ Yoast SEO Premium plugin. -->","yoast_head_json":{"title":"Para reduzir fila, INSS passa a conceder aux\u00edlio doen\u00e7a sem per\u00edcia - P31","robots":{"index":"index","follow":"follow","max-snippet":"max-snippet:-1","max-image-preview":"max-image-preview:large","max-video-preview":"max-video-preview:-1"},"canonical":"https:\/\/www.p31noticias.com.br\/?p=28860","og_locale":"pt_BR","og_type":"article","og_title":"Para reduzir fila, INSS passa a conceder aux\u00edlio doen\u00e7a sem per\u00edcia","og_description":"Benef\u00edcio ser\u00e1 concedido com an\u00e1lise documental de atestados m\u00e9dicos O Instituto Nacional do Seguro Social (INSS) est\u00e1 autorizado a conceder o benef\u00edcio de aux\u00edlio doen\u00e7a somente com an\u00e1lise documental de atestados e laudos m\u00e9dicos, sem que o trabalhador formal precise agendar uma pericia presencial com m\u00e9dico federal.\u00a0A medida foi adotada pelo Minist\u00e9rio da Previd\u00eancia Social, [&hellip;]","og_url":"https:\/\/www.p31noticias.com.br\/?p=28860","og_site_name":"P31","article_published_time":"2023-10-03T03:30:13+00:00","og_image":[{"width":1170,"height":700,"url":"https:\/\/www.p31noticias.com.br\/wp-content\/uploads\/2023\/10\/fachada-ministerio_mcamgo_abr_100420231818-12.jpg","type":"image\/jpeg"}],"author":"Gon\u00e7alves Junior","twitter_card":"summary_large_image","twitter_misc":{"Escrito por":"Gon\u00e7alves Junior","Est. tempo de leitura":"1 minuto"},"schema":{"@context":"https:\/\/schema.org","@graph":[{"@type":"Article","@id":"https:\/\/www.p31noticias.com.br\/?p=28860#article","isPartOf":{"@id":"https:\/\/www.p31noticias.com.br\/?p=28860"},"author":{"name":"Gon\u00e7alves Junior","@id":"https:\/\/www.p31noticias.com.br\/#\/schema\/person\/95f2ece30e3b4132065b915150cd0f94"},"headline":"Para reduzir fila, INSS passa a conceder aux\u00edlio doen\u00e7a sem per\u00edcia","datePublished":"2023-10-03T03:30:13+00:00","mainEntityOfPage":{"@id":"https:\/\/www.p31noticias.com.br\/?p=28860"},"wordCount":296,"commentCount":0,"image":{"@id":"https:\/\/www.p31noticias.com.br\/?p=28860#primaryimage"},"thumbnailUrl":"https:\/\/www.p31noticias.com.br\/wp-content\/uploads\/2023\/10\/fachada-ministerio_mcamgo_abr_100420231818-12.jpg","articleSection":["Brasil"],"inLanguage":"pt-BR","potentialAction":[{"@type":"CommentAction","name":"Comment","target":["https:\/\/www.p31noticias.com.br\/?p=28860#respond"]}],"copyrightYear":"2023","copyrightHolder":{"@id":"https:\/\/www.p31noticias.com.br\/#organization"}},{"@type":"WebPage","@id":"https:\/\/www.p31noticias.com.br\/?p=28860","url":"https:\/\/www.p31noticias.com.br\/?p=28860","name":"Para reduzir fila, INSS passa a conceder aux\u00edlio doen\u00e7a sem per\u00edcia - P31","isPartOf":{"@id":"https:\/\/www.p31noticias.com.br\/#website"},"primaryImageOfPage":{"@id":"https:\/\/www.p31noticias.com.br\/?p=28860#primaryimage"},"image":{"@id":"https:\/\/www.p31noticias.com.br\/?p=28860#primaryimage"},"thumbnailUrl":"https:\/\/www.p31noticias.com.br\/wp-content\/uploads\/2023\/10\/fachada-ministerio_mcamgo_abr_100420231818-12.jpg","datePublished":"2023-10-03T03:30:13+00:00","author":{"@id":"https:\/\/www.p31noticias.com.br\/#\/schema\/person\/95f2ece30e3b4132065b915150cd0f94"},"breadcrumb":{"@id":"https:\/\/www.p31noticias.com.br\/?p=28860#breadcrumb"},"inLanguage":"pt-BR","potentialAction":[{"@type":"ReadAction","target":["https:\/\/www.p31noticias.com.br\/?p=28860"]}]},{"@type":"ImageObject","inLanguage":"pt-BR","@id":"https:\/\/www.p31noticias.com.br\/?p=28860#primaryimage","url":"https:\/\/www.p31noticias.com.br\/wp-content\/uploads\/2023\/10\/fachada-ministerio_mcamgo_abr_100420231818-12.jpg","contentUrl":"https:\/\/www.p31noticias.com.br\/wp-content\/uploads\/2023\/10\/fachada-ministerio_mcamgo_abr_100420231818-12.jpg","width":1170,"height":700,"caption":"Bras\u00edlia (DF), 10\/04\/2023 - Fachada do minist\u00e9rio do Trabalho e Emprego e do minist\u00e9rio da Previd\u00eancia Social."},{"@type":"BreadcrumbList","@id":"https:\/\/www.p31noticias.com.br\/?p=28860#breadcrumb","itemListElement":[{"@type":"ListItem","position":1,"name":"In\u00edcio","item":"https:\/\/www.p31noticias.com.br\/"},{"@type":"ListItem","position":2,"name":"Para reduzir fila, INSS passa a conceder aux\u00edlio doen\u00e7a sem per\u00edcia"}]},{"@type":"WebSite","@id":"https:\/\/www.p31noticias.com.br\/#website","url":"https:\/\/www.p31noticias.com.br\/","name":"P31","description":"NOT\u00cdCIAS","potentialAction":[{"@type":"SearchAction","target":{"@type":"EntryPoint","urlTemplate":"https:\/\/www.p31noticias.com.br\/?s={search_term_string}"},"query-input":{"@type":"PropertyValueSpecification","valueRequired":true,"valueName":"search_term_string"}}],"inLanguage":"pt-BR"},{"@type":"Person","@id":"https:\/\/www.p31noticias.com.br\/#\/schema\/person\/95f2ece30e3b4132065b915150cd0f94","name":"Gon\u00e7alves Junior","image":{"@type":"ImageObject","inLanguage":"pt-BR","@id":"https:\/\/secure.gravatar.com\/avatar\/6711f350116a89762687a48d66f723c799e5438a5b7578508d4294cd7a5d0800?s=96&d=mm&r=g","url":"https:\/\/secure.gravatar.com\/avatar\/6711f350116a89762687a48d66f723c799e5438a5b7578508d4294cd7a5d0800?s=96&d=mm&r=g","contentUrl":"https:\/\/secure.gravatar.com\/avatar\/6711f350116a89762687a48d66f723c799e5438a5b7578508d4294cd7a5d0800?s=96&d=mm&r=g","caption":"Gon\u00e7alves Junior"},"url":"https:\/\/www.p31noticias.com.br\/?author=2"}]}},"amp_enabled":true,"_links":{"self":[{"href":"https:\/\/www.p31noticias.com.br\/index.php?rest_route=\/wp\/v2\/posts\/28860","targetHints":{"allow":["GET"]}}],"collection":[{"href":"https:\/\/www.p31noticias.com.br\/index.php?rest_route=\/wp\/v2\/posts"}],"about":[{"href":"https:\/\/www.p31noticias.com.br\/index.php?rest_route=\/wp\/v2\/types\/post"}],"author":[{"embeddable":true,"href":"https:\/\/www.p31noticias.com.br\/index.php?rest_route=\/wp\/v2\/users\/2"}],"replies":[{"embeddable":true,"href":"https:\/\/www.p31noticias.com.br\/index.php?rest_route=%2Fwp%2Fv2%2Fcomments&post=28860"}],"version-history":[{"count":1,"href":"https:\/\/www.p31noticias.com.br\/index.php?rest_route=\/wp\/v2\/posts\/28860\/revisions"}],"predecessor-version":[{"id":28862,"href":"https:\/\/www.p31noticias.com.br\/index.php?rest_route=\/wp\/v2\/posts\/28860\/revisions\/28862"}],"wp:featuredmedia":[{"embeddable":true,"href":"https:\/\/www.p31noticias.com.br\/index.php?rest_route=\/wp\/v2\/media\/28861"}],"wp:attachment":[{"href":"https:\/\/www.p31noticias.com.br\/index.php?rest_route=%2Fwp%2Fv2%2Fmedia&parent=28860"}],"wp:term":[{"taxonomy":"category","embeddable":true,"href":"https:\/\/www.p31noticias.com.br\/index.php?rest_route=%2Fwp%2Fv2%2Fcategories&post=28860"},{"taxonomy":"post_tag","embeddable":true,"href":"https:\/\/www.p31noticias.com.br\/index.php?rest_route=%2Fwp%2Fv2%2Ftags&post=28860"}],"curies":[{"name":"wp","href":"https:\/\/api.w.org\/{rel}","templated":true}]}}