{"id":28857,"date":"2023-10-03T00:23:21","date_gmt":"2023-10-03T03:23:21","guid":{"rendered":"https:\/\/p31noticias.com.br\/?p=28857"},"modified":"2023-10-03T00:23:21","modified_gmt":"2023-10-03T03:23:21","slug":"senado-aprova-em-votacao-simbolica-projeto-do-desenrola","status":"publish","type":"post","link":"https:\/\/www.p31noticias.com.br\/?p=28857","title":{"rendered":"Senado aprova em vota\u00e7\u00e3o simb\u00f3lica projeto do Desenrola"},"content":{"rendered":"<h3 class=\"col-10 offset-1 animated fadeInDown dealy-900 display-8 display-md-8 alt-font font-italic my-1 text-center\" style=\"text-align: justify;\"><em><strong>Texto tamb\u00e9m limita juros do rotativo e do parcelado do cart\u00e3o<\/strong><\/em><\/h3>\n<p style=\"text-align: justify;\">A poucas horas do fim do prazo, o Senado aprovou, em vota\u00e7\u00e3o simb\u00f3lica, o projeto de lei do Programa Desenrola, de renegocia\u00e7\u00e3o de d\u00edvidas. O projeto, que vai \u00e0 san\u00e7\u00e3o presidencial, tamb\u00e9m limita os juros do rotativo e do parcelado do cart\u00e3o de cr\u00e9dito.<img decoding=\"async\" src=\"https:\/\/agenciabrasil.ebc.com.br\/ebc.png?id=1558688&amp;o=node\" \/>Caso n\u00e3o aprovasse o texto nesta segunda-feira (2), o Desenrola perderia a validade. Isso porque a medida provis\u00f3ria (MP) que criou o programa foi editada no in\u00edcio de junho. Durante a tramita\u00e7\u00e3o na C\u00e2mara dos Deputados, a MP foi incorporada ao projeto que cria um teto para os juros de modalidades do cart\u00e3o.<\/p>\n<p style=\"text-align: justify;\">Nesta semana, ou no in\u00edcio da pr\u00f3xima, o consumidor que recebe at\u00e9 dois sal\u00e1rios m\u00ednimos poder\u00e1 verificar se a d\u00edvida foi contemplada nos leil\u00f5es de desconto oferecidos pelas empresas na segunda fase do programa.<\/p>\n<p style=\"text-align: justify;\">\u201cA aprova\u00e7\u00e3o do Desenrola Brasil pelo Senado garante a continuidade do programa. Boa not\u00edcia para quem tem d\u00edvidas e quer limpar o nome com desconto e parcelado\u201d, postou o ministro da Fazenda, Fernando Haddad, na rede social X, antigo Twitter.<\/p>\n<p style=\"text-align: justify;\">Realizada de forma extraordin\u00e1ria, a sess\u00e3o teve vota\u00e7\u00e3o h\u00edbrida. O presidente do Senado, Rodrigo Pacheco (PSD-MG), permitiu que os senadores registrassem presen\u00e7a no sistema virtual para garantir o qu\u00f3rum m\u00ednimo. Isso porque a maioria dos parlamentares costuma ficar nas bases eleitorais \u00e0s segundas-feiras.<\/p>\n<p style=\"text-align: justify;\">Por meio de um acordo entre o governo e o relator do projeto, senador Rodrigo Cunha (Podemos-AL), o texto foi aprovado sem altera\u00e7\u00f5es em rela\u00e7\u00e3o \u00e0 vers\u00e3o da C\u00e2mara dos Deputados. Caso recebesse emendas, o projeto teria de ser analisado novamente pelos deputados, o que faria o Desenrola perder a validade.<\/p>\n<h2 style=\"text-align: justify;\">Rotativo<\/h2>\n<p style=\"text-align: justify;\">Al\u00e9m de regulamentar o programa de renegocia\u00e7\u00e3o das d\u00edvidas, o projeto de lei limita os juros do rotativo do cart\u00e3o de cr\u00e9dito e do parcelado com juros. As taxas ter\u00e3o um\u00a0<a href=\"https:\/\/agenciabrasil.ebc.com.br\/economia\/noticia\/2023-08\/relatorio-do-desenrola-limita-juros-do-rotativo-100-da-divida\" target=\"_blank\" rel=\"noopener\">teto de 100%\u00a0<\/a>do valor da d\u00edvida caso as institui\u00e7\u00f5es financeiras n\u00e3o apresentem uma proposta de autorregula\u00e7\u00e3o em 90 dias. O limite de 100%, que dobra o valor original do d\u00e9bito, foi inspirado na experi\u00eancia de pa\u00edses como o Reino Unido.<\/p>\n<p style=\"text-align: justify;\">O projeto aprovado, no entanto, n\u00e3o prev\u00ea o fim do parcelamento de compras no cart\u00e3o de cr\u00e9dito sem juros. A Federa\u00e7\u00e3o Brasileira dos Bancos (Febraban) apoia a ideia, ao considerar a pr\u00e1tica como a principal respons\u00e1vel pelas altas taxas do cart\u00e3o de cr\u00e9dito, que chegaram a\u00a0<a href=\"https:\/\/agenciabrasil.ebc.com.br\/economia\/noticia\/2023-09\/juros-medios-dos-bancos-seguem-em-queda-para-435-ao-ano\" target=\"_blank\" rel=\"noopener\">445,7% ao ano\u00a0<\/a>em agosto, segundo o Banco Central.<\/p>\n<p style=\"text-align: justify;\">Em agosto, o presidente do Banco Central, Roberto Campos Neto, informou que o \u00f3rg\u00e3o estudava o\u00a0<a href=\"https:\/\/agenciabrasil.ebc.com.br\/economia\/noticia\/2023-08\/banco-central-estuda-o-fim-do-credito-rotativo-do-cartao-de-credito\" target=\"_blank\" rel=\"noopener\">fim do parcelamento sem juros no cart\u00e3o<\/a>. A not\u00edcia provocou mal-estar no governo. O ministro da Fazenda, Fernando Haddad, disse que o fim da pr\u00e1tica\u00a0<a href=\"https:\/\/agenciabrasil.ebc.com.br\/economia\/noticia\/2023-08\/fim-do-parcelamento-sem-juros-prejudicara-consumidores-diz-haddad\" target=\"_blank\" rel=\"noopener\">prejudicaria o consumo<\/a>, j\u00e1 que o parcelamento sem juros responde por cerca de 70% das compras no com\u00e9rcio.<\/p>\n<p style=\"text-align: justify;\">Ag\u00eancia Brasil<\/p>\n","protected":false},"excerpt":{"rendered":"<p>Texto tamb\u00e9m limita juros do rotativo e do parcelado do cart\u00e3o A poucas horas do fim do prazo, o Senado aprovou, em vota\u00e7\u00e3o simb\u00f3lica, o projeto de lei do Programa Desenrola, de renegocia\u00e7\u00e3o de d\u00edvidas. O projeto, que vai \u00e0 san\u00e7\u00e3o presidencial, tamb\u00e9m limita os juros do rotativo e do parcelado do cart\u00e3o de cr\u00e9dito.Caso [&hellip;]<\/p>\n","protected":false},"author":2,"featured_media":28858,"comment_status":"open","ping_status":"open","sticky":false,"template":"","format":"standard","meta":{"footnotes":""},"categories":[68],"tags":[],"class_list":{"0":"post-28857","1":"post","2":"type-post","3":"status-publish","4":"format-standard","5":"has-post-thumbnail","7":"category-brasil"},"yoast_head":"<!-- This site is optimized with the Yoast SEO Premium plugin v24.5 (Yoast SEO v27.4) - https:\/\/yoast.com\/product\/yoast-seo-premium-wordpress\/ -->\n<title>Senado aprova em vota\u00e7\u00e3o simb\u00f3lica projeto do Desenrola - P31<\/title>\n<meta name=\"robots\" content=\"index, follow, max-snippet:-1, max-image-preview:large, max-video-preview:-1\" \/>\n<link rel=\"canonical\" href=\"https:\/\/www.p31noticias.com.br\/?p=28857\" \/>\n<meta property=\"og:locale\" content=\"pt_BR\" \/>\n<meta property=\"og:type\" content=\"article\" \/>\n<meta property=\"og:title\" content=\"Senado aprova em vota\u00e7\u00e3o simb\u00f3lica projeto do Desenrola\" \/>\n<meta property=\"og:description\" content=\"Texto tamb\u00e9m limita juros do rotativo e do parcelado do cart\u00e3o A poucas horas do fim do prazo, o Senado aprovou, em vota\u00e7\u00e3o simb\u00f3lica, o projeto de lei do Programa Desenrola, de renegocia\u00e7\u00e3o de d\u00edvidas. O projeto, que vai \u00e0 san\u00e7\u00e3o presidencial, tamb\u00e9m limita os juros do rotativo e do parcelado do cart\u00e3o de cr\u00e9dito.Caso [&hellip;]\" \/>\n<meta property=\"og:url\" content=\"https:\/\/www.p31noticias.com.br\/?p=28857\" \/>\n<meta property=\"og:site_name\" content=\"P31\" \/>\n<meta property=\"article:published_time\" content=\"2023-10-03T03:23:21+00:00\" \/>\n<meta property=\"og:image\" content=\"https:\/\/www.p31noticias.com.br\/wp-content\/uploads\/2023\/10\/pzzb1944.jpg\" \/>\n\t<meta property=\"og:image:width\" content=\"1170\" \/>\n\t<meta property=\"og:image:height\" content=\"700\" \/>\n\t<meta property=\"og:image:type\" content=\"image\/jpeg\" \/>\n<meta name=\"author\" content=\"Gon\u00e7alves Junior\" \/>\n<meta name=\"twitter:card\" content=\"summary_large_image\" \/>\n<meta name=\"twitter:label1\" content=\"Escrito por\" \/>\n\t<meta name=\"twitter:data1\" content=\"Gon\u00e7alves Junior\" \/>\n\t<meta name=\"twitter:label2\" content=\"Est. tempo de leitura\" \/>\n\t<meta name=\"twitter:data2\" content=\"3 minutos\" \/>\n<script type=\"application\/ld+json\" class=\"yoast-schema-graph\">{\"@context\":\"https:\\\/\\\/schema.org\",\"@graph\":[{\"@type\":\"Article\",\"@id\":\"https:\\\/\\\/www.p31noticias.com.br\\\/?p=28857#article\",\"isPartOf\":{\"@id\":\"https:\\\/\\\/www.p31noticias.com.br\\\/?p=28857\"},\"author\":{\"name\":\"Gon\u00e7alves Junior\",\"@id\":\"https:\\\/\\\/www.p31noticias.com.br\\\/#\\\/schema\\\/person\\\/95f2ece30e3b4132065b915150cd0f94\"},\"headline\":\"Senado aprova em vota\u00e7\u00e3o simb\u00f3lica projeto do Desenrola\",\"datePublished\":\"2023-10-03T03:23:21+00:00\",\"mainEntityOfPage\":{\"@id\":\"https:\\\/\\\/www.p31noticias.com.br\\\/?p=28857\"},\"wordCount\":530,\"commentCount\":0,\"image\":{\"@id\":\"https:\\\/\\\/www.p31noticias.com.br\\\/?p=28857#primaryimage\"},\"thumbnailUrl\":\"https:\\\/\\\/www.p31noticias.com.br\\\/wp-content\\\/uploads\\\/2023\\\/10\\\/pzzb1944.jpg\",\"articleSection\":[\"Brasil\"],\"inLanguage\":\"pt-BR\",\"potentialAction\":[{\"@type\":\"CommentAction\",\"name\":\"Comment\",\"target\":[\"https:\\\/\\\/www.p31noticias.com.br\\\/?p=28857#respond\"]}],\"copyrightYear\":\"2023\",\"copyrightHolder\":{\"@id\":\"https:\\\/\\\/www.p31noticias.com.br\\\/#organization\"}},{\"@type\":\"WebPage\",\"@id\":\"https:\\\/\\\/www.p31noticias.com.br\\\/?p=28857\",\"url\":\"https:\\\/\\\/www.p31noticias.com.br\\\/?p=28857\",\"name\":\"Senado aprova em vota\u00e7\u00e3o simb\u00f3lica projeto do Desenrola - P31\",\"isPartOf\":{\"@id\":\"https:\\\/\\\/www.p31noticias.com.br\\\/#website\"},\"primaryImageOfPage\":{\"@id\":\"https:\\\/\\\/www.p31noticias.com.br\\\/?p=28857#primaryimage\"},\"image\":{\"@id\":\"https:\\\/\\\/www.p31noticias.com.br\\\/?p=28857#primaryimage\"},\"thumbnailUrl\":\"https:\\\/\\\/www.p31noticias.com.br\\\/wp-content\\\/uploads\\\/2023\\\/10\\\/pzzb1944.jpg\",\"datePublished\":\"2023-10-03T03:23:21+00:00\",\"author\":{\"@id\":\"https:\\\/\\\/www.p31noticias.com.br\\\/#\\\/schema\\\/person\\\/95f2ece30e3b4132065b915150cd0f94\"},\"breadcrumb\":{\"@id\":\"https:\\\/\\\/www.p31noticias.com.br\\\/?p=28857#breadcrumb\"},\"inLanguage\":\"pt-BR\",\"potentialAction\":[{\"@type\":\"ReadAction\",\"target\":[\"https:\\\/\\\/www.p31noticias.com.br\\\/?p=28857\"]}]},{\"@type\":\"ImageObject\",\"inLanguage\":\"pt-BR\",\"@id\":\"https:\\\/\\\/www.p31noticias.com.br\\\/?p=28857#primaryimage\",\"url\":\"https:\\\/\\\/www.p31noticias.com.br\\\/wp-content\\\/uploads\\\/2023\\\/10\\\/pzzb1944.jpg\",\"contentUrl\":\"https:\\\/\\\/www.p31noticias.com.br\\\/wp-content\\\/uploads\\\/2023\\\/10\\\/pzzb1944.jpg\",\"width\":1170,\"height\":700,\"caption\":\"Pal\u00e1cio do Congresso Nacional na Esplanada dos Minist\u00e9rios em Bras\u00edlia\"},{\"@type\":\"BreadcrumbList\",\"@id\":\"https:\\\/\\\/www.p31noticias.com.br\\\/?p=28857#breadcrumb\",\"itemListElement\":[{\"@type\":\"ListItem\",\"position\":1,\"name\":\"In\u00edcio\",\"item\":\"https:\\\/\\\/www.p31noticias.com.br\\\/\"},{\"@type\":\"ListItem\",\"position\":2,\"name\":\"Senado aprova em vota\u00e7\u00e3o simb\u00f3lica projeto do Desenrola\"}]},{\"@type\":\"WebSite\",\"@id\":\"https:\\\/\\\/www.p31noticias.com.br\\\/#website\",\"url\":\"https:\\\/\\\/www.p31noticias.com.br\\\/\",\"name\":\"P31\",\"description\":\"NOT\u00cdCIAS\",\"potentialAction\":[{\"@type\":\"SearchAction\",\"target\":{\"@type\":\"EntryPoint\",\"urlTemplate\":\"https:\\\/\\\/www.p31noticias.com.br\\\/?s={search_term_string}\"},\"query-input\":{\"@type\":\"PropertyValueSpecification\",\"valueRequired\":true,\"valueName\":\"search_term_string\"}}],\"inLanguage\":\"pt-BR\"},{\"@type\":\"Person\",\"@id\":\"https:\\\/\\\/www.p31noticias.com.br\\\/#\\\/schema\\\/person\\\/95f2ece30e3b4132065b915150cd0f94\",\"name\":\"Gon\u00e7alves Junior\",\"image\":{\"@type\":\"ImageObject\",\"inLanguage\":\"pt-BR\",\"@id\":\"https:\\\/\\\/secure.gravatar.com\\\/avatar\\\/6711f350116a89762687a48d66f723c799e5438a5b7578508d4294cd7a5d0800?s=96&d=mm&r=g\",\"url\":\"https:\\\/\\\/secure.gravatar.com\\\/avatar\\\/6711f350116a89762687a48d66f723c799e5438a5b7578508d4294cd7a5d0800?s=96&d=mm&r=g\",\"contentUrl\":\"https:\\\/\\\/secure.gravatar.com\\\/avatar\\\/6711f350116a89762687a48d66f723c799e5438a5b7578508d4294cd7a5d0800?s=96&d=mm&r=g\",\"caption\":\"Gon\u00e7alves Junior\"},\"url\":\"https:\\\/\\\/www.p31noticias.com.br\\\/?author=2\"}]}<\/script>\n<!-- \/ Yoast SEO Premium plugin. -->","yoast_head_json":{"title":"Senado aprova em vota\u00e7\u00e3o simb\u00f3lica projeto do Desenrola - P31","robots":{"index":"index","follow":"follow","max-snippet":"max-snippet:-1","max-image-preview":"max-image-preview:large","max-video-preview":"max-video-preview:-1"},"canonical":"https:\/\/www.p31noticias.com.br\/?p=28857","og_locale":"pt_BR","og_type":"article","og_title":"Senado aprova em vota\u00e7\u00e3o simb\u00f3lica projeto do Desenrola","og_description":"Texto tamb\u00e9m limita juros do rotativo e do parcelado do cart\u00e3o A poucas horas do fim do prazo, o Senado aprovou, em vota\u00e7\u00e3o simb\u00f3lica, o projeto de lei do Programa Desenrola, de renegocia\u00e7\u00e3o de d\u00edvidas. O projeto, que vai \u00e0 san\u00e7\u00e3o presidencial, tamb\u00e9m limita os juros do rotativo e do parcelado do cart\u00e3o de cr\u00e9dito.Caso [&hellip;]","og_url":"https:\/\/www.p31noticias.com.br\/?p=28857","og_site_name":"P31","article_published_time":"2023-10-03T03:23:21+00:00","og_image":[{"width":1170,"height":700,"url":"https:\/\/www.p31noticias.com.br\/wp-content\/uploads\/2023\/10\/pzzb1944.jpg","type":"image\/jpeg"}],"author":"Gon\u00e7alves Junior","twitter_card":"summary_large_image","twitter_misc":{"Escrito por":"Gon\u00e7alves Junior","Est. tempo de leitura":"3 minutos"},"schema":{"@context":"https:\/\/schema.org","@graph":[{"@type":"Article","@id":"https:\/\/www.p31noticias.com.br\/?p=28857#article","isPartOf":{"@id":"https:\/\/www.p31noticias.com.br\/?p=28857"},"author":{"name":"Gon\u00e7alves Junior","@id":"https:\/\/www.p31noticias.com.br\/#\/schema\/person\/95f2ece30e3b4132065b915150cd0f94"},"headline":"Senado aprova em vota\u00e7\u00e3o simb\u00f3lica projeto do Desenrola","datePublished":"2023-10-03T03:23:21+00:00","mainEntityOfPage":{"@id":"https:\/\/www.p31noticias.com.br\/?p=28857"},"wordCount":530,"commentCount":0,"image":{"@id":"https:\/\/www.p31noticias.com.br\/?p=28857#primaryimage"},"thumbnailUrl":"https:\/\/www.p31noticias.com.br\/wp-content\/uploads\/2023\/10\/pzzb1944.jpg","articleSection":["Brasil"],"inLanguage":"pt-BR","potentialAction":[{"@type":"CommentAction","name":"Comment","target":["https:\/\/www.p31noticias.com.br\/?p=28857#respond"]}],"copyrightYear":"2023","copyrightHolder":{"@id":"https:\/\/www.p31noticias.com.br\/#organization"}},{"@type":"WebPage","@id":"https:\/\/www.p31noticias.com.br\/?p=28857","url":"https:\/\/www.p31noticias.com.br\/?p=28857","name":"Senado aprova em vota\u00e7\u00e3o simb\u00f3lica projeto do Desenrola - P31","isPartOf":{"@id":"https:\/\/www.p31noticias.com.br\/#website"},"primaryImageOfPage":{"@id":"https:\/\/www.p31noticias.com.br\/?p=28857#primaryimage"},"image":{"@id":"https:\/\/www.p31noticias.com.br\/?p=28857#primaryimage"},"thumbnailUrl":"https:\/\/www.p31noticias.com.br\/wp-content\/uploads\/2023\/10\/pzzb1944.jpg","datePublished":"2023-10-03T03:23:21+00:00","author":{"@id":"https:\/\/www.p31noticias.com.br\/#\/schema\/person\/95f2ece30e3b4132065b915150cd0f94"},"breadcrumb":{"@id":"https:\/\/www.p31noticias.com.br\/?p=28857#breadcrumb"},"inLanguage":"pt-BR","potentialAction":[{"@type":"ReadAction","target":["https:\/\/www.p31noticias.com.br\/?p=28857"]}]},{"@type":"ImageObject","inLanguage":"pt-BR","@id":"https:\/\/www.p31noticias.com.br\/?p=28857#primaryimage","url":"https:\/\/www.p31noticias.com.br\/wp-content\/uploads\/2023\/10\/pzzb1944.jpg","contentUrl":"https:\/\/www.p31noticias.com.br\/wp-content\/uploads\/2023\/10\/pzzb1944.jpg","width":1170,"height":700,"caption":"Pal\u00e1cio do Congresso Nacional na Esplanada dos Minist\u00e9rios em Bras\u00edlia"},{"@type":"BreadcrumbList","@id":"https:\/\/www.p31noticias.com.br\/?p=28857#breadcrumb","itemListElement":[{"@type":"ListItem","position":1,"name":"In\u00edcio","item":"https:\/\/www.p31noticias.com.br\/"},{"@type":"ListItem","position":2,"name":"Senado aprova em vota\u00e7\u00e3o simb\u00f3lica projeto do Desenrola"}]},{"@type":"WebSite","@id":"https:\/\/www.p31noticias.com.br\/#website","url":"https:\/\/www.p31noticias.com.br\/","name":"P31","description":"NOT\u00cdCIAS","potentialAction":[{"@type":"SearchAction","target":{"@type":"EntryPoint","urlTemplate":"https:\/\/www.p31noticias.com.br\/?s={search_term_string}"},"query-input":{"@type":"PropertyValueSpecification","valueRequired":true,"valueName":"search_term_string"}}],"inLanguage":"pt-BR"},{"@type":"Person","@id":"https:\/\/www.p31noticias.com.br\/#\/schema\/person\/95f2ece30e3b4132065b915150cd0f94","name":"Gon\u00e7alves Junior","image":{"@type":"ImageObject","inLanguage":"pt-BR","@id":"https:\/\/secure.gravatar.com\/avatar\/6711f350116a89762687a48d66f723c799e5438a5b7578508d4294cd7a5d0800?s=96&d=mm&r=g","url":"https:\/\/secure.gravatar.com\/avatar\/6711f350116a89762687a48d66f723c799e5438a5b7578508d4294cd7a5d0800?s=96&d=mm&r=g","contentUrl":"https:\/\/secure.gravatar.com\/avatar\/6711f350116a89762687a48d66f723c799e5438a5b7578508d4294cd7a5d0800?s=96&d=mm&r=g","caption":"Gon\u00e7alves Junior"},"url":"https:\/\/www.p31noticias.com.br\/?author=2"}]}},"amp_enabled":true,"_links":{"self":[{"href":"https:\/\/www.p31noticias.com.br\/index.php?rest_route=\/wp\/v2\/posts\/28857","targetHints":{"allow":["GET"]}}],"collection":[{"href":"https:\/\/www.p31noticias.com.br\/index.php?rest_route=\/wp\/v2\/posts"}],"about":[{"href":"https:\/\/www.p31noticias.com.br\/index.php?rest_route=\/wp\/v2\/types\/post"}],"author":[{"embeddable":true,"href":"https:\/\/www.p31noticias.com.br\/index.php?rest_route=\/wp\/v2\/users\/2"}],"replies":[{"embeddable":true,"href":"https:\/\/www.p31noticias.com.br\/index.php?rest_route=%2Fwp%2Fv2%2Fcomments&post=28857"}],"version-history":[{"count":1,"href":"https:\/\/www.p31noticias.com.br\/index.php?rest_route=\/wp\/v2\/posts\/28857\/revisions"}],"predecessor-version":[{"id":28859,"href":"https:\/\/www.p31noticias.com.br\/index.php?rest_route=\/wp\/v2\/posts\/28857\/revisions\/28859"}],"wp:featuredmedia":[{"embeddable":true,"href":"https:\/\/www.p31noticias.com.br\/index.php?rest_route=\/wp\/v2\/media\/28858"}],"wp:attachment":[{"href":"https:\/\/www.p31noticias.com.br\/index.php?rest_route=%2Fwp%2Fv2%2Fmedia&parent=28857"}],"wp:term":[{"taxonomy":"category","embeddable":true,"href":"https:\/\/www.p31noticias.com.br\/index.php?rest_route=%2Fwp%2Fv2%2Fcategories&post=28857"},{"taxonomy":"post_tag","embeddable":true,"href":"https:\/\/www.p31noticias.com.br\/index.php?rest_route=%2Fwp%2Fv2%2Ftags&post=28857"}],"curies":[{"name":"wp","href":"https:\/\/api.w.org\/{rel}","templated":true}]}}