{"id":28854,"date":"2023-10-03T00:16:53","date_gmt":"2023-10-03T03:16:53","guid":{"rendered":"https:\/\/p31noticias.com.br\/?p=28854"},"modified":"2023-10-03T00:16:53","modified_gmt":"2023-10-03T03:16:53","slug":"daniela-carneiro-e-nomeada-vice-lider-do-governo-no-congresso","status":"publish","type":"post","link":"https:\/\/www.p31noticias.com.br\/?p=28854","title":{"rendered":"Daniela Carneiro \u00e9 nomeada vice-l\u00edder do governo no Congresso"},"content":{"rendered":"<p style=\"text-align: justify;\"><strong><em>Ex-ministra do Turismo reassumiu cargo de deputada depois de demiss\u00e3o; ela e o marido se reuniram com Lula na 4\u00aa feira<\/em><\/strong><\/p>\n<p style=\"text-align: justify;\">A ex-ministra do Turismo Daniela Carneiro (Uni\u00e3o Brasil-RJ), conhecida como Daniela do Waguinho, foi nomeada vice-l\u00edder do governo no Congresso Nacional nesta 6\u00aa feira (29.set.2023). A indica\u00e7\u00e3o, assinada pelo l\u00edder do governo no Congresso e senador Randolfe Rodrigues (sem partido-AP), havia sido enviada ao presidente do Senado, Rodrigo Pacheco (PSD-MG), em 12 de setembro.<\/p>\n<figure class=\"wp-block-image size-full\" style=\"text-align: justify;\"><img loading=\"lazy\" decoding=\"async\" class=\"wp-image-5675\" src=\"https:\/\/zonapolitica.com.br\/wp-content\/uploads\/2023\/09\/lula-daniela-carneiro-27set2023-848x477-1.jpeg\" sizes=\"auto, (max-width: 848px) 100vw, 848px\" srcset=\"https:\/\/zonapolitica.com.br\/wp-content\/uploads\/2023\/09\/lula-daniela-carneiro-27set2023-848x477-1.jpeg 848w, https:\/\/zonapolitica.com.br\/wp-content\/uploads\/2023\/09\/lula-daniela-carneiro-27set2023-848x477-1-300x169.jpeg 300w, https:\/\/zonapolitica.com.br\/wp-content\/uploads\/2023\/09\/lula-daniela-carneiro-27set2023-848x477-1-768x432.jpeg 768w\" alt=\"\" width=\"848\" height=\"477\" \/><\/figure>\n<p style=\"text-align: justify;\">Na 4\u00aa (27.set), a deputada e o marido, o prefeito de Belford Roxo, Wagner Carneiro (Republicanos-RJ), mais conhecido como Waguinho, foram recebidos pelo presidente Luiz In\u00e1cio Lula da Silva (PL) no Pal\u00e1cio do Planalto. Mais tarde, Daniela postou no Twitter uma foto em que aparece ao lado de Lula, de Waguinho e do ministro das Rela\u00e7\u00f5es Institucionais, Alexandre Padilha. \u201cDurante nossa conversa, o presidente firmou um compromisso s\u00f3lido de nos auxiliar na abordagem das quest\u00f5es de viol\u00eancia que t\u00eam afligido nosso munic\u00edpio. Ele demonstrou profundo comprometimento com a seguran\u00e7a e o bem-estar de nossa popula\u00e7\u00e3o\u201d, afirmou. A ex-ministra tamb\u00e9m comemorou a inje\u00e7\u00e3o de recursos da Uni\u00e3o em Belford Roxo.<\/p>\n<p style=\"text-align: justify;\">Daniela reassumiu o cargo na C\u00e2mara depois de ser demitida do comando do Minist\u00e9rio do Turismo, em julho. O l\u00edder do governo na Casa, deputado Jos\u00e9 Guimar\u00e3es (PT-CE), j\u00e1 havia dito que convidaria a ex-ministro para integrar a vice-lideran\u00e7a.<\/p>\n<p style=\"text-align: justify;\">Zona Pol\u00edtica<\/p>\n","protected":false},"excerpt":{"rendered":"<p>Ex-ministra do Turismo reassumiu cargo de deputada depois de demiss\u00e3o; ela e o marido se reuniram com Lula na 4\u00aa feira A ex-ministra do Turismo Daniela Carneiro (Uni\u00e3o Brasil-RJ), conhecida como Daniela do Waguinho, foi nomeada vice-l\u00edder do governo no Congresso Nacional nesta 6\u00aa feira (29.set.2023). A indica\u00e7\u00e3o, assinada pelo l\u00edder do governo no Congresso [&hellip;]<\/p>\n","protected":false},"author":2,"featured_media":28855,"comment_status":"open","ping_status":"open","sticky":false,"template":"","format":"standard","meta":{"footnotes":""},"categories":[68,57],"tags":[],"class_list":{"0":"post-28854","1":"post","2":"type-post","3":"status-publish","4":"format-standard","5":"has-post-thumbnail","7":"category-brasil","8":"category-politica"},"yoast_head":"<!-- This site is optimized with the Yoast SEO Premium plugin v24.5 (Yoast SEO v27.4) - https:\/\/yoast.com\/product\/yoast-seo-premium-wordpress\/ -->\n<title>Daniela Carneiro \u00e9 nomeada vice-l\u00edder do governo no Congresso - P31<\/title>\n<meta name=\"robots\" content=\"index, follow, max-snippet:-1, max-image-preview:large, max-video-preview:-1\" \/>\n<link rel=\"canonical\" href=\"https:\/\/www.p31noticias.com.br\/?p=28854\" \/>\n<meta property=\"og:locale\" content=\"pt_BR\" \/>\n<meta property=\"og:type\" content=\"article\" \/>\n<meta property=\"og:title\" content=\"Daniela Carneiro \u00e9 nomeada vice-l\u00edder do governo no Congresso\" \/>\n<meta property=\"og:description\" content=\"Ex-ministra do Turismo reassumiu cargo de deputada depois de demiss\u00e3o; ela e o marido se reuniram com Lula na 4\u00aa feira A ex-ministra do Turismo Daniela Carneiro (Uni\u00e3o Brasil-RJ), conhecida como Daniela do Waguinho, foi nomeada vice-l\u00edder do governo no Congresso Nacional nesta 6\u00aa feira (29.set.2023). A indica\u00e7\u00e3o, assinada pelo l\u00edder do governo no Congresso [&hellip;]\" \/>\n<meta property=\"og:url\" content=\"https:\/\/www.p31noticias.com.br\/?p=28854\" \/>\n<meta property=\"og:site_name\" content=\"P31\" \/>\n<meta property=\"article:published_time\" content=\"2023-10-03T03:16:53+00:00\" \/>\n<meta property=\"og:image\" content=\"https:\/\/www.p31noticias.com.br\/wp-content\/uploads\/2023\/10\/unnamed-9rtut.jpg\" \/>\n\t<meta property=\"og:image:width\" content=\"870\" \/>\n\t<meta property=\"og:image:height\" content=\"622\" \/>\n\t<meta property=\"og:image:type\" content=\"image\/jpeg\" \/>\n<meta name=\"author\" content=\"Gon\u00e7alves Junior\" \/>\n<meta name=\"twitter:card\" content=\"summary_large_image\" \/>\n<meta name=\"twitter:label1\" content=\"Escrito por\" \/>\n\t<meta name=\"twitter:data1\" content=\"Gon\u00e7alves Junior\" \/>\n\t<meta name=\"twitter:label2\" content=\"Est. tempo de leitura\" \/>\n\t<meta name=\"twitter:data2\" content=\"1 minuto\" \/>\n<script type=\"application\/ld+json\" class=\"yoast-schema-graph\">{\"@context\":\"https:\\\/\\\/schema.org\",\"@graph\":[{\"@type\":\"Article\",\"@id\":\"https:\\\/\\\/www.p31noticias.com.br\\\/?p=28854#article\",\"isPartOf\":{\"@id\":\"https:\\\/\\\/www.p31noticias.com.br\\\/?p=28854\"},\"author\":{\"name\":\"Gon\u00e7alves Junior\",\"@id\":\"https:\\\/\\\/www.p31noticias.com.br\\\/#\\\/schema\\\/person\\\/95f2ece30e3b4132065b915150cd0f94\"},\"headline\":\"Daniela Carneiro \u00e9 nomeada vice-l\u00edder do governo no Congresso\",\"datePublished\":\"2023-10-03T03:16:53+00:00\",\"mainEntityOfPage\":{\"@id\":\"https:\\\/\\\/www.p31noticias.com.br\\\/?p=28854\"},\"wordCount\":254,\"commentCount\":0,\"image\":{\"@id\":\"https:\\\/\\\/www.p31noticias.com.br\\\/?p=28854#primaryimage\"},\"thumbnailUrl\":\"https:\\\/\\\/www.p31noticias.com.br\\\/wp-content\\\/uploads\\\/2023\\\/10\\\/unnamed-9rtut.jpg\",\"articleSection\":[\"Brasil\",\"Pol\u00edtica\"],\"inLanguage\":\"pt-BR\",\"potentialAction\":[{\"@type\":\"CommentAction\",\"name\":\"Comment\",\"target\":[\"https:\\\/\\\/www.p31noticias.com.br\\\/?p=28854#respond\"]}],\"copyrightYear\":\"2023\",\"copyrightHolder\":{\"@id\":\"https:\\\/\\\/www.p31noticias.com.br\\\/#organization\"}},{\"@type\":\"WebPage\",\"@id\":\"https:\\\/\\\/www.p31noticias.com.br\\\/?p=28854\",\"url\":\"https:\\\/\\\/www.p31noticias.com.br\\\/?p=28854\",\"name\":\"Daniela Carneiro \u00e9 nomeada vice-l\u00edder do governo no Congresso - P31\",\"isPartOf\":{\"@id\":\"https:\\\/\\\/www.p31noticias.com.br\\\/#website\"},\"primaryImageOfPage\":{\"@id\":\"https:\\\/\\\/www.p31noticias.com.br\\\/?p=28854#primaryimage\"},\"image\":{\"@id\":\"https:\\\/\\\/www.p31noticias.com.br\\\/?p=28854#primaryimage\"},\"thumbnailUrl\":\"https:\\\/\\\/www.p31noticias.com.br\\\/wp-content\\\/uploads\\\/2023\\\/10\\\/unnamed-9rtut.jpg\",\"datePublished\":\"2023-10-03T03:16:53+00:00\",\"author\":{\"@id\":\"https:\\\/\\\/www.p31noticias.com.br\\\/#\\\/schema\\\/person\\\/95f2ece30e3b4132065b915150cd0f94\"},\"breadcrumb\":{\"@id\":\"https:\\\/\\\/www.p31noticias.com.br\\\/?p=28854#breadcrumb\"},\"inLanguage\":\"pt-BR\",\"potentialAction\":[{\"@type\":\"ReadAction\",\"target\":[\"https:\\\/\\\/www.p31noticias.com.br\\\/?p=28854\"]}]},{\"@type\":\"ImageObject\",\"inLanguage\":\"pt-BR\",\"@id\":\"https:\\\/\\\/www.p31noticias.com.br\\\/?p=28854#primaryimage\",\"url\":\"https:\\\/\\\/www.p31noticias.com.br\\\/wp-content\\\/uploads\\\/2023\\\/10\\\/unnamed-9rtut.jpg\",\"contentUrl\":\"https:\\\/\\\/www.p31noticias.com.br\\\/wp-content\\\/uploads\\\/2023\\\/10\\\/unnamed-9rtut.jpg\",\"width\":870,\"height\":622},{\"@type\":\"BreadcrumbList\",\"@id\":\"https:\\\/\\\/www.p31noticias.com.br\\\/?p=28854#breadcrumb\",\"itemListElement\":[{\"@type\":\"ListItem\",\"position\":1,\"name\":\"In\u00edcio\",\"item\":\"https:\\\/\\\/www.p31noticias.com.br\\\/\"},{\"@type\":\"ListItem\",\"position\":2,\"name\":\"Daniela Carneiro \u00e9 nomeada vice-l\u00edder do governo no Congresso\"}]},{\"@type\":\"WebSite\",\"@id\":\"https:\\\/\\\/www.p31noticias.com.br\\\/#website\",\"url\":\"https:\\\/\\\/www.p31noticias.com.br\\\/\",\"name\":\"P31\",\"description\":\"NOT\u00cdCIAS\",\"potentialAction\":[{\"@type\":\"SearchAction\",\"target\":{\"@type\":\"EntryPoint\",\"urlTemplate\":\"https:\\\/\\\/www.p31noticias.com.br\\\/?s={search_term_string}\"},\"query-input\":{\"@type\":\"PropertyValueSpecification\",\"valueRequired\":true,\"valueName\":\"search_term_string\"}}],\"inLanguage\":\"pt-BR\"},{\"@type\":\"Person\",\"@id\":\"https:\\\/\\\/www.p31noticias.com.br\\\/#\\\/schema\\\/person\\\/95f2ece30e3b4132065b915150cd0f94\",\"name\":\"Gon\u00e7alves Junior\",\"image\":{\"@type\":\"ImageObject\",\"inLanguage\":\"pt-BR\",\"@id\":\"https:\\\/\\\/secure.gravatar.com\\\/avatar\\\/6711f350116a89762687a48d66f723c799e5438a5b7578508d4294cd7a5d0800?s=96&d=mm&r=g\",\"url\":\"https:\\\/\\\/secure.gravatar.com\\\/avatar\\\/6711f350116a89762687a48d66f723c799e5438a5b7578508d4294cd7a5d0800?s=96&d=mm&r=g\",\"contentUrl\":\"https:\\\/\\\/secure.gravatar.com\\\/avatar\\\/6711f350116a89762687a48d66f723c799e5438a5b7578508d4294cd7a5d0800?s=96&d=mm&r=g\",\"caption\":\"Gon\u00e7alves Junior\"},\"url\":\"https:\\\/\\\/www.p31noticias.com.br\\\/?author=2\"}]}<\/script>\n<!-- \/ Yoast SEO Premium plugin. -->","yoast_head_json":{"title":"Daniela Carneiro \u00e9 nomeada vice-l\u00edder do governo no Congresso - P31","robots":{"index":"index","follow":"follow","max-snippet":"max-snippet:-1","max-image-preview":"max-image-preview:large","max-video-preview":"max-video-preview:-1"},"canonical":"https:\/\/www.p31noticias.com.br\/?p=28854","og_locale":"pt_BR","og_type":"article","og_title":"Daniela Carneiro \u00e9 nomeada vice-l\u00edder do governo no Congresso","og_description":"Ex-ministra do Turismo reassumiu cargo de deputada depois de demiss\u00e3o; ela e o marido se reuniram com Lula na 4\u00aa feira A ex-ministra do Turismo Daniela Carneiro (Uni\u00e3o Brasil-RJ), conhecida como Daniela do Waguinho, foi nomeada vice-l\u00edder do governo no Congresso Nacional nesta 6\u00aa feira (29.set.2023). A indica\u00e7\u00e3o, assinada pelo l\u00edder do governo no Congresso [&hellip;]","og_url":"https:\/\/www.p31noticias.com.br\/?p=28854","og_site_name":"P31","article_published_time":"2023-10-03T03:16:53+00:00","og_image":[{"width":870,"height":622,"url":"https:\/\/www.p31noticias.com.br\/wp-content\/uploads\/2023\/10\/unnamed-9rtut.jpg","type":"image\/jpeg"}],"author":"Gon\u00e7alves Junior","twitter_card":"summary_large_image","twitter_misc":{"Escrito por":"Gon\u00e7alves Junior","Est. tempo de leitura":"1 minuto"},"schema":{"@context":"https:\/\/schema.org","@graph":[{"@type":"Article","@id":"https:\/\/www.p31noticias.com.br\/?p=28854#article","isPartOf":{"@id":"https:\/\/www.p31noticias.com.br\/?p=28854"},"author":{"name":"Gon\u00e7alves Junior","@id":"https:\/\/www.p31noticias.com.br\/#\/schema\/person\/95f2ece30e3b4132065b915150cd0f94"},"headline":"Daniela Carneiro \u00e9 nomeada vice-l\u00edder do governo no Congresso","datePublished":"2023-10-03T03:16:53+00:00","mainEntityOfPage":{"@id":"https:\/\/www.p31noticias.com.br\/?p=28854"},"wordCount":254,"commentCount":0,"image":{"@id":"https:\/\/www.p31noticias.com.br\/?p=28854#primaryimage"},"thumbnailUrl":"https:\/\/www.p31noticias.com.br\/wp-content\/uploads\/2023\/10\/unnamed-9rtut.jpg","articleSection":["Brasil","Pol\u00edtica"],"inLanguage":"pt-BR","potentialAction":[{"@type":"CommentAction","name":"Comment","target":["https:\/\/www.p31noticias.com.br\/?p=28854#respond"]}],"copyrightYear":"2023","copyrightHolder":{"@id":"https:\/\/www.p31noticias.com.br\/#organization"}},{"@type":"WebPage","@id":"https:\/\/www.p31noticias.com.br\/?p=28854","url":"https:\/\/www.p31noticias.com.br\/?p=28854","name":"Daniela Carneiro \u00e9 nomeada vice-l\u00edder do governo no Congresso - P31","isPartOf":{"@id":"https:\/\/www.p31noticias.com.br\/#website"},"primaryImageOfPage":{"@id":"https:\/\/www.p31noticias.com.br\/?p=28854#primaryimage"},"image":{"@id":"https:\/\/www.p31noticias.com.br\/?p=28854#primaryimage"},"thumbnailUrl":"https:\/\/www.p31noticias.com.br\/wp-content\/uploads\/2023\/10\/unnamed-9rtut.jpg","datePublished":"2023-10-03T03:16:53+00:00","author":{"@id":"https:\/\/www.p31noticias.com.br\/#\/schema\/person\/95f2ece30e3b4132065b915150cd0f94"},"breadcrumb":{"@id":"https:\/\/www.p31noticias.com.br\/?p=28854#breadcrumb"},"inLanguage":"pt-BR","potentialAction":[{"@type":"ReadAction","target":["https:\/\/www.p31noticias.com.br\/?p=28854"]}]},{"@type":"ImageObject","inLanguage":"pt-BR","@id":"https:\/\/www.p31noticias.com.br\/?p=28854#primaryimage","url":"https:\/\/www.p31noticias.com.br\/wp-content\/uploads\/2023\/10\/unnamed-9rtut.jpg","contentUrl":"https:\/\/www.p31noticias.com.br\/wp-content\/uploads\/2023\/10\/unnamed-9rtut.jpg","width":870,"height":622},{"@type":"BreadcrumbList","@id":"https:\/\/www.p31noticias.com.br\/?p=28854#breadcrumb","itemListElement":[{"@type":"ListItem","position":1,"name":"In\u00edcio","item":"https:\/\/www.p31noticias.com.br\/"},{"@type":"ListItem","position":2,"name":"Daniela Carneiro \u00e9 nomeada vice-l\u00edder do governo no Congresso"}]},{"@type":"WebSite","@id":"https:\/\/www.p31noticias.com.br\/#website","url":"https:\/\/www.p31noticias.com.br\/","name":"P31","description":"NOT\u00cdCIAS","potentialAction":[{"@type":"SearchAction","target":{"@type":"EntryPoint","urlTemplate":"https:\/\/www.p31noticias.com.br\/?s={search_term_string}"},"query-input":{"@type":"PropertyValueSpecification","valueRequired":true,"valueName":"search_term_string"}}],"inLanguage":"pt-BR"},{"@type":"Person","@id":"https:\/\/www.p31noticias.com.br\/#\/schema\/person\/95f2ece30e3b4132065b915150cd0f94","name":"Gon\u00e7alves Junior","image":{"@type":"ImageObject","inLanguage":"pt-BR","@id":"https:\/\/secure.gravatar.com\/avatar\/6711f350116a89762687a48d66f723c799e5438a5b7578508d4294cd7a5d0800?s=96&d=mm&r=g","url":"https:\/\/secure.gravatar.com\/avatar\/6711f350116a89762687a48d66f723c799e5438a5b7578508d4294cd7a5d0800?s=96&d=mm&r=g","contentUrl":"https:\/\/secure.gravatar.com\/avatar\/6711f350116a89762687a48d66f723c799e5438a5b7578508d4294cd7a5d0800?s=96&d=mm&r=g","caption":"Gon\u00e7alves Junior"},"url":"https:\/\/www.p31noticias.com.br\/?author=2"}]}},"amp_enabled":true,"_links":{"self":[{"href":"https:\/\/www.p31noticias.com.br\/index.php?rest_route=\/wp\/v2\/posts\/28854","targetHints":{"allow":["GET"]}}],"collection":[{"href":"https:\/\/www.p31noticias.com.br\/index.php?rest_route=\/wp\/v2\/posts"}],"about":[{"href":"https:\/\/www.p31noticias.com.br\/index.php?rest_route=\/wp\/v2\/types\/post"}],"author":[{"embeddable":true,"href":"https:\/\/www.p31noticias.com.br\/index.php?rest_route=\/wp\/v2\/users\/2"}],"replies":[{"embeddable":true,"href":"https:\/\/www.p31noticias.com.br\/index.php?rest_route=%2Fwp%2Fv2%2Fcomments&post=28854"}],"version-history":[{"count":1,"href":"https:\/\/www.p31noticias.com.br\/index.php?rest_route=\/wp\/v2\/posts\/28854\/revisions"}],"predecessor-version":[{"id":28856,"href":"https:\/\/www.p31noticias.com.br\/index.php?rest_route=\/wp\/v2\/posts\/28854\/revisions\/28856"}],"wp:featuredmedia":[{"embeddable":true,"href":"https:\/\/www.p31noticias.com.br\/index.php?rest_route=\/wp\/v2\/media\/28855"}],"wp:attachment":[{"href":"https:\/\/www.p31noticias.com.br\/index.php?rest_route=%2Fwp%2Fv2%2Fmedia&parent=28854"}],"wp:term":[{"taxonomy":"category","embeddable":true,"href":"https:\/\/www.p31noticias.com.br\/index.php?rest_route=%2Fwp%2Fv2%2Fcategories&post=28854"},{"taxonomy":"post_tag","embeddable":true,"href":"https:\/\/www.p31noticias.com.br\/index.php?rest_route=%2Fwp%2Fv2%2Ftags&post=28854"}],"curies":[{"name":"wp","href":"https:\/\/api.w.org\/{rel}","templated":true}]}}