{"id":28844,"date":"2023-10-02T09:01:31","date_gmt":"2023-10-02T12:01:31","guid":{"rendered":"https:\/\/p31noticias.com.br\/?p=28844"},"modified":"2023-10-02T09:03:19","modified_gmt":"2023-10-02T12:03:19","slug":"veja-os-eleitos-nas-eleicoes-para-conselheiros-tutelares-do-df","status":"publish","type":"post","link":"https:\/\/www.p31noticias.com.br\/?p=28844","title":{"rendered":"Veja os eleitos nas elei\u00e7\u00f5es para conselheiros tutelares do DF"},"content":{"rendered":"<h2 style=\"text-align: justify;\"><em><strong>Os mais votados ir\u00e3o agora fazer um curso de prepara\u00e7\u00e3o e a posse vai acontecer no pr\u00f3ximo ano<\/strong><\/em><\/h2>\n<p style=\"text-align: justify;\">Publicamos a lista dos\u00a0<strong>sete primeiros candidatos mais votados\u00a0<\/strong>a<strong>\u00a0conselheiros<\/strong>\u00a0<strong>tutelares<\/strong>\u00a0em cada regi\u00e3o administrativa do Distrito Federal. A lista completa pode ser conferiada cliando em cada nome da RA.<\/p>\n<p style=\"text-align: justify;\">As\u00a0<a href=\"https:\/\/mistobrasilia.com\/2023\/10\/01\/eleitores-otimistas-com-o-trabalho-dos-conselheiros-tutelares\/\"><strong>elei\u00e7\u00f5es foram realizadas durante o domingo (01)<\/strong><\/a>. Houve confus\u00e3o em algumas regi\u00f5es por conta de falta de informa\u00e7\u00f5es e, em alguns casos, pela falta de n\u00famero suficiente de urnas, o que gerou filas e demora.<\/p>\n<p style=\"text-align: justify;\">O resultado oficial foi divulgado na madrugada de hoje (02) pelo Tribunal Regional Eleitoral (TRE), que\u00a0<a href=\"https:\/\/mistobrasilia.com\/2023\/10\/01\/tre-atrasou-resultados-e-estraga-a-festa-das-eleicoes-dos-conselhores-tutelares\/\">atrasou a listagem<\/a>\u00a0por conta de problemas tecnicos, segundo a justi\u00e7a eleitoral.<\/p>\n<p style=\"text-align: justify;\">Os eleitos agora passar\u00e3o por um curso preparat\u00f3rio para a fun\u00e7\u00e3o. A posse est\u00e1 prevista para o ano que vem. Os conselheiros tutelares t\u00eam sal\u00e1rio pelo trabalho que exercem.<\/p>\n<p style=\"text-align: justify;\"><strong><a href=\"file:\/\/\/C:\/Users\/Usuario\/Downloads\/Agua%20Quente.pdf\">\u00c1gua Quente<\/a><\/strong><\/p>\n<p style=\"text-align: justify;\"><strong>5425 TARCY 220<\/strong><br \/>\n<strong>45323 JOELMA ALENCAR 169<\/strong><br \/>\n<strong>45430 JESSICA PROFESSORA 160<\/strong><br \/>\n<strong>45351 LAIS 135<\/strong><br \/>\n<strong>45350 SILVANETE FELIX 111<\/strong><br \/>\n<strong>45278 NETE MARINETE 98<\/strong><br \/>\n<strong>45191 ROSI ALVES 12<\/strong><\/p>\n<p style=\"text-align: justify;\"><strong><a href=\"file:\/\/\/C:\/Users\/Usuario\/Downloads\/%C3%81guas_Claras_-_RA_XX_20231001182856.pdf\">\u00c1guas Claras<\/a><\/strong><\/p>\n<p style=\"text-align: justify;\"><strong>30233 VANESSA SANTOS 530<\/strong><br \/>\n<strong>30266 PROFESSORA ERILENE 473<\/strong><br \/>\n<strong>30152 ISADORA COSTA 225<\/strong><br \/>\n<strong>30105 JEANNE MATIAS 219<\/strong><br \/>\n<strong>30425 JOSILAINE 136<\/strong><br \/>\n<strong>30194 WIARA 132<\/strong><br \/>\n<strong>30446 VALERIA VALDINELIA 112<\/strong><\/p>\n<p style=\"text-align: justify;\"><strong><a href=\"file:\/\/\/C:\/Users\/Usuario\/Downloads\/Arapoanga_-_RA_XXXIV_20231001231940.pdf\">Arapoanga<\/a><\/strong><\/p>\n<p style=\"text-align: justify;\"><strong>44373 VALNEIS 517<\/strong><br \/>\n<strong>44135 LEANDRO FERNANDES 293<\/strong><br \/>\n<strong>44382 ALEX GUEDES 221<\/strong><br \/>\n<strong>44276 PROFESSOR JEFERSON 198<\/strong><br \/>\n<strong>44374 LUCAS SANTOS 190<\/strong><br \/>\n<strong>44488 CARLOS LIMA 135<\/strong><br \/>\n<strong>44121 CLEDSON KEL CAPOEIRA 132<\/strong><\/p>\n<p style=\"text-align: justify;\"><strong><a href=\"file:\/\/\/C:\/Users\/Usuario\/Downloads\/Arniqueiras_-_RA_XXXIII_20231001234211.pdf\">Arniqueira<\/a><\/strong><\/p>\n<p style=\"text-align: justify;\"><strong>43117 MESTRE XUXA 316<\/strong><br \/>\n<strong>44176 JOICE 192<\/strong><br \/>\n<strong>43440 EVANDRO PEREIRA 139<\/strong><br \/>\n<strong>43105 TANIA BRANDAO 128<\/strong><br \/>\n<strong>43134 PATRICIA MADALENA 116<\/strong><br \/>\n<strong>44208 MARLOS 95<\/strong><br \/>\n<strong>43397 SOCORRO ALVES 90<\/strong><\/p>\n<p style=\"text-align: justify;\"><strong><a href=\"file:\/\/\/C:\/Users\/Usuario\/Downloads\/RESULTADO_BRASILIA.pdf\">Bras\u00edlia<\/a><\/strong><\/p>\n<p style=\"text-align: justify;\"><strong>1344 NATTY VIEIRA 2014<\/strong><br \/>\n<strong>11174 THELMA MELLO 1899<\/strong><br \/>\n<strong>11458 ISRAEL PRESENCA 913<\/strong><br \/>\n<strong>11312 GLAUCIA BARBOSA 583<\/strong><br \/>\n<strong>11201 FATIMA ORBAGE 582<\/strong><br \/>\n<strong>11247 FLAVIA ALEIXO 471<\/strong><br \/>\n<strong>11222 ELEM SIMONE 464<\/strong><\/p>\n<p style=\"text-align: justify;\"><strong><a href=\"file:\/\/\/C:\/Users\/Usuario\/Downloads\/Brazlandia.pdf\">Brazl\u00e2ndia<\/a><\/strong><\/p>\n<p style=\"text-align: justify;\"><strong>14228 PAULINHO 986<\/strong><br \/>\n<strong>14312 PROFESSOR CLAUDIO<\/strong><br \/>\n<strong>RABELO 924<\/strong><br \/>\n<strong>14330 ROBERTA BONIFACIO 688<\/strong><br \/>\n<strong>14333 LUCINHA 566<\/strong><br \/>\n<strong>14288 GODOY FALA BRAZLANDIA 531<\/strong><br \/>\n<strong>14434 LUCAS SILVA 446<\/strong><br \/>\n<strong>14442 THAYSE CESARIO 444<\/strong><\/p>\n<p style=\"text-align: justify;\"><strong><a href=\"file:\/\/\/C:\/Users\/Usuario\/Downloads\/Candangol%C3%A2ndia_-_RA_XIX_20231001234301.pdf\">Candangol\u00e2ndia<\/a><\/strong><\/p>\n<p style=\"text-align: justify;\"><strong>29133 DUDA CARVALHO 349<\/strong><br \/>\n<strong>29281 PEDRINHO 251<\/strong><br \/>\n<strong>29226 AISLAN DIAS 247<\/strong><br \/>\n<strong>29364 WISLEY CAPOEIRA 235<\/strong><br \/>\n<strong>29202 EDGAR CIPO 209<\/strong><br \/>\n<strong>29228 HELDAO 203<\/strong><br \/>\n<strong>29229 HUGO SERRAO 202<\/strong><\/p>\n<p style=\"text-align: justify;\"><strong><a href=\"https:\/\/unitec4.sejus.df.gov.br\/uploads\/Ceil%C3%A2ndia_-_RA_IX_20231002020032.pdf\">Ceil\u00e2ndia<\/a><\/strong><\/p>\n<p style=\"text-align: justify;\"><strong>9273 DIEGO ROCHA 839<\/strong><br \/>\n<strong>19393 JOSE JECKSON 811<\/strong><br \/>\n<strong>19362 ANDERSON GONCALVES 806<\/strong><br \/>\n<strong>19107 DANUZA PAIXAO 742<\/strong><br \/>\n<strong>19850 LUCIANO FRANCO 672<\/strong><br \/>\n<strong>19324 TIA SINTIA 640<\/strong><br \/>\n<strong>19358 TIA MARLENE 592<\/strong><\/p>\n<p style=\"text-align: justify;\"><strong><a href=\"file:\/\/\/C:\/Users\/Usuario\/Downloads\/Cruzeiro.pdf\">Cruzeiro<\/a><\/strong><\/p>\n<p style=\"text-align: justify;\"><strong>21172 DOUGLAS CABRAL 481<\/strong><br \/>\n<strong>21417 VIVI DOURADO 376<\/strong><br \/>\n<strong>21340 MONA NASCIMENTO 298<\/strong><br \/>\n<strong>21385 FLAVIO XUXU 294<\/strong><br \/>\n<strong>21108 BEL SEIXAS 284<\/strong><br \/>\n<strong>21489 RENATINHO 238<\/strong><br \/>\n<strong>21161 VALDEMIR VAL 220<\/strong><\/p>\n<p style=\"text-align: justify;\"><strong><a href=\"file:\/\/\/C:\/Users\/Usuario\/Downloads\/Estrutural.pdf\">Estrutural\/SCIA<\/a><\/strong><\/p>\n<p style=\"text-align: justify;\"><strong>35268 IRENE NASCIMENTO 460<\/strong><br \/>\n<strong>35262 PASTOR MARCELO SILVA 436<\/strong><br \/>\n<strong>35382 MEIRE 375<\/strong><br \/>\n<strong>35109 RAISSA ALVES 357<\/strong><br \/>\n<strong>35474 WILLIAN VELOSO 302<\/strong><br \/>\n<strong>35219 CLAUDINHA DAMASCO 244<\/strong><br \/>\n<strong>35373 MARCOS ELIENAI 231<\/strong><\/p>\n<p style=\"text-align: justify;\"><strong><a href=\"file:\/\/\/C:\/Users\/Usuario\/Downloads\/Fercal.pdf\">Fercal<\/a><\/strong><\/p>\n<p style=\"text-align: justify;\"><strong>41345 MARONITA RODRIGUES 177<\/strong><br \/>\n<strong>41408 FABIO BRITO 168<\/strong><br \/>\n<strong>41426 ANDREIA FERREIRA 155<\/strong><br \/>\n<strong>41094 SIMONE AMORIM 144<\/strong><br \/>\n<strong>41134 GIZELLE GI 130<\/strong><br \/>\n<strong>41424 DIONE GOMES 130<\/strong><br \/>\n<strong>41477 FABIANE OLIVEIRA 126<\/strong><\/p>\n<p style=\"text-align: justify;\"><strong><a href=\"file:\/\/\/C:\/Users\/Usuario\/Downloads\/Gama_-_RA_II_20231001224023.pdf\">Gama<\/a><\/strong><\/p>\n<p style=\"text-align: justify;\"><strong>12454 WALLYSON LOURENCO 1318<\/strong><br \/>\n<strong>12358 GERCINA 649<\/strong><br \/>\n<strong>12143 CHAGUINHA 574<\/strong><br \/>\n<strong>12218 TIO WARLEI 563<\/strong><br \/>\n<strong>12196 ANA MARIA 538<\/strong><br \/>\n<strong>12250 ROBERTO MENDONCA 527<\/strong><br \/>\n<strong>12382 RODRIGO NARCISIO 516<\/strong><\/p>\n<p style=\"text-align: justify;\"><strong><a href=\"file:\/\/\/C:\/Users\/Usuario\/Downloads\/Guar%C3%A1_-_RA_X_20231001225356.pdf\">Guar\u00e1<\/a><\/strong><\/p>\n<p style=\"text-align: justify;\"><strong>20150 SUELLEN ROBIAS 547<\/strong><br \/>\n<strong>20433 MADALENA 499<\/strong><br \/>\n<strong>20108 ODIRLEI OLIVEIRA 447<\/strong><br \/>\n<strong>20186 IAGHO 444<\/strong><br \/>\n<strong>20113 PAULO MINEIRO 431<\/strong><br \/>\n<strong>20485 NIVIA MARIA 396<\/strong><br \/>\n<strong>39409 HUGO 380<\/strong><\/p>\n<p style=\"text-align: justify;\"><strong><a href=\"file:\/\/\/C:\/Users\/Usuario\/Downloads\/Itapoa.pdf\">Itapo\u00e3<\/a><\/strong><\/p>\n<p style=\"text-align: justify;\"><strong>38417 ROGERIO CONSELHEIRO 371<\/strong><br \/>\n<strong>38291 CONSELHEIRA MARIA SILVA 284<\/strong><br \/>\n<strong>38252 PASTOR MARCEL CARVALHO 283<\/strong><br \/>\n<strong>38198 NILZA JOSE 268<\/strong><br \/>\n<strong>38290 DANIELE SERPA 203<\/strong><br \/>\n<strong>38189 IOLANDA SANTOS 168<\/strong><br \/>\n<strong>38368 BETANIA LIMA 155<\/strong><\/p>\n<p style=\"text-align: justify;\"><strong><a href=\"file:\/\/\/C:\/Users\/Usuario\/Downloads\/Jardim%20Botanico.pdf\">Jardim Bot\u00e2nico<\/a><\/strong><\/p>\n<p style=\"text-align: justify;\"><strong>37114 AMILKA 244<\/strong><br \/>\n<strong>37417 ANA LUCIA 190<\/strong><br \/>\n<strong>37480 AUXILIADORA 125<\/strong><br \/>\n<strong>37465 ROGERIO DE PAULA 111<\/strong><br \/>\n<strong>37225 RITA DE CASSIA 80<\/strong><br \/>\n<strong>37332 ERE JOAO PAULO 77<\/strong><br \/>\n<strong>37343 MARCIA PEDAGOGA 53<\/strong><\/p>\n<p style=\"text-align: justify;\"><strong><a href=\"file:\/\/\/C:\/Users\/Usuario\/Downloads\/Lago%20Norte.pdf\">Lago Norte<\/a><\/strong><\/p>\n<p style=\"text-align: justify;\"><strong>28226 KIKA MACEDO 543<\/strong><br \/>\n<strong>28467 PROFESSORA RAY 522<\/strong><br \/>\n<strong>28249 GABRIELA LUZ 453<\/strong><br \/>\n<strong>28236 ANTONIA SINZATO 261<\/strong><br \/>\n<strong>28440 ANA PRUDENTE 195<\/strong><br \/>\n<strong>28126 FERNANDA COSTA 135<\/strong><br \/>\n<strong>28384 RAISSA CHAGAS 111<\/strong><\/p>\n<p style=\"text-align: justify;\"><strong><a href=\"file:\/\/\/C:\/Users\/Usuario\/Downloads\/Lago_Sul_-_RA_XVI_20231001181822.pdf\">Lago Sul<\/a><\/strong><\/p>\n<p style=\"text-align: justify;\"><strong>26324 VINICIUS LOBAO 361<\/strong><br \/>\n<strong>26433 RAONY OLIVEIRA 312<\/strong><br \/>\n<strong>26313 PAULO GUIMARAES 276<\/strong><br \/>\n<strong>26124 JANE GASTON 259<\/strong><br \/>\n<strong>26305 LUDE MARIETA 234<\/strong><br \/>\n<strong>26477 MAURICIO DAZA 211<\/strong><br \/>\n<strong>26130 CAROL BIAVATI 134<\/strong><\/p>\n<p style=\"text-align: justify;\"><strong><a href=\"file:\/\/\/C:\/Users\/Usuario\/Downloads\/N%C3%BAcleo_Bandeirante_-_RA_VIII_20231001225257.pdf\">N\u00facleo Bandeirante<\/a><\/strong><\/p>\n<p style=\"text-align: justify;\"><strong>18378 FABIANO 596<\/strong><br \/>\n<strong>18129 POLIANA JUSTO 479<\/strong><br \/>\n<strong>18103 RITA ALINE 476<\/strong><br \/>\n<strong>18266 DANIELA 299<\/strong><br \/>\n<strong>18169 LUCIA LIZARDO 295<\/strong><br \/>\n<strong>18270 JACHSON GATHY 277<\/strong><br \/>\n<strong>18147 GORETE 215<\/strong><\/p>\n<p style=\"text-align: justify;\"><strong><a href=\"file:\/\/\/C:\/Users\/Usuario\/Downloads\/Parano%C3%A1_-_RA_VII_20231001232121.pdf\">Parano\u00e1<\/a><\/strong><\/p>\n<p style=\"text-align: justify;\"><strong>17317 NEIA 656<\/strong><br \/>\n<strong>17443 SANDRA FREIRE 614<\/strong><br \/>\n<strong>17394 PROFESSORA CLAUDIA 589<\/strong><br \/>\n<strong>17388 SAMARA BRITO 563<\/strong><br \/>\n<strong>17253 NADELSO RATIN 498<\/strong><br \/>\n<strong>17127 PROFESSOR MANOELZINHO 416<\/strong><br \/>\n<strong>17288 ROBERTO CHARLES 378<\/strong><\/p>\n<p style=\"text-align: justify;\"><strong><a href=\"file:\/\/\/C:\/Users\/Usuario\/Downloads\/Park_Way_-_RA_XXIV_20231001231843.pdf\">Park Way<\/a><\/strong><\/p>\n<p style=\"text-align: justify;\"><strong>34188 LUARA 134<\/strong><br \/>\n<strong>34214 FERNANDO REIS 120<\/strong><br \/>\n<strong>34354 DELEGADO LUIZ 104<\/strong><br \/>\n<strong>34253 TAMIRES VIEIRA 102<\/strong><br \/>\n<strong>34376 NATALICIA TANABE 98<\/strong><br \/>\n<strong>34203 LUCIANA PARADA 81<\/strong><br \/>\n<strong>34160 CONCEICAO FERREIRA 80<\/strong><\/p>\n<p style=\"text-align: justify;\"><strong><a href=\"file:\/\/\/C:\/Users\/Usuario\/Downloads\/Planaltina_-_RA_VI_20231001233440.pdf\">Planaltina<\/a><\/strong><\/p>\n<p style=\"text-align: justify;\"><strong>16403 SIMONE ARAUJO 1080<\/strong><br \/>\n<strong>16331 TIA ANA 677<\/strong><br \/>\n<strong>16472 FLAVIO FERREIRA DIAS 648<\/strong><br \/>\n<strong>16131 SENSEI JOBSON 581<\/strong><br \/>\n<strong>16249 GUSTAVO CAMARGOS 570<\/strong><br \/>\n<strong>16194 SABRINA 522<\/strong><br \/>\n<strong>16353 JESA FERREIRA 510<\/strong><\/p>\n<p style=\"text-align: justify;\"><strong><a href=\"file:\/\/\/C:\/Users\/Usuario\/Downloads\/Recanto_das_Emas_-_RA_XV_20231001232646.pdf\">Recanto das Emas<\/a><\/strong><\/p>\n<p style=\"text-align: justify;\"><strong>25150 ELLEN FAGUNDES 831<\/strong><br \/>\n<strong>25263 NETINHO 685<\/strong><br \/>\n<strong>25224 NUBIA PERCILIO 505<\/strong><br \/>\n<strong>25233 RACHEL ANDRADE 492<\/strong><br \/>\n<strong>25346 LUCIENE MARIA 473<\/strong><br \/>\n<strong>25216 TILINHA 436<\/strong><br \/>\n<strong>25173 IVANETE PEREIRA 426<\/strong><\/p>\n<p style=\"text-align: justify;\"><strong><a href=\"file:\/\/\/C:\/Users\/Usuario\/Downloads\/Riacho_Fundo_-_RA_XVII_20231001225513.pdf\">Riacho Fundo<\/a><\/strong><\/p>\n<p style=\"text-align: justify;\"><strong>27451 CARLOS HENRIQUE 561<\/strong><br \/>\n<strong>27408 HELDER 382<\/strong><br \/>\n<strong>27334 FABIANO LAGO 362<\/strong><br \/>\n<strong>27227 DRA DENISE SILVA 266<\/strong><br \/>\n<strong>27118 LUIS SERGIO 228<\/strong><br \/>\n<strong>27268 LIGIA MARIA 225<\/strong><br \/>\n<strong>27419 PROFESSORA SELMA 212<\/strong><\/p>\n<p style=\"text-align: justify;\"><strong><a href=\"file:\/\/\/C:\/Users\/Usuario\/Downloads\/Riacho_Fundo_II_-_RA_XXI_20231001235732.pdf\">Riacho Fundo II<\/a><\/strong><\/p>\n<p style=\"text-align: justify;\"><strong>31344 SILVINHO 616<\/strong><br \/>\n<strong>31443 SAVIO 436<\/strong><br \/>\n<strong>31290 TAINA TAMARA 379<\/strong><br \/>\n<strong>31318 BILL 329<\/strong><br \/>\n<strong>31457 EDSON DO CAUB 296<\/strong><br \/>\n<strong>31148 PROFESSOR JONATHAN 260<\/strong><br \/>\n<strong>31327 CARLA AVELINA 249<\/strong><\/p>\n<p style=\"text-align: justify;\"><strong><a href=\"file:\/\/\/C:\/Users\/Usuario\/Downloads\/Samambaia.pdf\">Samambaia<\/a><\/strong><\/p>\n<p style=\"text-align: justify;\"><strong>22257 PASTOR JESION BARBOSA 1270<\/strong><br \/>\n<strong>22207 CENIRA TITO 1017<\/strong><br \/>\n<strong>22369 LUCAS MARTINS 942<\/strong><br \/>\n<strong>22272 ASSIS SANTAREM 669<\/strong><br \/>\n<strong>22138 CLAUDINHA 612<\/strong><br \/>\n<strong>22114 ADJANIO SANTOS 595<\/strong><br \/>\n<strong>22224 RUTH STEFANE 570<\/strong><\/p>\n<p style=\"text-align: justify;\"><strong><a href=\"file:\/\/\/C:\/Users\/Usuario\/Downloads\/Santa_Maria_-_RA_XIII_20231001234043.pdf\">Santa Maria<\/a><\/strong><\/p>\n<p style=\"text-align: justify;\"><strong>23823 CEICA PIRES 983<\/strong><br \/>\n<strong>23428 LUCAS SENA 720<\/strong><br \/>\n<strong>23197 JUNIOR COSTA 699<\/strong><br \/>\n<strong>23111 GUILHERME COSTA 670<\/strong><br \/>\n<strong>23103 ELDER ARAUJO 661<\/strong><br \/>\n<strong>23184 WELINGTON JOSE 611<\/strong><br \/>\n<strong>23469 MARIO BRITO 556<\/strong><\/p>\n<p style=\"text-align: justify;\"><strong><a href=\"file:\/\/\/C:\/Users\/Usuario\/Downloads\/S%C3%A3o_Sebasti%C3%A3o_-_RA_XIV_20231001225007.pdf\">S\u00e3o Sebasti\u00e3o<\/a><\/strong><\/p>\n<p style=\"text-align: justify;\"><strong>24366 NORMA MATOS 782<\/strong><br \/>\n<strong>24498 LIVIA COSTA 748<\/strong><br \/>\n<strong>24449 MARCELI 613<\/strong><br \/>\n<strong>24232 ELDA DANTAS 598<\/strong><br \/>\n<strong>24395 ALESSANDRO LELECO 575<\/strong><br \/>\n<strong>24275 HELENA VANIA 426<\/strong><br \/>\n<strong>24469 ALCILENE BARROS 416<\/strong><\/p>\n<p style=\"text-align: justify;\"><strong><a href=\"https:\/\/unitec4.sejus.df.gov.br\/uploads\/Sobradinho_-_RA_V_20231001232201.pdf\">Sobradinho<\/a><\/strong><\/p>\n<p style=\"text-align: justify;\"><strong>15199 LUCYANNA DIAS 714<\/strong><br \/>\n<strong>15271 EUGENIO COUTO 707<\/strong><br \/>\n<strong>15485 ELITA VALDEZ 613<\/strong><br \/>\n<strong>15301 NELSAO AMBIENTAL 552<\/strong><br \/>\n<strong>15359 NEIDE REIS 540<\/strong><br \/>\n<strong>15102 DENIS MACHADO 517<\/strong><br \/>\n<strong>15279 CESAR RAMOS 475<\/strong><\/p>\n<p style=\"text-align: justify;\"><strong><a href=\"https:\/\/unitec4.sejus.df.gov.br\/uploads\/Sobradinho_-_RA_XXVI_20231001224851.pdf\">Sobradinho II<\/a><\/strong><\/p>\n<p style=\"text-align: justify;\"><strong>36296 THARLEY MAGALHAES 396<\/strong><br \/>\n<strong>36146 NICE 328<\/strong><br \/>\n<strong>36113 DANIEL BARROS 303<\/strong><br \/>\n<strong>36154 NICACIO GAMA 279<\/strong><br \/>\n<strong>36488 MISSIONARIA CRISTIANE 233<\/strong><br \/>\n<strong>36330 JULIANA GARCEZ 216<\/strong><br \/>\n<strong>36208 ROGERINHO SOCIAL 208<\/strong><\/p>\n<p style=\"text-align: justify;\"><strong><a href=\"https:\/\/unitec4.sejus.df.gov.br\/uploads\/Sol_Nascente_P%C3%B4r_do_Sol_-_RA_XXXII_20231002015958.pdf\">Sol Nascente e Por do Sol<\/a><\/strong><\/p>\n<p style=\"text-align: justify;\"><strong>42437 THAYLINE SOARES 231<\/strong><br \/>\n<strong>42277 WASHINGTON KITO 128<\/strong><br \/>\n<strong>42436 VALDEITA BARBOSA 108<\/strong><br \/>\n<strong>42808 GRACA SOL NASCENTE 96<\/strong><br \/>\n<strong>42219 CLAUDIA TEIXEIRA 90<\/strong><br \/>\n<strong>42484 PROFESSORA ROSELY 85<\/strong><br \/>\n<strong>42207 DAVID DA CUFA 84<\/strong><\/p>\n<p style=\"text-align: justify;\"><strong><a href=\"file:\/\/\/C:\/Users\/Usuario\/Downloads\/Sudoeste-Octogonal.pdf\">Sudoeste\/Octogonal<\/a><\/strong><\/p>\n<p style=\"text-align: justify;\"><strong>32211 LU DA ABRACI 699<\/strong><br \/>\n<strong>32230 PROFESSORA HOZANA 229<\/strong><br \/>\n<strong>32489 GLEYSON 174<\/strong><br \/>\n<strong>32271 FERNANDO MOURA 157<\/strong><br \/>\n<strong>32337 IVANA LACERDA 134<\/strong><br \/>\n<strong>32315 ADELIA KOSAK 115<\/strong><br \/>\n<strong>32440 CYNTIA BASTOS 94<\/strong><\/p>\n<p style=\"text-align: justify;\"><strong><a href=\"file:\/\/\/C:\/Users\/Usuario\/Downloads\/Taguatinga.pdf\">Taguatinga<\/a><\/strong><\/p>\n<p style=\"text-align: justify;\"><strong>13372 PROFESSOR CARLOS SA 855<\/strong><br \/>\n<strong>13206 CLEITON VITAL 662<\/strong><br \/>\n<strong>13438 SIMONE LIMA 605<\/strong><br \/>\n<strong>13270 RAISA LOPES 527<\/strong><br \/>\n<strong>13479 SUEDES ALMEIDA 476<\/strong><br \/>\n<strong>13187 LAILA BRAGA 438<\/strong><br \/>\n<strong>13153 LORENA RIBEIRO 436<\/strong><\/p>\n<p style=\"text-align: justify;\"><strong><a href=\"file:\/\/\/C:\/Users\/Usuario\/Downloads\/Varj%C3%A3o.pdf\">Varj\u00e3o<\/a><\/strong><\/p>\n<p style=\"text-align: justify;\"><strong>33392 BRUNO CARDOSO 262<\/strong><br \/>\n<strong>33130 ROMILDO 254<\/strong><br \/>\n<strong>33325 LETICIA 234<\/strong><br \/>\n<strong>33455 CLEY 213<\/strong><br \/>\n<strong>33197 LEANDRO SANTANA 155<\/strong><br \/>\n<strong>33483 EDIONE ANDRADES 122<\/strong><br \/>\n<strong>33348 JONAS ALVES 117<\/strong><\/p>\n<p style=\"text-align: justify;\"><strong><a href=\"file:\/\/\/C:\/Users\/Usuario\/Downloads\/Vicente%20Pires.pdf\">Vicente Pires<\/a><\/strong><\/p>\n<p style=\"text-align: justify;\"><strong>40242 NEILA ABADIO 284<\/strong><br \/>\n<strong>40395 PROFESSORA SILMARA 230<\/strong><br \/>\n<strong>40342 SOLANGE SANTOS 225<\/strong><br \/>\n<strong>40241 ROSA ROSANGELA 219<\/strong><br \/>\n<strong>40256 LUCINHA DA 26 160<\/strong><br \/>\n<strong>40405 ENGRACIANA TIA GAIGAI 154<\/strong><br \/>\n<strong>40215 RAYLAYNY WELK 138<\/strong><\/p>\n<p><strong>Fonte : Misto Brasilia\/TRE<\/strong><\/p>\n<p>&nbsp;<\/p>\n","protected":false},"excerpt":{"rendered":"<p>Os mais votados ir\u00e3o agora fazer um curso de prepara\u00e7\u00e3o e a posse vai acontecer no pr\u00f3ximo ano Publicamos a lista dos\u00a0sete primeiros candidatos mais votados\u00a0a\u00a0conselheiros\u00a0tutelares\u00a0em cada regi\u00e3o administrativa do Distrito Federal. A lista completa pode ser conferiada cliando em cada nome da RA. As\u00a0elei\u00e7\u00f5es foram realizadas durante o domingo (01). Houve confus\u00e3o em algumas [&hellip;]<\/p>\n","protected":false},"author":2,"featured_media":28845,"comment_status":"open","ping_status":"open","sticky":false,"template":"","format":"standard","meta":{"footnotes":""},"categories":[21],"tags":[],"class_list":{"0":"post-28844","1":"post","2":"type-post","3":"status-publish","4":"format-standard","5":"has-post-thumbnail","7":"category-brasilia"},"yoast_head":"<!-- This site is optimized with the Yoast SEO Premium plugin v24.5 (Yoast SEO v27.4) - https:\/\/yoast.com\/product\/yoast-seo-premium-wordpress\/ -->\n<title>Veja os eleitos nas elei\u00e7\u00f5es para conselheiros tutelares do DF - P31<\/title>\n<meta name=\"robots\" content=\"index, follow, max-snippet:-1, max-image-preview:large, max-video-preview:-1\" \/>\n<link rel=\"canonical\" href=\"https:\/\/www.p31noticias.com.br\/?p=28844\" \/>\n<meta property=\"og:locale\" content=\"pt_BR\" \/>\n<meta property=\"og:type\" content=\"article\" \/>\n<meta property=\"og:title\" content=\"Veja os eleitos nas elei\u00e7\u00f5es para conselheiros tutelares do DF\" \/>\n<meta property=\"og:description\" content=\"Os mais votados ir\u00e3o agora fazer um curso de prepara\u00e7\u00e3o e a posse vai acontecer no pr\u00f3ximo ano Publicamos a lista dos\u00a0sete primeiros candidatos mais votados\u00a0a\u00a0conselheiros\u00a0tutelares\u00a0em cada regi\u00e3o administrativa do Distrito Federal. A lista completa pode ser conferiada cliando em cada nome da RA. As\u00a0elei\u00e7\u00f5es foram realizadas durante o domingo (01). Houve confus\u00e3o em algumas [&hellip;]\" \/>\n<meta property=\"og:url\" content=\"https:\/\/www.p31noticias.com.br\/?p=28844\" \/>\n<meta property=\"og:site_name\" content=\"P31\" \/>\n<meta property=\"article:published_time\" content=\"2023-10-02T12:01:31+00:00\" \/>\n<meta property=\"article:modified_time\" content=\"2023-10-02T12:03:19+00:00\" \/>\n<meta property=\"og:image\" content=\"https:\/\/www.p31noticias.com.br\/wp-content\/uploads\/2023\/10\/unnamed-9cghk.jpg\" \/>\n\t<meta property=\"og:image:width\" content=\"892\" \/>\n\t<meta property=\"og:image:height\" content=\"551\" \/>\n\t<meta property=\"og:image:type\" content=\"image\/jpeg\" \/>\n<meta name=\"author\" content=\"Gon\u00e7alves Junior\" \/>\n<meta name=\"twitter:card\" content=\"summary_large_image\" \/>\n<meta name=\"twitter:label1\" content=\"Escrito por\" \/>\n\t<meta name=\"twitter:data1\" content=\"Gon\u00e7alves Junior\" \/>\n\t<meta name=\"twitter:label2\" content=\"Est. tempo de leitura\" \/>\n\t<meta name=\"twitter:data2\" content=\"3 minutos\" \/>\n<script type=\"application\/ld+json\" class=\"yoast-schema-graph\">{\"@context\":\"https:\\\/\\\/schema.org\",\"@graph\":[{\"@type\":\"Article\",\"@id\":\"https:\\\/\\\/www.p31noticias.com.br\\\/?p=28844#article\",\"isPartOf\":{\"@id\":\"https:\\\/\\\/www.p31noticias.com.br\\\/?p=28844\"},\"author\":{\"name\":\"Gon\u00e7alves Junior\",\"@id\":\"https:\\\/\\\/www.p31noticias.com.br\\\/#\\\/schema\\\/person\\\/95f2ece30e3b4132065b915150cd0f94\"},\"headline\":\"Veja os eleitos nas elei\u00e7\u00f5es para conselheiros tutelares do DF\",\"datePublished\":\"2023-10-02T12:01:31+00:00\",\"dateModified\":\"2023-10-02T12:03:19+00:00\",\"mainEntityOfPage\":{\"@id\":\"https:\\\/\\\/www.p31noticias.com.br\\\/?p=28844\"},\"wordCount\":692,\"commentCount\":0,\"image\":{\"@id\":\"https:\\\/\\\/www.p31noticias.com.br\\\/?p=28844#primaryimage\"},\"thumbnailUrl\":\"https:\\\/\\\/www.p31noticias.com.br\\\/wp-content\\\/uploads\\\/2023\\\/10\\\/unnamed-9cghk.jpg\",\"articleSection\":[\"Bras\u00edlia\"],\"inLanguage\":\"pt-BR\",\"potentialAction\":[{\"@type\":\"CommentAction\",\"name\":\"Comment\",\"target\":[\"https:\\\/\\\/www.p31noticias.com.br\\\/?p=28844#respond\"]}],\"copyrightYear\":\"2023\",\"copyrightHolder\":{\"@id\":\"https:\\\/\\\/www.p31noticias.com.br\\\/#organization\"}},{\"@type\":\"WebPage\",\"@id\":\"https:\\\/\\\/www.p31noticias.com.br\\\/?p=28844\",\"url\":\"https:\\\/\\\/www.p31noticias.com.br\\\/?p=28844\",\"name\":\"Veja os eleitos nas elei\u00e7\u00f5es para conselheiros tutelares do DF - P31\",\"isPartOf\":{\"@id\":\"https:\\\/\\\/www.p31noticias.com.br\\\/#website\"},\"primaryImageOfPage\":{\"@id\":\"https:\\\/\\\/www.p31noticias.com.br\\\/?p=28844#primaryimage\"},\"image\":{\"@id\":\"https:\\\/\\\/www.p31noticias.com.br\\\/?p=28844#primaryimage\"},\"thumbnailUrl\":\"https:\\\/\\\/www.p31noticias.com.br\\\/wp-content\\\/uploads\\\/2023\\\/10\\\/unnamed-9cghk.jpg\",\"datePublished\":\"2023-10-02T12:01:31+00:00\",\"dateModified\":\"2023-10-02T12:03:19+00:00\",\"author\":{\"@id\":\"https:\\\/\\\/www.p31noticias.com.br\\\/#\\\/schema\\\/person\\\/95f2ece30e3b4132065b915150cd0f94\"},\"breadcrumb\":{\"@id\":\"https:\\\/\\\/www.p31noticias.com.br\\\/?p=28844#breadcrumb\"},\"inLanguage\":\"pt-BR\",\"potentialAction\":[{\"@type\":\"ReadAction\",\"target\":[\"https:\\\/\\\/www.p31noticias.com.br\\\/?p=28844\"]}]},{\"@type\":\"ImageObject\",\"inLanguage\":\"pt-BR\",\"@id\":\"https:\\\/\\\/www.p31noticias.com.br\\\/?p=28844#primaryimage\",\"url\":\"https:\\\/\\\/www.p31noticias.com.br\\\/wp-content\\\/uploads\\\/2023\\\/10\\\/unnamed-9cghk.jpg\",\"contentUrl\":\"https:\\\/\\\/www.p31noticias.com.br\\\/wp-content\\\/uploads\\\/2023\\\/10\\\/unnamed-9cghk.jpg\",\"width\":892,\"height\":551},{\"@type\":\"BreadcrumbList\",\"@id\":\"https:\\\/\\\/www.p31noticias.com.br\\\/?p=28844#breadcrumb\",\"itemListElement\":[{\"@type\":\"ListItem\",\"position\":1,\"name\":\"In\u00edcio\",\"item\":\"https:\\\/\\\/www.p31noticias.com.br\\\/\"},{\"@type\":\"ListItem\",\"position\":2,\"name\":\"Veja os eleitos nas elei\u00e7\u00f5es para conselheiros tutelares do DF\"}]},{\"@type\":\"WebSite\",\"@id\":\"https:\\\/\\\/www.p31noticias.com.br\\\/#website\",\"url\":\"https:\\\/\\\/www.p31noticias.com.br\\\/\",\"name\":\"P31\",\"description\":\"NOT\u00cdCIAS\",\"potentialAction\":[{\"@type\":\"SearchAction\",\"target\":{\"@type\":\"EntryPoint\",\"urlTemplate\":\"https:\\\/\\\/www.p31noticias.com.br\\\/?s={search_term_string}\"},\"query-input\":{\"@type\":\"PropertyValueSpecification\",\"valueRequired\":true,\"valueName\":\"search_term_string\"}}],\"inLanguage\":\"pt-BR\"},{\"@type\":\"Person\",\"@id\":\"https:\\\/\\\/www.p31noticias.com.br\\\/#\\\/schema\\\/person\\\/95f2ece30e3b4132065b915150cd0f94\",\"name\":\"Gon\u00e7alves Junior\",\"image\":{\"@type\":\"ImageObject\",\"inLanguage\":\"pt-BR\",\"@id\":\"https:\\\/\\\/secure.gravatar.com\\\/avatar\\\/6711f350116a89762687a48d66f723c799e5438a5b7578508d4294cd7a5d0800?s=96&d=mm&r=g\",\"url\":\"https:\\\/\\\/secure.gravatar.com\\\/avatar\\\/6711f350116a89762687a48d66f723c799e5438a5b7578508d4294cd7a5d0800?s=96&d=mm&r=g\",\"contentUrl\":\"https:\\\/\\\/secure.gravatar.com\\\/avatar\\\/6711f350116a89762687a48d66f723c799e5438a5b7578508d4294cd7a5d0800?s=96&d=mm&r=g\",\"caption\":\"Gon\u00e7alves Junior\"},\"url\":\"https:\\\/\\\/www.p31noticias.com.br\\\/?author=2\"}]}<\/script>\n<!-- \/ Yoast SEO Premium plugin. -->","yoast_head_json":{"title":"Veja os eleitos nas elei\u00e7\u00f5es para conselheiros tutelares do DF - P31","robots":{"index":"index","follow":"follow","max-snippet":"max-snippet:-1","max-image-preview":"max-image-preview:large","max-video-preview":"max-video-preview:-1"},"canonical":"https:\/\/www.p31noticias.com.br\/?p=28844","og_locale":"pt_BR","og_type":"article","og_title":"Veja os eleitos nas elei\u00e7\u00f5es para conselheiros tutelares do DF","og_description":"Os mais votados ir\u00e3o agora fazer um curso de prepara\u00e7\u00e3o e a posse vai acontecer no pr\u00f3ximo ano Publicamos a lista dos\u00a0sete primeiros candidatos mais votados\u00a0a\u00a0conselheiros\u00a0tutelares\u00a0em cada regi\u00e3o administrativa do Distrito Federal. A lista completa pode ser conferiada cliando em cada nome da RA. As\u00a0elei\u00e7\u00f5es foram realizadas durante o domingo (01). Houve confus\u00e3o em algumas [&hellip;]","og_url":"https:\/\/www.p31noticias.com.br\/?p=28844","og_site_name":"P31","article_published_time":"2023-10-02T12:01:31+00:00","article_modified_time":"2023-10-02T12:03:19+00:00","og_image":[{"width":892,"height":551,"url":"https:\/\/www.p31noticias.com.br\/wp-content\/uploads\/2023\/10\/unnamed-9cghk.jpg","type":"image\/jpeg"}],"author":"Gon\u00e7alves Junior","twitter_card":"summary_large_image","twitter_misc":{"Escrito por":"Gon\u00e7alves Junior","Est. tempo de leitura":"3 minutos"},"schema":{"@context":"https:\/\/schema.org","@graph":[{"@type":"Article","@id":"https:\/\/www.p31noticias.com.br\/?p=28844#article","isPartOf":{"@id":"https:\/\/www.p31noticias.com.br\/?p=28844"},"author":{"name":"Gon\u00e7alves Junior","@id":"https:\/\/www.p31noticias.com.br\/#\/schema\/person\/95f2ece30e3b4132065b915150cd0f94"},"headline":"Veja os eleitos nas elei\u00e7\u00f5es para conselheiros tutelares do DF","datePublished":"2023-10-02T12:01:31+00:00","dateModified":"2023-10-02T12:03:19+00:00","mainEntityOfPage":{"@id":"https:\/\/www.p31noticias.com.br\/?p=28844"},"wordCount":692,"commentCount":0,"image":{"@id":"https:\/\/www.p31noticias.com.br\/?p=28844#primaryimage"},"thumbnailUrl":"https:\/\/www.p31noticias.com.br\/wp-content\/uploads\/2023\/10\/unnamed-9cghk.jpg","articleSection":["Bras\u00edlia"],"inLanguage":"pt-BR","potentialAction":[{"@type":"CommentAction","name":"Comment","target":["https:\/\/www.p31noticias.com.br\/?p=28844#respond"]}],"copyrightYear":"2023","copyrightHolder":{"@id":"https:\/\/www.p31noticias.com.br\/#organization"}},{"@type":"WebPage","@id":"https:\/\/www.p31noticias.com.br\/?p=28844","url":"https:\/\/www.p31noticias.com.br\/?p=28844","name":"Veja os eleitos nas elei\u00e7\u00f5es para conselheiros tutelares do DF - P31","isPartOf":{"@id":"https:\/\/www.p31noticias.com.br\/#website"},"primaryImageOfPage":{"@id":"https:\/\/www.p31noticias.com.br\/?p=28844#primaryimage"},"image":{"@id":"https:\/\/www.p31noticias.com.br\/?p=28844#primaryimage"},"thumbnailUrl":"https:\/\/www.p31noticias.com.br\/wp-content\/uploads\/2023\/10\/unnamed-9cghk.jpg","datePublished":"2023-10-02T12:01:31+00:00","dateModified":"2023-10-02T12:03:19+00:00","author":{"@id":"https:\/\/www.p31noticias.com.br\/#\/schema\/person\/95f2ece30e3b4132065b915150cd0f94"},"breadcrumb":{"@id":"https:\/\/www.p31noticias.com.br\/?p=28844#breadcrumb"},"inLanguage":"pt-BR","potentialAction":[{"@type":"ReadAction","target":["https:\/\/www.p31noticias.com.br\/?p=28844"]}]},{"@type":"ImageObject","inLanguage":"pt-BR","@id":"https:\/\/www.p31noticias.com.br\/?p=28844#primaryimage","url":"https:\/\/www.p31noticias.com.br\/wp-content\/uploads\/2023\/10\/unnamed-9cghk.jpg","contentUrl":"https:\/\/www.p31noticias.com.br\/wp-content\/uploads\/2023\/10\/unnamed-9cghk.jpg","width":892,"height":551},{"@type":"BreadcrumbList","@id":"https:\/\/www.p31noticias.com.br\/?p=28844#breadcrumb","itemListElement":[{"@type":"ListItem","position":1,"name":"In\u00edcio","item":"https:\/\/www.p31noticias.com.br\/"},{"@type":"ListItem","position":2,"name":"Veja os eleitos nas elei\u00e7\u00f5es para conselheiros tutelares do DF"}]},{"@type":"WebSite","@id":"https:\/\/www.p31noticias.com.br\/#website","url":"https:\/\/www.p31noticias.com.br\/","name":"P31","description":"NOT\u00cdCIAS","potentialAction":[{"@type":"SearchAction","target":{"@type":"EntryPoint","urlTemplate":"https:\/\/www.p31noticias.com.br\/?s={search_term_string}"},"query-input":{"@type":"PropertyValueSpecification","valueRequired":true,"valueName":"search_term_string"}}],"inLanguage":"pt-BR"},{"@type":"Person","@id":"https:\/\/www.p31noticias.com.br\/#\/schema\/person\/95f2ece30e3b4132065b915150cd0f94","name":"Gon\u00e7alves Junior","image":{"@type":"ImageObject","inLanguage":"pt-BR","@id":"https:\/\/secure.gravatar.com\/avatar\/6711f350116a89762687a48d66f723c799e5438a5b7578508d4294cd7a5d0800?s=96&d=mm&r=g","url":"https:\/\/secure.gravatar.com\/avatar\/6711f350116a89762687a48d66f723c799e5438a5b7578508d4294cd7a5d0800?s=96&d=mm&r=g","contentUrl":"https:\/\/secure.gravatar.com\/avatar\/6711f350116a89762687a48d66f723c799e5438a5b7578508d4294cd7a5d0800?s=96&d=mm&r=g","caption":"Gon\u00e7alves Junior"},"url":"https:\/\/www.p31noticias.com.br\/?author=2"}]}},"amp_enabled":true,"_links":{"self":[{"href":"https:\/\/www.p31noticias.com.br\/index.php?rest_route=\/wp\/v2\/posts\/28844","targetHints":{"allow":["GET"]}}],"collection":[{"href":"https:\/\/www.p31noticias.com.br\/index.php?rest_route=\/wp\/v2\/posts"}],"about":[{"href":"https:\/\/www.p31noticias.com.br\/index.php?rest_route=\/wp\/v2\/types\/post"}],"author":[{"embeddable":true,"href":"https:\/\/www.p31noticias.com.br\/index.php?rest_route=\/wp\/v2\/users\/2"}],"replies":[{"embeddable":true,"href":"https:\/\/www.p31noticias.com.br\/index.php?rest_route=%2Fwp%2Fv2%2Fcomments&post=28844"}],"version-history":[{"count":3,"href":"https:\/\/www.p31noticias.com.br\/index.php?rest_route=\/wp\/v2\/posts\/28844\/revisions"}],"predecessor-version":[{"id":28848,"href":"https:\/\/www.p31noticias.com.br\/index.php?rest_route=\/wp\/v2\/posts\/28844\/revisions\/28848"}],"wp:featuredmedia":[{"embeddable":true,"href":"https:\/\/www.p31noticias.com.br\/index.php?rest_route=\/wp\/v2\/media\/28845"}],"wp:attachment":[{"href":"https:\/\/www.p31noticias.com.br\/index.php?rest_route=%2Fwp%2Fv2%2Fmedia&parent=28844"}],"wp:term":[{"taxonomy":"category","embeddable":true,"href":"https:\/\/www.p31noticias.com.br\/index.php?rest_route=%2Fwp%2Fv2%2Fcategories&post=28844"},{"taxonomy":"post_tag","embeddable":true,"href":"https:\/\/www.p31noticias.com.br\/index.php?rest_route=%2Fwp%2Fv2%2Ftags&post=28844"}],"curies":[{"name":"wp","href":"https:\/\/api.w.org\/{rel}","templated":true}]}}