{"id":28825,"date":"2023-09-29T09:11:54","date_gmt":"2023-09-29T12:11:54","guid":{"rendered":"https:\/\/p31noticias.com.br\/?p=28825"},"modified":"2023-09-29T09:14:12","modified_gmt":"2023-09-29T12:14:12","slug":"bolsonaro-compartilha-video-do-deputado-pastor-daniel-de-castro-durante-a-oitiva-da-cpi-de-ana-priscila","status":"publish","type":"post","link":"https:\/\/www.p31noticias.com.br\/?p=28825","title":{"rendered":"Bolsonaro compartilha v\u00eddeo do Deputado Pastor Daniel de Castro durante a Oitiva da CPI de Ana Priscila"},"content":{"rendered":"<p style=\"text-align: justify;\">Na noite de quinta-feira, um v\u00eddeo viralizou nas redes sociais, quando o ex-Presidente Jair Messias Bolsonaro compartilhou um v\u00eddeo do Deputado Distrital Pastor Daniel de Castro, que revelou informa\u00e7\u00f5es sobre Ana Priscila Azevedo. Bolsonaro publicou o v\u00eddeo em suas redes sociais com a seguinte legenda: &#8220;Ana Priscila, uma das supostas l\u00edderes do evento de 08 de janeiro, presta depoimento sobre Jair Bolsonaro.&#8221; Surpreendentemente, o v\u00eddeo alcan\u00e7ou mais de 1 milh\u00e3o de visualiza\u00e7\u00f5es em menos de uma hora. Nos coment\u00e1rios, o Deputado Pastor Daniel de Castro refor\u00e7ou seu compromisso em desmascarar a esquerda e em defender incansavelmente o Presidente, enfatizando sua oposi\u00e7\u00e3o \u00e0 CPI em Bras\u00edlia. *Parlamentar Defensor de Bolsonaro* Pastor Daniel de Castro, um l\u00edder religioso e pastor da Igreja Assembleia de Deus de Madureira h\u00e1 duas d\u00e9cadas, tem se destacado por suas posi\u00e7\u00f5es pr\u00f3-fam\u00edlia, pr\u00f3-vida e anti-drogas, alinhando-se firmemente aos ideais conservadores da direita. Al\u00e9m disso, ele \u00e9 conhecido por seu compromisso com seus eleitores, a maioria dos quais compartilha essas mesmas convic\u00e7\u00f5es e valores.<\/p>\n<p>Confira :<\/p>\n<p>https:\/\/www.instagram.com\/reel\/CxwWEqmLMN1\/?igshid=MTc4MmM1YmI2Ng==<\/p>\n<p>Artur Reis<\/p>\n","protected":false},"excerpt":{"rendered":"<p>Na noite de quinta-feira, um v\u00eddeo viralizou nas redes sociais, quando o ex-Presidente Jair Messias Bolsonaro compartilhou um v\u00eddeo do Deputado Distrital Pastor Daniel de Castro, que revelou informa\u00e7\u00f5es sobre Ana Priscila Azevedo. Bolsonaro publicou o v\u00eddeo em suas redes sociais com a seguinte legenda: &#8220;Ana Priscila, uma das supostas l\u00edderes do evento de 08 [&hellip;]<\/p>\n","protected":false},"author":2,"featured_media":28826,"comment_status":"open","ping_status":"open","sticky":false,"template":"","format":"standard","meta":{"footnotes":""},"categories":[21,57],"tags":[],"class_list":{"0":"post-28825","1":"post","2":"type-post","3":"status-publish","4":"format-standard","5":"has-post-thumbnail","7":"category-brasilia","8":"category-politica"},"yoast_head":"<!-- This site is optimized with the Yoast SEO Premium plugin v24.5 (Yoast SEO v27.4) - https:\/\/yoast.com\/product\/yoast-seo-premium-wordpress\/ -->\n<title>Bolsonaro compartilha v\u00eddeo do Deputado Pastor Daniel de Castro durante a Oitiva da CPI de Ana Priscila - P31<\/title>\n<meta name=\"robots\" content=\"index, follow, max-snippet:-1, max-image-preview:large, max-video-preview:-1\" \/>\n<link rel=\"canonical\" href=\"https:\/\/www.p31noticias.com.br\/?p=28825\" \/>\n<meta property=\"og:locale\" content=\"pt_BR\" \/>\n<meta property=\"og:type\" content=\"article\" \/>\n<meta property=\"og:title\" content=\"Bolsonaro compartilha v\u00eddeo do Deputado Pastor Daniel de Castro durante a Oitiva da CPI de Ana Priscila\" \/>\n<meta property=\"og:description\" content=\"Na noite de quinta-feira, um v\u00eddeo viralizou nas redes sociais, quando o ex-Presidente Jair Messias Bolsonaro compartilhou um v\u00eddeo do Deputado Distrital Pastor Daniel de Castro, que revelou informa\u00e7\u00f5es sobre Ana Priscila Azevedo. Bolsonaro publicou o v\u00eddeo em suas redes sociais com a seguinte legenda: &#8220;Ana Priscila, uma das supostas l\u00edderes do evento de 08 [&hellip;]\" \/>\n<meta property=\"og:url\" content=\"https:\/\/www.p31noticias.com.br\/?p=28825\" \/>\n<meta property=\"og:site_name\" content=\"P31\" \/>\n<meta property=\"article:published_time\" content=\"2023-09-29T12:11:54+00:00\" \/>\n<meta property=\"article:modified_time\" content=\"2023-09-29T12:14:12+00:00\" \/>\n<meta property=\"og:image\" content=\"https:\/\/www.p31noticias.com.br\/wp-content\/uploads\/2023\/09\/unnamed-9LOK-0.jpg\" \/>\n\t<meta property=\"og:image:width\" content=\"776\" \/>\n\t<meta property=\"og:image:height\" content=\"1102\" \/>\n\t<meta property=\"og:image:type\" content=\"image\/jpeg\" \/>\n<meta name=\"author\" content=\"Gon\u00e7alves Junior\" \/>\n<meta name=\"twitter:card\" content=\"summary_large_image\" \/>\n<meta name=\"twitter:label1\" content=\"Escrito por\" \/>\n\t<meta name=\"twitter:data1\" content=\"Gon\u00e7alves Junior\" \/>\n\t<meta name=\"twitter:label2\" content=\"Est. tempo de leitura\" \/>\n\t<meta name=\"twitter:data2\" content=\"1 minuto\" \/>\n<script type=\"application\/ld+json\" class=\"yoast-schema-graph\">{\"@context\":\"https:\\\/\\\/schema.org\",\"@graph\":[{\"@type\":\"Article\",\"@id\":\"https:\\\/\\\/www.p31noticias.com.br\\\/?p=28825#article\",\"isPartOf\":{\"@id\":\"https:\\\/\\\/www.p31noticias.com.br\\\/?p=28825\"},\"author\":{\"name\":\"Gon\u00e7alves Junior\",\"@id\":\"https:\\\/\\\/www.p31noticias.com.br\\\/#\\\/schema\\\/person\\\/95f2ece30e3b4132065b915150cd0f94\"},\"headline\":\"Bolsonaro compartilha v\u00eddeo do Deputado Pastor Daniel de Castro durante a Oitiva da CPI de Ana Priscila\",\"datePublished\":\"2023-09-29T12:11:54+00:00\",\"dateModified\":\"2023-09-29T12:14:12+00:00\",\"mainEntityOfPage\":{\"@id\":\"https:\\\/\\\/www.p31noticias.com.br\\\/?p=28825\"},\"wordCount\":215,\"commentCount\":0,\"image\":{\"@id\":\"https:\\\/\\\/www.p31noticias.com.br\\\/?p=28825#primaryimage\"},\"thumbnailUrl\":\"https:\\\/\\\/www.p31noticias.com.br\\\/wp-content\\\/uploads\\\/2023\\\/09\\\/unnamed-9LOK-0.jpg\",\"articleSection\":[\"Bras\u00edlia\",\"Pol\u00edtica\"],\"inLanguage\":\"pt-BR\",\"potentialAction\":[{\"@type\":\"CommentAction\",\"name\":\"Comment\",\"target\":[\"https:\\\/\\\/www.p31noticias.com.br\\\/?p=28825#respond\"]}],\"copyrightYear\":\"2023\",\"copyrightHolder\":{\"@id\":\"https:\\\/\\\/www.p31noticias.com.br\\\/#organization\"}},{\"@type\":\"WebPage\",\"@id\":\"https:\\\/\\\/www.p31noticias.com.br\\\/?p=28825\",\"url\":\"https:\\\/\\\/www.p31noticias.com.br\\\/?p=28825\",\"name\":\"Bolsonaro compartilha v\u00eddeo do Deputado Pastor Daniel de Castro durante a Oitiva da CPI de Ana Priscila - P31\",\"isPartOf\":{\"@id\":\"https:\\\/\\\/www.p31noticias.com.br\\\/#website\"},\"primaryImageOfPage\":{\"@id\":\"https:\\\/\\\/www.p31noticias.com.br\\\/?p=28825#primaryimage\"},\"image\":{\"@id\":\"https:\\\/\\\/www.p31noticias.com.br\\\/?p=28825#primaryimage\"},\"thumbnailUrl\":\"https:\\\/\\\/www.p31noticias.com.br\\\/wp-content\\\/uploads\\\/2023\\\/09\\\/unnamed-9LOK-0.jpg\",\"datePublished\":\"2023-09-29T12:11:54+00:00\",\"dateModified\":\"2023-09-29T12:14:12+00:00\",\"author\":{\"@id\":\"https:\\\/\\\/www.p31noticias.com.br\\\/#\\\/schema\\\/person\\\/95f2ece30e3b4132065b915150cd0f94\"},\"breadcrumb\":{\"@id\":\"https:\\\/\\\/www.p31noticias.com.br\\\/?p=28825#breadcrumb\"},\"inLanguage\":\"pt-BR\",\"potentialAction\":[{\"@type\":\"ReadAction\",\"target\":[\"https:\\\/\\\/www.p31noticias.com.br\\\/?p=28825\"]}]},{\"@type\":\"ImageObject\",\"inLanguage\":\"pt-BR\",\"@id\":\"https:\\\/\\\/www.p31noticias.com.br\\\/?p=28825#primaryimage\",\"url\":\"https:\\\/\\\/www.p31noticias.com.br\\\/wp-content\\\/uploads\\\/2023\\\/09\\\/unnamed-9LOK-0.jpg\",\"contentUrl\":\"https:\\\/\\\/www.p31noticias.com.br\\\/wp-content\\\/uploads\\\/2023\\\/09\\\/unnamed-9LOK-0.jpg\",\"width\":776,\"height\":1102},{\"@type\":\"BreadcrumbList\",\"@id\":\"https:\\\/\\\/www.p31noticias.com.br\\\/?p=28825#breadcrumb\",\"itemListElement\":[{\"@type\":\"ListItem\",\"position\":1,\"name\":\"In\u00edcio\",\"item\":\"https:\\\/\\\/www.p31noticias.com.br\\\/\"},{\"@type\":\"ListItem\",\"position\":2,\"name\":\"Bolsonaro compartilha v\u00eddeo do Deputado Pastor Daniel de Castro durante a Oitiva da CPI de Ana Priscila\"}]},{\"@type\":\"WebSite\",\"@id\":\"https:\\\/\\\/www.p31noticias.com.br\\\/#website\",\"url\":\"https:\\\/\\\/www.p31noticias.com.br\\\/\",\"name\":\"P31\",\"description\":\"NOT\u00cdCIAS\",\"potentialAction\":[{\"@type\":\"SearchAction\",\"target\":{\"@type\":\"EntryPoint\",\"urlTemplate\":\"https:\\\/\\\/www.p31noticias.com.br\\\/?s={search_term_string}\"},\"query-input\":{\"@type\":\"PropertyValueSpecification\",\"valueRequired\":true,\"valueName\":\"search_term_string\"}}],\"inLanguage\":\"pt-BR\"},{\"@type\":\"Person\",\"@id\":\"https:\\\/\\\/www.p31noticias.com.br\\\/#\\\/schema\\\/person\\\/95f2ece30e3b4132065b915150cd0f94\",\"name\":\"Gon\u00e7alves Junior\",\"image\":{\"@type\":\"ImageObject\",\"inLanguage\":\"pt-BR\",\"@id\":\"https:\\\/\\\/secure.gravatar.com\\\/avatar\\\/6711f350116a89762687a48d66f723c799e5438a5b7578508d4294cd7a5d0800?s=96&d=mm&r=g\",\"url\":\"https:\\\/\\\/secure.gravatar.com\\\/avatar\\\/6711f350116a89762687a48d66f723c799e5438a5b7578508d4294cd7a5d0800?s=96&d=mm&r=g\",\"contentUrl\":\"https:\\\/\\\/secure.gravatar.com\\\/avatar\\\/6711f350116a89762687a48d66f723c799e5438a5b7578508d4294cd7a5d0800?s=96&d=mm&r=g\",\"caption\":\"Gon\u00e7alves Junior\"},\"url\":\"https:\\\/\\\/www.p31noticias.com.br\\\/?author=2\"}]}<\/script>\n<!-- \/ Yoast SEO Premium plugin. -->","yoast_head_json":{"title":"Bolsonaro compartilha v\u00eddeo do Deputado Pastor Daniel de Castro durante a Oitiva da CPI de Ana Priscila - P31","robots":{"index":"index","follow":"follow","max-snippet":"max-snippet:-1","max-image-preview":"max-image-preview:large","max-video-preview":"max-video-preview:-1"},"canonical":"https:\/\/www.p31noticias.com.br\/?p=28825","og_locale":"pt_BR","og_type":"article","og_title":"Bolsonaro compartilha v\u00eddeo do Deputado Pastor Daniel de Castro durante a Oitiva da CPI de Ana Priscila","og_description":"Na noite de quinta-feira, um v\u00eddeo viralizou nas redes sociais, quando o ex-Presidente Jair Messias Bolsonaro compartilhou um v\u00eddeo do Deputado Distrital Pastor Daniel de Castro, que revelou informa\u00e7\u00f5es sobre Ana Priscila Azevedo. Bolsonaro publicou o v\u00eddeo em suas redes sociais com a seguinte legenda: &#8220;Ana Priscila, uma das supostas l\u00edderes do evento de 08 [&hellip;]","og_url":"https:\/\/www.p31noticias.com.br\/?p=28825","og_site_name":"P31","article_published_time":"2023-09-29T12:11:54+00:00","article_modified_time":"2023-09-29T12:14:12+00:00","og_image":[{"width":776,"height":1102,"url":"https:\/\/www.p31noticias.com.br\/wp-content\/uploads\/2023\/09\/unnamed-9LOK-0.jpg","type":"image\/jpeg"}],"author":"Gon\u00e7alves Junior","twitter_card":"summary_large_image","twitter_misc":{"Escrito por":"Gon\u00e7alves Junior","Est. tempo de leitura":"1 minuto"},"schema":{"@context":"https:\/\/schema.org","@graph":[{"@type":"Article","@id":"https:\/\/www.p31noticias.com.br\/?p=28825#article","isPartOf":{"@id":"https:\/\/www.p31noticias.com.br\/?p=28825"},"author":{"name":"Gon\u00e7alves Junior","@id":"https:\/\/www.p31noticias.com.br\/#\/schema\/person\/95f2ece30e3b4132065b915150cd0f94"},"headline":"Bolsonaro compartilha v\u00eddeo do Deputado Pastor Daniel de Castro durante a Oitiva da CPI de Ana Priscila","datePublished":"2023-09-29T12:11:54+00:00","dateModified":"2023-09-29T12:14:12+00:00","mainEntityOfPage":{"@id":"https:\/\/www.p31noticias.com.br\/?p=28825"},"wordCount":215,"commentCount":0,"image":{"@id":"https:\/\/www.p31noticias.com.br\/?p=28825#primaryimage"},"thumbnailUrl":"https:\/\/www.p31noticias.com.br\/wp-content\/uploads\/2023\/09\/unnamed-9LOK-0.jpg","articleSection":["Bras\u00edlia","Pol\u00edtica"],"inLanguage":"pt-BR","potentialAction":[{"@type":"CommentAction","name":"Comment","target":["https:\/\/www.p31noticias.com.br\/?p=28825#respond"]}],"copyrightYear":"2023","copyrightHolder":{"@id":"https:\/\/www.p31noticias.com.br\/#organization"}},{"@type":"WebPage","@id":"https:\/\/www.p31noticias.com.br\/?p=28825","url":"https:\/\/www.p31noticias.com.br\/?p=28825","name":"Bolsonaro compartilha v\u00eddeo do Deputado Pastor Daniel de Castro durante a Oitiva da CPI de Ana Priscila - P31","isPartOf":{"@id":"https:\/\/www.p31noticias.com.br\/#website"},"primaryImageOfPage":{"@id":"https:\/\/www.p31noticias.com.br\/?p=28825#primaryimage"},"image":{"@id":"https:\/\/www.p31noticias.com.br\/?p=28825#primaryimage"},"thumbnailUrl":"https:\/\/www.p31noticias.com.br\/wp-content\/uploads\/2023\/09\/unnamed-9LOK-0.jpg","datePublished":"2023-09-29T12:11:54+00:00","dateModified":"2023-09-29T12:14:12+00:00","author":{"@id":"https:\/\/www.p31noticias.com.br\/#\/schema\/person\/95f2ece30e3b4132065b915150cd0f94"},"breadcrumb":{"@id":"https:\/\/www.p31noticias.com.br\/?p=28825#breadcrumb"},"inLanguage":"pt-BR","potentialAction":[{"@type":"ReadAction","target":["https:\/\/www.p31noticias.com.br\/?p=28825"]}]},{"@type":"ImageObject","inLanguage":"pt-BR","@id":"https:\/\/www.p31noticias.com.br\/?p=28825#primaryimage","url":"https:\/\/www.p31noticias.com.br\/wp-content\/uploads\/2023\/09\/unnamed-9LOK-0.jpg","contentUrl":"https:\/\/www.p31noticias.com.br\/wp-content\/uploads\/2023\/09\/unnamed-9LOK-0.jpg","width":776,"height":1102},{"@type":"BreadcrumbList","@id":"https:\/\/www.p31noticias.com.br\/?p=28825#breadcrumb","itemListElement":[{"@type":"ListItem","position":1,"name":"In\u00edcio","item":"https:\/\/www.p31noticias.com.br\/"},{"@type":"ListItem","position":2,"name":"Bolsonaro compartilha v\u00eddeo do Deputado Pastor Daniel de Castro durante a Oitiva da CPI de Ana Priscila"}]},{"@type":"WebSite","@id":"https:\/\/www.p31noticias.com.br\/#website","url":"https:\/\/www.p31noticias.com.br\/","name":"P31","description":"NOT\u00cdCIAS","potentialAction":[{"@type":"SearchAction","target":{"@type":"EntryPoint","urlTemplate":"https:\/\/www.p31noticias.com.br\/?s={search_term_string}"},"query-input":{"@type":"PropertyValueSpecification","valueRequired":true,"valueName":"search_term_string"}}],"inLanguage":"pt-BR"},{"@type":"Person","@id":"https:\/\/www.p31noticias.com.br\/#\/schema\/person\/95f2ece30e3b4132065b915150cd0f94","name":"Gon\u00e7alves Junior","image":{"@type":"ImageObject","inLanguage":"pt-BR","@id":"https:\/\/secure.gravatar.com\/avatar\/6711f350116a89762687a48d66f723c799e5438a5b7578508d4294cd7a5d0800?s=96&d=mm&r=g","url":"https:\/\/secure.gravatar.com\/avatar\/6711f350116a89762687a48d66f723c799e5438a5b7578508d4294cd7a5d0800?s=96&d=mm&r=g","contentUrl":"https:\/\/secure.gravatar.com\/avatar\/6711f350116a89762687a48d66f723c799e5438a5b7578508d4294cd7a5d0800?s=96&d=mm&r=g","caption":"Gon\u00e7alves Junior"},"url":"https:\/\/www.p31noticias.com.br\/?author=2"}]}},"amp_enabled":true,"_links":{"self":[{"href":"https:\/\/www.p31noticias.com.br\/index.php?rest_route=\/wp\/v2\/posts\/28825","targetHints":{"allow":["GET"]}}],"collection":[{"href":"https:\/\/www.p31noticias.com.br\/index.php?rest_route=\/wp\/v2\/posts"}],"about":[{"href":"https:\/\/www.p31noticias.com.br\/index.php?rest_route=\/wp\/v2\/types\/post"}],"author":[{"embeddable":true,"href":"https:\/\/www.p31noticias.com.br\/index.php?rest_route=\/wp\/v2\/users\/2"}],"replies":[{"embeddable":true,"href":"https:\/\/www.p31noticias.com.br\/index.php?rest_route=%2Fwp%2Fv2%2Fcomments&post=28825"}],"version-history":[{"count":3,"href":"https:\/\/www.p31noticias.com.br\/index.php?rest_route=\/wp\/v2\/posts\/28825\/revisions"}],"predecessor-version":[{"id":28829,"href":"https:\/\/www.p31noticias.com.br\/index.php?rest_route=\/wp\/v2\/posts\/28825\/revisions\/28829"}],"wp:featuredmedia":[{"embeddable":true,"href":"https:\/\/www.p31noticias.com.br\/index.php?rest_route=\/wp\/v2\/media\/28826"}],"wp:attachment":[{"href":"https:\/\/www.p31noticias.com.br\/index.php?rest_route=%2Fwp%2Fv2%2Fmedia&parent=28825"}],"wp:term":[{"taxonomy":"category","embeddable":true,"href":"https:\/\/www.p31noticias.com.br\/index.php?rest_route=%2Fwp%2Fv2%2Fcategories&post=28825"},{"taxonomy":"post_tag","embeddable":true,"href":"https:\/\/www.p31noticias.com.br\/index.php?rest_route=%2Fwp%2Fv2%2Ftags&post=28825"}],"curies":[{"name":"wp","href":"https:\/\/api.w.org\/{rel}","templated":true}]}}