{"id":28412,"date":"2023-08-08T11:55:00","date_gmt":"2023-08-08T14:55:00","guid":{"rendered":"https:\/\/p31noticias.com.br\/?p=28412"},"modified":"2023-08-08T11:55:00","modified_gmt":"2023-08-08T14:55:00","slug":"na-cpmi-do-8-de-janeiro-torres-chama-minuta-de-aberracao-juridica","status":"publish","type":"post","link":"https:\/\/www.p31noticias.com.br\/?p=28412","title":{"rendered":"Na CPMI do 8 de Janeiro, Torres chama minuta de \u2018aberra\u00e7\u00e3o jur\u00eddica&#8217;."},"content":{"rendered":"<p style=\"text-align: justify;\"><em><strong>Ex-secret\u00e1rio de Seguran\u00e7a do DF chegou a ser preso por omiss\u00e3o durante os ataques em Bras\u00edlia.<\/strong><\/em><\/p>\n<p style=\"text-align: justify;\">Em depoimento \u00e0\u00a0<a href=\"https:\/\/jovempan.com.br\/tag\/cpmi-do-8-de-janeiro\"><strong>Comiss\u00e3o Parlamentar Mista de Inqu\u00e9rito<\/strong><\/a>\u00a0(CPMI) do\u00a0<strong><a href=\"https:\/\/jovempan.com.br\/tag\/8-de-janeiro\">8 de Janeiro,\u00a0<\/a><\/strong>o ex-secret\u00e1rio de Seguran\u00e7a P\u00fablica do Distrito Federal e ex-ministro da Justi\u00e7a\u00a0<a href=\"https:\/\/jovempan.com.br\/tag\/anderson-torres\"><strong>Anderson Torres<\/strong><\/a>\u00a0negou ter participado da elabora\u00e7\u00e3o da minuta sobre suposta tentativa de interven\u00e7\u00e3o de Estado encontrada em sua casa no come\u00e7o de 2023 e chamou o material de \u201caberra\u00e7\u00e3o jur\u00eddica\u201d. Ele alegou que se tratava de um entre v\u00e1rios documentos que recebia de \u201cdiversas fontes\u201d como ministro e que teria o deixado para<strong>\u00a0\u201cdescarte como lixo\u201d<\/strong>. Em pronunciamento aos parlamentares nesta ter\u00e7a-feira, 8, Torres tamb\u00e9m alegou que os acampamentos de apoiadores do ex-presidente\u00a0<strong>Jair Bolsonaro<\/strong>\u00a0(PL) na capital federal seriam desmontados no dia\u00a0<strong>10 de janeiro<\/strong>. O ex-secret\u00e1rio e ex-ministro ficou preso por<strong>\u00a0quatro meses<\/strong>\u00a0acusado de ser omisso em rela\u00e7\u00e3o aos atos que culminaram na invas\u00e3o aos pr\u00e9dios dos Tr\u00eas Poderes, quando estava em f\u00e9rias nos Estados Unidos. Ele est\u00e1 em liberdade condicional com<strong>\u00a0tornozeleira eletr\u00f4nica<\/strong>. Anderson Torres \u00e9 ouvido na CPMI desde as 9h desta ter\u00e7a e tem autoriza\u00e7\u00e3o judicial do STF (Supremo Tribunal Federal) para n\u00e3o responder a perguntas que possam incrimin\u00e1-lo.<\/p>\n<p style=\"text-align: justify;\">JP NEWS.<\/p>\n","protected":false},"excerpt":{"rendered":"<p>Ex-secret\u00e1rio de Seguran\u00e7a do DF chegou a ser preso por omiss\u00e3o durante os ataques em Bras\u00edlia. Em depoimento \u00e0\u00a0Comiss\u00e3o Parlamentar Mista de Inqu\u00e9rito\u00a0(CPMI) do\u00a08 de Janeiro,\u00a0o ex-secret\u00e1rio de Seguran\u00e7a P\u00fablica do Distrito Federal e ex-ministro da Justi\u00e7a\u00a0Anderson Torres\u00a0negou ter participado da elabora\u00e7\u00e3o da minuta sobre suposta tentativa de interven\u00e7\u00e3o de Estado encontrada em sua casa [&hellip;]<\/p>\n","protected":false},"author":2,"featured_media":28413,"comment_status":"open","ping_status":"open","sticky":false,"template":"","format":"standard","meta":{"footnotes":""},"categories":[68],"tags":[],"class_list":{"0":"post-28412","1":"post","2":"type-post","3":"status-publish","4":"format-standard","5":"has-post-thumbnail","7":"category-brasil"},"yoast_head":"<!-- This site is optimized with the Yoast SEO Premium plugin v24.5 (Yoast SEO v27.4) - https:\/\/yoast.com\/product\/yoast-seo-premium-wordpress\/ -->\n<title>Na CPMI do 8 de Janeiro, Torres chama minuta de \u2018aberra\u00e7\u00e3o jur\u00eddica&#039;. - P31<\/title>\n<meta name=\"robots\" content=\"index, follow, max-snippet:-1, max-image-preview:large, max-video-preview:-1\" \/>\n<link rel=\"canonical\" href=\"https:\/\/www.p31noticias.com.br\/?p=28412\" \/>\n<meta property=\"og:locale\" content=\"pt_BR\" \/>\n<meta property=\"og:type\" content=\"article\" \/>\n<meta property=\"og:title\" content=\"Na CPMI do 8 de Janeiro, Torres chama minuta de \u2018aberra\u00e7\u00e3o jur\u00eddica&#039;.\" \/>\n<meta property=\"og:description\" content=\"Ex-secret\u00e1rio de Seguran\u00e7a do DF chegou a ser preso por omiss\u00e3o durante os ataques em Bras\u00edlia. Em depoimento \u00e0\u00a0Comiss\u00e3o Parlamentar Mista de Inqu\u00e9rito\u00a0(CPMI) do\u00a08 de Janeiro,\u00a0o ex-secret\u00e1rio de Seguran\u00e7a P\u00fablica do Distrito Federal e ex-ministro da Justi\u00e7a\u00a0Anderson Torres\u00a0negou ter participado da elabora\u00e7\u00e3o da minuta sobre suposta tentativa de interven\u00e7\u00e3o de Estado encontrada em sua casa [&hellip;]\" \/>\n<meta property=\"og:url\" content=\"https:\/\/www.p31noticias.com.br\/?p=28412\" \/>\n<meta property=\"og:site_name\" content=\"P31\" \/>\n<meta property=\"article:published_time\" content=\"2023-08-08T14:55:00+00:00\" \/>\n<meta property=\"og:image\" content=\"https:\/\/www.p31noticias.com.br\/wp-content\/uploads\/2023\/08\/img20230808111153036-750x450-1.jpg\" \/>\n\t<meta property=\"og:image:width\" content=\"750\" \/>\n\t<meta property=\"og:image:height\" content=\"450\" \/>\n\t<meta property=\"og:image:type\" content=\"image\/jpeg\" \/>\n<meta name=\"author\" content=\"Gon\u00e7alves Junior\" \/>\n<meta name=\"twitter:card\" content=\"summary_large_image\" \/>\n<meta name=\"twitter:label1\" content=\"Escrito por\" \/>\n\t<meta name=\"twitter:data1\" content=\"Gon\u00e7alves Junior\" \/>\n\t<meta name=\"twitter:label2\" content=\"Est. tempo de leitura\" \/>\n\t<meta name=\"twitter:data2\" content=\"1 minuto\" \/>\n<script type=\"application\/ld+json\" class=\"yoast-schema-graph\">{\"@context\":\"https:\\\/\\\/schema.org\",\"@graph\":[{\"@type\":\"Article\",\"@id\":\"https:\\\/\\\/www.p31noticias.com.br\\\/?p=28412#article\",\"isPartOf\":{\"@id\":\"https:\\\/\\\/www.p31noticias.com.br\\\/?p=28412\"},\"author\":{\"name\":\"Gon\u00e7alves Junior\",\"@id\":\"https:\\\/\\\/www.p31noticias.com.br\\\/#\\\/schema\\\/person\\\/95f2ece30e3b4132065b915150cd0f94\"},\"headline\":\"Na CPMI do 8 de Janeiro, Torres chama minuta de \u2018aberra\u00e7\u00e3o jur\u00eddica&#8217;.\",\"datePublished\":\"2023-08-08T14:55:00+00:00\",\"mainEntityOfPage\":{\"@id\":\"https:\\\/\\\/www.p31noticias.com.br\\\/?p=28412\"},\"wordCount\":235,\"commentCount\":0,\"image\":{\"@id\":\"https:\\\/\\\/www.p31noticias.com.br\\\/?p=28412#primaryimage\"},\"thumbnailUrl\":\"https:\\\/\\\/www.p31noticias.com.br\\\/wp-content\\\/uploads\\\/2023\\\/08\\\/img20230808111153036-750x450-1.jpg\",\"articleSection\":[\"Brasil\"],\"inLanguage\":\"pt-BR\",\"potentialAction\":[{\"@type\":\"CommentAction\",\"name\":\"Comment\",\"target\":[\"https:\\\/\\\/www.p31noticias.com.br\\\/?p=28412#respond\"]}],\"copyrightYear\":\"2023\",\"copyrightHolder\":{\"@id\":\"https:\\\/\\\/www.p31noticias.com.br\\\/#organization\"}},{\"@type\":\"WebPage\",\"@id\":\"https:\\\/\\\/www.p31noticias.com.br\\\/?p=28412\",\"url\":\"https:\\\/\\\/www.p31noticias.com.br\\\/?p=28412\",\"name\":\"Na CPMI do 8 de Janeiro, Torres chama minuta de \u2018aberra\u00e7\u00e3o jur\u00eddica'. - P31\",\"isPartOf\":{\"@id\":\"https:\\\/\\\/www.p31noticias.com.br\\\/#website\"},\"primaryImageOfPage\":{\"@id\":\"https:\\\/\\\/www.p31noticias.com.br\\\/?p=28412#primaryimage\"},\"image\":{\"@id\":\"https:\\\/\\\/www.p31noticias.com.br\\\/?p=28412#primaryimage\"},\"thumbnailUrl\":\"https:\\\/\\\/www.p31noticias.com.br\\\/wp-content\\\/uploads\\\/2023\\\/08\\\/img20230808111153036-750x450-1.jpg\",\"datePublished\":\"2023-08-08T14:55:00+00:00\",\"author\":{\"@id\":\"https:\\\/\\\/www.p31noticias.com.br\\\/#\\\/schema\\\/person\\\/95f2ece30e3b4132065b915150cd0f94\"},\"breadcrumb\":{\"@id\":\"https:\\\/\\\/www.p31noticias.com.br\\\/?p=28412#breadcrumb\"},\"inLanguage\":\"pt-BR\",\"potentialAction\":[{\"@type\":\"ReadAction\",\"target\":[\"https:\\\/\\\/www.p31noticias.com.br\\\/?p=28412\"]}]},{\"@type\":\"ImageObject\",\"inLanguage\":\"pt-BR\",\"@id\":\"https:\\\/\\\/www.p31noticias.com.br\\\/?p=28412#primaryimage\",\"url\":\"https:\\\/\\\/www.p31noticias.com.br\\\/wp-content\\\/uploads\\\/2023\\\/08\\\/img20230808111153036-750x450-1.jpg\",\"contentUrl\":\"https:\\\/\\\/www.p31noticias.com.br\\\/wp-content\\\/uploads\\\/2023\\\/08\\\/img20230808111153036-750x450-1.jpg\",\"width\":750,\"height\":450},{\"@type\":\"BreadcrumbList\",\"@id\":\"https:\\\/\\\/www.p31noticias.com.br\\\/?p=28412#breadcrumb\",\"itemListElement\":[{\"@type\":\"ListItem\",\"position\":1,\"name\":\"In\u00edcio\",\"item\":\"https:\\\/\\\/www.p31noticias.com.br\\\/\"},{\"@type\":\"ListItem\",\"position\":2,\"name\":\"Na CPMI do 8 de Janeiro, Torres chama minuta de \u2018aberra\u00e7\u00e3o jur\u00eddica&#8217;.\"}]},{\"@type\":\"WebSite\",\"@id\":\"https:\\\/\\\/www.p31noticias.com.br\\\/#website\",\"url\":\"https:\\\/\\\/www.p31noticias.com.br\\\/\",\"name\":\"P31\",\"description\":\"NOT\u00cdCIAS\",\"potentialAction\":[{\"@type\":\"SearchAction\",\"target\":{\"@type\":\"EntryPoint\",\"urlTemplate\":\"https:\\\/\\\/www.p31noticias.com.br\\\/?s={search_term_string}\"},\"query-input\":{\"@type\":\"PropertyValueSpecification\",\"valueRequired\":true,\"valueName\":\"search_term_string\"}}],\"inLanguage\":\"pt-BR\"},{\"@type\":\"Person\",\"@id\":\"https:\\\/\\\/www.p31noticias.com.br\\\/#\\\/schema\\\/person\\\/95f2ece30e3b4132065b915150cd0f94\",\"name\":\"Gon\u00e7alves Junior\",\"image\":{\"@type\":\"ImageObject\",\"inLanguage\":\"pt-BR\",\"@id\":\"https:\\\/\\\/secure.gravatar.com\\\/avatar\\\/6711f350116a89762687a48d66f723c799e5438a5b7578508d4294cd7a5d0800?s=96&d=mm&r=g\",\"url\":\"https:\\\/\\\/secure.gravatar.com\\\/avatar\\\/6711f350116a89762687a48d66f723c799e5438a5b7578508d4294cd7a5d0800?s=96&d=mm&r=g\",\"contentUrl\":\"https:\\\/\\\/secure.gravatar.com\\\/avatar\\\/6711f350116a89762687a48d66f723c799e5438a5b7578508d4294cd7a5d0800?s=96&d=mm&r=g\",\"caption\":\"Gon\u00e7alves Junior\"},\"url\":\"https:\\\/\\\/www.p31noticias.com.br\\\/?author=2\"}]}<\/script>\n<!-- \/ Yoast SEO Premium plugin. -->","yoast_head_json":{"title":"Na CPMI do 8 de Janeiro, Torres chama minuta de \u2018aberra\u00e7\u00e3o jur\u00eddica'. - P31","robots":{"index":"index","follow":"follow","max-snippet":"max-snippet:-1","max-image-preview":"max-image-preview:large","max-video-preview":"max-video-preview:-1"},"canonical":"https:\/\/www.p31noticias.com.br\/?p=28412","og_locale":"pt_BR","og_type":"article","og_title":"Na CPMI do 8 de Janeiro, Torres chama minuta de \u2018aberra\u00e7\u00e3o jur\u00eddica'.","og_description":"Ex-secret\u00e1rio de Seguran\u00e7a do DF chegou a ser preso por omiss\u00e3o durante os ataques em Bras\u00edlia. Em depoimento \u00e0\u00a0Comiss\u00e3o Parlamentar Mista de Inqu\u00e9rito\u00a0(CPMI) do\u00a08 de Janeiro,\u00a0o ex-secret\u00e1rio de Seguran\u00e7a P\u00fablica do Distrito Federal e ex-ministro da Justi\u00e7a\u00a0Anderson Torres\u00a0negou ter participado da elabora\u00e7\u00e3o da minuta sobre suposta tentativa de interven\u00e7\u00e3o de Estado encontrada em sua casa [&hellip;]","og_url":"https:\/\/www.p31noticias.com.br\/?p=28412","og_site_name":"P31","article_published_time":"2023-08-08T14:55:00+00:00","og_image":[{"width":750,"height":450,"url":"https:\/\/www.p31noticias.com.br\/wp-content\/uploads\/2023\/08\/img20230808111153036-750x450-1.jpg","type":"image\/jpeg"}],"author":"Gon\u00e7alves Junior","twitter_card":"summary_large_image","twitter_misc":{"Escrito por":"Gon\u00e7alves Junior","Est. tempo de leitura":"1 minuto"},"schema":{"@context":"https:\/\/schema.org","@graph":[{"@type":"Article","@id":"https:\/\/www.p31noticias.com.br\/?p=28412#article","isPartOf":{"@id":"https:\/\/www.p31noticias.com.br\/?p=28412"},"author":{"name":"Gon\u00e7alves Junior","@id":"https:\/\/www.p31noticias.com.br\/#\/schema\/person\/95f2ece30e3b4132065b915150cd0f94"},"headline":"Na CPMI do 8 de Janeiro, Torres chama minuta de \u2018aberra\u00e7\u00e3o jur\u00eddica&#8217;.","datePublished":"2023-08-08T14:55:00+00:00","mainEntityOfPage":{"@id":"https:\/\/www.p31noticias.com.br\/?p=28412"},"wordCount":235,"commentCount":0,"image":{"@id":"https:\/\/www.p31noticias.com.br\/?p=28412#primaryimage"},"thumbnailUrl":"https:\/\/www.p31noticias.com.br\/wp-content\/uploads\/2023\/08\/img20230808111153036-750x450-1.jpg","articleSection":["Brasil"],"inLanguage":"pt-BR","potentialAction":[{"@type":"CommentAction","name":"Comment","target":["https:\/\/www.p31noticias.com.br\/?p=28412#respond"]}],"copyrightYear":"2023","copyrightHolder":{"@id":"https:\/\/www.p31noticias.com.br\/#organization"}},{"@type":"WebPage","@id":"https:\/\/www.p31noticias.com.br\/?p=28412","url":"https:\/\/www.p31noticias.com.br\/?p=28412","name":"Na CPMI do 8 de Janeiro, Torres chama minuta de \u2018aberra\u00e7\u00e3o jur\u00eddica'. - P31","isPartOf":{"@id":"https:\/\/www.p31noticias.com.br\/#website"},"primaryImageOfPage":{"@id":"https:\/\/www.p31noticias.com.br\/?p=28412#primaryimage"},"image":{"@id":"https:\/\/www.p31noticias.com.br\/?p=28412#primaryimage"},"thumbnailUrl":"https:\/\/www.p31noticias.com.br\/wp-content\/uploads\/2023\/08\/img20230808111153036-750x450-1.jpg","datePublished":"2023-08-08T14:55:00+00:00","author":{"@id":"https:\/\/www.p31noticias.com.br\/#\/schema\/person\/95f2ece30e3b4132065b915150cd0f94"},"breadcrumb":{"@id":"https:\/\/www.p31noticias.com.br\/?p=28412#breadcrumb"},"inLanguage":"pt-BR","potentialAction":[{"@type":"ReadAction","target":["https:\/\/www.p31noticias.com.br\/?p=28412"]}]},{"@type":"ImageObject","inLanguage":"pt-BR","@id":"https:\/\/www.p31noticias.com.br\/?p=28412#primaryimage","url":"https:\/\/www.p31noticias.com.br\/wp-content\/uploads\/2023\/08\/img20230808111153036-750x450-1.jpg","contentUrl":"https:\/\/www.p31noticias.com.br\/wp-content\/uploads\/2023\/08\/img20230808111153036-750x450-1.jpg","width":750,"height":450},{"@type":"BreadcrumbList","@id":"https:\/\/www.p31noticias.com.br\/?p=28412#breadcrumb","itemListElement":[{"@type":"ListItem","position":1,"name":"In\u00edcio","item":"https:\/\/www.p31noticias.com.br\/"},{"@type":"ListItem","position":2,"name":"Na CPMI do 8 de Janeiro, Torres chama minuta de \u2018aberra\u00e7\u00e3o jur\u00eddica&#8217;."}]},{"@type":"WebSite","@id":"https:\/\/www.p31noticias.com.br\/#website","url":"https:\/\/www.p31noticias.com.br\/","name":"P31","description":"NOT\u00cdCIAS","potentialAction":[{"@type":"SearchAction","target":{"@type":"EntryPoint","urlTemplate":"https:\/\/www.p31noticias.com.br\/?s={search_term_string}"},"query-input":{"@type":"PropertyValueSpecification","valueRequired":true,"valueName":"search_term_string"}}],"inLanguage":"pt-BR"},{"@type":"Person","@id":"https:\/\/www.p31noticias.com.br\/#\/schema\/person\/95f2ece30e3b4132065b915150cd0f94","name":"Gon\u00e7alves Junior","image":{"@type":"ImageObject","inLanguage":"pt-BR","@id":"https:\/\/secure.gravatar.com\/avatar\/6711f350116a89762687a48d66f723c799e5438a5b7578508d4294cd7a5d0800?s=96&d=mm&r=g","url":"https:\/\/secure.gravatar.com\/avatar\/6711f350116a89762687a48d66f723c799e5438a5b7578508d4294cd7a5d0800?s=96&d=mm&r=g","contentUrl":"https:\/\/secure.gravatar.com\/avatar\/6711f350116a89762687a48d66f723c799e5438a5b7578508d4294cd7a5d0800?s=96&d=mm&r=g","caption":"Gon\u00e7alves Junior"},"url":"https:\/\/www.p31noticias.com.br\/?author=2"}]}},"amp_enabled":true,"_links":{"self":[{"href":"https:\/\/www.p31noticias.com.br\/index.php?rest_route=\/wp\/v2\/posts\/28412","targetHints":{"allow":["GET"]}}],"collection":[{"href":"https:\/\/www.p31noticias.com.br\/index.php?rest_route=\/wp\/v2\/posts"}],"about":[{"href":"https:\/\/www.p31noticias.com.br\/index.php?rest_route=\/wp\/v2\/types\/post"}],"author":[{"embeddable":true,"href":"https:\/\/www.p31noticias.com.br\/index.php?rest_route=\/wp\/v2\/users\/2"}],"replies":[{"embeddable":true,"href":"https:\/\/www.p31noticias.com.br\/index.php?rest_route=%2Fwp%2Fv2%2Fcomments&post=28412"}],"version-history":[{"count":1,"href":"https:\/\/www.p31noticias.com.br\/index.php?rest_route=\/wp\/v2\/posts\/28412\/revisions"}],"predecessor-version":[{"id":28414,"href":"https:\/\/www.p31noticias.com.br\/index.php?rest_route=\/wp\/v2\/posts\/28412\/revisions\/28414"}],"wp:featuredmedia":[{"embeddable":true,"href":"https:\/\/www.p31noticias.com.br\/index.php?rest_route=\/wp\/v2\/media\/28413"}],"wp:attachment":[{"href":"https:\/\/www.p31noticias.com.br\/index.php?rest_route=%2Fwp%2Fv2%2Fmedia&parent=28412"}],"wp:term":[{"taxonomy":"category","embeddable":true,"href":"https:\/\/www.p31noticias.com.br\/index.php?rest_route=%2Fwp%2Fv2%2Fcategories&post=28412"},{"taxonomy":"post_tag","embeddable":true,"href":"https:\/\/www.p31noticias.com.br\/index.php?rest_route=%2Fwp%2Fv2%2Ftags&post=28412"}],"curies":[{"name":"wp","href":"https:\/\/api.w.org\/{rel}","templated":true}]}}