{"id":28362,"date":"2023-07-24T21:27:05","date_gmt":"2023-07-25T00:27:05","guid":{"rendered":"https:\/\/p31noticias.com.br\/?p=28362"},"modified":"2023-07-24T21:27:05","modified_gmt":"2023-07-25T00:27:05","slug":"seguranca-distrito-federal-repasses-em-acoes-de-seguranca-no-novo-pacote-federal-somam-r-383-milhoes","status":"publish","type":"post","link":"https:\/\/www.p31noticias.com.br\/?p=28362","title":{"rendered":"SEGURAN\u00c7A  Distrito Federal: repasses em a\u00e7\u00f5es de seguran\u00e7a no novo pacote federal somam R$ 38,3 milh\u00f5es."},"content":{"rendered":"<p style=\"text-align: justify;\"><em><strong>Recursos contemplam o Fundo Nacional de Seguran\u00e7a P\u00fablica e o programa Escola Segura. An\u00fancio do Governo Federal tamb\u00e9m inclui regras para controle de armas e plano de a\u00e7\u00e3o para a Amaz\u00f4nia.<\/strong><\/em><\/p>\n<article>\n<div id=\"content-core\" style=\"text-align: justify;\">\n<div id=\"parent-fieldname-text\" class=\"\">\n<div>\n<p>Recursos para prevenir viol\u00eancia nas escolas, repasses para seguran\u00e7a nos estados e munic\u00edpios, medidas para um controle respons\u00e1vel de armas, edital para projetos culturais em \u00e1reas em vulnerabilidade social, um plano de a\u00e7\u00f5es para a Amaz\u00f4nia e projetos de lei para ampliar penas para quem pratica crimes em escolas e contra o Estado Democr\u00e1tico de Direito.<\/p>\n<p>O Governo Federal lan\u00e7ou nesta sexta-feira, 21\/7, em Bras\u00edlia (DF), o Programa de A\u00e7\u00e3o na Seguran\u00e7a (PAS), um amplo pacote voltado para seguran\u00e7a p\u00fablica a ser efetivado em parceria com estados e munic\u00edpios. O ministro da Justi\u00e7a e Seguran\u00e7a P\u00fablica, Fl\u00e1vio Dino, e o presidente da Rep\u00fablica, Luiz In\u00e1cio Lula da Silva, detalharam as medidas em um evento no Pal\u00e1cio do Planalto.<\/p>\n<p>&#8220;Esse ato de hoje \u00e9 um dos compromissos de fazer o Brasil voltar \u00e0 normalidade retirada nos \u00faltimos seis anos, fazendo as coisas funcionarem como t\u00eam que ser&#8221;, afirmou o presidente Lula. &#8220;O que a gente sabe \u00e9 que a gente precisa de uni\u00e3o. Queremos o Governo Federal presente no tema da seguran\u00e7a. N\u00e3o apropriar as compet\u00eancias estaduais, mas ajudar&#8221;, completou o ministro Fl\u00e1vio Dino.<\/p>\n<p><strong>INVESTIMENTOS<\/strong>\u00a0\u2014 Um dos blocos de a\u00e7\u00f5es \u00e9 marcado por investimentos federais. Nele est\u00e3o combinados o refor\u00e7o ao Fundo Nacional de Seguran\u00e7a P\u00fablica (FNSP) a estados e Distrito Federal. S\u00e3o mais de R$ 1 bilh\u00e3o com repasse a partir de agosto. A a\u00e7\u00e3o tamb\u00e9m passa pela assinatura do Plano Amaz\u00f4nia, com R$ 2 bilh\u00f5es para combater crimes ambientais e conexos em estados da Amaz\u00f4nia Legal.<\/p>\n<p>Os investimentos alcan\u00e7am, ainda, R$ 170 milh\u00f5es para o Escola Segura, beneficiando 24 estados e 132 munic\u00edpios que tiveram projetos aprovados no edital do programa. E uma sele\u00e7\u00e3o de projetos culturais no \u00e2mbito do Programa Nacional de Seguran\u00e7a P\u00fablica com Cidadania (Pronasci 2), destinando R$ 30 milh\u00f5es a 163 munic\u00edpios priorit\u00e1rios.<\/p>\n<p><img decoding=\"async\" class=\"image-inline\" src=\"https:\/\/www.gov.br\/secom\/pt-br\/arquivos\/infograficos\/230721_pas_infografico2_controle-responsavel-de-armas_fonte-divulgamjsp.jpg\" alt=\"Infogr\u00e1fico 2 | Quadro comparativo sobre o controle de armas previsto no Programa de A\u00e7\u00e3o na Seguran\u00e7a (PAS), em julho de 2023\" \/><br \/>\n<span class=\"discreet\">Infogr\u00e1fico 2 |\u00a0Quadro comparativo sobre o controle de armas previsto no PAS | Fonte: MJSP<\/span><\/p>\n<p><strong>DISTRITO FEDERAL<\/strong>\u00a0\u2014 Entre o Fundo Nacional de Seguran\u00e7a P\u00fablica (FNSP) e o edital do programa Escola Segura, o Distrito Federal vai receber um repasse de R$ 38,3 milh\u00f5es do Governo Federal. A fatia do Fundo Nacional de Seguran\u00e7a P\u00fablica destinada ao estado \u00e9 de R$ 35,3 milh\u00f5es, o que corresponde a 3,5% do valor total do FNSP. A previs\u00e3o \u00e9 de que metade desse valor seja repassada em agosto e o restante at\u00e9 o fim de 2023.<\/p>\n<p>No edital Escola Segura, o DF vai receber R$ 3 milh\u00f5es para investimento em a\u00e7\u00f5es de preven\u00e7\u00e3o, rondas, qualifica\u00e7\u00e3o de profissionais da \u00e1rea de seguran\u00e7a, pesquisas e monitoramento cibern\u00e9tico.<\/p>\n<p>Adicionalmente, Bras\u00edlia est\u00e1 listada como priorit\u00e1ria para projetos de Cultura no contexto do Programa Nacional de Seguran\u00e7a P\u00fablica com Cidadania, o Pronasci 2. O valor total do edital para o pa\u00eds \u00e9 de R$ 30 milh\u00f5es.<\/p>\n<p><strong>LEGISLA\u00c7\u00c3O<\/strong>\u00a0\u2014 O PAS ainda re\u00fane iniciativas relacionadas \u00e0 altera\u00e7\u00e3o de normas legais, a principal delas o decreto sobre controle respons\u00e1vel de armas. A nova legisla\u00e7\u00e3o se organiza em sete eixos: redu\u00e7\u00e3o da quantidade de armas e muni\u00e7\u00f5es acess\u00edveis a civis; distin\u00e7\u00e3o entre armas acess\u00edveis a cidad\u00e3os e as de uso dos \u00f3rg\u00e3os de seguran\u00e7a; fim do porte de tr\u00e2nsito municiado para ca\u00e7adores, atiradores e colecionadores; restri\u00e7\u00e3o \u00e0s entidades de tiro desportivo; refor\u00e7o ao car\u00e1ter excepcional da ca\u00e7a; redu\u00e7\u00e3o da validade dos registros de armas de fogo; e transfer\u00eancia de compet\u00eancias \u00e0 Pol\u00edcia Federal sobre atividades de car\u00e1ter civil envolvendo armas (confira arte).<\/p>\n<p><img decoding=\"async\" class=\"image-inline\" src=\"https:\/\/www.gov.br\/secom\/pt-br\/arquivos\/infograficos\/230721_pas_infografico2_controle-responsavel-de-armas_fonte-divulgamjsp.jpg\" alt=\"Infogr\u00e1fico 2 | Quadro comparativo sobre o controle de armas previsto no Programa de A\u00e7\u00e3o na Seguran\u00e7a (PAS), em julho de 2023\" \/><br \/>\n<span class=\"discreet\">Infogr\u00e1fico 2 |\u00a0Quadro comparativo sobre o controle de armas previsto no PAS | Fonte: MJSP<\/span><\/p>\n<p>O presidente Lula e o ministro Dino tamb\u00e9m assinaram portaria que autoriza a instala\u00e7\u00e3o de cinco novos Grupos de Investiga\u00e7\u00f5es Sens\u00edveis (GISEs) \u2013 nos estados do Acre, Amazonas, Par\u00e1, Cear\u00e1 e Santa Catarina \u2013 e a instala\u00e7\u00e3o de 15 novas For\u00e7as Integradas de Combate ao Crime Organizado (FICCOs). Com a medida, 20 Unidades da Federa\u00e7\u00e3o passam a contar com GISE e todas as UFs disp\u00f5em de FICCO.<\/p>\n<p><strong>VIOL\u00caNCIA CONTRA ESCOLAS<\/strong>\u00a0\u2014 No pacote de a\u00e7\u00f5es est\u00e1 o Projeto de Lei que torna crime hediondo a viol\u00eancia contra escolas. A proposta foi sugerida pelas fam\u00edlias vitimadas pelo ataque \u00e0 creche Cantinho Bom Pastor, em Blumenau (SC), e altera o C\u00f3digo de Processo Penal para prever nova esp\u00e9cie de homic\u00eddio qualificado: o cometido no interior de institui\u00e7\u00f5es de ensino, com pena de reclus\u00e3o de 12 a 30 anos.<\/p>\n<p><strong>DEMOCRACIA<\/strong>\u00a0\u2014\u00a0Dois outros projetos de Lei est\u00e3o combinados em um &#8220;Pacote da Democracia&#8221;. O primeiro autoriza a apreens\u00e3o de bens, bloqueio de contas banc\u00e1rias e de ativos financeiros nos casos de crimes contra o Estado Democr\u00e1tico de Direito. Um novo projeto de Lei aumenta as penas para crimes cometidos contra o Estado Democr\u00e1tico de Direito, prevendo reclus\u00e3o de 6 a 12 anos para quem organizar ou liderar movimentos antidemocr\u00e1ticos; de 8 a 20 anos para quem financiar esses movimentos; de 6 a 12 anos (mais pena correspondente \u00e0 viol\u00eancia) para crimes que atentem contra a integridade f\u00edsica dos l\u00edderes dos Tr\u00eas Poderes; e de 20 a 40 anos para crimes que atentem contra a vida dessas autoridades.<\/p>\n<p>Secretaria de Comunica\u00e7\u00e3o Social da Presid\u00eancia da Rep\u00fablica &#8211; SECOM<\/p>\n<\/div>\n<\/div>\n<\/div>\n<\/article>\n","protected":false},"excerpt":{"rendered":"<p>Recursos contemplam o Fundo Nacional de Seguran\u00e7a P\u00fablica e o programa Escola Segura. An\u00fancio do Governo Federal tamb\u00e9m inclui regras para controle de armas e plano de a\u00e7\u00e3o para a Amaz\u00f4nia. Recursos para prevenir viol\u00eancia nas escolas, repasses para seguran\u00e7a nos estados e munic\u00edpios, medidas para um controle respons\u00e1vel de armas, edital para projetos culturais [&hellip;]<\/p>\n","protected":false},"author":2,"featured_media":28363,"comment_status":"open","ping_status":"open","sticky":false,"template":"","format":"standard","meta":{"footnotes":""},"categories":[68],"tags":[],"class_list":{"0":"post-28362","1":"post","2":"type-post","3":"status-publish","4":"format-standard","5":"has-post-thumbnail","7":"category-brasil"},"yoast_head":"<!-- This site is optimized with the Yoast SEO Premium plugin v24.5 (Yoast SEO v27.4) - https:\/\/yoast.com\/product\/yoast-seo-premium-wordpress\/ -->\n<title>SEGURAN\u00c7A Distrito Federal: repasses em a\u00e7\u00f5es de seguran\u00e7a no novo pacote federal somam R$ 38,3 milh\u00f5es. - P31<\/title>\n<meta name=\"robots\" content=\"index, follow, max-snippet:-1, max-image-preview:large, max-video-preview:-1\" \/>\n<link rel=\"canonical\" href=\"https:\/\/www.p31noticias.com.br\/?p=28362\" \/>\n<meta property=\"og:locale\" content=\"pt_BR\" \/>\n<meta property=\"og:type\" content=\"article\" \/>\n<meta property=\"og:title\" content=\"SEGURAN\u00c7A Distrito Federal: repasses em a\u00e7\u00f5es de seguran\u00e7a no novo pacote federal somam R$ 38,3 milh\u00f5es.\" \/>\n<meta property=\"og:description\" content=\"Recursos contemplam o Fundo Nacional de Seguran\u00e7a P\u00fablica e o programa Escola Segura. An\u00fancio do Governo Federal tamb\u00e9m inclui regras para controle de armas e plano de a\u00e7\u00e3o para a Amaz\u00f4nia. Recursos para prevenir viol\u00eancia nas escolas, repasses para seguran\u00e7a nos estados e munic\u00edpios, medidas para um controle respons\u00e1vel de armas, edital para projetos culturais [&hellip;]\" \/>\n<meta property=\"og:url\" content=\"https:\/\/www.p31noticias.com.br\/?p=28362\" \/>\n<meta property=\"og:site_name\" content=\"P31\" \/>\n<meta property=\"article:published_time\" content=\"2023-07-25T00:27:05+00:00\" \/>\n<meta property=\"og:image\" content=\"https:\/\/www.p31noticias.com.br\/wp-content\/uploads\/2023\/07\/unnamed-2023-07-24T212143.571.jpg\" \/>\n\t<meta property=\"og:image:width\" content=\"913\" \/>\n\t<meta property=\"og:image:height\" content=\"654\" \/>\n\t<meta property=\"og:image:type\" content=\"image\/jpeg\" \/>\n<meta name=\"author\" content=\"Gon\u00e7alves Junior\" \/>\n<meta name=\"twitter:card\" content=\"summary_large_image\" \/>\n<meta name=\"twitter:label1\" content=\"Escrito por\" \/>\n\t<meta name=\"twitter:data1\" content=\"Gon\u00e7alves Junior\" \/>\n\t<meta name=\"twitter:label2\" content=\"Est. tempo de leitura\" \/>\n\t<meta name=\"twitter:data2\" content=\"5 minutos\" \/>\n<script type=\"application\/ld+json\" class=\"yoast-schema-graph\">{\"@context\":\"https:\\\/\\\/schema.org\",\"@graph\":[{\"@type\":\"Article\",\"@id\":\"https:\\\/\\\/www.p31noticias.com.br\\\/?p=28362#article\",\"isPartOf\":{\"@id\":\"https:\\\/\\\/www.p31noticias.com.br\\\/?p=28362\"},\"author\":{\"name\":\"Gon\u00e7alves Junior\",\"@id\":\"https:\\\/\\\/www.p31noticias.com.br\\\/#\\\/schema\\\/person\\\/95f2ece30e3b4132065b915150cd0f94\"},\"headline\":\"SEGURAN\u00c7A Distrito Federal: repasses em a\u00e7\u00f5es de seguran\u00e7a no novo pacote federal somam R$ 38,3 milh\u00f5es.\",\"datePublished\":\"2023-07-25T00:27:05+00:00\",\"mainEntityOfPage\":{\"@id\":\"https:\\\/\\\/www.p31noticias.com.br\\\/?p=28362\"},\"wordCount\":969,\"commentCount\":0,\"image\":{\"@id\":\"https:\\\/\\\/www.p31noticias.com.br\\\/?p=28362#primaryimage\"},\"thumbnailUrl\":\"https:\\\/\\\/www.p31noticias.com.br\\\/wp-content\\\/uploads\\\/2023\\\/07\\\/unnamed-2023-07-24T212143.571.jpg\",\"articleSection\":[\"Brasil\"],\"inLanguage\":\"pt-BR\",\"potentialAction\":[{\"@type\":\"CommentAction\",\"name\":\"Comment\",\"target\":[\"https:\\\/\\\/www.p31noticias.com.br\\\/?p=28362#respond\"]}],\"copyrightYear\":\"2023\",\"copyrightHolder\":{\"@id\":\"https:\\\/\\\/www.p31noticias.com.br\\\/#organization\"}},{\"@type\":\"WebPage\",\"@id\":\"https:\\\/\\\/www.p31noticias.com.br\\\/?p=28362\",\"url\":\"https:\\\/\\\/www.p31noticias.com.br\\\/?p=28362\",\"name\":\"SEGURAN\u00c7A Distrito Federal: repasses em a\u00e7\u00f5es de seguran\u00e7a no novo pacote federal somam R$ 38,3 milh\u00f5es. - P31\",\"isPartOf\":{\"@id\":\"https:\\\/\\\/www.p31noticias.com.br\\\/#website\"},\"primaryImageOfPage\":{\"@id\":\"https:\\\/\\\/www.p31noticias.com.br\\\/?p=28362#primaryimage\"},\"image\":{\"@id\":\"https:\\\/\\\/www.p31noticias.com.br\\\/?p=28362#primaryimage\"},\"thumbnailUrl\":\"https:\\\/\\\/www.p31noticias.com.br\\\/wp-content\\\/uploads\\\/2023\\\/07\\\/unnamed-2023-07-24T212143.571.jpg\",\"datePublished\":\"2023-07-25T00:27:05+00:00\",\"author\":{\"@id\":\"https:\\\/\\\/www.p31noticias.com.br\\\/#\\\/schema\\\/person\\\/95f2ece30e3b4132065b915150cd0f94\"},\"breadcrumb\":{\"@id\":\"https:\\\/\\\/www.p31noticias.com.br\\\/?p=28362#breadcrumb\"},\"inLanguage\":\"pt-BR\",\"potentialAction\":[{\"@type\":\"ReadAction\",\"target\":[\"https:\\\/\\\/www.p31noticias.com.br\\\/?p=28362\"]}]},{\"@type\":\"ImageObject\",\"inLanguage\":\"pt-BR\",\"@id\":\"https:\\\/\\\/www.p31noticias.com.br\\\/?p=28362#primaryimage\",\"url\":\"https:\\\/\\\/www.p31noticias.com.br\\\/wp-content\\\/uploads\\\/2023\\\/07\\\/unnamed-2023-07-24T212143.571.jpg\",\"contentUrl\":\"https:\\\/\\\/www.p31noticias.com.br\\\/wp-content\\\/uploads\\\/2023\\\/07\\\/unnamed-2023-07-24T212143.571.jpg\",\"width\":913,\"height\":654},{\"@type\":\"BreadcrumbList\",\"@id\":\"https:\\\/\\\/www.p31noticias.com.br\\\/?p=28362#breadcrumb\",\"itemListElement\":[{\"@type\":\"ListItem\",\"position\":1,\"name\":\"In\u00edcio\",\"item\":\"https:\\\/\\\/www.p31noticias.com.br\\\/\"},{\"@type\":\"ListItem\",\"position\":2,\"name\":\"SEGURAN\u00c7A Distrito Federal: repasses em a\u00e7\u00f5es de seguran\u00e7a no novo pacote federal somam R$ 38,3 milh\u00f5es.\"}]},{\"@type\":\"WebSite\",\"@id\":\"https:\\\/\\\/www.p31noticias.com.br\\\/#website\",\"url\":\"https:\\\/\\\/www.p31noticias.com.br\\\/\",\"name\":\"P31\",\"description\":\"NOT\u00cdCIAS\",\"potentialAction\":[{\"@type\":\"SearchAction\",\"target\":{\"@type\":\"EntryPoint\",\"urlTemplate\":\"https:\\\/\\\/www.p31noticias.com.br\\\/?s={search_term_string}\"},\"query-input\":{\"@type\":\"PropertyValueSpecification\",\"valueRequired\":true,\"valueName\":\"search_term_string\"}}],\"inLanguage\":\"pt-BR\"},{\"@type\":\"Person\",\"@id\":\"https:\\\/\\\/www.p31noticias.com.br\\\/#\\\/schema\\\/person\\\/95f2ece30e3b4132065b915150cd0f94\",\"name\":\"Gon\u00e7alves Junior\",\"image\":{\"@type\":\"ImageObject\",\"inLanguage\":\"pt-BR\",\"@id\":\"https:\\\/\\\/secure.gravatar.com\\\/avatar\\\/6711f350116a89762687a48d66f723c799e5438a5b7578508d4294cd7a5d0800?s=96&d=mm&r=g\",\"url\":\"https:\\\/\\\/secure.gravatar.com\\\/avatar\\\/6711f350116a89762687a48d66f723c799e5438a5b7578508d4294cd7a5d0800?s=96&d=mm&r=g\",\"contentUrl\":\"https:\\\/\\\/secure.gravatar.com\\\/avatar\\\/6711f350116a89762687a48d66f723c799e5438a5b7578508d4294cd7a5d0800?s=96&d=mm&r=g\",\"caption\":\"Gon\u00e7alves Junior\"},\"url\":\"https:\\\/\\\/www.p31noticias.com.br\\\/?author=2\"}]}<\/script>\n<!-- \/ Yoast SEO Premium plugin. -->","yoast_head_json":{"title":"SEGURAN\u00c7A Distrito Federal: repasses em a\u00e7\u00f5es de seguran\u00e7a no novo pacote federal somam R$ 38,3 milh\u00f5es. - P31","robots":{"index":"index","follow":"follow","max-snippet":"max-snippet:-1","max-image-preview":"max-image-preview:large","max-video-preview":"max-video-preview:-1"},"canonical":"https:\/\/www.p31noticias.com.br\/?p=28362","og_locale":"pt_BR","og_type":"article","og_title":"SEGURAN\u00c7A Distrito Federal: repasses em a\u00e7\u00f5es de seguran\u00e7a no novo pacote federal somam R$ 38,3 milh\u00f5es.","og_description":"Recursos contemplam o Fundo Nacional de Seguran\u00e7a P\u00fablica e o programa Escola Segura. An\u00fancio do Governo Federal tamb\u00e9m inclui regras para controle de armas e plano de a\u00e7\u00e3o para a Amaz\u00f4nia. Recursos para prevenir viol\u00eancia nas escolas, repasses para seguran\u00e7a nos estados e munic\u00edpios, medidas para um controle respons\u00e1vel de armas, edital para projetos culturais [&hellip;]","og_url":"https:\/\/www.p31noticias.com.br\/?p=28362","og_site_name":"P31","article_published_time":"2023-07-25T00:27:05+00:00","og_image":[{"width":913,"height":654,"url":"https:\/\/www.p31noticias.com.br\/wp-content\/uploads\/2023\/07\/unnamed-2023-07-24T212143.571.jpg","type":"image\/jpeg"}],"author":"Gon\u00e7alves Junior","twitter_card":"summary_large_image","twitter_misc":{"Escrito por":"Gon\u00e7alves Junior","Est. tempo de leitura":"5 minutos"},"schema":{"@context":"https:\/\/schema.org","@graph":[{"@type":"Article","@id":"https:\/\/www.p31noticias.com.br\/?p=28362#article","isPartOf":{"@id":"https:\/\/www.p31noticias.com.br\/?p=28362"},"author":{"name":"Gon\u00e7alves Junior","@id":"https:\/\/www.p31noticias.com.br\/#\/schema\/person\/95f2ece30e3b4132065b915150cd0f94"},"headline":"SEGURAN\u00c7A Distrito Federal: repasses em a\u00e7\u00f5es de seguran\u00e7a no novo pacote federal somam R$ 38,3 milh\u00f5es.","datePublished":"2023-07-25T00:27:05+00:00","mainEntityOfPage":{"@id":"https:\/\/www.p31noticias.com.br\/?p=28362"},"wordCount":969,"commentCount":0,"image":{"@id":"https:\/\/www.p31noticias.com.br\/?p=28362#primaryimage"},"thumbnailUrl":"https:\/\/www.p31noticias.com.br\/wp-content\/uploads\/2023\/07\/unnamed-2023-07-24T212143.571.jpg","articleSection":["Brasil"],"inLanguage":"pt-BR","potentialAction":[{"@type":"CommentAction","name":"Comment","target":["https:\/\/www.p31noticias.com.br\/?p=28362#respond"]}],"copyrightYear":"2023","copyrightHolder":{"@id":"https:\/\/www.p31noticias.com.br\/#organization"}},{"@type":"WebPage","@id":"https:\/\/www.p31noticias.com.br\/?p=28362","url":"https:\/\/www.p31noticias.com.br\/?p=28362","name":"SEGURAN\u00c7A Distrito Federal: repasses em a\u00e7\u00f5es de seguran\u00e7a no novo pacote federal somam R$ 38,3 milh\u00f5es. - P31","isPartOf":{"@id":"https:\/\/www.p31noticias.com.br\/#website"},"primaryImageOfPage":{"@id":"https:\/\/www.p31noticias.com.br\/?p=28362#primaryimage"},"image":{"@id":"https:\/\/www.p31noticias.com.br\/?p=28362#primaryimage"},"thumbnailUrl":"https:\/\/www.p31noticias.com.br\/wp-content\/uploads\/2023\/07\/unnamed-2023-07-24T212143.571.jpg","datePublished":"2023-07-25T00:27:05+00:00","author":{"@id":"https:\/\/www.p31noticias.com.br\/#\/schema\/person\/95f2ece30e3b4132065b915150cd0f94"},"breadcrumb":{"@id":"https:\/\/www.p31noticias.com.br\/?p=28362#breadcrumb"},"inLanguage":"pt-BR","potentialAction":[{"@type":"ReadAction","target":["https:\/\/www.p31noticias.com.br\/?p=28362"]}]},{"@type":"ImageObject","inLanguage":"pt-BR","@id":"https:\/\/www.p31noticias.com.br\/?p=28362#primaryimage","url":"https:\/\/www.p31noticias.com.br\/wp-content\/uploads\/2023\/07\/unnamed-2023-07-24T212143.571.jpg","contentUrl":"https:\/\/www.p31noticias.com.br\/wp-content\/uploads\/2023\/07\/unnamed-2023-07-24T212143.571.jpg","width":913,"height":654},{"@type":"BreadcrumbList","@id":"https:\/\/www.p31noticias.com.br\/?p=28362#breadcrumb","itemListElement":[{"@type":"ListItem","position":1,"name":"In\u00edcio","item":"https:\/\/www.p31noticias.com.br\/"},{"@type":"ListItem","position":2,"name":"SEGURAN\u00c7A Distrito Federal: repasses em a\u00e7\u00f5es de seguran\u00e7a no novo pacote federal somam R$ 38,3 milh\u00f5es."}]},{"@type":"WebSite","@id":"https:\/\/www.p31noticias.com.br\/#website","url":"https:\/\/www.p31noticias.com.br\/","name":"P31","description":"NOT\u00cdCIAS","potentialAction":[{"@type":"SearchAction","target":{"@type":"EntryPoint","urlTemplate":"https:\/\/www.p31noticias.com.br\/?s={search_term_string}"},"query-input":{"@type":"PropertyValueSpecification","valueRequired":true,"valueName":"search_term_string"}}],"inLanguage":"pt-BR"},{"@type":"Person","@id":"https:\/\/www.p31noticias.com.br\/#\/schema\/person\/95f2ece30e3b4132065b915150cd0f94","name":"Gon\u00e7alves Junior","image":{"@type":"ImageObject","inLanguage":"pt-BR","@id":"https:\/\/secure.gravatar.com\/avatar\/6711f350116a89762687a48d66f723c799e5438a5b7578508d4294cd7a5d0800?s=96&d=mm&r=g","url":"https:\/\/secure.gravatar.com\/avatar\/6711f350116a89762687a48d66f723c799e5438a5b7578508d4294cd7a5d0800?s=96&d=mm&r=g","contentUrl":"https:\/\/secure.gravatar.com\/avatar\/6711f350116a89762687a48d66f723c799e5438a5b7578508d4294cd7a5d0800?s=96&d=mm&r=g","caption":"Gon\u00e7alves Junior"},"url":"https:\/\/www.p31noticias.com.br\/?author=2"}]}},"amp_enabled":true,"_links":{"self":[{"href":"https:\/\/www.p31noticias.com.br\/index.php?rest_route=\/wp\/v2\/posts\/28362","targetHints":{"allow":["GET"]}}],"collection":[{"href":"https:\/\/www.p31noticias.com.br\/index.php?rest_route=\/wp\/v2\/posts"}],"about":[{"href":"https:\/\/www.p31noticias.com.br\/index.php?rest_route=\/wp\/v2\/types\/post"}],"author":[{"embeddable":true,"href":"https:\/\/www.p31noticias.com.br\/index.php?rest_route=\/wp\/v2\/users\/2"}],"replies":[{"embeddable":true,"href":"https:\/\/www.p31noticias.com.br\/index.php?rest_route=%2Fwp%2Fv2%2Fcomments&post=28362"}],"version-history":[{"count":1,"href":"https:\/\/www.p31noticias.com.br\/index.php?rest_route=\/wp\/v2\/posts\/28362\/revisions"}],"predecessor-version":[{"id":28364,"href":"https:\/\/www.p31noticias.com.br\/index.php?rest_route=\/wp\/v2\/posts\/28362\/revisions\/28364"}],"wp:featuredmedia":[{"embeddable":true,"href":"https:\/\/www.p31noticias.com.br\/index.php?rest_route=\/wp\/v2\/media\/28363"}],"wp:attachment":[{"href":"https:\/\/www.p31noticias.com.br\/index.php?rest_route=%2Fwp%2Fv2%2Fmedia&parent=28362"}],"wp:term":[{"taxonomy":"category","embeddable":true,"href":"https:\/\/www.p31noticias.com.br\/index.php?rest_route=%2Fwp%2Fv2%2Fcategories&post=28362"},{"taxonomy":"post_tag","embeddable":true,"href":"https:\/\/www.p31noticias.com.br\/index.php?rest_route=%2Fwp%2Fv2%2Ftags&post=28362"}],"curies":[{"name":"wp","href":"https:\/\/api.w.org\/{rel}","templated":true}]}}