{"id":27226,"date":"2023-01-30T15:27:53","date_gmt":"2023-01-30T18:27:53","guid":{"rendered":"https:\/\/p31noticias.com.br\/?p=27226"},"modified":"2023-01-30T15:27:53","modified_gmt":"2023-01-30T18:27:53","slug":"flavio-bolsonaro-e-damares-apostam-na-eleicao-de-marinho-para-presidencia-do-senado","status":"publish","type":"post","link":"https:\/\/www.p31noticias.com.br\/?p=27226","title":{"rendered":"Fl\u00e1vio Bolsonaro e Damares apostam na elei\u00e7\u00e3o de Marinho para presid\u00eancia do Senado."},"content":{"rendered":"<p style=\"text-align: justify;\"><em><strong>Nome do PL disputar\u00e1 o comando da casa contra o atual chefe, Rodrigo Pacheco, favorito para o cargo.<\/strong><\/em><\/p>\n<p style=\"text-align: justify;\">Um encontro com o senador eleito\u00a0<strong><a href=\"https:\/\/jovempan.com.br\/tag\/rogerio-marinho\">Rog\u00e9rio Marinho<\/a><\/strong>\u00a0(PL-RN) reuniu lideran\u00e7as pol\u00edticas neste domingo, 29, na casa do senador\u00a0<strong><a href=\"https:\/\/jovempan.com.br\/tag\/Izalci-Lucas\">Izalci Lucas<\/a><\/strong>\u00a0(PSDB-DF). Entre os participantes estiveram a senadora eleita\u00a0<a href=\"https:\/\/jovempan.com.br\/tag\/damares-alves\"><strong>Damares Alves<\/strong><\/a>\u00a0(Republicanos-DF) e o senador\u00a0<a href=\"https:\/\/jovempan.com.br\/tag\/flavio-bolsonaro\"><strong>Fl\u00e1vio Bolsonaro<\/strong><\/a>\u00a0(PL-RJ), que disseram defender e acreditar na elei\u00e7\u00e3o de Marinho para a presid\u00eancia do Senado Federal. A ex-ministra dos direitos humanos falou rapidamente com a equipe de reportagem da\u00a0<strong>Jovem Pan<\/strong>\u00a0sobre a reuni\u00e3o: \u201cCom certeza [ele vai ganhar]. Mais [votos] que o suficiente [teremos]. Marinho vai ser presidente do Senado. Vit\u00f3ria no primeiro turno\u201d, declarou. O senador filho do ex-presidente da Rep\u00fablica tamb\u00e9m conversou com a Jovem Pan e comentou como o partido vem fazendo a articula\u00e7\u00e3o pol\u00edtica em prol da candidatura de Marinho. Segundo ele, Jair Bolsonaro (PL), mesmo dos Estados Unidos, tem feito contato com v\u00e1rios senadores. \u201cSe a popula\u00e7\u00e3o est\u00e1 insatisfeita com o parlamento, e a gente viu isso na quantidade de senadores que tentaram a reelei\u00e7\u00e3o e n\u00e3o conseguiram, o \u00edndice mais baixo da hist\u00f3ria de reelei\u00e7\u00e3o de senadores. Isso obviamente tem que ser trazido para o Senado. A pol\u00edtica sempre se fez ouvindo as ruas e n\u00e3o vai ser diferente desta vez. Ent\u00e3o, acredito que o nome do Rog\u00e9rio Marinho, e com o compromisso que ele fez, de garantir a proporcionalidade partid\u00e1ria na composi\u00e7\u00e3o das comiss\u00f5es permanentes do Senado, o que \u00e9 muito importante, mais um gesto democr\u00e1tico e sensato e de responsabilidade que o senador Rog\u00e9rio Marinho fez\u201d, comentou. O senador Jorge Seif (PL-SC) tamb\u00e9m participou do encontro e voltou a falar sobre a autonomia da Suprema Corte, respeito aos ministros do STF, mas ainda sobre o papel do Senado Federal.<\/p>\n<p style=\"text-align: justify;\">JP NEWS.<\/p>\n","protected":false},"excerpt":{"rendered":"<p>Nome do PL disputar\u00e1 o comando da casa contra o atual chefe, Rodrigo Pacheco, favorito para o cargo. Um encontro com o senador eleito\u00a0Rog\u00e9rio Marinho\u00a0(PL-RN) reuniu lideran\u00e7as pol\u00edticas neste domingo, 29, na casa do senador\u00a0Izalci Lucas\u00a0(PSDB-DF). Entre os participantes estiveram a senadora eleita\u00a0Damares Alves\u00a0(Republicanos-DF) e o senador\u00a0Fl\u00e1vio Bolsonaro\u00a0(PL-RJ), que disseram defender e acreditar na elei\u00e7\u00e3o [&hellip;]<\/p>\n","protected":false},"author":2,"featured_media":27227,"comment_status":"open","ping_status":"open","sticky":false,"template":"","format":"standard","meta":{"footnotes":""},"categories":[68,57],"tags":[],"class_list":{"0":"post-27226","1":"post","2":"type-post","3":"status-publish","4":"format-standard","5":"has-post-thumbnail","7":"category-brasil","8":"category-politica"},"yoast_head":"<!-- This site is optimized with the Yoast SEO Premium plugin v24.5 (Yoast SEO v27.4) - https:\/\/yoast.com\/product\/yoast-seo-premium-wordpress\/ -->\n<title>Fl\u00e1vio Bolsonaro e Damares apostam na elei\u00e7\u00e3o de Marinho para presid\u00eancia do Senado. - P31<\/title>\n<meta name=\"robots\" content=\"index, follow, max-snippet:-1, max-image-preview:large, max-video-preview:-1\" \/>\n<link rel=\"canonical\" href=\"https:\/\/www.p31noticias.com.br\/?p=27226\" \/>\n<meta property=\"og:locale\" content=\"pt_BR\" \/>\n<meta property=\"og:type\" content=\"article\" \/>\n<meta property=\"og:title\" content=\"Fl\u00e1vio Bolsonaro e Damares apostam na elei\u00e7\u00e3o de Marinho para presid\u00eancia do Senado.\" \/>\n<meta property=\"og:description\" content=\"Nome do PL disputar\u00e1 o comando da casa contra o atual chefe, Rodrigo Pacheco, favorito para o cargo. Um encontro com o senador eleito\u00a0Rog\u00e9rio Marinho\u00a0(PL-RN) reuniu lideran\u00e7as pol\u00edticas neste domingo, 29, na casa do senador\u00a0Izalci Lucas\u00a0(PSDB-DF). Entre os participantes estiveram a senadora eleita\u00a0Damares Alves\u00a0(Republicanos-DF) e o senador\u00a0Fl\u00e1vio Bolsonaro\u00a0(PL-RJ), que disseram defender e acreditar na elei\u00e7\u00e3o [&hellip;]\" \/>\n<meta property=\"og:url\" content=\"https:\/\/www.p31noticias.com.br\/?p=27226\" \/>\n<meta property=\"og:site_name\" content=\"P31\" \/>\n<meta property=\"article:published_time\" content=\"2023-01-30T18:27:53+00:00\" \/>\n<meta property=\"og:image\" content=\"https:\/\/www.p31noticias.com.br\/wp-content\/uploads\/2023\/01\/rogerio_marinho_ministro_do_desenvolvimento_regional_jfcrz_abr_2012215424-600x450-1.jpg\" \/>\n\t<meta property=\"og:image:width\" content=\"600\" \/>\n\t<meta property=\"og:image:height\" content=\"450\" \/>\n\t<meta property=\"og:image:type\" content=\"image\/jpeg\" \/>\n<meta name=\"author\" content=\"Gon\u00e7alves Junior\" \/>\n<meta name=\"twitter:card\" content=\"summary_large_image\" \/>\n<meta name=\"twitter:label1\" content=\"Escrito por\" \/>\n\t<meta name=\"twitter:data1\" content=\"Gon\u00e7alves Junior\" \/>\n\t<meta name=\"twitter:label2\" content=\"Est. tempo de leitura\" \/>\n\t<meta name=\"twitter:data2\" content=\"2 minutos\" \/>\n<script type=\"application\/ld+json\" class=\"yoast-schema-graph\">{\"@context\":\"https:\\\/\\\/schema.org\",\"@graph\":[{\"@type\":\"Article\",\"@id\":\"https:\\\/\\\/www.p31noticias.com.br\\\/?p=27226#article\",\"isPartOf\":{\"@id\":\"https:\\\/\\\/www.p31noticias.com.br\\\/?p=27226\"},\"author\":{\"name\":\"Gon\u00e7alves Junior\",\"@id\":\"https:\\\/\\\/www.p31noticias.com.br\\\/#\\\/schema\\\/person\\\/95f2ece30e3b4132065b915150cd0f94\"},\"headline\":\"Fl\u00e1vio Bolsonaro e Damares apostam na elei\u00e7\u00e3o de Marinho para presid\u00eancia do Senado.\",\"datePublished\":\"2023-01-30T18:27:53+00:00\",\"mainEntityOfPage\":{\"@id\":\"https:\\\/\\\/www.p31noticias.com.br\\\/?p=27226\"},\"wordCount\":337,\"commentCount\":0,\"image\":{\"@id\":\"https:\\\/\\\/www.p31noticias.com.br\\\/?p=27226#primaryimage\"},\"thumbnailUrl\":\"https:\\\/\\\/www.p31noticias.com.br\\\/wp-content\\\/uploads\\\/2023\\\/01\\\/rogerio_marinho_ministro_do_desenvolvimento_regional_jfcrz_abr_2012215424-600x450-1.jpg\",\"articleSection\":[\"Brasil\",\"Pol\u00edtica\"],\"inLanguage\":\"pt-BR\",\"potentialAction\":[{\"@type\":\"CommentAction\",\"name\":\"Comment\",\"target\":[\"https:\\\/\\\/www.p31noticias.com.br\\\/?p=27226#respond\"]}],\"copyrightYear\":\"2023\",\"copyrightHolder\":{\"@id\":\"https:\\\/\\\/www.p31noticias.com.br\\\/#organization\"}},{\"@type\":\"WebPage\",\"@id\":\"https:\\\/\\\/www.p31noticias.com.br\\\/?p=27226\",\"url\":\"https:\\\/\\\/www.p31noticias.com.br\\\/?p=27226\",\"name\":\"Fl\u00e1vio Bolsonaro e Damares apostam na elei\u00e7\u00e3o de Marinho para presid\u00eancia do Senado. - P31\",\"isPartOf\":{\"@id\":\"https:\\\/\\\/www.p31noticias.com.br\\\/#website\"},\"primaryImageOfPage\":{\"@id\":\"https:\\\/\\\/www.p31noticias.com.br\\\/?p=27226#primaryimage\"},\"image\":{\"@id\":\"https:\\\/\\\/www.p31noticias.com.br\\\/?p=27226#primaryimage\"},\"thumbnailUrl\":\"https:\\\/\\\/www.p31noticias.com.br\\\/wp-content\\\/uploads\\\/2023\\\/01\\\/rogerio_marinho_ministro_do_desenvolvimento_regional_jfcrz_abr_2012215424-600x450-1.jpg\",\"datePublished\":\"2023-01-30T18:27:53+00:00\",\"author\":{\"@id\":\"https:\\\/\\\/www.p31noticias.com.br\\\/#\\\/schema\\\/person\\\/95f2ece30e3b4132065b915150cd0f94\"},\"breadcrumb\":{\"@id\":\"https:\\\/\\\/www.p31noticias.com.br\\\/?p=27226#breadcrumb\"},\"inLanguage\":\"pt-BR\",\"potentialAction\":[{\"@type\":\"ReadAction\",\"target\":[\"https:\\\/\\\/www.p31noticias.com.br\\\/?p=27226\"]}]},{\"@type\":\"ImageObject\",\"inLanguage\":\"pt-BR\",\"@id\":\"https:\\\/\\\/www.p31noticias.com.br\\\/?p=27226#primaryimage\",\"url\":\"https:\\\/\\\/www.p31noticias.com.br\\\/wp-content\\\/uploads\\\/2023\\\/01\\\/rogerio_marinho_ministro_do_desenvolvimento_regional_jfcrz_abr_2012215424-600x450-1.jpg\",\"contentUrl\":\"https:\\\/\\\/www.p31noticias.com.br\\\/wp-content\\\/uploads\\\/2023\\\/01\\\/rogerio_marinho_ministro_do_desenvolvimento_regional_jfcrz_abr_2012215424-600x450-1.jpg\",\"width\":600,\"height\":450},{\"@type\":\"BreadcrumbList\",\"@id\":\"https:\\\/\\\/www.p31noticias.com.br\\\/?p=27226#breadcrumb\",\"itemListElement\":[{\"@type\":\"ListItem\",\"position\":1,\"name\":\"In\u00edcio\",\"item\":\"https:\\\/\\\/www.p31noticias.com.br\\\/\"},{\"@type\":\"ListItem\",\"position\":2,\"name\":\"Fl\u00e1vio Bolsonaro e Damares apostam na elei\u00e7\u00e3o de Marinho para presid\u00eancia do Senado.\"}]},{\"@type\":\"WebSite\",\"@id\":\"https:\\\/\\\/www.p31noticias.com.br\\\/#website\",\"url\":\"https:\\\/\\\/www.p31noticias.com.br\\\/\",\"name\":\"P31\",\"description\":\"NOT\u00cdCIAS\",\"potentialAction\":[{\"@type\":\"SearchAction\",\"target\":{\"@type\":\"EntryPoint\",\"urlTemplate\":\"https:\\\/\\\/www.p31noticias.com.br\\\/?s={search_term_string}\"},\"query-input\":{\"@type\":\"PropertyValueSpecification\",\"valueRequired\":true,\"valueName\":\"search_term_string\"}}],\"inLanguage\":\"pt-BR\"},{\"@type\":\"Person\",\"@id\":\"https:\\\/\\\/www.p31noticias.com.br\\\/#\\\/schema\\\/person\\\/95f2ece30e3b4132065b915150cd0f94\",\"name\":\"Gon\u00e7alves Junior\",\"image\":{\"@type\":\"ImageObject\",\"inLanguage\":\"pt-BR\",\"@id\":\"https:\\\/\\\/secure.gravatar.com\\\/avatar\\\/6711f350116a89762687a48d66f723c799e5438a5b7578508d4294cd7a5d0800?s=96&d=mm&r=g\",\"url\":\"https:\\\/\\\/secure.gravatar.com\\\/avatar\\\/6711f350116a89762687a48d66f723c799e5438a5b7578508d4294cd7a5d0800?s=96&d=mm&r=g\",\"contentUrl\":\"https:\\\/\\\/secure.gravatar.com\\\/avatar\\\/6711f350116a89762687a48d66f723c799e5438a5b7578508d4294cd7a5d0800?s=96&d=mm&r=g\",\"caption\":\"Gon\u00e7alves Junior\"},\"url\":\"https:\\\/\\\/www.p31noticias.com.br\\\/?author=2\"}]}<\/script>\n<!-- \/ Yoast SEO Premium plugin. -->","yoast_head_json":{"title":"Fl\u00e1vio Bolsonaro e Damares apostam na elei\u00e7\u00e3o de Marinho para presid\u00eancia do Senado. - P31","robots":{"index":"index","follow":"follow","max-snippet":"max-snippet:-1","max-image-preview":"max-image-preview:large","max-video-preview":"max-video-preview:-1"},"canonical":"https:\/\/www.p31noticias.com.br\/?p=27226","og_locale":"pt_BR","og_type":"article","og_title":"Fl\u00e1vio Bolsonaro e Damares apostam na elei\u00e7\u00e3o de Marinho para presid\u00eancia do Senado.","og_description":"Nome do PL disputar\u00e1 o comando da casa contra o atual chefe, Rodrigo Pacheco, favorito para o cargo. Um encontro com o senador eleito\u00a0Rog\u00e9rio Marinho\u00a0(PL-RN) reuniu lideran\u00e7as pol\u00edticas neste domingo, 29, na casa do senador\u00a0Izalci Lucas\u00a0(PSDB-DF). Entre os participantes estiveram a senadora eleita\u00a0Damares Alves\u00a0(Republicanos-DF) e o senador\u00a0Fl\u00e1vio Bolsonaro\u00a0(PL-RJ), que disseram defender e acreditar na elei\u00e7\u00e3o [&hellip;]","og_url":"https:\/\/www.p31noticias.com.br\/?p=27226","og_site_name":"P31","article_published_time":"2023-01-30T18:27:53+00:00","og_image":[{"width":600,"height":450,"url":"https:\/\/www.p31noticias.com.br\/wp-content\/uploads\/2023\/01\/rogerio_marinho_ministro_do_desenvolvimento_regional_jfcrz_abr_2012215424-600x450-1.jpg","type":"image\/jpeg"}],"author":"Gon\u00e7alves Junior","twitter_card":"summary_large_image","twitter_misc":{"Escrito por":"Gon\u00e7alves Junior","Est. tempo de leitura":"2 minutos"},"schema":{"@context":"https:\/\/schema.org","@graph":[{"@type":"Article","@id":"https:\/\/www.p31noticias.com.br\/?p=27226#article","isPartOf":{"@id":"https:\/\/www.p31noticias.com.br\/?p=27226"},"author":{"name":"Gon\u00e7alves Junior","@id":"https:\/\/www.p31noticias.com.br\/#\/schema\/person\/95f2ece30e3b4132065b915150cd0f94"},"headline":"Fl\u00e1vio Bolsonaro e Damares apostam na elei\u00e7\u00e3o de Marinho para presid\u00eancia do Senado.","datePublished":"2023-01-30T18:27:53+00:00","mainEntityOfPage":{"@id":"https:\/\/www.p31noticias.com.br\/?p=27226"},"wordCount":337,"commentCount":0,"image":{"@id":"https:\/\/www.p31noticias.com.br\/?p=27226#primaryimage"},"thumbnailUrl":"https:\/\/www.p31noticias.com.br\/wp-content\/uploads\/2023\/01\/rogerio_marinho_ministro_do_desenvolvimento_regional_jfcrz_abr_2012215424-600x450-1.jpg","articleSection":["Brasil","Pol\u00edtica"],"inLanguage":"pt-BR","potentialAction":[{"@type":"CommentAction","name":"Comment","target":["https:\/\/www.p31noticias.com.br\/?p=27226#respond"]}],"copyrightYear":"2023","copyrightHolder":{"@id":"https:\/\/www.p31noticias.com.br\/#organization"}},{"@type":"WebPage","@id":"https:\/\/www.p31noticias.com.br\/?p=27226","url":"https:\/\/www.p31noticias.com.br\/?p=27226","name":"Fl\u00e1vio Bolsonaro e Damares apostam na elei\u00e7\u00e3o de Marinho para presid\u00eancia do Senado. - P31","isPartOf":{"@id":"https:\/\/www.p31noticias.com.br\/#website"},"primaryImageOfPage":{"@id":"https:\/\/www.p31noticias.com.br\/?p=27226#primaryimage"},"image":{"@id":"https:\/\/www.p31noticias.com.br\/?p=27226#primaryimage"},"thumbnailUrl":"https:\/\/www.p31noticias.com.br\/wp-content\/uploads\/2023\/01\/rogerio_marinho_ministro_do_desenvolvimento_regional_jfcrz_abr_2012215424-600x450-1.jpg","datePublished":"2023-01-30T18:27:53+00:00","author":{"@id":"https:\/\/www.p31noticias.com.br\/#\/schema\/person\/95f2ece30e3b4132065b915150cd0f94"},"breadcrumb":{"@id":"https:\/\/www.p31noticias.com.br\/?p=27226#breadcrumb"},"inLanguage":"pt-BR","potentialAction":[{"@type":"ReadAction","target":["https:\/\/www.p31noticias.com.br\/?p=27226"]}]},{"@type":"ImageObject","inLanguage":"pt-BR","@id":"https:\/\/www.p31noticias.com.br\/?p=27226#primaryimage","url":"https:\/\/www.p31noticias.com.br\/wp-content\/uploads\/2023\/01\/rogerio_marinho_ministro_do_desenvolvimento_regional_jfcrz_abr_2012215424-600x450-1.jpg","contentUrl":"https:\/\/www.p31noticias.com.br\/wp-content\/uploads\/2023\/01\/rogerio_marinho_ministro_do_desenvolvimento_regional_jfcrz_abr_2012215424-600x450-1.jpg","width":600,"height":450},{"@type":"BreadcrumbList","@id":"https:\/\/www.p31noticias.com.br\/?p=27226#breadcrumb","itemListElement":[{"@type":"ListItem","position":1,"name":"In\u00edcio","item":"https:\/\/www.p31noticias.com.br\/"},{"@type":"ListItem","position":2,"name":"Fl\u00e1vio Bolsonaro e Damares apostam na elei\u00e7\u00e3o de Marinho para presid\u00eancia do Senado."}]},{"@type":"WebSite","@id":"https:\/\/www.p31noticias.com.br\/#website","url":"https:\/\/www.p31noticias.com.br\/","name":"P31","description":"NOT\u00cdCIAS","potentialAction":[{"@type":"SearchAction","target":{"@type":"EntryPoint","urlTemplate":"https:\/\/www.p31noticias.com.br\/?s={search_term_string}"},"query-input":{"@type":"PropertyValueSpecification","valueRequired":true,"valueName":"search_term_string"}}],"inLanguage":"pt-BR"},{"@type":"Person","@id":"https:\/\/www.p31noticias.com.br\/#\/schema\/person\/95f2ece30e3b4132065b915150cd0f94","name":"Gon\u00e7alves Junior","image":{"@type":"ImageObject","inLanguage":"pt-BR","@id":"https:\/\/secure.gravatar.com\/avatar\/6711f350116a89762687a48d66f723c799e5438a5b7578508d4294cd7a5d0800?s=96&d=mm&r=g","url":"https:\/\/secure.gravatar.com\/avatar\/6711f350116a89762687a48d66f723c799e5438a5b7578508d4294cd7a5d0800?s=96&d=mm&r=g","contentUrl":"https:\/\/secure.gravatar.com\/avatar\/6711f350116a89762687a48d66f723c799e5438a5b7578508d4294cd7a5d0800?s=96&d=mm&r=g","caption":"Gon\u00e7alves Junior"},"url":"https:\/\/www.p31noticias.com.br\/?author=2"}]}},"amp_enabled":true,"_links":{"self":[{"href":"https:\/\/www.p31noticias.com.br\/index.php?rest_route=\/wp\/v2\/posts\/27226","targetHints":{"allow":["GET"]}}],"collection":[{"href":"https:\/\/www.p31noticias.com.br\/index.php?rest_route=\/wp\/v2\/posts"}],"about":[{"href":"https:\/\/www.p31noticias.com.br\/index.php?rest_route=\/wp\/v2\/types\/post"}],"author":[{"embeddable":true,"href":"https:\/\/www.p31noticias.com.br\/index.php?rest_route=\/wp\/v2\/users\/2"}],"replies":[{"embeddable":true,"href":"https:\/\/www.p31noticias.com.br\/index.php?rest_route=%2Fwp%2Fv2%2Fcomments&post=27226"}],"version-history":[{"count":1,"href":"https:\/\/www.p31noticias.com.br\/index.php?rest_route=\/wp\/v2\/posts\/27226\/revisions"}],"predecessor-version":[{"id":27228,"href":"https:\/\/www.p31noticias.com.br\/index.php?rest_route=\/wp\/v2\/posts\/27226\/revisions\/27228"}],"wp:featuredmedia":[{"embeddable":true,"href":"https:\/\/www.p31noticias.com.br\/index.php?rest_route=\/wp\/v2\/media\/27227"}],"wp:attachment":[{"href":"https:\/\/www.p31noticias.com.br\/index.php?rest_route=%2Fwp%2Fv2%2Fmedia&parent=27226"}],"wp:term":[{"taxonomy":"category","embeddable":true,"href":"https:\/\/www.p31noticias.com.br\/index.php?rest_route=%2Fwp%2Fv2%2Fcategories&post=27226"},{"taxonomy":"post_tag","embeddable":true,"href":"https:\/\/www.p31noticias.com.br\/index.php?rest_route=%2Fwp%2Fv2%2Ftags&post=27226"}],"curies":[{"name":"wp","href":"https:\/\/api.w.org\/{rel}","templated":true}]}}