{"id":26874,"date":"2022-12-14T19:55:31","date_gmt":"2022-12-14T22:55:31","guid":{"rendered":"https:\/\/p31noticias.com.br\/?p=26874"},"modified":"2022-12-14T19:57:37","modified_gmt":"2022-12-14T22:57:37","slug":"presidente-do-stf-vota-contra-emendas-de-relator","status":"publish","type":"post","link":"https:\/\/www.p31noticias.com.br\/?p=26874","title":{"rendered":"Presidente do STF vota contra emendas de relator."},"content":{"rendered":"<h3 class=\"col-10 offset-1 animated fadeInDown dealy-900 display-8 display-md-8 alt-font font-italic my-1 text-center\" style=\"text-align: justify;\"><em><strong>Ministra Rosa Weber considerou esse tipo de emenda inconstitucional.<\/strong><\/em><\/h3>\n<p style=\"text-align: justify;\">A presidente do Supremo Tribunal Federal (STF), ministra Rosa Weber votou pela inconstitucionalidade das emendas de relator ao Or\u00e7amento da Uni\u00e3o, elaborado pelo Congresso Nacional. As emendas s\u00e3o conhecidas como &#8220;or\u00e7amento secreto&#8221;. <img decoding=\"async\" src=\"https:\/\/agenciabrasil.ebc.com.br\/ebc.png?id=1498582&amp;o=node\" \/><img decoding=\"async\" src=\"https:\/\/agenciabrasil.ebc.com.br\/ebc.gif?id=1498582&amp;o=node\" \/><\/p>\n<p style=\"text-align: justify;\">Rosa Weber considerou que esse tipo de emenda \u00e9 inconstitucional por prejudicar a distribui\u00e7\u00e3o de recursos, o direito de parlamentares de participarem do ajuste do Or\u00e7amento e a sociedade de obter informa\u00e7\u00f5es sobre a aplica\u00e7\u00e3o do dinheiro.<\/p>\n<p style=\"text-align: justify;\">O julgamento come\u00e7ou na semana passada, quando foram ouvidas as sustenta\u00e7\u00f5es orais das partes envolvidas. Na sess\u00e3o desta quarta-feira, a ministra, que \u00e9 relatora das a\u00e7\u00f5es julgadas, proferiu seu voto.<\/p>\n<p style=\"text-align: justify;\">No entendimento da relatora, os parlamentares t\u00eam poder para tratar de quest\u00f5es relacionadas ao or\u00e7amento, mas as medidas n\u00e3o podem servir a &#8220;projetos de poder&#8221;.<\/p>\n<p style=\"text-align: justify;\">&#8220;A utiliza\u00e7\u00e3o indevida das emendas parlamentares para satisfa\u00e7\u00e3o de interesses eleitorais representa grave amea\u00e7a \u00e0 consecu\u00e7\u00e3o de objetivos fundamentais da Rep\u00fablica, consistente em promover o desenvolvimento nacional equilibrado e sustent\u00e1vel, reduzir as desigualdades sociais e regionais e erradicar a pobreza e marginaliza\u00e7\u00e3o&#8221;, disse a relatora.<\/p>\n<p style=\"text-align: justify;\">A presidente destacou que as emendas de relator sempre existiram no Congresso, mas, a partir de 2019, os valores foram aumentados.<\/p>\n<p style=\"text-align: justify;\">&#8220;No exerc\u00edcio financeiro de 2020, mais de R$ 36 bilh\u00f5es foram destinados \u00e0s emendas parlamentares em geral, dos quais R$ 20 bilh\u00f5es foram consignados apenas a emendas do relator. Sozinho, o relator-geral obteve mais recursos do que todos os demais congressistas, bancadas estaduais e comiss\u00f5es juntos, al\u00e9m de uma quantia 157% superior a todas as emendas parlamentares do ano anterior somadas&#8221;, informou.<\/p>\n<p style=\"text-align: justify;\">Rosa Weber tamb\u00e9m citou esc\u00e2ndalos envolvendo emendas parlamentares, como os &#8220;an\u00f5es do or\u00e7amento&#8221; e a &#8220;m\u00e1fia das ambul\u00e2ncias&#8221; para justificar que falhas na fiscaliza\u00e7\u00e3o das emendas podem levar a casos de corrup\u00e7\u00e3o e falta de recursos para \u00e1reas priorit\u00e1rias.<\/p>\n<p style=\"text-align: justify;\">&#8220;Os fatos subjacentes ao esquema do or\u00e7amento secreto revelam a progressiva tomada do or\u00e7amento p\u00fablico federal por congressistas que comp\u00f5em a base do governo no Congresso, pondo o or\u00e7amento federal a servi\u00e7o das prioridades eleitorais e dos interesses paroquiais dos parlamentares integrantes da coaliz\u00e3o presidencial&#8221;, concluiu.<\/p>\n<p style=\"text-align: justify;\">Ap\u00f3s o voto da relatora, o julgamento foi suspenso e ser\u00e1 retomado amanh\u00e3 (15). Mais dez ministros devem votar.<\/p>\n<h2 style=\"text-align: justify;\">Entenda<\/h2>\n<p style=\"text-align: justify;\">O julgamento \u00e9 motivado por quatro a\u00e7\u00f5es protocoladas no ano passado pelos partidos Cidadania, PSB, PSOL e PV. De acordo com as legendas, a ado\u00e7\u00e3o desse tipo de emenda, identificada como RP9, \u00e9 ilegal e n\u00e3o est\u00e1 prevista na Constitui\u00e7\u00e3o.<\/p>\n<p style=\"text-align: justify;\">Al\u00e9m disso, os partidos argumentam que as emendas s\u00f3 podem ser usadas como instrumento t\u00e9cnico pelo relator do Or\u00e7amento para ajustes no projeto da lei or\u00e7ament\u00e1ria.<\/p>\n<p style=\"text-align: justify;\">No entanto, segundo as legendas, as emendas s\u00e3o usadas pelo Executivo federal para cooptar deputados e senadores a votarem mat\u00e9rias de seu interesse em troca de aloca\u00e7\u00f5es diretas para \u00f3rg\u00e3os p\u00fablicos, sem a identifica\u00e7\u00e3o dos deputados e senadores que indicaram a aplica\u00e7\u00e3o dos recursos.<\/p>\n<h2 style=\"text-align: justify;\">Resolu\u00e7\u00e3o do Congresso<\/h2>\n<p style=\"text-align: justify;\">No in\u00edcio da sess\u00e3o, Rosa Weber decidiu manter o julgamento mesmo ap\u00f3s o presidente do Senado, Rodrigo Pacheco (PSD-MG), ter enviado um of\u00edcio ao STF para comunicar que est\u00e1 em tramita\u00e7\u00e3o no Congresso um projeto de resolu\u00e7\u00e3o para dar mais transpar\u00eancia \u00e0s emendas de relator.<\/p>\n<p style=\"text-align: justify;\">A presidente elogiou a atitude do Congresso, mas disse que a tramita\u00e7\u00e3o n\u00e3o impede a continua\u00e7\u00e3o do julgamento.<\/p>\n<p style=\"text-align: justify;\">Pacheco disse ao Supremo que a resolu\u00e7\u00e3o acaba com a possibilidade de emendas por meio de usu\u00e1rios externos e estabelece outras altera\u00e7\u00f5es, como destina\u00e7\u00e3o de 50% das emendas para sa\u00fade e assist\u00eancia social, crit\u00e9rio de proporcionalidade de distribui\u00e7\u00e3o conforme as bancadas e ado\u00e7\u00e3o da n\u00e3o impositividade das emendas.<\/p>\n<p>Ag\u00eancia Brasil.<\/p>\n","protected":false},"excerpt":{"rendered":"<p>Ministra Rosa Weber considerou esse tipo de emenda inconstitucional. A presidente do Supremo Tribunal Federal (STF), ministra Rosa Weber votou pela inconstitucionalidade das emendas de relator ao Or\u00e7amento da Uni\u00e3o, elaborado pelo Congresso Nacional. As emendas s\u00e3o conhecidas como &#8220;or\u00e7amento secreto&#8221;. Rosa Weber considerou que esse tipo de emenda \u00e9 inconstitucional por prejudicar a distribui\u00e7\u00e3o [&hellip;]<\/p>\n","protected":false},"author":2,"featured_media":26875,"comment_status":"open","ping_status":"open","sticky":false,"template":"","format":"standard","meta":{"footnotes":""},"categories":[68],"tags":[],"class_list":{"0":"post-26874","1":"post","2":"type-post","3":"status-publish","4":"format-standard","5":"has-post-thumbnail","7":"category-brasil"},"yoast_head":"<!-- This site is optimized with the Yoast SEO Premium plugin v24.5 (Yoast SEO v27.4) - https:\/\/yoast.com\/product\/yoast-seo-premium-wordpress\/ -->\n<title>Presidente do STF vota contra emendas de relator. - P31<\/title>\n<meta name=\"robots\" content=\"index, follow, max-snippet:-1, max-image-preview:large, max-video-preview:-1\" \/>\n<link rel=\"canonical\" href=\"https:\/\/www.p31noticias.com.br\/?p=26874\" \/>\n<meta property=\"og:locale\" content=\"pt_BR\" \/>\n<meta property=\"og:type\" content=\"article\" \/>\n<meta property=\"og:title\" content=\"Presidente do STF vota contra emendas de relator.\" \/>\n<meta property=\"og:description\" content=\"Ministra Rosa Weber considerou esse tipo de emenda inconstitucional. A presidente do Supremo Tribunal Federal (STF), ministra Rosa Weber votou pela inconstitucionalidade das emendas de relator ao Or\u00e7amento da Uni\u00e3o, elaborado pelo Congresso Nacional. As emendas s\u00e3o conhecidas como &#8220;or\u00e7amento secreto&#8221;. Rosa Weber considerou que esse tipo de emenda \u00e9 inconstitucional por prejudicar a distribui\u00e7\u00e3o [&hellip;]\" \/>\n<meta property=\"og:url\" content=\"https:\/\/www.p31noticias.com.br\/?p=26874\" \/>\n<meta property=\"og:site_name\" content=\"P31\" \/>\n<meta property=\"article:published_time\" content=\"2022-12-14T22:55:31+00:00\" \/>\n<meta property=\"article:modified_time\" content=\"2022-12-14T22:57:37+00:00\" \/>\n<meta property=\"og:image\" content=\"https:\/\/www.p31noticias.com.br\/wp-content\/uploads\/2022\/12\/stf_1908200976.jpg\" \/>\n\t<meta property=\"og:image:width\" content=\"1170\" \/>\n\t<meta property=\"og:image:height\" content=\"700\" \/>\n\t<meta property=\"og:image:type\" content=\"image\/jpeg\" \/>\n<meta name=\"author\" content=\"Gon\u00e7alves Junior\" \/>\n<meta name=\"twitter:card\" content=\"summary_large_image\" \/>\n<meta name=\"twitter:label1\" content=\"Escrito por\" \/>\n\t<meta name=\"twitter:data1\" content=\"Gon\u00e7alves Junior\" \/>\n\t<meta name=\"twitter:label2\" content=\"Est. tempo de leitura\" \/>\n\t<meta name=\"twitter:data2\" content=\"3 minutos\" \/>\n<script type=\"application\/ld+json\" class=\"yoast-schema-graph\">{\"@context\":\"https:\\\/\\\/schema.org\",\"@graph\":[{\"@type\":\"Article\",\"@id\":\"https:\\\/\\\/www.p31noticias.com.br\\\/?p=26874#article\",\"isPartOf\":{\"@id\":\"https:\\\/\\\/www.p31noticias.com.br\\\/?p=26874\"},\"author\":{\"name\":\"Gon\u00e7alves Junior\",\"@id\":\"https:\\\/\\\/www.p31noticias.com.br\\\/#\\\/schema\\\/person\\\/95f2ece30e3b4132065b915150cd0f94\"},\"headline\":\"Presidente do STF vota contra emendas de relator.\",\"datePublished\":\"2022-12-14T22:55:31+00:00\",\"dateModified\":\"2022-12-14T22:57:37+00:00\",\"mainEntityOfPage\":{\"@id\":\"https:\\\/\\\/www.p31noticias.com.br\\\/?p=26874\"},\"wordCount\":671,\"commentCount\":0,\"image\":{\"@id\":\"https:\\\/\\\/www.p31noticias.com.br\\\/?p=26874#primaryimage\"},\"thumbnailUrl\":\"https:\\\/\\\/www.p31noticias.com.br\\\/wp-content\\\/uploads\\\/2022\\\/12\\\/stf_1908200976.jpg\",\"articleSection\":[\"Brasil\"],\"inLanguage\":\"pt-BR\",\"potentialAction\":[{\"@type\":\"CommentAction\",\"name\":\"Comment\",\"target\":[\"https:\\\/\\\/www.p31noticias.com.br\\\/?p=26874#respond\"]}],\"copyrightYear\":\"2022\",\"copyrightHolder\":{\"@id\":\"https:\\\/\\\/www.p31noticias.com.br\\\/#organization\"}},{\"@type\":\"WebPage\",\"@id\":\"https:\\\/\\\/www.p31noticias.com.br\\\/?p=26874\",\"url\":\"https:\\\/\\\/www.p31noticias.com.br\\\/?p=26874\",\"name\":\"Presidente do STF vota contra emendas de relator. - P31\",\"isPartOf\":{\"@id\":\"https:\\\/\\\/www.p31noticias.com.br\\\/#website\"},\"primaryImageOfPage\":{\"@id\":\"https:\\\/\\\/www.p31noticias.com.br\\\/?p=26874#primaryimage\"},\"image\":{\"@id\":\"https:\\\/\\\/www.p31noticias.com.br\\\/?p=26874#primaryimage\"},\"thumbnailUrl\":\"https:\\\/\\\/www.p31noticias.com.br\\\/wp-content\\\/uploads\\\/2022\\\/12\\\/stf_1908200976.jpg\",\"datePublished\":\"2022-12-14T22:55:31+00:00\",\"dateModified\":\"2022-12-14T22:57:37+00:00\",\"author\":{\"@id\":\"https:\\\/\\\/www.p31noticias.com.br\\\/#\\\/schema\\\/person\\\/95f2ece30e3b4132065b915150cd0f94\"},\"breadcrumb\":{\"@id\":\"https:\\\/\\\/www.p31noticias.com.br\\\/?p=26874#breadcrumb\"},\"inLanguage\":\"pt-BR\",\"potentialAction\":[{\"@type\":\"ReadAction\",\"target\":[\"https:\\\/\\\/www.p31noticias.com.br\\\/?p=26874\"]}]},{\"@type\":\"ImageObject\",\"inLanguage\":\"pt-BR\",\"@id\":\"https:\\\/\\\/www.p31noticias.com.br\\\/?p=26874#primaryimage\",\"url\":\"https:\\\/\\\/www.p31noticias.com.br\\\/wp-content\\\/uploads\\\/2022\\\/12\\\/stf_1908200976.jpg\",\"contentUrl\":\"https:\\\/\\\/www.p31noticias.com.br\\\/wp-content\\\/uploads\\\/2022\\\/12\\\/stf_1908200976.jpg\",\"width\":1170,\"height\":700,\"caption\":\"Fachada do edif\u00edcio sede do Supremo Tribunal Federal - STF\"},{\"@type\":\"BreadcrumbList\",\"@id\":\"https:\\\/\\\/www.p31noticias.com.br\\\/?p=26874#breadcrumb\",\"itemListElement\":[{\"@type\":\"ListItem\",\"position\":1,\"name\":\"In\u00edcio\",\"item\":\"https:\\\/\\\/www.p31noticias.com.br\\\/\"},{\"@type\":\"ListItem\",\"position\":2,\"name\":\"Presidente do STF vota contra emendas de relator.\"}]},{\"@type\":\"WebSite\",\"@id\":\"https:\\\/\\\/www.p31noticias.com.br\\\/#website\",\"url\":\"https:\\\/\\\/www.p31noticias.com.br\\\/\",\"name\":\"P31\",\"description\":\"NOT\u00cdCIAS\",\"potentialAction\":[{\"@type\":\"SearchAction\",\"target\":{\"@type\":\"EntryPoint\",\"urlTemplate\":\"https:\\\/\\\/www.p31noticias.com.br\\\/?s={search_term_string}\"},\"query-input\":{\"@type\":\"PropertyValueSpecification\",\"valueRequired\":true,\"valueName\":\"search_term_string\"}}],\"inLanguage\":\"pt-BR\"},{\"@type\":\"Person\",\"@id\":\"https:\\\/\\\/www.p31noticias.com.br\\\/#\\\/schema\\\/person\\\/95f2ece30e3b4132065b915150cd0f94\",\"name\":\"Gon\u00e7alves Junior\",\"image\":{\"@type\":\"ImageObject\",\"inLanguage\":\"pt-BR\",\"@id\":\"https:\\\/\\\/secure.gravatar.com\\\/avatar\\\/6711f350116a89762687a48d66f723c799e5438a5b7578508d4294cd7a5d0800?s=96&d=mm&r=g\",\"url\":\"https:\\\/\\\/secure.gravatar.com\\\/avatar\\\/6711f350116a89762687a48d66f723c799e5438a5b7578508d4294cd7a5d0800?s=96&d=mm&r=g\",\"contentUrl\":\"https:\\\/\\\/secure.gravatar.com\\\/avatar\\\/6711f350116a89762687a48d66f723c799e5438a5b7578508d4294cd7a5d0800?s=96&d=mm&r=g\",\"caption\":\"Gon\u00e7alves Junior\"},\"url\":\"https:\\\/\\\/www.p31noticias.com.br\\\/?author=2\"}]}<\/script>\n<!-- \/ Yoast SEO Premium plugin. -->","yoast_head_json":{"title":"Presidente do STF vota contra emendas de relator. - P31","robots":{"index":"index","follow":"follow","max-snippet":"max-snippet:-1","max-image-preview":"max-image-preview:large","max-video-preview":"max-video-preview:-1"},"canonical":"https:\/\/www.p31noticias.com.br\/?p=26874","og_locale":"pt_BR","og_type":"article","og_title":"Presidente do STF vota contra emendas de relator.","og_description":"Ministra Rosa Weber considerou esse tipo de emenda inconstitucional. A presidente do Supremo Tribunal Federal (STF), ministra Rosa Weber votou pela inconstitucionalidade das emendas de relator ao Or\u00e7amento da Uni\u00e3o, elaborado pelo Congresso Nacional. As emendas s\u00e3o conhecidas como &#8220;or\u00e7amento secreto&#8221;. Rosa Weber considerou que esse tipo de emenda \u00e9 inconstitucional por prejudicar a distribui\u00e7\u00e3o [&hellip;]","og_url":"https:\/\/www.p31noticias.com.br\/?p=26874","og_site_name":"P31","article_published_time":"2022-12-14T22:55:31+00:00","article_modified_time":"2022-12-14T22:57:37+00:00","og_image":[{"width":1170,"height":700,"url":"https:\/\/www.p31noticias.com.br\/wp-content\/uploads\/2022\/12\/stf_1908200976.jpg","type":"image\/jpeg"}],"author":"Gon\u00e7alves Junior","twitter_card":"summary_large_image","twitter_misc":{"Escrito por":"Gon\u00e7alves Junior","Est. tempo de leitura":"3 minutos"},"schema":{"@context":"https:\/\/schema.org","@graph":[{"@type":"Article","@id":"https:\/\/www.p31noticias.com.br\/?p=26874#article","isPartOf":{"@id":"https:\/\/www.p31noticias.com.br\/?p=26874"},"author":{"name":"Gon\u00e7alves Junior","@id":"https:\/\/www.p31noticias.com.br\/#\/schema\/person\/95f2ece30e3b4132065b915150cd0f94"},"headline":"Presidente do STF vota contra emendas de relator.","datePublished":"2022-12-14T22:55:31+00:00","dateModified":"2022-12-14T22:57:37+00:00","mainEntityOfPage":{"@id":"https:\/\/www.p31noticias.com.br\/?p=26874"},"wordCount":671,"commentCount":0,"image":{"@id":"https:\/\/www.p31noticias.com.br\/?p=26874#primaryimage"},"thumbnailUrl":"https:\/\/www.p31noticias.com.br\/wp-content\/uploads\/2022\/12\/stf_1908200976.jpg","articleSection":["Brasil"],"inLanguage":"pt-BR","potentialAction":[{"@type":"CommentAction","name":"Comment","target":["https:\/\/www.p31noticias.com.br\/?p=26874#respond"]}],"copyrightYear":"2022","copyrightHolder":{"@id":"https:\/\/www.p31noticias.com.br\/#organization"}},{"@type":"WebPage","@id":"https:\/\/www.p31noticias.com.br\/?p=26874","url":"https:\/\/www.p31noticias.com.br\/?p=26874","name":"Presidente do STF vota contra emendas de relator. - P31","isPartOf":{"@id":"https:\/\/www.p31noticias.com.br\/#website"},"primaryImageOfPage":{"@id":"https:\/\/www.p31noticias.com.br\/?p=26874#primaryimage"},"image":{"@id":"https:\/\/www.p31noticias.com.br\/?p=26874#primaryimage"},"thumbnailUrl":"https:\/\/www.p31noticias.com.br\/wp-content\/uploads\/2022\/12\/stf_1908200976.jpg","datePublished":"2022-12-14T22:55:31+00:00","dateModified":"2022-12-14T22:57:37+00:00","author":{"@id":"https:\/\/www.p31noticias.com.br\/#\/schema\/person\/95f2ece30e3b4132065b915150cd0f94"},"breadcrumb":{"@id":"https:\/\/www.p31noticias.com.br\/?p=26874#breadcrumb"},"inLanguage":"pt-BR","potentialAction":[{"@type":"ReadAction","target":["https:\/\/www.p31noticias.com.br\/?p=26874"]}]},{"@type":"ImageObject","inLanguage":"pt-BR","@id":"https:\/\/www.p31noticias.com.br\/?p=26874#primaryimage","url":"https:\/\/www.p31noticias.com.br\/wp-content\/uploads\/2022\/12\/stf_1908200976.jpg","contentUrl":"https:\/\/www.p31noticias.com.br\/wp-content\/uploads\/2022\/12\/stf_1908200976.jpg","width":1170,"height":700,"caption":"Fachada do edif\u00edcio sede do Supremo Tribunal Federal - STF"},{"@type":"BreadcrumbList","@id":"https:\/\/www.p31noticias.com.br\/?p=26874#breadcrumb","itemListElement":[{"@type":"ListItem","position":1,"name":"In\u00edcio","item":"https:\/\/www.p31noticias.com.br\/"},{"@type":"ListItem","position":2,"name":"Presidente do STF vota contra emendas de relator."}]},{"@type":"WebSite","@id":"https:\/\/www.p31noticias.com.br\/#website","url":"https:\/\/www.p31noticias.com.br\/","name":"P31","description":"NOT\u00cdCIAS","potentialAction":[{"@type":"SearchAction","target":{"@type":"EntryPoint","urlTemplate":"https:\/\/www.p31noticias.com.br\/?s={search_term_string}"},"query-input":{"@type":"PropertyValueSpecification","valueRequired":true,"valueName":"search_term_string"}}],"inLanguage":"pt-BR"},{"@type":"Person","@id":"https:\/\/www.p31noticias.com.br\/#\/schema\/person\/95f2ece30e3b4132065b915150cd0f94","name":"Gon\u00e7alves Junior","image":{"@type":"ImageObject","inLanguage":"pt-BR","@id":"https:\/\/secure.gravatar.com\/avatar\/6711f350116a89762687a48d66f723c799e5438a5b7578508d4294cd7a5d0800?s=96&d=mm&r=g","url":"https:\/\/secure.gravatar.com\/avatar\/6711f350116a89762687a48d66f723c799e5438a5b7578508d4294cd7a5d0800?s=96&d=mm&r=g","contentUrl":"https:\/\/secure.gravatar.com\/avatar\/6711f350116a89762687a48d66f723c799e5438a5b7578508d4294cd7a5d0800?s=96&d=mm&r=g","caption":"Gon\u00e7alves Junior"},"url":"https:\/\/www.p31noticias.com.br\/?author=2"}]}},"amp_enabled":true,"_links":{"self":[{"href":"https:\/\/www.p31noticias.com.br\/index.php?rest_route=\/wp\/v2\/posts\/26874","targetHints":{"allow":["GET"]}}],"collection":[{"href":"https:\/\/www.p31noticias.com.br\/index.php?rest_route=\/wp\/v2\/posts"}],"about":[{"href":"https:\/\/www.p31noticias.com.br\/index.php?rest_route=\/wp\/v2\/types\/post"}],"author":[{"embeddable":true,"href":"https:\/\/www.p31noticias.com.br\/index.php?rest_route=\/wp\/v2\/users\/2"}],"replies":[{"embeddable":true,"href":"https:\/\/www.p31noticias.com.br\/index.php?rest_route=%2Fwp%2Fv2%2Fcomments&post=26874"}],"version-history":[{"count":1,"href":"https:\/\/www.p31noticias.com.br\/index.php?rest_route=\/wp\/v2\/posts\/26874\/revisions"}],"predecessor-version":[{"id":26876,"href":"https:\/\/www.p31noticias.com.br\/index.php?rest_route=\/wp\/v2\/posts\/26874\/revisions\/26876"}],"wp:featuredmedia":[{"embeddable":true,"href":"https:\/\/www.p31noticias.com.br\/index.php?rest_route=\/wp\/v2\/media\/26875"}],"wp:attachment":[{"href":"https:\/\/www.p31noticias.com.br\/index.php?rest_route=%2Fwp%2Fv2%2Fmedia&parent=26874"}],"wp:term":[{"taxonomy":"category","embeddable":true,"href":"https:\/\/www.p31noticias.com.br\/index.php?rest_route=%2Fwp%2Fv2%2Fcategories&post=26874"},{"taxonomy":"post_tag","embeddable":true,"href":"https:\/\/www.p31noticias.com.br\/index.php?rest_route=%2Fwp%2Fv2%2Ftags&post=26874"}],"curies":[{"name":"wp","href":"https:\/\/api.w.org\/{rel}","templated":true}]}}