{"id":26868,"date":"2022-12-14T19:40:10","date_gmt":"2022-12-14T22:40:10","guid":{"rendered":"https:\/\/p31noticias.com.br\/?p=26868"},"modified":"2022-12-27T12:10:58","modified_gmt":"2022-12-27T15:10:58","slug":"marcio-michel-e-eleito-presidente-do-tcdf","status":"publish","type":"post","link":"https:\/\/www.p31noticias.com.br\/?p=26868","title":{"rendered":"M\u00e1rcio Michel \u00e9 eleito presidente do TCDF."},"content":{"rendered":"<p><em><strong>Ex-secret\u00e1rio do GDF, Andr\u00e9 Clemente, assume a vice-presid\u00eancia da Casa.<\/strong><\/em><\/p>\n<div dir=\"auto\" style=\"text-align: justify;\">O Tribunal de Contas do Distrito Federal (TCDF) elegeu os conselheiros M\u00e1rcio Michel e Andr\u00e9 Clemente para os cargos de presidente e vice-presidente da Corte de Contas, respectivamente. Ambos come\u00e7am nas fun\u00e7\u00f5es a partir de 1\u00ba de janeiro do pr\u00f3ximo ano.<\/div>\n<div dir=\"auto\"><img loading=\"lazy\" decoding=\"async\" class=\"\" src=\"https:\/\/mail.google.com\/mail\/u\/0?ui=2&amp;ik=e51c0b2605&amp;attid=0.1.1&amp;permmsgid=msg-f:1752228331149979552&amp;th=18512a622b91efa0&amp;view=fimg&amp;fur=ip&amp;sz=s0-l75-ft&amp;attbid=ANGjdJ_X3GF5bf3AQeq6QDlwBG_uyI4vHEx9P27ACRCd31gNUYx1pOkeGZCH8AchRrwfmdEj1KsH15_3eXgJeVdzCgiNn_QLDBHqB7k2TnT5LmreLyl5c4jQxUPErx8&amp;disp=emb\" width=\"468\" height=\"317\" \/><\/div>\n<div dir=\"auto\" style=\"text-align: justify;\"><\/div>\n<div dir=\"auto\" style=\"text-align: justify;\">Na sess\u00e3o que definiu o novo comando do tribunal pelo pr\u00f3ximo bi\u00eanio, M\u00e1rcio Michel agradeceu os colegas e fez uma bonita homenagem \u00e0 m\u00e3e, que, segundo ele, n\u00e3o p\u00f4de comparecer \u00e0 Corte, mas que acompanhou a defini\u00e7\u00e3o de sua nova fun\u00e7\u00e3o pela transmiss\u00e3o do TCDF no YouTube.<\/div>\n<div dir=\"auto\" style=\"text-align: justify;\"><\/div>\n<div dir=\"auto\" style=\"text-align: justify;\">&#8220;Divido essa alegria com minha m\u00e3e, dona Dolores, pela humildade, honestidade e pela forma com a qual ela sempre criou os filhos dela&#8221;, declarou.<\/div>\n<div dir=\"auto\" style=\"text-align: justify;\"><\/div>\n<div dir=\"auto\" style=\"text-align: justify;\">Em seu discurso, o conselheiro Michel tamb\u00e9m mandou um recado tranquilizador aos servidores do \u00f3rg\u00e3o vinculado ao Legislativo local, dizendo manter\u00e1 o &#8220;fortalecimento&#8221; e o &#8220;engrandecimento&#8221; do TCDF perante a popula\u00e7\u00e3o da capital federal.<\/div>\n<div dir=\"auto\" style=\"text-align: justify;\"><\/div>\n<div dir=\"auto\" style=\"text-align: justify;\">&#8220;Sejam comissionados ou sejam efetivos, n\u00f3s n\u00e3o estamos aqui para mudar nada e muito menos para trazer horror em nada. Estamos aqui para continuar um bom trabalho de d\u00e9cadas e d\u00e9cadas que vem sendo muito bem feito&#8221;, disse.<\/div>\n<div dir=\"auto\" style=\"text-align: justify;\"><\/div>\n<div dir=\"auto\" style=\"text-align: justify;\">Sobre a vit\u00f3ria, o conselheiro Andr\u00e9 Clemente afirmou que &#8220;tem muito orgulho&#8221; de poder trabalhar e &#8220;ombrear&#8221; com Michel e que trabalhar\u00e3o juntos para que o TCDF possa voltar a contribuir com os avan\u00e7os da cidade.<\/div>\n<div dir=\"auto\" style=\"text-align: justify;\"><\/div>\n<div dir=\"auto\" style=\"text-align: justify;\">&#8220;Eu conhe\u00e7o j\u00e1 h\u00e1 algum tempo o trabalho do conselheiro Michel e sei que se trata de uma pessoa que cuida da cidade, que cuida das pessoas independentemente de onde venham&#8221;, afirmou.<\/div>\n<div dir=\"auto\" style=\"text-align: justify;\"><\/div>\n<div dir=\"auto\" style=\"text-align: justify;\">Andr\u00e9 Clemente tamb\u00e9m disse que elaborou um progn\u00f3stico de sua antiga fun\u00e7\u00e3o e contou que preparou um &#8220;plano de a\u00e7\u00e3o&#8221; para o pr\u00f3ximo bi\u00eanio.<\/div>\n<div dir=\"auto\" style=\"text-align: justify;\"><\/div>\n<div dir=\"auto\" style=\"text-align: justify;\">&#8220;Enquanto Ouvidor, fiz um diagn\u00f3stico e um progn\u00f3stico. Deixo aqui um plano de a\u00e7\u00e3o para os pr\u00f3ximos dois anos, com amplo debate interno. Um robusto documento exigido pela lei e algumas a\u00e7\u00f5es que v\u00e3o aprimorar todos os setores dessa casa&#8221;, ressaltou.<\/div>\n<div dir=\"auto\" style=\"text-align: justify;\"><\/div>\n<div dir=\"auto\" style=\"text-align: justify;\">*Curr\u00edculos*<\/div>\n<div dir=\"auto\" style=\"text-align: justify;\">Antes de assumir o Tribunal de Contas em 2015, o novo presidente da Corte chegou a ser cobrador de \u00f4nibus, delegado da Pol\u00edcia Civil do DF e deputado distrital por dois mandatos, sendo eleito em 2010 e em 2014.<\/div>\n<div dir=\"auto\" style=\"text-align: justify;\"><\/div>\n<div dir=\"auto\" style=\"text-align: justify;\">J\u00e1 o novo vice-presidente do TCDF, o conselheiro Andr\u00e9 Clemente \u00e9 o membro mais recente do tribunal a tomar posse. Auditor concursado da Receita da capital federal, Clemente foi secret\u00e1rio de Economia na gest\u00e3o de Ibaneis Rocha (MDB) e \u00e9 formado em direito.<\/div>\n<div dir=\"auto\"><\/div>\n<div dir=\"auto\">Da Reda\u00e7\u00e3o.<\/div>\n","protected":false},"excerpt":{"rendered":"<p>Ex-secret\u00e1rio do GDF, Andr\u00e9 Clemente, assume a vice-presid\u00eancia da Casa. O Tribunal de Contas do Distrito Federal (TCDF) elegeu os conselheiros M\u00e1rcio Michel e Andr\u00e9 Clemente para os cargos de presidente e vice-presidente da Corte de Contas, respectivamente. Ambos come\u00e7am nas fun\u00e7\u00f5es a partir de 1\u00ba de janeiro do pr\u00f3ximo ano. Na sess\u00e3o que definiu [&hellip;]<\/p>\n","protected":false},"author":2,"featured_media":26961,"comment_status":"open","ping_status":"open","sticky":false,"template":"","format":"standard","meta":{"footnotes":""},"categories":[68,21],"tags":[],"class_list":{"0":"post-26868","1":"post","2":"type-post","3":"status-publish","4":"format-standard","5":"has-post-thumbnail","7":"category-brasil","8":"category-brasilia"},"yoast_head":"<!-- This site is optimized with the Yoast SEO Premium plugin v24.5 (Yoast SEO v27.5) - https:\/\/yoast.com\/product\/yoast-seo-premium-wordpress\/ -->\n<title>M\u00e1rcio Michel \u00e9 eleito presidente do TCDF. - P31<\/title>\n<meta name=\"robots\" content=\"index, follow, max-snippet:-1, max-image-preview:large, max-video-preview:-1\" \/>\n<link rel=\"canonical\" href=\"https:\/\/www.p31noticias.com.br\/?p=26868\" \/>\n<meta property=\"og:locale\" content=\"pt_BR\" \/>\n<meta property=\"og:type\" content=\"article\" \/>\n<meta property=\"og:title\" content=\"M\u00e1rcio Michel \u00e9 eleito presidente do TCDF.\" \/>\n<meta property=\"og:description\" content=\"Ex-secret\u00e1rio do GDF, Andr\u00e9 Clemente, assume a vice-presid\u00eancia da Casa. O Tribunal de Contas do Distrito Federal (TCDF) elegeu os conselheiros M\u00e1rcio Michel e Andr\u00e9 Clemente para os cargos de presidente e vice-presidente da Corte de Contas, respectivamente. Ambos come\u00e7am nas fun\u00e7\u00f5es a partir de 1\u00ba de janeiro do pr\u00f3ximo ano. Na sess\u00e3o que definiu [&hellip;]\" \/>\n<meta property=\"og:url\" content=\"https:\/\/www.p31noticias.com.br\/?p=26868\" \/>\n<meta property=\"og:site_name\" content=\"P31\" \/>\n<meta property=\"article:published_time\" content=\"2022-12-14T22:40:10+00:00\" \/>\n<meta property=\"article:modified_time\" content=\"2022-12-27T15:10:58+00:00\" \/>\n<meta property=\"og:image\" content=\"https:\/\/www.p31noticias.com.br\/wp-content\/uploads\/2022\/12\/unnamed-2022-12-14T192808.061-1.jpg\" \/>\n\t<meta property=\"og:image:width\" content=\"941\" \/>\n\t<meta property=\"og:image:height\" content=\"622\" \/>\n\t<meta property=\"og:image:type\" content=\"image\/jpeg\" \/>\n<meta name=\"author\" content=\"Gon\u00e7alves Junior\" \/>\n<meta name=\"twitter:card\" content=\"summary_large_image\" \/>\n<meta name=\"twitter:label1\" content=\"Escrito por\" \/>\n\t<meta name=\"twitter:data1\" content=\"Gon\u00e7alves Junior\" \/>\n\t<meta name=\"twitter:label2\" content=\"Est. tempo de leitura\" \/>\n\t<meta name=\"twitter:data2\" content=\"2 minutos\" \/>\n<script type=\"application\/ld+json\" class=\"yoast-schema-graph\">{\"@context\":\"https:\\\/\\\/schema.org\",\"@graph\":[{\"@type\":\"Article\",\"@id\":\"https:\\\/\\\/www.p31noticias.com.br\\\/?p=26868#article\",\"isPartOf\":{\"@id\":\"https:\\\/\\\/www.p31noticias.com.br\\\/?p=26868\"},\"author\":{\"name\":\"Gon\u00e7alves Junior\",\"@id\":\"https:\\\/\\\/www.p31noticias.com.br\\\/#\\\/schema\\\/person\\\/95f2ece30e3b4132065b915150cd0f94\"},\"headline\":\"M\u00e1rcio Michel \u00e9 eleito presidente do TCDF.\",\"datePublished\":\"2022-12-14T22:40:10+00:00\",\"dateModified\":\"2022-12-27T15:10:58+00:00\",\"mainEntityOfPage\":{\"@id\":\"https:\\\/\\\/www.p31noticias.com.br\\\/?p=26868\"},\"wordCount\":456,\"commentCount\":0,\"image\":{\"@id\":\"https:\\\/\\\/www.p31noticias.com.br\\\/?p=26868#primaryimage\"},\"thumbnailUrl\":\"https:\\\/\\\/www.p31noticias.com.br\\\/wp-content\\\/uploads\\\/2022\\\/12\\\/unnamed-2022-12-14T192808.061-1.jpg\",\"articleSection\":[\"Brasil\",\"Bras\u00edlia\"],\"inLanguage\":\"pt-BR\",\"potentialAction\":[{\"@type\":\"CommentAction\",\"name\":\"Comment\",\"target\":[\"https:\\\/\\\/www.p31noticias.com.br\\\/?p=26868#respond\"]}],\"copyrightYear\":\"2022\",\"copyrightHolder\":{\"@id\":\"https:\\\/\\\/www.p31noticias.com.br\\\/#organization\"}},{\"@type\":\"WebPage\",\"@id\":\"https:\\\/\\\/www.p31noticias.com.br\\\/?p=26868\",\"url\":\"https:\\\/\\\/www.p31noticias.com.br\\\/?p=26868\",\"name\":\"M\u00e1rcio Michel \u00e9 eleito presidente do TCDF. - P31\",\"isPartOf\":{\"@id\":\"https:\\\/\\\/www.p31noticias.com.br\\\/#website\"},\"primaryImageOfPage\":{\"@id\":\"https:\\\/\\\/www.p31noticias.com.br\\\/?p=26868#primaryimage\"},\"image\":{\"@id\":\"https:\\\/\\\/www.p31noticias.com.br\\\/?p=26868#primaryimage\"},\"thumbnailUrl\":\"https:\\\/\\\/www.p31noticias.com.br\\\/wp-content\\\/uploads\\\/2022\\\/12\\\/unnamed-2022-12-14T192808.061-1.jpg\",\"datePublished\":\"2022-12-14T22:40:10+00:00\",\"dateModified\":\"2022-12-27T15:10:58+00:00\",\"author\":{\"@id\":\"https:\\\/\\\/www.p31noticias.com.br\\\/#\\\/schema\\\/person\\\/95f2ece30e3b4132065b915150cd0f94\"},\"breadcrumb\":{\"@id\":\"https:\\\/\\\/www.p31noticias.com.br\\\/?p=26868#breadcrumb\"},\"inLanguage\":\"pt-BR\",\"potentialAction\":[{\"@type\":\"ReadAction\",\"target\":[\"https:\\\/\\\/www.p31noticias.com.br\\\/?p=26868\"]}]},{\"@type\":\"ImageObject\",\"inLanguage\":\"pt-BR\",\"@id\":\"https:\\\/\\\/www.p31noticias.com.br\\\/?p=26868#primaryimage\",\"url\":\"https:\\\/\\\/www.p31noticias.com.br\\\/wp-content\\\/uploads\\\/2022\\\/12\\\/unnamed-2022-12-14T192808.061-1.jpg\",\"contentUrl\":\"https:\\\/\\\/www.p31noticias.com.br\\\/wp-content\\\/uploads\\\/2022\\\/12\\\/unnamed-2022-12-14T192808.061-1.jpg\",\"width\":941,\"height\":622},{\"@type\":\"BreadcrumbList\",\"@id\":\"https:\\\/\\\/www.p31noticias.com.br\\\/?p=26868#breadcrumb\",\"itemListElement\":[{\"@type\":\"ListItem\",\"position\":1,\"name\":\"In\u00edcio\",\"item\":\"https:\\\/\\\/www.p31noticias.com.br\\\/\"},{\"@type\":\"ListItem\",\"position\":2,\"name\":\"M\u00e1rcio Michel \u00e9 eleito presidente do TCDF.\"}]},{\"@type\":\"WebSite\",\"@id\":\"https:\\\/\\\/www.p31noticias.com.br\\\/#website\",\"url\":\"https:\\\/\\\/www.p31noticias.com.br\\\/\",\"name\":\"P31\",\"description\":\"NOT\u00cdCIAS\",\"potentialAction\":[{\"@type\":\"SearchAction\",\"target\":{\"@type\":\"EntryPoint\",\"urlTemplate\":\"https:\\\/\\\/www.p31noticias.com.br\\\/?s={search_term_string}\"},\"query-input\":{\"@type\":\"PropertyValueSpecification\",\"valueRequired\":true,\"valueName\":\"search_term_string\"}}],\"inLanguage\":\"pt-BR\"},{\"@type\":\"Person\",\"@id\":\"https:\\\/\\\/www.p31noticias.com.br\\\/#\\\/schema\\\/person\\\/95f2ece30e3b4132065b915150cd0f94\",\"name\":\"Gon\u00e7alves Junior\",\"image\":{\"@type\":\"ImageObject\",\"inLanguage\":\"pt-BR\",\"@id\":\"https:\\\/\\\/secure.gravatar.com\\\/avatar\\\/6711f350116a89762687a48d66f723c799e5438a5b7578508d4294cd7a5d0800?s=96&d=mm&r=g\",\"url\":\"https:\\\/\\\/secure.gravatar.com\\\/avatar\\\/6711f350116a89762687a48d66f723c799e5438a5b7578508d4294cd7a5d0800?s=96&d=mm&r=g\",\"contentUrl\":\"https:\\\/\\\/secure.gravatar.com\\\/avatar\\\/6711f350116a89762687a48d66f723c799e5438a5b7578508d4294cd7a5d0800?s=96&d=mm&r=g\",\"caption\":\"Gon\u00e7alves Junior\"},\"url\":\"https:\\\/\\\/www.p31noticias.com.br\\\/?author=2\"}]}<\/script>\n<!-- \/ Yoast SEO Premium plugin. -->","yoast_head_json":{"title":"M\u00e1rcio Michel \u00e9 eleito presidente do TCDF. - P31","robots":{"index":"index","follow":"follow","max-snippet":"max-snippet:-1","max-image-preview":"max-image-preview:large","max-video-preview":"max-video-preview:-1"},"canonical":"https:\/\/www.p31noticias.com.br\/?p=26868","og_locale":"pt_BR","og_type":"article","og_title":"M\u00e1rcio Michel \u00e9 eleito presidente do TCDF.","og_description":"Ex-secret\u00e1rio do GDF, Andr\u00e9 Clemente, assume a vice-presid\u00eancia da Casa. O Tribunal de Contas do Distrito Federal (TCDF) elegeu os conselheiros M\u00e1rcio Michel e Andr\u00e9 Clemente para os cargos de presidente e vice-presidente da Corte de Contas, respectivamente. Ambos come\u00e7am nas fun\u00e7\u00f5es a partir de 1\u00ba de janeiro do pr\u00f3ximo ano. Na sess\u00e3o que definiu [&hellip;]","og_url":"https:\/\/www.p31noticias.com.br\/?p=26868","og_site_name":"P31","article_published_time":"2022-12-14T22:40:10+00:00","article_modified_time":"2022-12-27T15:10:58+00:00","og_image":[{"width":941,"height":622,"url":"https:\/\/www.p31noticias.com.br\/wp-content\/uploads\/2022\/12\/unnamed-2022-12-14T192808.061-1.jpg","type":"image\/jpeg"}],"author":"Gon\u00e7alves Junior","twitter_card":"summary_large_image","twitter_misc":{"Escrito por":"Gon\u00e7alves Junior","Est. tempo de leitura":"2 minutos"},"schema":{"@context":"https:\/\/schema.org","@graph":[{"@type":"Article","@id":"https:\/\/www.p31noticias.com.br\/?p=26868#article","isPartOf":{"@id":"https:\/\/www.p31noticias.com.br\/?p=26868"},"author":{"name":"Gon\u00e7alves Junior","@id":"https:\/\/www.p31noticias.com.br\/#\/schema\/person\/95f2ece30e3b4132065b915150cd0f94"},"headline":"M\u00e1rcio Michel \u00e9 eleito presidente do TCDF.","datePublished":"2022-12-14T22:40:10+00:00","dateModified":"2022-12-27T15:10:58+00:00","mainEntityOfPage":{"@id":"https:\/\/www.p31noticias.com.br\/?p=26868"},"wordCount":456,"commentCount":0,"image":{"@id":"https:\/\/www.p31noticias.com.br\/?p=26868#primaryimage"},"thumbnailUrl":"https:\/\/www.p31noticias.com.br\/wp-content\/uploads\/2022\/12\/unnamed-2022-12-14T192808.061-1.jpg","articleSection":["Brasil","Bras\u00edlia"],"inLanguage":"pt-BR","potentialAction":[{"@type":"CommentAction","name":"Comment","target":["https:\/\/www.p31noticias.com.br\/?p=26868#respond"]}],"copyrightYear":"2022","copyrightHolder":{"@id":"https:\/\/www.p31noticias.com.br\/#organization"}},{"@type":"WebPage","@id":"https:\/\/www.p31noticias.com.br\/?p=26868","url":"https:\/\/www.p31noticias.com.br\/?p=26868","name":"M\u00e1rcio Michel \u00e9 eleito presidente do TCDF. - P31","isPartOf":{"@id":"https:\/\/www.p31noticias.com.br\/#website"},"primaryImageOfPage":{"@id":"https:\/\/www.p31noticias.com.br\/?p=26868#primaryimage"},"image":{"@id":"https:\/\/www.p31noticias.com.br\/?p=26868#primaryimage"},"thumbnailUrl":"https:\/\/www.p31noticias.com.br\/wp-content\/uploads\/2022\/12\/unnamed-2022-12-14T192808.061-1.jpg","datePublished":"2022-12-14T22:40:10+00:00","dateModified":"2022-12-27T15:10:58+00:00","author":{"@id":"https:\/\/www.p31noticias.com.br\/#\/schema\/person\/95f2ece30e3b4132065b915150cd0f94"},"breadcrumb":{"@id":"https:\/\/www.p31noticias.com.br\/?p=26868#breadcrumb"},"inLanguage":"pt-BR","potentialAction":[{"@type":"ReadAction","target":["https:\/\/www.p31noticias.com.br\/?p=26868"]}]},{"@type":"ImageObject","inLanguage":"pt-BR","@id":"https:\/\/www.p31noticias.com.br\/?p=26868#primaryimage","url":"https:\/\/www.p31noticias.com.br\/wp-content\/uploads\/2022\/12\/unnamed-2022-12-14T192808.061-1.jpg","contentUrl":"https:\/\/www.p31noticias.com.br\/wp-content\/uploads\/2022\/12\/unnamed-2022-12-14T192808.061-1.jpg","width":941,"height":622},{"@type":"BreadcrumbList","@id":"https:\/\/www.p31noticias.com.br\/?p=26868#breadcrumb","itemListElement":[{"@type":"ListItem","position":1,"name":"In\u00edcio","item":"https:\/\/www.p31noticias.com.br\/"},{"@type":"ListItem","position":2,"name":"M\u00e1rcio Michel \u00e9 eleito presidente do TCDF."}]},{"@type":"WebSite","@id":"https:\/\/www.p31noticias.com.br\/#website","url":"https:\/\/www.p31noticias.com.br\/","name":"P31","description":"NOT\u00cdCIAS","potentialAction":[{"@type":"SearchAction","target":{"@type":"EntryPoint","urlTemplate":"https:\/\/www.p31noticias.com.br\/?s={search_term_string}"},"query-input":{"@type":"PropertyValueSpecification","valueRequired":true,"valueName":"search_term_string"}}],"inLanguage":"pt-BR"},{"@type":"Person","@id":"https:\/\/www.p31noticias.com.br\/#\/schema\/person\/95f2ece30e3b4132065b915150cd0f94","name":"Gon\u00e7alves Junior","image":{"@type":"ImageObject","inLanguage":"pt-BR","@id":"https:\/\/secure.gravatar.com\/avatar\/6711f350116a89762687a48d66f723c799e5438a5b7578508d4294cd7a5d0800?s=96&d=mm&r=g","url":"https:\/\/secure.gravatar.com\/avatar\/6711f350116a89762687a48d66f723c799e5438a5b7578508d4294cd7a5d0800?s=96&d=mm&r=g","contentUrl":"https:\/\/secure.gravatar.com\/avatar\/6711f350116a89762687a48d66f723c799e5438a5b7578508d4294cd7a5d0800?s=96&d=mm&r=g","caption":"Gon\u00e7alves Junior"},"url":"https:\/\/www.p31noticias.com.br\/?author=2"}]}},"amp_enabled":true,"_links":{"self":[{"href":"https:\/\/www.p31noticias.com.br\/index.php?rest_route=\/wp\/v2\/posts\/26868","targetHints":{"allow":["GET"]}}],"collection":[{"href":"https:\/\/www.p31noticias.com.br\/index.php?rest_route=\/wp\/v2\/posts"}],"about":[{"href":"https:\/\/www.p31noticias.com.br\/index.php?rest_route=\/wp\/v2\/types\/post"}],"author":[{"embeddable":true,"href":"https:\/\/www.p31noticias.com.br\/index.php?rest_route=\/wp\/v2\/users\/2"}],"replies":[{"embeddable":true,"href":"https:\/\/www.p31noticias.com.br\/index.php?rest_route=%2Fwp%2Fv2%2Fcomments&post=26868"}],"version-history":[{"count":2,"href":"https:\/\/www.p31noticias.com.br\/index.php?rest_route=\/wp\/v2\/posts\/26868\/revisions"}],"predecessor-version":[{"id":26958,"href":"https:\/\/www.p31noticias.com.br\/index.php?rest_route=\/wp\/v2\/posts\/26868\/revisions\/26958"}],"wp:featuredmedia":[{"embeddable":true,"href":"https:\/\/www.p31noticias.com.br\/index.php?rest_route=\/wp\/v2\/media\/26961"}],"wp:attachment":[{"href":"https:\/\/www.p31noticias.com.br\/index.php?rest_route=%2Fwp%2Fv2%2Fmedia&parent=26868"}],"wp:term":[{"taxonomy":"category","embeddable":true,"href":"https:\/\/www.p31noticias.com.br\/index.php?rest_route=%2Fwp%2Fv2%2Fcategories&post=26868"},{"taxonomy":"post_tag","embeddable":true,"href":"https:\/\/www.p31noticias.com.br\/index.php?rest_route=%2Fwp%2Fv2%2Ftags&post=26868"}],"curies":[{"name":"wp","href":"https:\/\/api.w.org\/{rel}","templated":true}]}}