{"id":26853,"date":"2022-12-08T01:10:06","date_gmt":"2022-12-08T04:10:06","guid":{"rendered":"https:\/\/p31noticias.com.br\/?p=26853"},"modified":"2022-12-08T01:10:06","modified_gmt":"2022-12-08T04:10:06","slug":"operarios-fazem-a-concretagem-das-295-estacas-do-viaduto-do-riacho-fundo","status":"publish","type":"post","link":"https:\/\/www.p31noticias.com.br\/?p=26853","title":{"rendered":"Oper\u00e1rios fazem a concretagem das 295 estacas do viaduto do Riacho Fundo."},"content":{"rendered":"<p style=\"text-align: justify;\"><em><strong>As pe\u00e7as servir\u00e3o para sustentar as duas pistas subterr\u00e2neas; pr\u00f3ximos passos s\u00e3o a constru\u00e7\u00e3o das vigas de sustenta\u00e7\u00e3o e de laje, al\u00e9m da escava\u00e7\u00e3o.<\/strong><\/em><\/p>\n<p style=\"text-align: justify;\">A obra do viaduto do Riacho Fundo entra na fase de concretagem das 295 estacas de sustenta\u00e7\u00e3o, que v\u00e3o dar suporte a pistas subterr\u00e2neas respons\u00e1veis pela liga\u00e7\u00e3o entre a regi\u00e3o administrativa e a \u00c1rea de Desenvolvimento Econ\u00f4mico de \u00c1guas Claras. Com o t\u00e9rmino da constru\u00e7\u00e3o, os cerca de 70 mil condutores que trafegam diariamente pelo local ter\u00e3o mais seguran\u00e7a e conforto ao transitar pela via.<\/p>\n<figure id=\"attachment_454349\" class=\"wp-caption aligncenter\" style=\"text-align: justify;\" aria-describedby=\"caption-attachment-454349\"><img loading=\"lazy\" decoding=\"async\" class=\"wp-image-454349 size-full\" src=\"http:\/\/agenciabrasilia.df.gov.br\/wp-conteudo\/uploads\/2022\/12\/interna-1-scaled.jpg\" sizes=\"auto, (max-width: 2560px) 100vw, 2560px\" srcset=\"https:\/\/www.agenciabrasilia.df.gov.br\/wp-conteudo\/uploads\/2022\/12\/interna-1-scaled.jpg 2560w, https:\/\/www.agenciabrasilia.df.gov.br\/wp-conteudo\/uploads\/2022\/12\/interna-1-300x200.jpg 300w, https:\/\/www.agenciabrasilia.df.gov.br\/wp-conteudo\/uploads\/2022\/12\/interna-1-1024x683.jpg 1024w, https:\/\/www.agenciabrasilia.df.gov.br\/wp-conteudo\/uploads\/2022\/12\/interna-1-768x512.jpg 768w, https:\/\/www.agenciabrasilia.df.gov.br\/wp-conteudo\/uploads\/2022\/12\/interna-1-1536x1024.jpg 1536w, https:\/\/www.agenciabrasilia.df.gov.br\/wp-conteudo\/uploads\/2022\/12\/interna-1-2048x1365.jpg 2048w\" alt=\"\" width=\"2560\" height=\"1707\" \/><figcaption id=\"caption-attachment-454349\" class=\"wp-caption-text\">Com investimento de R$ 22,3 milh\u00f5es, o viaduto do Riacho Fundo ter\u00e1 pistas subterr\u00e2neas com 200 m de comprimento | Foto: Tony Oliveira\/Ag\u00eancia Bras\u00edlia<\/figcaption><\/figure>\n<p style=\"text-align: justify;\">O Departamento de Estradas de Rodagem do DF (DER) \u00e9 o respons\u00e1vel pela constru\u00e7\u00e3o do viaduto, que tem investimento de R$ 22,3 milh\u00f5es. Al\u00e9m do Riacho Fundo e Riacho Fundo II, ser\u00e3o beneficiados com o equipamento moradores de Recanto das Emas, Samambaia, Taguatinga, Vicente Pires, Arniqueira e Park Way.<\/p>\n<p style=\"text-align: justify;\">\u201cOs pilares est\u00e3o sendo feitos em forma de trincheira, para dentro da terra, isso porque o viaduto n\u00e3o ser\u00e1 suspenso, as pistas v\u00e3o ser subterr\u00e2neas\u201d, explica o presidente do DER, Fauzi Nacfur J\u00fanior. Segundo ele, a obra segue normalmente, embora a chuva atrapalhe um pouco o andamento. Cada uma das pistas ter\u00e1 200 metros de comprimento e mais de 50% da constru\u00e7\u00e3o j\u00e1 est\u00e1 executada.<\/p>\n<p style=\"text-align: justify;\">O presidente do DER destacou que os pr\u00f3ximos passos da obra s\u00e3o a constru\u00e7\u00e3o das vigas de sustenta\u00e7\u00e3o e de laje e a escava\u00e7\u00e3o da parte subterr\u00e2nea. \u201cEsse viaduto proporcionar\u00e1 seguran\u00e7a vi\u00e1ria, al\u00e9m de conforto \u00e0 popula\u00e7\u00e3o\u201d, afirma Fauzi.<\/p>\n<p style=\"text-align: justify;\"><strong>\u201cO viaduto ser\u00e1 muito bem-vindo\u201d<\/strong><\/p>\n<figure id=\"attachment_454354\" class=\"wp-caption alignleft\" style=\"text-align: justify;\" aria-describedby=\"caption-attachment-454354\"><img loading=\"lazy\" decoding=\"async\" class=\"wp-image-454354 size-medium\" src=\"http:\/\/agenciabrasilia.df.gov.br\/wp-conteudo\/uploads\/2022\/12\/Luiz-Francisco-300x200.jpg\" sizes=\"auto, (max-width: 300px) 100vw, 300px\" srcset=\"https:\/\/www.agenciabrasilia.df.gov.br\/wp-conteudo\/uploads\/2022\/12\/Luiz-Francisco-300x200.jpg 300w, https:\/\/www.agenciabrasilia.df.gov.br\/wp-conteudo\/uploads\/2022\/12\/Luiz-Francisco-1024x683.jpg 1024w, https:\/\/www.agenciabrasilia.df.gov.br\/wp-conteudo\/uploads\/2022\/12\/Luiz-Francisco-768x512.jpg 768w, https:\/\/www.agenciabrasilia.df.gov.br\/wp-conteudo\/uploads\/2022\/12\/Luiz-Francisco-1536x1024.jpg 1536w, https:\/\/www.agenciabrasilia.df.gov.br\/wp-conteudo\/uploads\/2022\/12\/Luiz-Francisco-2048x1365.jpg 2048w\" alt=\"\" width=\"300\" height=\"200\" \/><figcaption id=\"caption-attachment-454354\" class=\"wp-caption-text\">Morador de Arniqueira, Lu\u00eds Francisco da Silva acredita que o viaduto \u201cdiminuir\u00e1 o risco de acidentes, que hoje \u00e9 muito grande\u201d<\/figcaption><\/figure>\n<p style=\"text-align: justify;\">Morador de Arniqueira, Lu\u00eds Francisco da Silva, 50 anos, acredita que o viaduto facilitar\u00e1 a vida de todos na regi\u00e3o. \u201cEssa obra ser\u00e1 uma maravilha porque quem precisa ir de um lado para outro n\u00e3o passar\u00e1 pelo transtorno de enfrentar um tr\u00e2nsito enorme. Tamb\u00e9m diminuir\u00e1 o risco de acidentes, que hoje \u00e9 muito grande\u201d, destaca.<\/p>\n<p style=\"text-align: justify;\">O lojista Ata\u00edde Marcos Cordeiro, 30, que trabalha em uma loja situada em frente ao local onde est\u00e1 sendo constru\u00eddo o viaduto, aposta que o equipamento trar\u00e1 grandes benef\u00edcios para a regi\u00e3o.<img decoding=\"async\" src=\"http:\/\/agenciabrasilia.df.gov.br\/wp-conteudo\/uploads\/2022\/12\/Ataide-Marcos-300x200.jpg\" \/><\/p>\n<p style=\"text-align: justify;\">\u201cCreio que ser\u00e1 ben\u00e9fico para todos n\u00f3s. Aqui os engarrafamentos s\u00e3o constantes para se deslocar ao Plano Piloto. O \u00edndice de acidentes \u00e9 grande, chegando a acontecer dois por dia. A mobilidade tamb\u00e9m vai melhorar muito, porque \u00e9 um grande transtorno passar por esse bal\u00e3o que temos aqui\u201d, enumera.<\/p>\n<figure id=\"attachment_454356\" class=\"wp-caption alignleft\" style=\"text-align: justify;\" aria-describedby=\"caption-attachment-454356\"><img loading=\"lazy\" decoding=\"async\" class=\"wp-image-454356 size-medium\" src=\"http:\/\/agenciabrasilia.df.gov.br\/wp-conteudo\/uploads\/2022\/12\/Carlos-Henrique-300x200.jpg\" sizes=\"auto, (max-width: 300px) 100vw, 300px\" srcset=\"https:\/\/www.agenciabrasilia.df.gov.br\/wp-conteudo\/uploads\/2022\/12\/Carlos-Henrique-300x200.jpg 300w, https:\/\/www.agenciabrasilia.df.gov.br\/wp-conteudo\/uploads\/2022\/12\/Carlos-Henrique-1024x683.jpg 1024w, https:\/\/www.agenciabrasilia.df.gov.br\/wp-conteudo\/uploads\/2022\/12\/Carlos-Henrique-768x512.jpg 768w, https:\/\/www.agenciabrasilia.df.gov.br\/wp-conteudo\/uploads\/2022\/12\/Carlos-Henrique-1536x1024.jpg 1536w, https:\/\/www.agenciabrasilia.df.gov.br\/wp-conteudo\/uploads\/2022\/12\/Carlos-Henrique-2048x1365.jpg 2048w\" alt=\"\" width=\"300\" height=\"200\" \/><figcaption id=\"caption-attachment-454356\" class=\"wp-caption-text\">Carlos Henrique Barros diz que a via \u00e9 muito utilizada pela popula\u00e7\u00e3o do Entorno<\/figcaption><\/figure>\n<p style=\"text-align: justify;\">Carlos Henrique Barros Ferreira, 24, que trabalha no Riacho Fundo, lembra que a via recebe um grande n\u00famero de ve\u00edculos, por ser acesso \u00e0s cidades do Entorno, e que o viaduto \u00e9 solu\u00e7\u00e3o para os problemas vi\u00e1rios. \u201cO pessoal do Entorno usa muito essa rodovia e por aqui passam \u00f4nibus, carretas, n\u00e3o \u00e9 s\u00f3 a popula\u00e7\u00e3o da regi\u00e3o\u201d, diz.<\/p>\n<p style=\"text-align: justify;\">\n<p style=\"text-align: justify;\">\n<p style=\"text-align: justify;\">Ag\u00eancia Bras\u00edlia.<\/p>\n<p>&nbsp;<\/p>\n","protected":false},"excerpt":{"rendered":"<p>As pe\u00e7as servir\u00e3o para sustentar as duas pistas subterr\u00e2neas; pr\u00f3ximos passos s\u00e3o a constru\u00e7\u00e3o das vigas de sustenta\u00e7\u00e3o e de laje, al\u00e9m da escava\u00e7\u00e3o. A obra do viaduto do Riacho Fundo entra na fase de concretagem das 295 estacas de sustenta\u00e7\u00e3o, que v\u00e3o dar suporte a pistas subterr\u00e2neas respons\u00e1veis pela liga\u00e7\u00e3o entre a regi\u00e3o administrativa [&hellip;]<\/p>\n","protected":false},"author":2,"featured_media":26854,"comment_status":"open","ping_status":"open","sticky":false,"template":"","format":"standard","meta":{"footnotes":""},"categories":[21],"tags":[],"class_list":{"0":"post-26853","1":"post","2":"type-post","3":"status-publish","4":"format-standard","5":"has-post-thumbnail","7":"category-brasilia"},"yoast_head":"<!-- This site is optimized with the Yoast SEO Premium plugin v24.5 (Yoast SEO v27.5) - https:\/\/yoast.com\/product\/yoast-seo-premium-wordpress\/ -->\n<title>Oper\u00e1rios fazem a concretagem das 295 estacas do viaduto do Riacho Fundo. - P31<\/title>\n<meta name=\"robots\" content=\"index, follow, max-snippet:-1, max-image-preview:large, max-video-preview:-1\" \/>\n<link rel=\"canonical\" href=\"https:\/\/www.p31noticias.com.br\/?p=26853\" \/>\n<meta property=\"og:locale\" content=\"pt_BR\" \/>\n<meta property=\"og:type\" content=\"article\" \/>\n<meta property=\"og:title\" content=\"Oper\u00e1rios fazem a concretagem das 295 estacas do viaduto do Riacho Fundo.\" \/>\n<meta property=\"og:description\" content=\"As pe\u00e7as servir\u00e3o para sustentar as duas pistas subterr\u00e2neas; pr\u00f3ximos passos s\u00e3o a constru\u00e7\u00e3o das vigas de sustenta\u00e7\u00e3o e de laje, al\u00e9m da escava\u00e7\u00e3o. A obra do viaduto do Riacho Fundo entra na fase de concretagem das 295 estacas de sustenta\u00e7\u00e3o, que v\u00e3o dar suporte a pistas subterr\u00e2neas respons\u00e1veis pela liga\u00e7\u00e3o entre a regi\u00e3o administrativa [&hellip;]\" \/>\n<meta property=\"og:url\" content=\"https:\/\/www.p31noticias.com.br\/?p=26853\" \/>\n<meta property=\"og:site_name\" content=\"P31\" \/>\n<meta property=\"article:published_time\" content=\"2022-12-08T04:10:06+00:00\" \/>\n<meta property=\"og:image\" content=\"https:\/\/www.p31noticias.com.br\/wp-content\/uploads\/2022\/12\/interna-1-1536x1024-1.jpg\" \/>\n\t<meta property=\"og:image:width\" content=\"1536\" \/>\n\t<meta property=\"og:image:height\" content=\"1024\" \/>\n\t<meta property=\"og:image:type\" content=\"image\/jpeg\" \/>\n<meta name=\"author\" content=\"Gon\u00e7alves Junior\" \/>\n<meta name=\"twitter:card\" content=\"summary_large_image\" \/>\n<meta name=\"twitter:label1\" content=\"Escrito por\" \/>\n\t<meta name=\"twitter:data1\" content=\"Gon\u00e7alves Junior\" \/>\n\t<meta name=\"twitter:label2\" content=\"Est. tempo de leitura\" \/>\n\t<meta name=\"twitter:data2\" content=\"3 minutos\" \/>\n<script type=\"application\/ld+json\" class=\"yoast-schema-graph\">{\"@context\":\"https:\\\/\\\/schema.org\",\"@graph\":[{\"@type\":\"Article\",\"@id\":\"https:\\\/\\\/www.p31noticias.com.br\\\/?p=26853#article\",\"isPartOf\":{\"@id\":\"https:\\\/\\\/www.p31noticias.com.br\\\/?p=26853\"},\"author\":{\"name\":\"Gon\u00e7alves Junior\",\"@id\":\"https:\\\/\\\/www.p31noticias.com.br\\\/#\\\/schema\\\/person\\\/95f2ece30e3b4132065b915150cd0f94\"},\"headline\":\"Oper\u00e1rios fazem a concretagem das 295 estacas do viaduto do Riacho Fundo.\",\"datePublished\":\"2022-12-08T04:10:06+00:00\",\"mainEntityOfPage\":{\"@id\":\"https:\\\/\\\/www.p31noticias.com.br\\\/?p=26853\"},\"wordCount\":567,\"commentCount\":0,\"image\":{\"@id\":\"https:\\\/\\\/www.p31noticias.com.br\\\/?p=26853#primaryimage\"},\"thumbnailUrl\":\"https:\\\/\\\/www.p31noticias.com.br\\\/wp-content\\\/uploads\\\/2022\\\/12\\\/interna-1-1536x1024-1.jpg\",\"articleSection\":[\"Bras\u00edlia\"],\"inLanguage\":\"pt-BR\",\"potentialAction\":[{\"@type\":\"CommentAction\",\"name\":\"Comment\",\"target\":[\"https:\\\/\\\/www.p31noticias.com.br\\\/?p=26853#respond\"]}],\"copyrightYear\":\"2022\",\"copyrightHolder\":{\"@id\":\"https:\\\/\\\/www.p31noticias.com.br\\\/#organization\"}},{\"@type\":\"WebPage\",\"@id\":\"https:\\\/\\\/www.p31noticias.com.br\\\/?p=26853\",\"url\":\"https:\\\/\\\/www.p31noticias.com.br\\\/?p=26853\",\"name\":\"Oper\u00e1rios fazem a concretagem das 295 estacas do viaduto do Riacho Fundo. - P31\",\"isPartOf\":{\"@id\":\"https:\\\/\\\/www.p31noticias.com.br\\\/#website\"},\"primaryImageOfPage\":{\"@id\":\"https:\\\/\\\/www.p31noticias.com.br\\\/?p=26853#primaryimage\"},\"image\":{\"@id\":\"https:\\\/\\\/www.p31noticias.com.br\\\/?p=26853#primaryimage\"},\"thumbnailUrl\":\"https:\\\/\\\/www.p31noticias.com.br\\\/wp-content\\\/uploads\\\/2022\\\/12\\\/interna-1-1536x1024-1.jpg\",\"datePublished\":\"2022-12-08T04:10:06+00:00\",\"author\":{\"@id\":\"https:\\\/\\\/www.p31noticias.com.br\\\/#\\\/schema\\\/person\\\/95f2ece30e3b4132065b915150cd0f94\"},\"breadcrumb\":{\"@id\":\"https:\\\/\\\/www.p31noticias.com.br\\\/?p=26853#breadcrumb\"},\"inLanguage\":\"pt-BR\",\"potentialAction\":[{\"@type\":\"ReadAction\",\"target\":[\"https:\\\/\\\/www.p31noticias.com.br\\\/?p=26853\"]}]},{\"@type\":\"ImageObject\",\"inLanguage\":\"pt-BR\",\"@id\":\"https:\\\/\\\/www.p31noticias.com.br\\\/?p=26853#primaryimage\",\"url\":\"https:\\\/\\\/www.p31noticias.com.br\\\/wp-content\\\/uploads\\\/2022\\\/12\\\/interna-1-1536x1024-1.jpg\",\"contentUrl\":\"https:\\\/\\\/www.p31noticias.com.br\\\/wp-content\\\/uploads\\\/2022\\\/12\\\/interna-1-1536x1024-1.jpg\",\"width\":1536,\"height\":1024},{\"@type\":\"BreadcrumbList\",\"@id\":\"https:\\\/\\\/www.p31noticias.com.br\\\/?p=26853#breadcrumb\",\"itemListElement\":[{\"@type\":\"ListItem\",\"position\":1,\"name\":\"In\u00edcio\",\"item\":\"https:\\\/\\\/www.p31noticias.com.br\\\/\"},{\"@type\":\"ListItem\",\"position\":2,\"name\":\"Oper\u00e1rios fazem a concretagem das 295 estacas do viaduto do Riacho Fundo.\"}]},{\"@type\":\"WebSite\",\"@id\":\"https:\\\/\\\/www.p31noticias.com.br\\\/#website\",\"url\":\"https:\\\/\\\/www.p31noticias.com.br\\\/\",\"name\":\"P31\",\"description\":\"NOT\u00cdCIAS\",\"potentialAction\":[{\"@type\":\"SearchAction\",\"target\":{\"@type\":\"EntryPoint\",\"urlTemplate\":\"https:\\\/\\\/www.p31noticias.com.br\\\/?s={search_term_string}\"},\"query-input\":{\"@type\":\"PropertyValueSpecification\",\"valueRequired\":true,\"valueName\":\"search_term_string\"}}],\"inLanguage\":\"pt-BR\"},{\"@type\":\"Person\",\"@id\":\"https:\\\/\\\/www.p31noticias.com.br\\\/#\\\/schema\\\/person\\\/95f2ece30e3b4132065b915150cd0f94\",\"name\":\"Gon\u00e7alves Junior\",\"image\":{\"@type\":\"ImageObject\",\"inLanguage\":\"pt-BR\",\"@id\":\"https:\\\/\\\/secure.gravatar.com\\\/avatar\\\/6711f350116a89762687a48d66f723c799e5438a5b7578508d4294cd7a5d0800?s=96&d=mm&r=g\",\"url\":\"https:\\\/\\\/secure.gravatar.com\\\/avatar\\\/6711f350116a89762687a48d66f723c799e5438a5b7578508d4294cd7a5d0800?s=96&d=mm&r=g\",\"contentUrl\":\"https:\\\/\\\/secure.gravatar.com\\\/avatar\\\/6711f350116a89762687a48d66f723c799e5438a5b7578508d4294cd7a5d0800?s=96&d=mm&r=g\",\"caption\":\"Gon\u00e7alves Junior\"},\"url\":\"https:\\\/\\\/www.p31noticias.com.br\\\/?author=2\"}]}<\/script>\n<!-- \/ Yoast SEO Premium plugin. -->","yoast_head_json":{"title":"Oper\u00e1rios fazem a concretagem das 295 estacas do viaduto do Riacho Fundo. - P31","robots":{"index":"index","follow":"follow","max-snippet":"max-snippet:-1","max-image-preview":"max-image-preview:large","max-video-preview":"max-video-preview:-1"},"canonical":"https:\/\/www.p31noticias.com.br\/?p=26853","og_locale":"pt_BR","og_type":"article","og_title":"Oper\u00e1rios fazem a concretagem das 295 estacas do viaduto do Riacho Fundo.","og_description":"As pe\u00e7as servir\u00e3o para sustentar as duas pistas subterr\u00e2neas; pr\u00f3ximos passos s\u00e3o a constru\u00e7\u00e3o das vigas de sustenta\u00e7\u00e3o e de laje, al\u00e9m da escava\u00e7\u00e3o. A obra do viaduto do Riacho Fundo entra na fase de concretagem das 295 estacas de sustenta\u00e7\u00e3o, que v\u00e3o dar suporte a pistas subterr\u00e2neas respons\u00e1veis pela liga\u00e7\u00e3o entre a regi\u00e3o administrativa [&hellip;]","og_url":"https:\/\/www.p31noticias.com.br\/?p=26853","og_site_name":"P31","article_published_time":"2022-12-08T04:10:06+00:00","og_image":[{"width":1536,"height":1024,"url":"https:\/\/www.p31noticias.com.br\/wp-content\/uploads\/2022\/12\/interna-1-1536x1024-1.jpg","type":"image\/jpeg"}],"author":"Gon\u00e7alves Junior","twitter_card":"summary_large_image","twitter_misc":{"Escrito por":"Gon\u00e7alves Junior","Est. tempo de leitura":"3 minutos"},"schema":{"@context":"https:\/\/schema.org","@graph":[{"@type":"Article","@id":"https:\/\/www.p31noticias.com.br\/?p=26853#article","isPartOf":{"@id":"https:\/\/www.p31noticias.com.br\/?p=26853"},"author":{"name":"Gon\u00e7alves Junior","@id":"https:\/\/www.p31noticias.com.br\/#\/schema\/person\/95f2ece30e3b4132065b915150cd0f94"},"headline":"Oper\u00e1rios fazem a concretagem das 295 estacas do viaduto do Riacho Fundo.","datePublished":"2022-12-08T04:10:06+00:00","mainEntityOfPage":{"@id":"https:\/\/www.p31noticias.com.br\/?p=26853"},"wordCount":567,"commentCount":0,"image":{"@id":"https:\/\/www.p31noticias.com.br\/?p=26853#primaryimage"},"thumbnailUrl":"https:\/\/www.p31noticias.com.br\/wp-content\/uploads\/2022\/12\/interna-1-1536x1024-1.jpg","articleSection":["Bras\u00edlia"],"inLanguage":"pt-BR","potentialAction":[{"@type":"CommentAction","name":"Comment","target":["https:\/\/www.p31noticias.com.br\/?p=26853#respond"]}],"copyrightYear":"2022","copyrightHolder":{"@id":"https:\/\/www.p31noticias.com.br\/#organization"}},{"@type":"WebPage","@id":"https:\/\/www.p31noticias.com.br\/?p=26853","url":"https:\/\/www.p31noticias.com.br\/?p=26853","name":"Oper\u00e1rios fazem a concretagem das 295 estacas do viaduto do Riacho Fundo. - P31","isPartOf":{"@id":"https:\/\/www.p31noticias.com.br\/#website"},"primaryImageOfPage":{"@id":"https:\/\/www.p31noticias.com.br\/?p=26853#primaryimage"},"image":{"@id":"https:\/\/www.p31noticias.com.br\/?p=26853#primaryimage"},"thumbnailUrl":"https:\/\/www.p31noticias.com.br\/wp-content\/uploads\/2022\/12\/interna-1-1536x1024-1.jpg","datePublished":"2022-12-08T04:10:06+00:00","author":{"@id":"https:\/\/www.p31noticias.com.br\/#\/schema\/person\/95f2ece30e3b4132065b915150cd0f94"},"breadcrumb":{"@id":"https:\/\/www.p31noticias.com.br\/?p=26853#breadcrumb"},"inLanguage":"pt-BR","potentialAction":[{"@type":"ReadAction","target":["https:\/\/www.p31noticias.com.br\/?p=26853"]}]},{"@type":"ImageObject","inLanguage":"pt-BR","@id":"https:\/\/www.p31noticias.com.br\/?p=26853#primaryimage","url":"https:\/\/www.p31noticias.com.br\/wp-content\/uploads\/2022\/12\/interna-1-1536x1024-1.jpg","contentUrl":"https:\/\/www.p31noticias.com.br\/wp-content\/uploads\/2022\/12\/interna-1-1536x1024-1.jpg","width":1536,"height":1024},{"@type":"BreadcrumbList","@id":"https:\/\/www.p31noticias.com.br\/?p=26853#breadcrumb","itemListElement":[{"@type":"ListItem","position":1,"name":"In\u00edcio","item":"https:\/\/www.p31noticias.com.br\/"},{"@type":"ListItem","position":2,"name":"Oper\u00e1rios fazem a concretagem das 295 estacas do viaduto do Riacho Fundo."}]},{"@type":"WebSite","@id":"https:\/\/www.p31noticias.com.br\/#website","url":"https:\/\/www.p31noticias.com.br\/","name":"P31","description":"NOT\u00cdCIAS","potentialAction":[{"@type":"SearchAction","target":{"@type":"EntryPoint","urlTemplate":"https:\/\/www.p31noticias.com.br\/?s={search_term_string}"},"query-input":{"@type":"PropertyValueSpecification","valueRequired":true,"valueName":"search_term_string"}}],"inLanguage":"pt-BR"},{"@type":"Person","@id":"https:\/\/www.p31noticias.com.br\/#\/schema\/person\/95f2ece30e3b4132065b915150cd0f94","name":"Gon\u00e7alves Junior","image":{"@type":"ImageObject","inLanguage":"pt-BR","@id":"https:\/\/secure.gravatar.com\/avatar\/6711f350116a89762687a48d66f723c799e5438a5b7578508d4294cd7a5d0800?s=96&d=mm&r=g","url":"https:\/\/secure.gravatar.com\/avatar\/6711f350116a89762687a48d66f723c799e5438a5b7578508d4294cd7a5d0800?s=96&d=mm&r=g","contentUrl":"https:\/\/secure.gravatar.com\/avatar\/6711f350116a89762687a48d66f723c799e5438a5b7578508d4294cd7a5d0800?s=96&d=mm&r=g","caption":"Gon\u00e7alves Junior"},"url":"https:\/\/www.p31noticias.com.br\/?author=2"}]}},"amp_enabled":true,"_links":{"self":[{"href":"https:\/\/www.p31noticias.com.br\/index.php?rest_route=\/wp\/v2\/posts\/26853","targetHints":{"allow":["GET"]}}],"collection":[{"href":"https:\/\/www.p31noticias.com.br\/index.php?rest_route=\/wp\/v2\/posts"}],"about":[{"href":"https:\/\/www.p31noticias.com.br\/index.php?rest_route=\/wp\/v2\/types\/post"}],"author":[{"embeddable":true,"href":"https:\/\/www.p31noticias.com.br\/index.php?rest_route=\/wp\/v2\/users\/2"}],"replies":[{"embeddable":true,"href":"https:\/\/www.p31noticias.com.br\/index.php?rest_route=%2Fwp%2Fv2%2Fcomments&post=26853"}],"version-history":[{"count":1,"href":"https:\/\/www.p31noticias.com.br\/index.php?rest_route=\/wp\/v2\/posts\/26853\/revisions"}],"predecessor-version":[{"id":26855,"href":"https:\/\/www.p31noticias.com.br\/index.php?rest_route=\/wp\/v2\/posts\/26853\/revisions\/26855"}],"wp:featuredmedia":[{"embeddable":true,"href":"https:\/\/www.p31noticias.com.br\/index.php?rest_route=\/wp\/v2\/media\/26854"}],"wp:attachment":[{"href":"https:\/\/www.p31noticias.com.br\/index.php?rest_route=%2Fwp%2Fv2%2Fmedia&parent=26853"}],"wp:term":[{"taxonomy":"category","embeddable":true,"href":"https:\/\/www.p31noticias.com.br\/index.php?rest_route=%2Fwp%2Fv2%2Fcategories&post=26853"},{"taxonomy":"post_tag","embeddable":true,"href":"https:\/\/www.p31noticias.com.br\/index.php?rest_route=%2Fwp%2Fv2%2Ftags&post=26853"}],"curies":[{"name":"wp","href":"https:\/\/api.w.org\/{rel}","templated":true}]}}