{"id":26841,"date":"2022-12-08T00:43:55","date_gmt":"2022-12-08T03:43:55","guid":{"rendered":"https:\/\/p31noticias.com.br\/?p=26841"},"modified":"2022-12-08T00:43:55","modified_gmt":"2022-12-08T03:43:55","slug":"senado-aprova-pec-da-transicao","status":"publish","type":"post","link":"https:\/\/www.p31noticias.com.br\/?p=26841","title":{"rendered":"Senado aprova PEC da Transi\u00e7\u00e3o."},"content":{"rendered":"<h3 class=\"col-10 offset-1 animated fadeInDown dealy-900 display-8 display-md-8 alt-font font-italic my-1 text-center\" style=\"text-align: justify;\"><em><strong>A mat\u00e9ria vai a C\u00e2mara\u00a0 dos Deputados.<\/strong><\/em><\/h3>\n<p style=\"text-align: justify;\">O Senado aprovou na noite de hoje (7), em dois turnos,\u00a0a Proposta de Emenda \u00e0 Constitui\u00e7\u00e3o (PEC) chamada de PEC da Transi\u00e7\u00e3o. Em primeiro turno, o placar\u00a0foi\u00a0\u00a064 votos a 16 e, no segundo turno, 64 votos a\u00a013. A mat\u00e9ria vai a C\u00e2mara\u00a0 dos Deputados. A proposta visa garantir recursos para programas sociais no Or\u00e7amento da Uni\u00e3o de 2023, como a continuidade do pagamento do Aux\u00edlio Brasil de R$ 600 e o aumento real do sal\u00e1rio m\u00ednimo a partir de janeiro.\u00a0<img decoding=\"async\" src=\"https:\/\/agenciabrasil.ebc.com.br\/ebc.png?id=1497409&amp;o=node\" \/><img decoding=\"async\" src=\"https:\/\/agenciabrasil.ebc.com.br\/ebc.gif?id=1497409&amp;o=node\" \/><\/p>\n<p style=\"text-align: justify;\">A PEC traz uma esp\u00e9cie de expans\u00e3o do teto de gastos, criado em 2016 no governo Michel Temer. A proposta, de interesse do presidente eleito Lula, \u00e9 expandir esse teto em R$ 145 milh\u00f5es para, com esse dinheiro, viabilizar o pagamento do Aux\u00edlio Brasil, que voltar\u00e1 a se chamar Bolsa Fam\u00edlia em 2023. O teto de gastos foi criado para limitar as despesas do governo, reduzir o gasto p\u00fablico e evitar que esse gasto fosse maior que a arrecada\u00e7\u00e3o no ano.<\/p>\n<p style=\"text-align: justify;\">A previs\u00e3o da PEC \u00e9 pagar o valor de R$ 600 mensais, mais R$ 150 por crian\u00e7a de at\u00e9 6 anos a partir de janeiro de 2023. Al\u00e9m disso, a PEC tamb\u00e9m prev\u00ea um valor \u201cextra-teto\u201d para pagamento do aux\u00edlio, cifras extras para despesas com programas socioambientais e de combate \u00e0s mudan\u00e7as clim\u00e1ticas. O texto foi alinhado ontem (6) na Comiss\u00e3o de Constitui\u00e7\u00e3o e Justi\u00e7a (CCJ), quando foi aprovado e de onde seguiu para o plen\u00e1rio da Casa.<\/p>\n<p style=\"text-align: justify;\">Um ponto alvo de debates no plen\u00e1rio foi o prazo de dura\u00e7\u00e3o da expans\u00e3o dos gastos. O futuro governo quer dois anos, e assim ficou no relat\u00f3rio do senador Alexandre Silveira (PSD-MG). Outros senadores, ligados ao atual governo ou considerados independentes, pediam um prazo menor, de um ano. O texto seguiu com os dois anos propostos pelo relator.<\/p>\n<p style=\"text-align: justify;\">No seu parecer apresentado em plen\u00e1rio, Silveira incluiu todas as Institui\u00e7\u00f5es Cient\u00edficas, Tecnol\u00f3gicas e de Inova\u00e7\u00e3o (ICTs), e n\u00e3o apenas a Funda\u00e7\u00e3o Oswaldo Cruz, como estava no relat\u00f3rio aprovado ontem na CCJ. O trecho da proposta prev\u00ea que n\u00e3o est\u00e1 inclu\u00eddo no limite do teto de gastos as despesas custeadas com receita pr\u00f3pria, doa\u00e7\u00f5es ou conv\u00eanios de institui\u00e7\u00f5es federais de ensino e ICTs.<\/p>\n<p style=\"text-align: justify;\">O relat\u00f3rio tamb\u00e9m prev\u00ea o alongamento do prazo para os munic\u00edpios continuarem usando, no ano que vem, os recursos j\u00e1 recebidos do Fundo Nacional de Sa\u00fade e pelo Fundo Nacional de Assist\u00eancia Social diretamente aos fundos de sa\u00fade para combate \u00e0 pandemia de covid-19.<\/p>\n<p style=\"text-align: justify;\">Assim como firmado na CCJ, a PEC prev\u00ea que o presidente da Rep\u00fablica dever\u00e1 encaminhar ao Congresso Nacional, at\u00e9 31 de agosto de 2023, uma nova proposta de regime fiscal, chamado de \u201c\u00e2ncora fiscal\u201d, que, na pr\u00e1tica, substituir\u00e1 o teto de gastos e, segundo a PEC, garantiria a estabilidade econ\u00f4mica do pa\u00eds.<\/p>\n<p>Ag\u00eancia Brasil.<\/p>\n","protected":false},"excerpt":{"rendered":"<p>A mat\u00e9ria vai a C\u00e2mara\u00a0 dos Deputados. O Senado aprovou na noite de hoje (7), em dois turnos,\u00a0a Proposta de Emenda \u00e0 Constitui\u00e7\u00e3o (PEC) chamada de PEC da Transi\u00e7\u00e3o. Em primeiro turno, o placar\u00a0foi\u00a0\u00a064 votos a 16 e, no segundo turno, 64 votos a\u00a013. A mat\u00e9ria vai a C\u00e2mara\u00a0 dos Deputados. A proposta visa garantir [&hellip;]<\/p>\n","protected":false},"author":2,"featured_media":26842,"comment_status":"open","ping_status":"open","sticky":false,"template":"","format":"standard","meta":{"footnotes":""},"categories":[68],"tags":[],"class_list":{"0":"post-26841","1":"post","2":"type-post","3":"status-publish","4":"format-standard","5":"has-post-thumbnail","7":"category-brasil"},"yoast_head":"<!-- This site is optimized with the Yoast SEO Premium plugin v24.5 (Yoast SEO v27.5) - https:\/\/yoast.com\/product\/yoast-seo-premium-wordpress\/ -->\n<title>Senado aprova PEC da Transi\u00e7\u00e3o. - P31<\/title>\n<meta name=\"robots\" content=\"index, follow, max-snippet:-1, max-image-preview:large, max-video-preview:-1\" \/>\n<link rel=\"canonical\" href=\"https:\/\/www.p31noticias.com.br\/?p=26841\" \/>\n<meta property=\"og:locale\" content=\"pt_BR\" \/>\n<meta property=\"og:type\" content=\"article\" \/>\n<meta property=\"og:title\" content=\"Senado aprova PEC da Transi\u00e7\u00e3o.\" \/>\n<meta property=\"og:description\" content=\"A mat\u00e9ria vai a C\u00e2mara\u00a0 dos Deputados. O Senado aprovou na noite de hoje (7), em dois turnos,\u00a0a Proposta de Emenda \u00e0 Constitui\u00e7\u00e3o (PEC) chamada de PEC da Transi\u00e7\u00e3o. Em primeiro turno, o placar\u00a0foi\u00a0\u00a064 votos a 16 e, no segundo turno, 64 votos a\u00a013. A mat\u00e9ria vai a C\u00e2mara\u00a0 dos Deputados. A proposta visa garantir [&hellip;]\" \/>\n<meta property=\"og:url\" content=\"https:\/\/www.p31noticias.com.br\/?p=26841\" \/>\n<meta property=\"og:site_name\" content=\"P31\" \/>\n<meta property=\"article:published_time\" content=\"2022-12-08T03:43:55+00:00\" \/>\n<meta property=\"og:image\" content=\"https:\/\/www.p31noticias.com.br\/wp-content\/uploads\/2022\/12\/51929302582_3395bcdc90_o.jpg\" \/>\n\t<meta property=\"og:image:width\" content=\"1170\" \/>\n\t<meta property=\"og:image:height\" content=\"700\" \/>\n\t<meta property=\"og:image:type\" content=\"image\/jpeg\" \/>\n<meta name=\"author\" content=\"Gon\u00e7alves Junior\" \/>\n<meta name=\"twitter:card\" content=\"summary_large_image\" \/>\n<meta name=\"twitter:label1\" content=\"Escrito por\" \/>\n\t<meta name=\"twitter:data1\" content=\"Gon\u00e7alves Junior\" \/>\n\t<meta name=\"twitter:label2\" content=\"Est. tempo de leitura\" \/>\n\t<meta name=\"twitter:data2\" content=\"3 minutos\" \/>\n<script type=\"application\/ld+json\" class=\"yoast-schema-graph\">{\"@context\":\"https:\\\/\\\/schema.org\",\"@graph\":[{\"@type\":\"Article\",\"@id\":\"https:\\\/\\\/www.p31noticias.com.br\\\/?p=26841#article\",\"isPartOf\":{\"@id\":\"https:\\\/\\\/www.p31noticias.com.br\\\/?p=26841\"},\"author\":{\"name\":\"Gon\u00e7alves Junior\",\"@id\":\"https:\\\/\\\/www.p31noticias.com.br\\\/#\\\/schema\\\/person\\\/95f2ece30e3b4132065b915150cd0f94\"},\"headline\":\"Senado aprova PEC da Transi\u00e7\u00e3o.\",\"datePublished\":\"2022-12-08T03:43:55+00:00\",\"mainEntityOfPage\":{\"@id\":\"https:\\\/\\\/www.p31noticias.com.br\\\/?p=26841\"},\"wordCount\":512,\"commentCount\":0,\"image\":{\"@id\":\"https:\\\/\\\/www.p31noticias.com.br\\\/?p=26841#primaryimage\"},\"thumbnailUrl\":\"https:\\\/\\\/www.p31noticias.com.br\\\/wp-content\\\/uploads\\\/2022\\\/12\\\/51929302582_3395bcdc90_o.jpg\",\"articleSection\":[\"Brasil\"],\"inLanguage\":\"pt-BR\",\"potentialAction\":[{\"@type\":\"CommentAction\",\"name\":\"Comment\",\"target\":[\"https:\\\/\\\/www.p31noticias.com.br\\\/?p=26841#respond\"]}],\"copyrightYear\":\"2022\",\"copyrightHolder\":{\"@id\":\"https:\\\/\\\/www.p31noticias.com.br\\\/#organization\"}},{\"@type\":\"WebPage\",\"@id\":\"https:\\\/\\\/www.p31noticias.com.br\\\/?p=26841\",\"url\":\"https:\\\/\\\/www.p31noticias.com.br\\\/?p=26841\",\"name\":\"Senado aprova PEC da Transi\u00e7\u00e3o. - P31\",\"isPartOf\":{\"@id\":\"https:\\\/\\\/www.p31noticias.com.br\\\/#website\"},\"primaryImageOfPage\":{\"@id\":\"https:\\\/\\\/www.p31noticias.com.br\\\/?p=26841#primaryimage\"},\"image\":{\"@id\":\"https:\\\/\\\/www.p31noticias.com.br\\\/?p=26841#primaryimage\"},\"thumbnailUrl\":\"https:\\\/\\\/www.p31noticias.com.br\\\/wp-content\\\/uploads\\\/2022\\\/12\\\/51929302582_3395bcdc90_o.jpg\",\"datePublished\":\"2022-12-08T03:43:55+00:00\",\"author\":{\"@id\":\"https:\\\/\\\/www.p31noticias.com.br\\\/#\\\/schema\\\/person\\\/95f2ece30e3b4132065b915150cd0f94\"},\"breadcrumb\":{\"@id\":\"https:\\\/\\\/www.p31noticias.com.br\\\/?p=26841#breadcrumb\"},\"inLanguage\":\"pt-BR\",\"potentialAction\":[{\"@type\":\"ReadAction\",\"target\":[\"https:\\\/\\\/www.p31noticias.com.br\\\/?p=26841\"]}]},{\"@type\":\"ImageObject\",\"inLanguage\":\"pt-BR\",\"@id\":\"https:\\\/\\\/www.p31noticias.com.br\\\/?p=26841#primaryimage\",\"url\":\"https:\\\/\\\/www.p31noticias.com.br\\\/wp-content\\\/uploads\\\/2022\\\/12\\\/51929302582_3395bcdc90_o.jpg\",\"contentUrl\":\"https:\\\/\\\/www.p31noticias.com.br\\\/wp-content\\\/uploads\\\/2022\\\/12\\\/51929302582_3395bcdc90_o.jpg\",\"width\":1170,\"height\":700,\"caption\":\"EDILSON RODRIGUES\\\/AGENCIA SENADO\"},{\"@type\":\"BreadcrumbList\",\"@id\":\"https:\\\/\\\/www.p31noticias.com.br\\\/?p=26841#breadcrumb\",\"itemListElement\":[{\"@type\":\"ListItem\",\"position\":1,\"name\":\"In\u00edcio\",\"item\":\"https:\\\/\\\/www.p31noticias.com.br\\\/\"},{\"@type\":\"ListItem\",\"position\":2,\"name\":\"Senado aprova PEC da Transi\u00e7\u00e3o.\"}]},{\"@type\":\"WebSite\",\"@id\":\"https:\\\/\\\/www.p31noticias.com.br\\\/#website\",\"url\":\"https:\\\/\\\/www.p31noticias.com.br\\\/\",\"name\":\"P31\",\"description\":\"NOT\u00cdCIAS\",\"potentialAction\":[{\"@type\":\"SearchAction\",\"target\":{\"@type\":\"EntryPoint\",\"urlTemplate\":\"https:\\\/\\\/www.p31noticias.com.br\\\/?s={search_term_string}\"},\"query-input\":{\"@type\":\"PropertyValueSpecification\",\"valueRequired\":true,\"valueName\":\"search_term_string\"}}],\"inLanguage\":\"pt-BR\"},{\"@type\":\"Person\",\"@id\":\"https:\\\/\\\/www.p31noticias.com.br\\\/#\\\/schema\\\/person\\\/95f2ece30e3b4132065b915150cd0f94\",\"name\":\"Gon\u00e7alves Junior\",\"image\":{\"@type\":\"ImageObject\",\"inLanguage\":\"pt-BR\",\"@id\":\"https:\\\/\\\/secure.gravatar.com\\\/avatar\\\/6711f350116a89762687a48d66f723c799e5438a5b7578508d4294cd7a5d0800?s=96&d=mm&r=g\",\"url\":\"https:\\\/\\\/secure.gravatar.com\\\/avatar\\\/6711f350116a89762687a48d66f723c799e5438a5b7578508d4294cd7a5d0800?s=96&d=mm&r=g\",\"contentUrl\":\"https:\\\/\\\/secure.gravatar.com\\\/avatar\\\/6711f350116a89762687a48d66f723c799e5438a5b7578508d4294cd7a5d0800?s=96&d=mm&r=g\",\"caption\":\"Gon\u00e7alves Junior\"},\"url\":\"https:\\\/\\\/www.p31noticias.com.br\\\/?author=2\"}]}<\/script>\n<!-- \/ Yoast SEO Premium plugin. -->","yoast_head_json":{"title":"Senado aprova PEC da Transi\u00e7\u00e3o. - P31","robots":{"index":"index","follow":"follow","max-snippet":"max-snippet:-1","max-image-preview":"max-image-preview:large","max-video-preview":"max-video-preview:-1"},"canonical":"https:\/\/www.p31noticias.com.br\/?p=26841","og_locale":"pt_BR","og_type":"article","og_title":"Senado aprova PEC da Transi\u00e7\u00e3o.","og_description":"A mat\u00e9ria vai a C\u00e2mara\u00a0 dos Deputados. O Senado aprovou na noite de hoje (7), em dois turnos,\u00a0a Proposta de Emenda \u00e0 Constitui\u00e7\u00e3o (PEC) chamada de PEC da Transi\u00e7\u00e3o. Em primeiro turno, o placar\u00a0foi\u00a0\u00a064 votos a 16 e, no segundo turno, 64 votos a\u00a013. A mat\u00e9ria vai a C\u00e2mara\u00a0 dos Deputados. A proposta visa garantir [&hellip;]","og_url":"https:\/\/www.p31noticias.com.br\/?p=26841","og_site_name":"P31","article_published_time":"2022-12-08T03:43:55+00:00","og_image":[{"width":1170,"height":700,"url":"https:\/\/www.p31noticias.com.br\/wp-content\/uploads\/2022\/12\/51929302582_3395bcdc90_o.jpg","type":"image\/jpeg"}],"author":"Gon\u00e7alves Junior","twitter_card":"summary_large_image","twitter_misc":{"Escrito por":"Gon\u00e7alves Junior","Est. tempo de leitura":"3 minutos"},"schema":{"@context":"https:\/\/schema.org","@graph":[{"@type":"Article","@id":"https:\/\/www.p31noticias.com.br\/?p=26841#article","isPartOf":{"@id":"https:\/\/www.p31noticias.com.br\/?p=26841"},"author":{"name":"Gon\u00e7alves Junior","@id":"https:\/\/www.p31noticias.com.br\/#\/schema\/person\/95f2ece30e3b4132065b915150cd0f94"},"headline":"Senado aprova PEC da Transi\u00e7\u00e3o.","datePublished":"2022-12-08T03:43:55+00:00","mainEntityOfPage":{"@id":"https:\/\/www.p31noticias.com.br\/?p=26841"},"wordCount":512,"commentCount":0,"image":{"@id":"https:\/\/www.p31noticias.com.br\/?p=26841#primaryimage"},"thumbnailUrl":"https:\/\/www.p31noticias.com.br\/wp-content\/uploads\/2022\/12\/51929302582_3395bcdc90_o.jpg","articleSection":["Brasil"],"inLanguage":"pt-BR","potentialAction":[{"@type":"CommentAction","name":"Comment","target":["https:\/\/www.p31noticias.com.br\/?p=26841#respond"]}],"copyrightYear":"2022","copyrightHolder":{"@id":"https:\/\/www.p31noticias.com.br\/#organization"}},{"@type":"WebPage","@id":"https:\/\/www.p31noticias.com.br\/?p=26841","url":"https:\/\/www.p31noticias.com.br\/?p=26841","name":"Senado aprova PEC da Transi\u00e7\u00e3o. - P31","isPartOf":{"@id":"https:\/\/www.p31noticias.com.br\/#website"},"primaryImageOfPage":{"@id":"https:\/\/www.p31noticias.com.br\/?p=26841#primaryimage"},"image":{"@id":"https:\/\/www.p31noticias.com.br\/?p=26841#primaryimage"},"thumbnailUrl":"https:\/\/www.p31noticias.com.br\/wp-content\/uploads\/2022\/12\/51929302582_3395bcdc90_o.jpg","datePublished":"2022-12-08T03:43:55+00:00","author":{"@id":"https:\/\/www.p31noticias.com.br\/#\/schema\/person\/95f2ece30e3b4132065b915150cd0f94"},"breadcrumb":{"@id":"https:\/\/www.p31noticias.com.br\/?p=26841#breadcrumb"},"inLanguage":"pt-BR","potentialAction":[{"@type":"ReadAction","target":["https:\/\/www.p31noticias.com.br\/?p=26841"]}]},{"@type":"ImageObject","inLanguage":"pt-BR","@id":"https:\/\/www.p31noticias.com.br\/?p=26841#primaryimage","url":"https:\/\/www.p31noticias.com.br\/wp-content\/uploads\/2022\/12\/51929302582_3395bcdc90_o.jpg","contentUrl":"https:\/\/www.p31noticias.com.br\/wp-content\/uploads\/2022\/12\/51929302582_3395bcdc90_o.jpg","width":1170,"height":700,"caption":"EDILSON RODRIGUES\/AGENCIA SENADO"},{"@type":"BreadcrumbList","@id":"https:\/\/www.p31noticias.com.br\/?p=26841#breadcrumb","itemListElement":[{"@type":"ListItem","position":1,"name":"In\u00edcio","item":"https:\/\/www.p31noticias.com.br\/"},{"@type":"ListItem","position":2,"name":"Senado aprova PEC da Transi\u00e7\u00e3o."}]},{"@type":"WebSite","@id":"https:\/\/www.p31noticias.com.br\/#website","url":"https:\/\/www.p31noticias.com.br\/","name":"P31","description":"NOT\u00cdCIAS","potentialAction":[{"@type":"SearchAction","target":{"@type":"EntryPoint","urlTemplate":"https:\/\/www.p31noticias.com.br\/?s={search_term_string}"},"query-input":{"@type":"PropertyValueSpecification","valueRequired":true,"valueName":"search_term_string"}}],"inLanguage":"pt-BR"},{"@type":"Person","@id":"https:\/\/www.p31noticias.com.br\/#\/schema\/person\/95f2ece30e3b4132065b915150cd0f94","name":"Gon\u00e7alves Junior","image":{"@type":"ImageObject","inLanguage":"pt-BR","@id":"https:\/\/secure.gravatar.com\/avatar\/6711f350116a89762687a48d66f723c799e5438a5b7578508d4294cd7a5d0800?s=96&d=mm&r=g","url":"https:\/\/secure.gravatar.com\/avatar\/6711f350116a89762687a48d66f723c799e5438a5b7578508d4294cd7a5d0800?s=96&d=mm&r=g","contentUrl":"https:\/\/secure.gravatar.com\/avatar\/6711f350116a89762687a48d66f723c799e5438a5b7578508d4294cd7a5d0800?s=96&d=mm&r=g","caption":"Gon\u00e7alves Junior"},"url":"https:\/\/www.p31noticias.com.br\/?author=2"}]}},"amp_enabled":true,"_links":{"self":[{"href":"https:\/\/www.p31noticias.com.br\/index.php?rest_route=\/wp\/v2\/posts\/26841","targetHints":{"allow":["GET"]}}],"collection":[{"href":"https:\/\/www.p31noticias.com.br\/index.php?rest_route=\/wp\/v2\/posts"}],"about":[{"href":"https:\/\/www.p31noticias.com.br\/index.php?rest_route=\/wp\/v2\/types\/post"}],"author":[{"embeddable":true,"href":"https:\/\/www.p31noticias.com.br\/index.php?rest_route=\/wp\/v2\/users\/2"}],"replies":[{"embeddable":true,"href":"https:\/\/www.p31noticias.com.br\/index.php?rest_route=%2Fwp%2Fv2%2Fcomments&post=26841"}],"version-history":[{"count":1,"href":"https:\/\/www.p31noticias.com.br\/index.php?rest_route=\/wp\/v2\/posts\/26841\/revisions"}],"predecessor-version":[{"id":26843,"href":"https:\/\/www.p31noticias.com.br\/index.php?rest_route=\/wp\/v2\/posts\/26841\/revisions\/26843"}],"wp:featuredmedia":[{"embeddable":true,"href":"https:\/\/www.p31noticias.com.br\/index.php?rest_route=\/wp\/v2\/media\/26842"}],"wp:attachment":[{"href":"https:\/\/www.p31noticias.com.br\/index.php?rest_route=%2Fwp%2Fv2%2Fmedia&parent=26841"}],"wp:term":[{"taxonomy":"category","embeddable":true,"href":"https:\/\/www.p31noticias.com.br\/index.php?rest_route=%2Fwp%2Fv2%2Fcategories&post=26841"},{"taxonomy":"post_tag","embeddable":true,"href":"https:\/\/www.p31noticias.com.br\/index.php?rest_route=%2Fwp%2Fv2%2Ftags&post=26841"}],"curies":[{"name":"wp","href":"https:\/\/api.w.org\/{rel}","templated":true}]}}