{"id":26832,"date":"2022-12-06T00:08:52","date_gmt":"2022-12-06T03:08:52","guid":{"rendered":"https:\/\/p31noticias.com.br\/?p=26832"},"modified":"2022-12-06T00:08:52","modified_gmt":"2022-12-06T03:08:52","slug":"stf-agenda-julgamento-sobre-orcamento-secreto-para-proxima-quarta-feira","status":"publish","type":"post","link":"https:\/\/www.p31noticias.com.br\/?p=26832","title":{"rendered":"STF agenda julgamento sobre or\u00e7amento secreto para pr\u00f3xima quarta-feira."},"content":{"rendered":"<p style=\"text-align: justify;\"><em><strong>Rosa Weber, que preside a corte da maior inst\u00e2ncia do Judici\u00e1rio brasileiro, marcou a data e ministros ir\u00e3o analisar a constitucionalidade das emendas de relator.<\/strong><\/em><\/p>\n<p style=\"text-align: justify;\">O\u00a0<strong><a href=\"https:\/\/jovempan.com.br\/tag\/stf\">Supremo Tribunal Federal<\/a>\u00a0<\/strong>(STF) agendou para a pr\u00f3xima quarta-feira, 7, a an\u00e1lise da constitucionalidade das emendas de relator, tamb\u00e9m chamadas de or\u00e7amento secreto, na Lei Or\u00e7ament\u00e1ria Anual (LOA). A presidente da Corte tamb\u00e9m \u00e9 a presidente da corte e a relatora da a\u00e7\u00e3o. Em novembro de 2021, a magistrada suspendeu temporariamente o pagamento das emendas e ordenou que o Congresso Nacional criasse um sistema para indicar e dar publicidade aos gastos. Ao ser analisada pelo Plen\u00e1rio, os ministros confirmaram a decis\u00e3o por 8 votos favor\u00e1veis e outros 2 contr\u00e1rios. Ainda que os recursos tenham sido liberados, o Supremo ir\u00e1 decidir se a modalidade de libera\u00e7\u00e3o dos recursos \u00e9 constitucional e poder\u00e1 ter seguimento. Em parecer divulgado pela\u00a0<strong><a href=\"https:\/\/jovempan.com.br\/tag\/pgr\">Procuradoria-Geral da Rep\u00fablica<\/a>\u00a0<\/strong>(PGR), o novo modelo indicado pelo STF, com a indica\u00e7\u00e3o dos gastos, est\u00e1 de acordo com a Constitui\u00e7\u00e3o. \u201cO Ato Conjunto 1\/2021, das Mesas da C\u00e2mara dos Deputados e do\u00a0<strong><a href=\"https:\/\/jovempan.com.br\/tag\/senado\">Senado Federal<\/a><\/strong>, e a Resolu\u00e7\u00e3o 2\/2021, do Congresso Nacional, ao ampliarem a transpar\u00eancia da sistem\u00e1tica de apresenta\u00e7\u00e3o, aprova\u00e7\u00e3o e execu\u00e7\u00e3o or\u00e7ament\u00e1ria referente \u00e0s emendas de relator-geral, respeitam a Constitui\u00e7\u00e3o Federal\u201d, afirma o parecer. Publicadas pela Comiss\u00e3o Mista de Or\u00e7amento do\u00a0<strong><a href=\"https:\/\/jovempan.com.br\/tag\/congresso-nacional\">Congresso Nacional<\/a><\/strong>, as informa\u00e7\u00f5es passaram a ser p\u00fablicas, mas o sistema dificulta o acesso aos dados informados pelos parlamentares. \u00c9 poss\u00edvel analisar as indica\u00e7\u00f5es para onde os recursos ir\u00e3o, mas n\u00e3o h\u00e1 o nome dos parlamentares que direcionaram o dinheiro p\u00fablico. De acordo com a PGR, a anula\u00e7\u00e3o agravaria o quadro de viola\u00e7\u00e3o da Constitui\u00e7\u00e3o. \u201cBem ou mal, os atos impugnados caminharam no sentido da maior publicidade, em compara\u00e7\u00e3o com a situa\u00e7\u00e3o previamente existente\u201d, argumenta o \u00f3rg\u00e3o.<\/p>\n<p style=\"text-align: justify;\">JP NEWS.<\/p>\n","protected":false},"excerpt":{"rendered":"<p>Rosa Weber, que preside a corte da maior inst\u00e2ncia do Judici\u00e1rio brasileiro, marcou a data e ministros ir\u00e3o analisar a constitucionalidade das emendas de relator. O\u00a0Supremo Tribunal Federal\u00a0(STF) agendou para a pr\u00f3xima quarta-feira, 7, a an\u00e1lise da constitucionalidade das emendas de relator, tamb\u00e9m chamadas de or\u00e7amento secreto, na Lei Or\u00e7ament\u00e1ria Anual (LOA). A presidente da [&hellip;]<\/p>\n","protected":false},"author":2,"featured_media":26833,"comment_status":"open","ping_status":"open","sticky":false,"template":"","format":"standard","meta":{"footnotes":""},"categories":[68],"tags":[],"class_list":{"0":"post-26832","1":"post","2":"type-post","3":"status-publish","4":"format-standard","5":"has-post-thumbnail","7":"category-brasil"},"yoast_head":"<!-- This site is optimized with the Yoast SEO Premium plugin v24.5 (Yoast SEO v27.5) - https:\/\/yoast.com\/product\/yoast-seo-premium-wordpress\/ -->\n<title>STF agenda julgamento sobre or\u00e7amento secreto para pr\u00f3xima quarta-feira. - P31<\/title>\n<meta name=\"robots\" content=\"index, follow, max-snippet:-1, max-image-preview:large, max-video-preview:-1\" \/>\n<link rel=\"canonical\" href=\"https:\/\/www.p31noticias.com.br\/?p=26832\" \/>\n<meta property=\"og:locale\" content=\"pt_BR\" \/>\n<meta property=\"og:type\" content=\"article\" \/>\n<meta property=\"og:title\" content=\"STF agenda julgamento sobre or\u00e7amento secreto para pr\u00f3xima quarta-feira.\" \/>\n<meta property=\"og:description\" content=\"Rosa Weber, que preside a corte da maior inst\u00e2ncia do Judici\u00e1rio brasileiro, marcou a data e ministros ir\u00e3o analisar a constitucionalidade das emendas de relator. O\u00a0Supremo Tribunal Federal\u00a0(STF) agendou para a pr\u00f3xima quarta-feira, 7, a an\u00e1lise da constitucionalidade das emendas de relator, tamb\u00e9m chamadas de or\u00e7amento secreto, na Lei Or\u00e7ament\u00e1ria Anual (LOA). A presidente da [&hellip;]\" \/>\n<meta property=\"og:url\" content=\"https:\/\/www.p31noticias.com.br\/?p=26832\" \/>\n<meta property=\"og:site_name\" content=\"P31\" \/>\n<meta property=\"article:published_time\" content=\"2022-12-06T03:08:52+00:00\" \/>\n<meta property=\"og:image\" content=\"https:\/\/www.p31noticias.com.br\/wp-content\/uploads\/2022\/12\/51615894495_3172740490_k-2.jpg\" \/>\n\t<meta property=\"og:image:width\" content=\"1000\" \/>\n\t<meta property=\"og:image:height\" content=\"635\" \/>\n\t<meta property=\"og:image:type\" content=\"image\/jpeg\" \/>\n<meta name=\"author\" content=\"Gon\u00e7alves Junior\" \/>\n<meta name=\"twitter:card\" content=\"summary_large_image\" \/>\n<meta name=\"twitter:label1\" content=\"Escrito por\" \/>\n\t<meta name=\"twitter:data1\" content=\"Gon\u00e7alves Junior\" \/>\n\t<meta name=\"twitter:label2\" content=\"Est. tempo de leitura\" \/>\n\t<meta name=\"twitter:data2\" content=\"2 minutos\" \/>\n<script type=\"application\/ld+json\" class=\"yoast-schema-graph\">{\"@context\":\"https:\\\/\\\/schema.org\",\"@graph\":[{\"@type\":\"Article\",\"@id\":\"https:\\\/\\\/www.p31noticias.com.br\\\/?p=26832#article\",\"isPartOf\":{\"@id\":\"https:\\\/\\\/www.p31noticias.com.br\\\/?p=26832\"},\"author\":{\"name\":\"Gon\u00e7alves Junior\",\"@id\":\"https:\\\/\\\/www.p31noticias.com.br\\\/#\\\/schema\\\/person\\\/95f2ece30e3b4132065b915150cd0f94\"},\"headline\":\"STF agenda julgamento sobre or\u00e7amento secreto para pr\u00f3xima quarta-feira.\",\"datePublished\":\"2022-12-06T03:08:52+00:00\",\"mainEntityOfPage\":{\"@id\":\"https:\\\/\\\/www.p31noticias.com.br\\\/?p=26832\"},\"wordCount\":341,\"commentCount\":0,\"image\":{\"@id\":\"https:\\\/\\\/www.p31noticias.com.br\\\/?p=26832#primaryimage\"},\"thumbnailUrl\":\"https:\\\/\\\/www.p31noticias.com.br\\\/wp-content\\\/uploads\\\/2022\\\/12\\\/51615894495_3172740490_k-2.jpg\",\"articleSection\":[\"Brasil\"],\"inLanguage\":\"pt-BR\",\"potentialAction\":[{\"@type\":\"CommentAction\",\"name\":\"Comment\",\"target\":[\"https:\\\/\\\/www.p31noticias.com.br\\\/?p=26832#respond\"]}],\"copyrightYear\":\"2022\",\"copyrightHolder\":{\"@id\":\"https:\\\/\\\/www.p31noticias.com.br\\\/#organization\"}},{\"@type\":\"WebPage\",\"@id\":\"https:\\\/\\\/www.p31noticias.com.br\\\/?p=26832\",\"url\":\"https:\\\/\\\/www.p31noticias.com.br\\\/?p=26832\",\"name\":\"STF agenda julgamento sobre or\u00e7amento secreto para pr\u00f3xima quarta-feira. - P31\",\"isPartOf\":{\"@id\":\"https:\\\/\\\/www.p31noticias.com.br\\\/#website\"},\"primaryImageOfPage\":{\"@id\":\"https:\\\/\\\/www.p31noticias.com.br\\\/?p=26832#primaryimage\"},\"image\":{\"@id\":\"https:\\\/\\\/www.p31noticias.com.br\\\/?p=26832#primaryimage\"},\"thumbnailUrl\":\"https:\\\/\\\/www.p31noticias.com.br\\\/wp-content\\\/uploads\\\/2022\\\/12\\\/51615894495_3172740490_k-2.jpg\",\"datePublished\":\"2022-12-06T03:08:52+00:00\",\"author\":{\"@id\":\"https:\\\/\\\/www.p31noticias.com.br\\\/#\\\/schema\\\/person\\\/95f2ece30e3b4132065b915150cd0f94\"},\"breadcrumb\":{\"@id\":\"https:\\\/\\\/www.p31noticias.com.br\\\/?p=26832#breadcrumb\"},\"inLanguage\":\"pt-BR\",\"potentialAction\":[{\"@type\":\"ReadAction\",\"target\":[\"https:\\\/\\\/www.p31noticias.com.br\\\/?p=26832\"]}]},{\"@type\":\"ImageObject\",\"inLanguage\":\"pt-BR\",\"@id\":\"https:\\\/\\\/www.p31noticias.com.br\\\/?p=26832#primaryimage\",\"url\":\"https:\\\/\\\/www.p31noticias.com.br\\\/wp-content\\\/uploads\\\/2022\\\/12\\\/51615894495_3172740490_k-2.jpg\",\"contentUrl\":\"https:\\\/\\\/www.p31noticias.com.br\\\/wp-content\\\/uploads\\\/2022\\\/12\\\/51615894495_3172740490_k-2.jpg\",\"width\":1000,\"height\":635},{\"@type\":\"BreadcrumbList\",\"@id\":\"https:\\\/\\\/www.p31noticias.com.br\\\/?p=26832#breadcrumb\",\"itemListElement\":[{\"@type\":\"ListItem\",\"position\":1,\"name\":\"In\u00edcio\",\"item\":\"https:\\\/\\\/www.p31noticias.com.br\\\/\"},{\"@type\":\"ListItem\",\"position\":2,\"name\":\"STF agenda julgamento sobre or\u00e7amento secreto para pr\u00f3xima quarta-feira.\"}]},{\"@type\":\"WebSite\",\"@id\":\"https:\\\/\\\/www.p31noticias.com.br\\\/#website\",\"url\":\"https:\\\/\\\/www.p31noticias.com.br\\\/\",\"name\":\"P31\",\"description\":\"NOT\u00cdCIAS\",\"potentialAction\":[{\"@type\":\"SearchAction\",\"target\":{\"@type\":\"EntryPoint\",\"urlTemplate\":\"https:\\\/\\\/www.p31noticias.com.br\\\/?s={search_term_string}\"},\"query-input\":{\"@type\":\"PropertyValueSpecification\",\"valueRequired\":true,\"valueName\":\"search_term_string\"}}],\"inLanguage\":\"pt-BR\"},{\"@type\":\"Person\",\"@id\":\"https:\\\/\\\/www.p31noticias.com.br\\\/#\\\/schema\\\/person\\\/95f2ece30e3b4132065b915150cd0f94\",\"name\":\"Gon\u00e7alves Junior\",\"image\":{\"@type\":\"ImageObject\",\"inLanguage\":\"pt-BR\",\"@id\":\"https:\\\/\\\/secure.gravatar.com\\\/avatar\\\/6711f350116a89762687a48d66f723c799e5438a5b7578508d4294cd7a5d0800?s=96&d=mm&r=g\",\"url\":\"https:\\\/\\\/secure.gravatar.com\\\/avatar\\\/6711f350116a89762687a48d66f723c799e5438a5b7578508d4294cd7a5d0800?s=96&d=mm&r=g\",\"contentUrl\":\"https:\\\/\\\/secure.gravatar.com\\\/avatar\\\/6711f350116a89762687a48d66f723c799e5438a5b7578508d4294cd7a5d0800?s=96&d=mm&r=g\",\"caption\":\"Gon\u00e7alves Junior\"},\"url\":\"https:\\\/\\\/www.p31noticias.com.br\\\/?author=2\"}]}<\/script>\n<!-- \/ Yoast SEO Premium plugin. -->","yoast_head_json":{"title":"STF agenda julgamento sobre or\u00e7amento secreto para pr\u00f3xima quarta-feira. - P31","robots":{"index":"index","follow":"follow","max-snippet":"max-snippet:-1","max-image-preview":"max-image-preview:large","max-video-preview":"max-video-preview:-1"},"canonical":"https:\/\/www.p31noticias.com.br\/?p=26832","og_locale":"pt_BR","og_type":"article","og_title":"STF agenda julgamento sobre or\u00e7amento secreto para pr\u00f3xima quarta-feira.","og_description":"Rosa Weber, que preside a corte da maior inst\u00e2ncia do Judici\u00e1rio brasileiro, marcou a data e ministros ir\u00e3o analisar a constitucionalidade das emendas de relator. O\u00a0Supremo Tribunal Federal\u00a0(STF) agendou para a pr\u00f3xima quarta-feira, 7, a an\u00e1lise da constitucionalidade das emendas de relator, tamb\u00e9m chamadas de or\u00e7amento secreto, na Lei Or\u00e7ament\u00e1ria Anual (LOA). A presidente da [&hellip;]","og_url":"https:\/\/www.p31noticias.com.br\/?p=26832","og_site_name":"P31","article_published_time":"2022-12-06T03:08:52+00:00","og_image":[{"width":1000,"height":635,"url":"https:\/\/www.p31noticias.com.br\/wp-content\/uploads\/2022\/12\/51615894495_3172740490_k-2.jpg","type":"image\/jpeg"}],"author":"Gon\u00e7alves Junior","twitter_card":"summary_large_image","twitter_misc":{"Escrito por":"Gon\u00e7alves Junior","Est. tempo de leitura":"2 minutos"},"schema":{"@context":"https:\/\/schema.org","@graph":[{"@type":"Article","@id":"https:\/\/www.p31noticias.com.br\/?p=26832#article","isPartOf":{"@id":"https:\/\/www.p31noticias.com.br\/?p=26832"},"author":{"name":"Gon\u00e7alves Junior","@id":"https:\/\/www.p31noticias.com.br\/#\/schema\/person\/95f2ece30e3b4132065b915150cd0f94"},"headline":"STF agenda julgamento sobre or\u00e7amento secreto para pr\u00f3xima quarta-feira.","datePublished":"2022-12-06T03:08:52+00:00","mainEntityOfPage":{"@id":"https:\/\/www.p31noticias.com.br\/?p=26832"},"wordCount":341,"commentCount":0,"image":{"@id":"https:\/\/www.p31noticias.com.br\/?p=26832#primaryimage"},"thumbnailUrl":"https:\/\/www.p31noticias.com.br\/wp-content\/uploads\/2022\/12\/51615894495_3172740490_k-2.jpg","articleSection":["Brasil"],"inLanguage":"pt-BR","potentialAction":[{"@type":"CommentAction","name":"Comment","target":["https:\/\/www.p31noticias.com.br\/?p=26832#respond"]}],"copyrightYear":"2022","copyrightHolder":{"@id":"https:\/\/www.p31noticias.com.br\/#organization"}},{"@type":"WebPage","@id":"https:\/\/www.p31noticias.com.br\/?p=26832","url":"https:\/\/www.p31noticias.com.br\/?p=26832","name":"STF agenda julgamento sobre or\u00e7amento secreto para pr\u00f3xima quarta-feira. - P31","isPartOf":{"@id":"https:\/\/www.p31noticias.com.br\/#website"},"primaryImageOfPage":{"@id":"https:\/\/www.p31noticias.com.br\/?p=26832#primaryimage"},"image":{"@id":"https:\/\/www.p31noticias.com.br\/?p=26832#primaryimage"},"thumbnailUrl":"https:\/\/www.p31noticias.com.br\/wp-content\/uploads\/2022\/12\/51615894495_3172740490_k-2.jpg","datePublished":"2022-12-06T03:08:52+00:00","author":{"@id":"https:\/\/www.p31noticias.com.br\/#\/schema\/person\/95f2ece30e3b4132065b915150cd0f94"},"breadcrumb":{"@id":"https:\/\/www.p31noticias.com.br\/?p=26832#breadcrumb"},"inLanguage":"pt-BR","potentialAction":[{"@type":"ReadAction","target":["https:\/\/www.p31noticias.com.br\/?p=26832"]}]},{"@type":"ImageObject","inLanguage":"pt-BR","@id":"https:\/\/www.p31noticias.com.br\/?p=26832#primaryimage","url":"https:\/\/www.p31noticias.com.br\/wp-content\/uploads\/2022\/12\/51615894495_3172740490_k-2.jpg","contentUrl":"https:\/\/www.p31noticias.com.br\/wp-content\/uploads\/2022\/12\/51615894495_3172740490_k-2.jpg","width":1000,"height":635},{"@type":"BreadcrumbList","@id":"https:\/\/www.p31noticias.com.br\/?p=26832#breadcrumb","itemListElement":[{"@type":"ListItem","position":1,"name":"In\u00edcio","item":"https:\/\/www.p31noticias.com.br\/"},{"@type":"ListItem","position":2,"name":"STF agenda julgamento sobre or\u00e7amento secreto para pr\u00f3xima quarta-feira."}]},{"@type":"WebSite","@id":"https:\/\/www.p31noticias.com.br\/#website","url":"https:\/\/www.p31noticias.com.br\/","name":"P31","description":"NOT\u00cdCIAS","potentialAction":[{"@type":"SearchAction","target":{"@type":"EntryPoint","urlTemplate":"https:\/\/www.p31noticias.com.br\/?s={search_term_string}"},"query-input":{"@type":"PropertyValueSpecification","valueRequired":true,"valueName":"search_term_string"}}],"inLanguage":"pt-BR"},{"@type":"Person","@id":"https:\/\/www.p31noticias.com.br\/#\/schema\/person\/95f2ece30e3b4132065b915150cd0f94","name":"Gon\u00e7alves Junior","image":{"@type":"ImageObject","inLanguage":"pt-BR","@id":"https:\/\/secure.gravatar.com\/avatar\/6711f350116a89762687a48d66f723c799e5438a5b7578508d4294cd7a5d0800?s=96&d=mm&r=g","url":"https:\/\/secure.gravatar.com\/avatar\/6711f350116a89762687a48d66f723c799e5438a5b7578508d4294cd7a5d0800?s=96&d=mm&r=g","contentUrl":"https:\/\/secure.gravatar.com\/avatar\/6711f350116a89762687a48d66f723c799e5438a5b7578508d4294cd7a5d0800?s=96&d=mm&r=g","caption":"Gon\u00e7alves Junior"},"url":"https:\/\/www.p31noticias.com.br\/?author=2"}]}},"amp_enabled":true,"_links":{"self":[{"href":"https:\/\/www.p31noticias.com.br\/index.php?rest_route=\/wp\/v2\/posts\/26832","targetHints":{"allow":["GET"]}}],"collection":[{"href":"https:\/\/www.p31noticias.com.br\/index.php?rest_route=\/wp\/v2\/posts"}],"about":[{"href":"https:\/\/www.p31noticias.com.br\/index.php?rest_route=\/wp\/v2\/types\/post"}],"author":[{"embeddable":true,"href":"https:\/\/www.p31noticias.com.br\/index.php?rest_route=\/wp\/v2\/users\/2"}],"replies":[{"embeddable":true,"href":"https:\/\/www.p31noticias.com.br\/index.php?rest_route=%2Fwp%2Fv2%2Fcomments&post=26832"}],"version-history":[{"count":1,"href":"https:\/\/www.p31noticias.com.br\/index.php?rest_route=\/wp\/v2\/posts\/26832\/revisions"}],"predecessor-version":[{"id":26834,"href":"https:\/\/www.p31noticias.com.br\/index.php?rest_route=\/wp\/v2\/posts\/26832\/revisions\/26834"}],"wp:featuredmedia":[{"embeddable":true,"href":"https:\/\/www.p31noticias.com.br\/index.php?rest_route=\/wp\/v2\/media\/26833"}],"wp:attachment":[{"href":"https:\/\/www.p31noticias.com.br\/index.php?rest_route=%2Fwp%2Fv2%2Fmedia&parent=26832"}],"wp:term":[{"taxonomy":"category","embeddable":true,"href":"https:\/\/www.p31noticias.com.br\/index.php?rest_route=%2Fwp%2Fv2%2Fcategories&post=26832"},{"taxonomy":"post_tag","embeddable":true,"href":"https:\/\/www.p31noticias.com.br\/index.php?rest_route=%2Fwp%2Fv2%2Ftags&post=26832"}],"curies":[{"name":"wp","href":"https:\/\/api.w.org\/{rel}","templated":true}]}}