{"id":26821,"date":"2022-12-03T22:14:09","date_gmt":"2022-12-04T01:14:09","guid":{"rendered":"https:\/\/p31noticias.com.br\/?p=26821"},"modified":"2022-12-03T22:24:08","modified_gmt":"2022-12-04T01:24:08","slug":"pele-responde-ao-tratamento-contra-infeccao-respiratoria","status":"publish","type":"post","link":"https:\/\/www.p31noticias.com.br\/?p=26821","title":{"rendered":"Pel\u00e9 responde ao tratamento contra infec\u00e7\u00e3o respirat\u00f3ria."},"content":{"rendered":"<h3 class=\"col-10 offset-1 animated fadeInDown dealy-900 display-8 display-md-8 alt-font font-italic my-1 text-center\" style=\"text-align: justify;\"><em><strong>Ex-jogador permanece internado em S\u00e3o Paulo.<\/strong><\/em><\/h3>\n<p style=\"text-align: justify;\">O ex-jogador Edson Arantes do Nascimento, o Pel\u00e9, tem tido boa resposta aos cuidados na infec\u00e7\u00e3o respirat\u00f3ria, \u201cn\u00e3o apresentando nenhuma piora no quadro nas \u00faltimas 24 horas\u201d, informou o boletim m\u00e9dico divulgado na tarde deste s\u00e1bado (3).\u00a0<img decoding=\"async\" src=\"https:\/\/agenciabrasil.ebc.com.br\/ebc.png?id=1496671&amp;o=node\" \/><img decoding=\"async\" src=\"https:\/\/agenciabrasil.ebc.com.br\/ebc.gif?id=1496671&amp;o=node\" \/><\/p>\n<p style=\"text-align: justify;\">O Rei do Futebol foi internado no Hospital Israelita Albert Einstein na ter\u00e7a-feira (29) para uma reavalia\u00e7\u00e3o da terapia quimioter\u00e1pica do tumor de c\u00f3lon, identificado em setembro de 2021.<\/p>\n<p style=\"text-align: justify;\">A retirada do tumor ocorreu em 4 de setembro de 2021. Desde ent\u00e3o, Pel\u00e9 \u00e9 submetido a um tratamento de quimioterapia, com idas regulares ao hospital.<\/p>\n<p style=\"text-align: justify;\">O boletim m\u00e9dico deste s\u00e1bado foi assinado pelos m\u00e9dicos Fabio Nasri, geriatra e endocrinologista, Rene Gansl, oncologista e Miguel Cendoroglo Neto, ambos do Hospital Israelita Albert Einstein e tamb\u00e9m pelo Diretor-Superintendente M\u00e9dico e Servi\u00e7os Hospitalares do Hospital Israelita Albert Einstein.<\/p>\n<p style=\"text-align: justify;\">Em sua conta no Instagram, Pel\u00e9 disse estar fazendo seu tratamento &#8220;como sempre&#8221;.\u00a0&#8220;Meus amigos, eu quero manter todos tranquilos e com o pensamento positivo. Estou forte, com muita esperan\u00e7a e sigo meu tratamento como sempre. Quero agradecer a toda equipe m\u00e9dica e de enfermagem, por todo zelo que tenho recebido&#8221;, escreveu o ex-jogador de 82 anos.\u00a0&#8220;Eu tenho muita f\u00e9 em Deus e cada mensagem de amor que recebo de voc\u00eas, vindas mundo inteiro, me mant\u00e9m cheio de energias. E assistir o Brasil na Copa do Mundo tamb\u00e9m!&#8221;<\/p>\n<h2 style=\"text-align: justify;\">Apoio<\/h2>\n<p style=\"text-align: justify;\">Nas redes sociais, diversas personalidades t\u00eam manifestado apoio ao ex-jogador. Um deles, o jogador de futebol Kylian Mbapp\u00e9, da sele\u00e7\u00e3o de futebol da Fran\u00e7a . &#8220;Pray for the King [Ore pelo rei]&#8221;, escreveu Mbapp\u00e9 no Twitter. A postagem recebeu milhares de curtidas.<\/p>\n<p style=\"text-align: justify;\">\u201cFor\u00e7a, Rei Pel\u00e9! Orando e torcendo pela sua recupera\u00e7\u00e3o!&#8221;, publicou o atacante do Brasil, Rodrygo Goes.<\/p>\n<p style=\"text-align: justify;\">O Twitter do time do Santos, onde Pel\u00e9 jogou e brilhou, publicou a mensagem \u201c\u00c9 o mundo inteiro desejando melhoras e junto contigo, Rei Pel\u00e9!\u201d<\/p>\n<p style=\"text-align: justify;\">A Fifa tamb\u00e9m fez uma homenagem durante a Copa do Mundo, com drones iluminando o c\u00e9u com a mensagem \u201cPel\u00e9, fique bem logo\u201d e ap\u00f3s terem representando a imagem de uma camisa com o n\u00famero 10. O v\u00eddeo foi postado na p\u00e1gina oficial da entidade no Twitter.<\/p>\n<div class=\"twitter-tweet twitter-tweet-rendered\" style=\"text-align: justify;\"><iframe id=\"twitter-widget-0\" class=\"\" title=\"Twitter Tweet\" src=\"https:\/\/platform.twitter.com\/embed\/Tweet.html?creatorScreenName=agenciabrasil&amp;dnt=false&amp;embedId=twitter-widget-0&amp;features=eyJ0ZndfdGltZWxpbmVfbGlzdCI6eyJidWNrZXQiOlsibGlua3RyLmVlIiwidHIuZWUiLCJ0ZXJyYS5jb20uYnIiLCJ3d3cubGlua3RyLmVlIiwid3d3LnRyLmVlIiwid3d3LnRlcnJhLmNvbS5iciJdLCJ2ZXJzaW9uIjpudWxsfSwidGZ3X2hvcml6b25fdGltZWxpbmVfMTIwMzQiOnsiYnVja2V0IjoidHJlYXRtZW50IiwidmVyc2lvbiI6bnVsbH0sInRmd190d2VldF9lZGl0X2JhY2tlbmQiOnsiYnVja2V0Ijoib24iLCJ2ZXJzaW9uIjpudWxsfSwidGZ3X3JlZnNyY19zZXNzaW9uIjp7ImJ1Y2tldCI6Im9uIiwidmVyc2lvbiI6bnVsbH0sInRmd19zaG93X2J1c2luZXNzX3ZlcmlmaWVkX2JhZGdlIjp7ImJ1Y2tldCI6Im9mZiIsInZlcnNpb24iOm51bGx9LCJ0ZndfY2hpbl9waWxsc18xNDc0MSI6eyJidWNrZXQiOiJjb2xvcl9pY29ucyIsInZlcnNpb24iOm51bGx9LCJ0ZndfdHdlZXRfcmVzdWx0X21pZ3JhdGlvbl8xMzk3OSI6eyJidWNrZXQiOiJ0d2VldF9yZXN1bHQiLCJ2ZXJzaW9uIjpudWxsfSwidGZ3X3NlbnNpdGl2ZV9tZWRpYV9pbnRlcnN0aXRpYWxfMTM5NjMiOnsiYnVja2V0IjoiaW50ZXJzdGl0aWFsIiwidmVyc2lvbiI6bnVsbH0sInRmd19leHBlcmltZW50c19jb29raWVfZXhwaXJhdGlvbiI6eyJidWNrZXQiOjEyMDk2MDAsInZlcnNpb24iOm51bGx9LCJ0ZndfZHVwbGljYXRlX3NjcmliZXNfdG9fc2V0dGluZ3MiOnsiYnVja2V0Ijoib24iLCJ2ZXJzaW9uIjpudWxsfSwidGZ3X3ZpZGVvX2hsc19keW5hbWljX21hbmlmZXN0c18xNTA4MiI6eyJidWNrZXQiOiJ0cnVlX2JpdHJhdGUiLCJ2ZXJzaW9uIjpudWxsfSwidGZ3X3Nob3dfYmx1ZV92ZXJpZmllZF9iYWRnZSI6eyJidWNrZXQiOiJvbiIsInZlcnNpb24iOm51bGx9LCJ0ZndfdHdlZXRfZWRpdF9mcm9udGVuZCI6eyJidWNrZXQiOiJvbiIsInZlcnNpb24iOm51bGx9fQ%3D%3D&amp;frame=false&amp;hideCard=false&amp;hideThread=false&amp;id=1598756177751330816&amp;lang=pt&amp;origin=https%3A%2F%2Fagenciabrasil.ebc.com.br%2Fesportes%2Fnoticia%2F2022-12%2Fpele-responde-ao-tratamento-contra-infeccao-respiratoria&amp;sessionId=c84f2cb87d88a87181aa61b35b140e0a0285ee7d&amp;siteScreenName=agenciabrasil&amp;theme=light&amp;widgetsVersion=a3525f077c700%3A1667415560940&amp;width=550px\" frameborder=\"0\" scrolling=\"no\" allowfullscreen=\"allowfullscreen\" data-tweet-id=\"1598756177751330816\" data-mce-fragment=\"1\"><\/iframe><\/div>\n<p style=\"text-align: justify;\">A interna\u00e7\u00e3o de Pel\u00e9 \u00e9 um dos assuntos mais comentados no Twitter tendo, no final da tarde deste s\u00e1bado, mais de 243 mil men\u00e7\u00f5es.<\/p>\n<p style=\"text-align: justify;\">Ag\u00eancia Brasil.<\/p>\n","protected":false},"excerpt":{"rendered":"<p>Ex-jogador permanece internado em S\u00e3o Paulo. O ex-jogador Edson Arantes do Nascimento, o Pel\u00e9, tem tido boa resposta aos cuidados na infec\u00e7\u00e3o respirat\u00f3ria, \u201cn\u00e3o apresentando nenhuma piora no quadro nas \u00faltimas 24 horas\u201d, informou o boletim m\u00e9dico divulgado na tarde deste s\u00e1bado (3).\u00a0 O Rei do Futebol foi internado no Hospital Israelita Albert Einstein na [&hellip;]<\/p>\n","protected":false},"author":2,"featured_media":26822,"comment_status":"open","ping_status":"open","sticky":false,"template":"","format":"standard","meta":{"footnotes":""},"categories":[68],"tags":[],"class_list":{"0":"post-26821","1":"post","2":"type-post","3":"status-publish","4":"format-standard","5":"has-post-thumbnail","7":"category-brasil"},"yoast_head":"<!-- This site is optimized with the Yoast SEO Premium plugin v24.5 (Yoast SEO v27.5) - https:\/\/yoast.com\/product\/yoast-seo-premium-wordpress\/ -->\n<title>Pel\u00e9 responde ao tratamento contra infec\u00e7\u00e3o respirat\u00f3ria. - P31<\/title>\n<meta name=\"robots\" content=\"index, follow, max-snippet:-1, max-image-preview:large, max-video-preview:-1\" \/>\n<link rel=\"canonical\" href=\"https:\/\/www.p31noticias.com.br\/?p=26821\" \/>\n<meta property=\"og:locale\" content=\"pt_BR\" \/>\n<meta property=\"og:type\" content=\"article\" \/>\n<meta property=\"og:title\" content=\"Pel\u00e9 responde ao tratamento contra infec\u00e7\u00e3o respirat\u00f3ria.\" \/>\n<meta property=\"og:description\" content=\"Ex-jogador permanece internado em S\u00e3o Paulo. O ex-jogador Edson Arantes do Nascimento, o Pel\u00e9, tem tido boa resposta aos cuidados na infec\u00e7\u00e3o respirat\u00f3ria, \u201cn\u00e3o apresentando nenhuma piora no quadro nas \u00faltimas 24 horas\u201d, informou o boletim m\u00e9dico divulgado na tarde deste s\u00e1bado (3).\u00a0 O Rei do Futebol foi internado no Hospital Israelita Albert Einstein na [&hellip;]\" \/>\n<meta property=\"og:url\" content=\"https:\/\/www.p31noticias.com.br\/?p=26821\" \/>\n<meta property=\"og:site_name\" content=\"P31\" \/>\n<meta property=\"article:published_time\" content=\"2022-12-04T01:14:09+00:00\" \/>\n<meta property=\"article:modified_time\" content=\"2022-12-04T01:24:08+00:00\" \/>\n<meta property=\"og:image\" content=\"https:\/\/www.p31noticias.com.br\/wp-content\/uploads\/2022\/12\/5333963872_cfac7ae4b0_o.jpg\" \/>\n\t<meta property=\"og:image:width\" content=\"1170\" \/>\n\t<meta property=\"og:image:height\" content=\"700\" \/>\n\t<meta property=\"og:image:type\" content=\"image\/jpeg\" \/>\n<meta name=\"author\" content=\"Gon\u00e7alves Junior\" \/>\n<meta name=\"twitter:card\" content=\"summary_large_image\" \/>\n<meta name=\"twitter:label1\" content=\"Escrito por\" \/>\n\t<meta name=\"twitter:data1\" content=\"Gon\u00e7alves Junior\" \/>\n\t<meta name=\"twitter:label2\" content=\"Est. tempo de leitura\" \/>\n\t<meta name=\"twitter:data2\" content=\"2 minutos\" \/>\n<script type=\"application\/ld+json\" class=\"yoast-schema-graph\">{\"@context\":\"https:\\\/\\\/schema.org\",\"@graph\":[{\"@type\":\"Article\",\"@id\":\"https:\\\/\\\/www.p31noticias.com.br\\\/?p=26821#article\",\"isPartOf\":{\"@id\":\"https:\\\/\\\/www.p31noticias.com.br\\\/?p=26821\"},\"author\":{\"name\":\"Gon\u00e7alves Junior\",\"@id\":\"https:\\\/\\\/www.p31noticias.com.br\\\/#\\\/schema\\\/person\\\/95f2ece30e3b4132065b915150cd0f94\"},\"headline\":\"Pel\u00e9 responde ao tratamento contra infec\u00e7\u00e3o respirat\u00f3ria.\",\"datePublished\":\"2022-12-04T01:14:09+00:00\",\"dateModified\":\"2022-12-04T01:24:08+00:00\",\"mainEntityOfPage\":{\"@id\":\"https:\\\/\\\/www.p31noticias.com.br\\\/?p=26821\"},\"wordCount\":417,\"commentCount\":0,\"image\":{\"@id\":\"https:\\\/\\\/www.p31noticias.com.br\\\/?p=26821#primaryimage\"},\"thumbnailUrl\":\"https:\\\/\\\/www.p31noticias.com.br\\\/wp-content\\\/uploads\\\/2022\\\/12\\\/5333963872_cfac7ae4b0_o.jpg\",\"articleSection\":[\"Brasil\"],\"inLanguage\":\"pt-BR\",\"potentialAction\":[{\"@type\":\"CommentAction\",\"name\":\"Comment\",\"target\":[\"https:\\\/\\\/www.p31noticias.com.br\\\/?p=26821#respond\"]}],\"copyrightYear\":\"2022\",\"copyrightHolder\":{\"@id\":\"https:\\\/\\\/www.p31noticias.com.br\\\/#organization\"}},{\"@type\":\"WebPage\",\"@id\":\"https:\\\/\\\/www.p31noticias.com.br\\\/?p=26821\",\"url\":\"https:\\\/\\\/www.p31noticias.com.br\\\/?p=26821\",\"name\":\"Pel\u00e9 responde ao tratamento contra infec\u00e7\u00e3o respirat\u00f3ria. - P31\",\"isPartOf\":{\"@id\":\"https:\\\/\\\/www.p31noticias.com.br\\\/#website\"},\"primaryImageOfPage\":{\"@id\":\"https:\\\/\\\/www.p31noticias.com.br\\\/?p=26821#primaryimage\"},\"image\":{\"@id\":\"https:\\\/\\\/www.p31noticias.com.br\\\/?p=26821#primaryimage\"},\"thumbnailUrl\":\"https:\\\/\\\/www.p31noticias.com.br\\\/wp-content\\\/uploads\\\/2022\\\/12\\\/5333963872_cfac7ae4b0_o.jpg\",\"datePublished\":\"2022-12-04T01:14:09+00:00\",\"dateModified\":\"2022-12-04T01:24:08+00:00\",\"author\":{\"@id\":\"https:\\\/\\\/www.p31noticias.com.br\\\/#\\\/schema\\\/person\\\/95f2ece30e3b4132065b915150cd0f94\"},\"breadcrumb\":{\"@id\":\"https:\\\/\\\/www.p31noticias.com.br\\\/?p=26821#breadcrumb\"},\"inLanguage\":\"pt-BR\",\"potentialAction\":[{\"@type\":\"ReadAction\",\"target\":[\"https:\\\/\\\/www.p31noticias.com.br\\\/?p=26821\"]}]},{\"@type\":\"ImageObject\",\"inLanguage\":\"pt-BR\",\"@id\":\"https:\\\/\\\/www.p31noticias.com.br\\\/?p=26821#primaryimage\",\"url\":\"https:\\\/\\\/www.p31noticias.com.br\\\/wp-content\\\/uploads\\\/2022\\\/12\\\/5333963872_cfac7ae4b0_o.jpg\",\"contentUrl\":\"https:\\\/\\\/www.p31noticias.com.br\\\/wp-content\\\/uploads\\\/2022\\\/12\\\/5333963872_cfac7ae4b0_o.jpg\",\"width\":1170,\"height\":700},{\"@type\":\"BreadcrumbList\",\"@id\":\"https:\\\/\\\/www.p31noticias.com.br\\\/?p=26821#breadcrumb\",\"itemListElement\":[{\"@type\":\"ListItem\",\"position\":1,\"name\":\"In\u00edcio\",\"item\":\"https:\\\/\\\/www.p31noticias.com.br\\\/\"},{\"@type\":\"ListItem\",\"position\":2,\"name\":\"Pel\u00e9 responde ao tratamento contra infec\u00e7\u00e3o respirat\u00f3ria.\"}]},{\"@type\":\"WebSite\",\"@id\":\"https:\\\/\\\/www.p31noticias.com.br\\\/#website\",\"url\":\"https:\\\/\\\/www.p31noticias.com.br\\\/\",\"name\":\"P31\",\"description\":\"NOT\u00cdCIAS\",\"potentialAction\":[{\"@type\":\"SearchAction\",\"target\":{\"@type\":\"EntryPoint\",\"urlTemplate\":\"https:\\\/\\\/www.p31noticias.com.br\\\/?s={search_term_string}\"},\"query-input\":{\"@type\":\"PropertyValueSpecification\",\"valueRequired\":true,\"valueName\":\"search_term_string\"}}],\"inLanguage\":\"pt-BR\"},{\"@type\":\"Person\",\"@id\":\"https:\\\/\\\/www.p31noticias.com.br\\\/#\\\/schema\\\/person\\\/95f2ece30e3b4132065b915150cd0f94\",\"name\":\"Gon\u00e7alves Junior\",\"image\":{\"@type\":\"ImageObject\",\"inLanguage\":\"pt-BR\",\"@id\":\"https:\\\/\\\/secure.gravatar.com\\\/avatar\\\/6711f350116a89762687a48d66f723c799e5438a5b7578508d4294cd7a5d0800?s=96&d=mm&r=g\",\"url\":\"https:\\\/\\\/secure.gravatar.com\\\/avatar\\\/6711f350116a89762687a48d66f723c799e5438a5b7578508d4294cd7a5d0800?s=96&d=mm&r=g\",\"contentUrl\":\"https:\\\/\\\/secure.gravatar.com\\\/avatar\\\/6711f350116a89762687a48d66f723c799e5438a5b7578508d4294cd7a5d0800?s=96&d=mm&r=g\",\"caption\":\"Gon\u00e7alves Junior\"},\"url\":\"https:\\\/\\\/www.p31noticias.com.br\\\/?author=2\"}]}<\/script>\n<!-- \/ Yoast SEO Premium plugin. -->","yoast_head_json":{"title":"Pel\u00e9 responde ao tratamento contra infec\u00e7\u00e3o respirat\u00f3ria. - P31","robots":{"index":"index","follow":"follow","max-snippet":"max-snippet:-1","max-image-preview":"max-image-preview:large","max-video-preview":"max-video-preview:-1"},"canonical":"https:\/\/www.p31noticias.com.br\/?p=26821","og_locale":"pt_BR","og_type":"article","og_title":"Pel\u00e9 responde ao tratamento contra infec\u00e7\u00e3o respirat\u00f3ria.","og_description":"Ex-jogador permanece internado em S\u00e3o Paulo. O ex-jogador Edson Arantes do Nascimento, o Pel\u00e9, tem tido boa resposta aos cuidados na infec\u00e7\u00e3o respirat\u00f3ria, \u201cn\u00e3o apresentando nenhuma piora no quadro nas \u00faltimas 24 horas\u201d, informou o boletim m\u00e9dico divulgado na tarde deste s\u00e1bado (3).\u00a0 O Rei do Futebol foi internado no Hospital Israelita Albert Einstein na [&hellip;]","og_url":"https:\/\/www.p31noticias.com.br\/?p=26821","og_site_name":"P31","article_published_time":"2022-12-04T01:14:09+00:00","article_modified_time":"2022-12-04T01:24:08+00:00","og_image":[{"width":1170,"height":700,"url":"https:\/\/www.p31noticias.com.br\/wp-content\/uploads\/2022\/12\/5333963872_cfac7ae4b0_o.jpg","type":"image\/jpeg"}],"author":"Gon\u00e7alves Junior","twitter_card":"summary_large_image","twitter_misc":{"Escrito por":"Gon\u00e7alves Junior","Est. tempo de leitura":"2 minutos"},"schema":{"@context":"https:\/\/schema.org","@graph":[{"@type":"Article","@id":"https:\/\/www.p31noticias.com.br\/?p=26821#article","isPartOf":{"@id":"https:\/\/www.p31noticias.com.br\/?p=26821"},"author":{"name":"Gon\u00e7alves Junior","@id":"https:\/\/www.p31noticias.com.br\/#\/schema\/person\/95f2ece30e3b4132065b915150cd0f94"},"headline":"Pel\u00e9 responde ao tratamento contra infec\u00e7\u00e3o respirat\u00f3ria.","datePublished":"2022-12-04T01:14:09+00:00","dateModified":"2022-12-04T01:24:08+00:00","mainEntityOfPage":{"@id":"https:\/\/www.p31noticias.com.br\/?p=26821"},"wordCount":417,"commentCount":0,"image":{"@id":"https:\/\/www.p31noticias.com.br\/?p=26821#primaryimage"},"thumbnailUrl":"https:\/\/www.p31noticias.com.br\/wp-content\/uploads\/2022\/12\/5333963872_cfac7ae4b0_o.jpg","articleSection":["Brasil"],"inLanguage":"pt-BR","potentialAction":[{"@type":"CommentAction","name":"Comment","target":["https:\/\/www.p31noticias.com.br\/?p=26821#respond"]}],"copyrightYear":"2022","copyrightHolder":{"@id":"https:\/\/www.p31noticias.com.br\/#organization"}},{"@type":"WebPage","@id":"https:\/\/www.p31noticias.com.br\/?p=26821","url":"https:\/\/www.p31noticias.com.br\/?p=26821","name":"Pel\u00e9 responde ao tratamento contra infec\u00e7\u00e3o respirat\u00f3ria. - P31","isPartOf":{"@id":"https:\/\/www.p31noticias.com.br\/#website"},"primaryImageOfPage":{"@id":"https:\/\/www.p31noticias.com.br\/?p=26821#primaryimage"},"image":{"@id":"https:\/\/www.p31noticias.com.br\/?p=26821#primaryimage"},"thumbnailUrl":"https:\/\/www.p31noticias.com.br\/wp-content\/uploads\/2022\/12\/5333963872_cfac7ae4b0_o.jpg","datePublished":"2022-12-04T01:14:09+00:00","dateModified":"2022-12-04T01:24:08+00:00","author":{"@id":"https:\/\/www.p31noticias.com.br\/#\/schema\/person\/95f2ece30e3b4132065b915150cd0f94"},"breadcrumb":{"@id":"https:\/\/www.p31noticias.com.br\/?p=26821#breadcrumb"},"inLanguage":"pt-BR","potentialAction":[{"@type":"ReadAction","target":["https:\/\/www.p31noticias.com.br\/?p=26821"]}]},{"@type":"ImageObject","inLanguage":"pt-BR","@id":"https:\/\/www.p31noticias.com.br\/?p=26821#primaryimage","url":"https:\/\/www.p31noticias.com.br\/wp-content\/uploads\/2022\/12\/5333963872_cfac7ae4b0_o.jpg","contentUrl":"https:\/\/www.p31noticias.com.br\/wp-content\/uploads\/2022\/12\/5333963872_cfac7ae4b0_o.jpg","width":1170,"height":700},{"@type":"BreadcrumbList","@id":"https:\/\/www.p31noticias.com.br\/?p=26821#breadcrumb","itemListElement":[{"@type":"ListItem","position":1,"name":"In\u00edcio","item":"https:\/\/www.p31noticias.com.br\/"},{"@type":"ListItem","position":2,"name":"Pel\u00e9 responde ao tratamento contra infec\u00e7\u00e3o respirat\u00f3ria."}]},{"@type":"WebSite","@id":"https:\/\/www.p31noticias.com.br\/#website","url":"https:\/\/www.p31noticias.com.br\/","name":"P31","description":"NOT\u00cdCIAS","potentialAction":[{"@type":"SearchAction","target":{"@type":"EntryPoint","urlTemplate":"https:\/\/www.p31noticias.com.br\/?s={search_term_string}"},"query-input":{"@type":"PropertyValueSpecification","valueRequired":true,"valueName":"search_term_string"}}],"inLanguage":"pt-BR"},{"@type":"Person","@id":"https:\/\/www.p31noticias.com.br\/#\/schema\/person\/95f2ece30e3b4132065b915150cd0f94","name":"Gon\u00e7alves Junior","image":{"@type":"ImageObject","inLanguage":"pt-BR","@id":"https:\/\/secure.gravatar.com\/avatar\/6711f350116a89762687a48d66f723c799e5438a5b7578508d4294cd7a5d0800?s=96&d=mm&r=g","url":"https:\/\/secure.gravatar.com\/avatar\/6711f350116a89762687a48d66f723c799e5438a5b7578508d4294cd7a5d0800?s=96&d=mm&r=g","contentUrl":"https:\/\/secure.gravatar.com\/avatar\/6711f350116a89762687a48d66f723c799e5438a5b7578508d4294cd7a5d0800?s=96&d=mm&r=g","caption":"Gon\u00e7alves Junior"},"url":"https:\/\/www.p31noticias.com.br\/?author=2"}]}},"amp_enabled":true,"_links":{"self":[{"href":"https:\/\/www.p31noticias.com.br\/index.php?rest_route=\/wp\/v2\/posts\/26821","targetHints":{"allow":["GET"]}}],"collection":[{"href":"https:\/\/www.p31noticias.com.br\/index.php?rest_route=\/wp\/v2\/posts"}],"about":[{"href":"https:\/\/www.p31noticias.com.br\/index.php?rest_route=\/wp\/v2\/types\/post"}],"author":[{"embeddable":true,"href":"https:\/\/www.p31noticias.com.br\/index.php?rest_route=\/wp\/v2\/users\/2"}],"replies":[{"embeddable":true,"href":"https:\/\/www.p31noticias.com.br\/index.php?rest_route=%2Fwp%2Fv2%2Fcomments&post=26821"}],"version-history":[{"count":2,"href":"https:\/\/www.p31noticias.com.br\/index.php?rest_route=\/wp\/v2\/posts\/26821\/revisions"}],"predecessor-version":[{"id":26827,"href":"https:\/\/www.p31noticias.com.br\/index.php?rest_route=\/wp\/v2\/posts\/26821\/revisions\/26827"}],"wp:featuredmedia":[{"embeddable":true,"href":"https:\/\/www.p31noticias.com.br\/index.php?rest_route=\/wp\/v2\/media\/26822"}],"wp:attachment":[{"href":"https:\/\/www.p31noticias.com.br\/index.php?rest_route=%2Fwp%2Fv2%2Fmedia&parent=26821"}],"wp:term":[{"taxonomy":"category","embeddable":true,"href":"https:\/\/www.p31noticias.com.br\/index.php?rest_route=%2Fwp%2Fv2%2Fcategories&post=26821"},{"taxonomy":"post_tag","embeddable":true,"href":"https:\/\/www.p31noticias.com.br\/index.php?rest_route=%2Fwp%2Fv2%2Ftags&post=26821"}],"curies":[{"name":"wp","href":"https:\/\/api.w.org\/{rel}","templated":true}]}}