{"id":26784,"date":"2022-11-18T14:50:25","date_gmt":"2022-11-18T17:50:25","guid":{"rendered":"https:\/\/p31noticias.com.br\/?p=26784"},"modified":"2022-11-25T11:55:46","modified_gmt":"2022-11-25T14:55:46","slug":"os-exemplos-sustentaveis-do-brasil-para-o-mundo-na-cop-27","status":"publish","type":"post","link":"https:\/\/www.p31noticias.com.br\/?p=26784","title":{"rendered":"Os exemplos sustent\u00e1veis do Brasil para o mundo na COP 27."},"content":{"rendered":"<p style=\"text-align: justify;\"><em><strong>Em entrevista, Joaquim Leite, ministro do Meio Ambiente do Brasil, ressalta os<\/strong><\/em><br \/>\n<em><strong>principais pontos defendidos pelo Brasil na COP 27, realizada no Egito, e diz que o pa\u00eds\u00a0\u00e9 parte da solu\u00e7\u00e3o global no combate \u00e0s mudan\u00e7as clim\u00e1ticas.<\/strong><\/em><\/p>\n<p style=\"text-align: justify;\">Um pa\u00eds dono de uma das matrizes energ\u00e9ticas mais limpas e renov\u00e1veis do mundo,<br \/>\nque \u00e9 uma das maiores pot\u00eancias agr\u00edcolas do planeta e que, n\u00e3o apenas det\u00e9m a<br \/>\nmaior floresta tropical do mundo, como trabalha para preserv\u00e1-la e para, em breve,<br \/>\ntornar-se um dos maiores exportadores de cr\u00e9ditos de carbono do globo. Esse \u00e9 o<br \/>\nretrato do Brasil que o ministro do Meio Ambiente, Joaquim Leite, apresenta ao<br \/>\nmundo durante a participa\u00e7\u00e3o do pa\u00eds na 27\u00aa Confer\u00eancia das Na\u00e7\u00f5es Unidas sobre<br \/>\nMudan\u00e7a do Clima, a COP 27, realizada em Sharm El-Sheik, no Egito<\/p>\n<p style=\"text-align: justify;\">Como o Brasil chegou para a COP 27 e quais as mensagens o pa\u00eds pretende passar<br \/>\npara a comunidade internacional no Egito?<br \/>\nMinistro Joaquim Leite \u2013 O Brasil chega cobrando dos pa\u00edses desenvolvidos o<br \/>\nfinanciamento que foi comprometido h\u00e1 v\u00e1rios anos e que at\u00e9 hoje n\u00e3o virou realidade<br \/>\npara os pa\u00edses em desenvolvimento. Os n\u00fameros j\u00e1 passam de um trilh\u00e3o de d\u00f3lares\u00a0de financiamento para que a gente possa criar uma nova economia verde e neutra de<br \/>\nemiss\u00f5es. Esse \u00e9 um desafio global e o Brasil participa desse desafio trazendo solu\u00e7\u00f5es<br \/>\nclim\u00e1ticas lucrativas para desenvolver essa nova economia verde, especialmente junto<br \/>\nao setor privado.<br \/>\nUm dos pontos mais destacados na COP 27 pelo Governo brasileiro \u00e9 a for\u00e7a do pa\u00eds<br \/>\nna gera\u00e7\u00e3o de energia limpa e sustent\u00e1vel. Como isso se encaixa nas pautas<br \/>\ndebatidas no Egito e nesta nova economia verde que est\u00e1 se formando no planeta?<br \/>\nJoaquim Leite \u2013 O Brasil \u00e9 um exemplo para o mundo, com praticamente 85% da sua<br \/>\nmatriz el\u00e9trica renov\u00e1vel. O mundo tem um desafio de energia hoje. Estamos vivendo<br \/>\numa crise energ\u00e9tica devido ao conflito na Ucr\u00e2nia e o Brasil pode ser parte da solu\u00e7\u00e3o<br \/>\nglobal. O Brasil tem uma matriz plural, diferente dos outros pa\u00edses. O que n\u00f3s<br \/>\ntrouxemos dessa confer\u00eancia aqui no Egito, na COP 27, \u00e9 o Brasil das energias verdes.<br \/>\nQue \u00e9 isso? Biomassa, solar, e\u00f3lica. Isso tudo em terra. A gente tem um potencial<br \/>\nexcedente de 100 gigawatts de instala\u00e7\u00e3o. Al\u00e9m disso, temos uma \u00e1rea ainda<br \/>\ninexplorada, que \u00e9 a e\u00f3lica no mar. S\u00e3o 700 gigawatts de energia e\u00f3lica no mar. S\u00f3<br \/>\npara se ter uma ideia, o Brasil hoje tem uma capacidade instalada de 180 gigawatts.<br \/>\nUma Itaipu tem 12 gigawatts. Ent\u00e3o, o potencial (da e\u00f3lica offshores) \u00e9 de<br \/>\npraticamente 50 Itaipus do mar.<br \/>\nOutro ponto muito ressaltado \u00e9 for\u00e7a da agroind\u00fastria brasileira, que contribui de<br \/>\nforma determinante para garantir a seguran\u00e7a alimentar no planeta. Como o senhor<br \/>\nanalisa o papel do Brasil neste setor?<br \/>\nJoaquim Leite \u2013 A agricultura tropical brasileira \u00e9 a agricultura convencional mais<br \/>\nregenerativa do mundo. O Brasil bate recordes ano a ano de produ\u00e7\u00e3o. O \u00faltimo<br \/>\nrecorde foi esse ano mesmo, com 312 milh\u00f5es de toneladas (de gr\u00e3os). \u00c9 por essa<br \/>\ncaracter\u00edstica de produ\u00e7\u00e3o brasileira tropical, com muita tecnologia, que n\u00f3s temos a<br \/>\nagricultura mais sustent\u00e1vel do mundo. A agricultura brasileira vai ser parte da solu\u00e7\u00e3o<br \/>\npara absorver carbono da atmosfera. Num futuro muito pr\u00f3ximo, voc\u00ea vai medir os<br \/>\ncultivares n\u00e3o somente pela produ\u00e7\u00e3o de sacos de soja, de milho, mas pelo volume de<br \/>\ncarbono que ele absorve da atmosfera e fixa no solo. O Brasil deve continuar nessa<br \/>\ndire\u00e7\u00e3o de produzir mais, usando menos recursos naturais e absorvendo carbono da<br \/>\natmosfera.<\/p>\n<p style=\"text-align: justify;\">O Brasil fechou na COP 27 um acordo voltado para a prote\u00e7\u00e3o de florestas tropicais<br \/>\ncom a Indon\u00e9sia e o Congo, formando um bloco dos pa\u00edses com as maiores florestas<br \/>\ntropicais do mundo. Como foi costurado esse acordo?<br \/>\nJoaquim Leite \u2013 N\u00f3s entendemos que \u00e9 a melhor forma de voc\u00ea proteger a floresta \u00e9<br \/>\nfazer com que ela tenha valor econ\u00f4mico, valor cont\u00e1bil, valor monet\u00e1rio. Assim, voc\u00ea<br \/>\nconsegue remunerar quem cuida de floresta. Esses tr\u00eas pa\u00edses t\u00eam um volume<br \/>\nrelevante de florestas tropicais no mundo e precisam ser reconhecidos e remunerados<br \/>\npor essa atividade. Uma atividade de proteger a floresta tem que ter valor econ\u00f4mico<br \/>\ne, assim, desenvolver a regi\u00e3o com essa atividade de prote\u00e7\u00e3o. Eu vou estar morando<br \/>\nnessa regi\u00e3o e sendo remunerado por isso.<br \/>\nComo se d\u00e1 a inser\u00e7\u00e3o do Brasil nesta nova economia verde global?<br \/>\nJoaquim Leite \u2013 O Brasil nessa nova economia verde trabalha em tr\u00eas pilares: energia<br \/>\nrenov\u00e1vel 100% limpa e barata, agricultura mais regenerada do mundo, e exporta\u00e7\u00e3o<br \/>\nde cr\u00e9dito de carbono para empresas e pa\u00edses poluidores. O grande desafio do mundo<br \/>\nhoje \u00e9 gerar energia limpa em abund\u00e2ncia. Do outro lado, temos o fator da comida. O<br \/>\nBrasil tem uma agricultura regenerativa, que fixa carbono no solo, e tudo isso pode ser<br \/>\nacelerado pela receita extraordin\u00e1ria de cr\u00e9dito de carbono. O mecanismo de cr\u00e9dito<br \/>\nde carbono \u00e9 um indicador de desempenho que traz receitas extraordin\u00e1rias a projetos<br \/>\nque aconteceriam no futuro e podem acontecer hoje no presente do Brasil.<br \/>\nO Brasil vai se tornar uma super superpot\u00eancia verde?<br \/>\nJoaquim Leite \u2013 O Brasil \u00e9 a superpot\u00eancia verde do mundo hoje. O Brasil traz aqui<br \/>\npara essa Confer\u00eancia do Clima um Brasil real, um Brasil que j\u00e1 produz com a menor<br \/>\npegada de carbono do mundo, um Brasil que j\u00e1 produz energia com 85% dessa matriz<br \/>\nrenov\u00e1vel. Ent\u00e3o, n\u00f3s temos que mostrar ao mundo que n\u00f3s somos parte da solu\u00e7\u00e3o.<\/p>\n<p style=\"text-align: justify;\">SECOM &#8211; PR<\/p>\n","protected":false},"excerpt":{"rendered":"<p>Em entrevista, Joaquim Leite, ministro do Meio Ambiente do Brasil, ressalta os principais pontos defendidos pelo Brasil na COP 27, realizada no Egito, e diz que o pa\u00eds\u00a0\u00e9 parte da solu\u00e7\u00e3o global no combate \u00e0s mudan\u00e7as clim\u00e1ticas. Um pa\u00eds dono de uma das matrizes energ\u00e9ticas mais limpas e renov\u00e1veis do mundo, que \u00e9 uma das [&hellip;]<\/p>\n","protected":false},"author":2,"featured_media":26785,"comment_status":"open","ping_status":"open","sticky":false,"template":"","format":"standard","meta":{"footnotes":""},"categories":[68],"tags":[],"class_list":{"0":"post-26784","1":"post","2":"type-post","3":"status-publish","4":"format-standard","5":"has-post-thumbnail","7":"category-brasil"},"yoast_head":"<!-- This site is optimized with the Yoast SEO Premium plugin v24.5 (Yoast SEO v27.5) - https:\/\/yoast.com\/product\/yoast-seo-premium-wordpress\/ -->\n<title>Os exemplos sustent\u00e1veis do Brasil para o mundo na COP 27. - P31<\/title>\n<meta name=\"robots\" content=\"index, follow, max-snippet:-1, max-image-preview:large, max-video-preview:-1\" \/>\n<link rel=\"canonical\" href=\"https:\/\/www.p31noticias.com.br\/?p=26784\" \/>\n<meta property=\"og:locale\" content=\"pt_BR\" \/>\n<meta property=\"og:type\" content=\"article\" \/>\n<meta property=\"og:title\" content=\"Os exemplos sustent\u00e1veis do Brasil para o mundo na COP 27.\" \/>\n<meta property=\"og:description\" content=\"Em entrevista, Joaquim Leite, ministro do Meio Ambiente do Brasil, ressalta os principais pontos defendidos pelo Brasil na COP 27, realizada no Egito, e diz que o pa\u00eds\u00a0\u00e9 parte da solu\u00e7\u00e3o global no combate \u00e0s mudan\u00e7as clim\u00e1ticas. Um pa\u00eds dono de uma das matrizes energ\u00e9ticas mais limpas e renov\u00e1veis do mundo, que \u00e9 uma das [&hellip;]\" \/>\n<meta property=\"og:url\" content=\"https:\/\/www.p31noticias.com.br\/?p=26784\" \/>\n<meta property=\"og:site_name\" content=\"P31\" \/>\n<meta property=\"article:published_time\" content=\"2022-11-18T17:50:25+00:00\" \/>\n<meta property=\"article:modified_time\" content=\"2022-11-25T14:55:46+00:00\" \/>\n<meta property=\"og:image\" content=\"https:\/\/www.p31noticias.com.br\/wp-content\/uploads\/2022\/11\/unnamed-2022-11-18T144703.896.jpg\" \/>\n\t<meta property=\"og:image:width\" content=\"681\" \/>\n\t<meta property=\"og:image:height\" content=\"541\" \/>\n\t<meta property=\"og:image:type\" content=\"image\/jpeg\" \/>\n<meta name=\"author\" content=\"Gon\u00e7alves Junior\" \/>\n<meta name=\"twitter:card\" content=\"summary_large_image\" \/>\n<meta name=\"twitter:label1\" content=\"Escrito por\" \/>\n\t<meta name=\"twitter:data1\" content=\"Gon\u00e7alves Junior\" \/>\n\t<meta name=\"twitter:label2\" content=\"Est. tempo de leitura\" \/>\n\t<meta name=\"twitter:data2\" content=\"5 minutos\" \/>\n<script type=\"application\/ld+json\" class=\"yoast-schema-graph\">{\"@context\":\"https:\\\/\\\/schema.org\",\"@graph\":[{\"@type\":\"Article\",\"@id\":\"https:\\\/\\\/www.p31noticias.com.br\\\/?p=26784#article\",\"isPartOf\":{\"@id\":\"https:\\\/\\\/www.p31noticias.com.br\\\/?p=26784\"},\"author\":{\"name\":\"Gon\u00e7alves Junior\",\"@id\":\"https:\\\/\\\/www.p31noticias.com.br\\\/#\\\/schema\\\/person\\\/95f2ece30e3b4132065b915150cd0f94\"},\"headline\":\"Os exemplos sustent\u00e1veis do Brasil para o mundo na COP 27.\",\"datePublished\":\"2022-11-18T17:50:25+00:00\",\"dateModified\":\"2022-11-25T14:55:46+00:00\",\"mainEntityOfPage\":{\"@id\":\"https:\\\/\\\/www.p31noticias.com.br\\\/?p=26784\"},\"wordCount\":969,\"commentCount\":0,\"image\":{\"@id\":\"https:\\\/\\\/www.p31noticias.com.br\\\/?p=26784#primaryimage\"},\"thumbnailUrl\":\"https:\\\/\\\/www.p31noticias.com.br\\\/wp-content\\\/uploads\\\/2022\\\/11\\\/unnamed-2022-11-18T144703.896.jpg\",\"articleSection\":[\"Brasil\"],\"inLanguage\":\"pt-BR\",\"potentialAction\":[{\"@type\":\"CommentAction\",\"name\":\"Comment\",\"target\":[\"https:\\\/\\\/www.p31noticias.com.br\\\/?p=26784#respond\"]}],\"copyrightYear\":\"2022\",\"copyrightHolder\":{\"@id\":\"https:\\\/\\\/www.p31noticias.com.br\\\/#organization\"}},{\"@type\":\"WebPage\",\"@id\":\"https:\\\/\\\/www.p31noticias.com.br\\\/?p=26784\",\"url\":\"https:\\\/\\\/www.p31noticias.com.br\\\/?p=26784\",\"name\":\"Os exemplos sustent\u00e1veis do Brasil para o mundo na COP 27. - P31\",\"isPartOf\":{\"@id\":\"https:\\\/\\\/www.p31noticias.com.br\\\/#website\"},\"primaryImageOfPage\":{\"@id\":\"https:\\\/\\\/www.p31noticias.com.br\\\/?p=26784#primaryimage\"},\"image\":{\"@id\":\"https:\\\/\\\/www.p31noticias.com.br\\\/?p=26784#primaryimage\"},\"thumbnailUrl\":\"https:\\\/\\\/www.p31noticias.com.br\\\/wp-content\\\/uploads\\\/2022\\\/11\\\/unnamed-2022-11-18T144703.896.jpg\",\"datePublished\":\"2022-11-18T17:50:25+00:00\",\"dateModified\":\"2022-11-25T14:55:46+00:00\",\"author\":{\"@id\":\"https:\\\/\\\/www.p31noticias.com.br\\\/#\\\/schema\\\/person\\\/95f2ece30e3b4132065b915150cd0f94\"},\"breadcrumb\":{\"@id\":\"https:\\\/\\\/www.p31noticias.com.br\\\/?p=26784#breadcrumb\"},\"inLanguage\":\"pt-BR\",\"potentialAction\":[{\"@type\":\"ReadAction\",\"target\":[\"https:\\\/\\\/www.p31noticias.com.br\\\/?p=26784\"]}]},{\"@type\":\"ImageObject\",\"inLanguage\":\"pt-BR\",\"@id\":\"https:\\\/\\\/www.p31noticias.com.br\\\/?p=26784#primaryimage\",\"url\":\"https:\\\/\\\/www.p31noticias.com.br\\\/wp-content\\\/uploads\\\/2022\\\/11\\\/unnamed-2022-11-18T144703.896.jpg\",\"contentUrl\":\"https:\\\/\\\/www.p31noticias.com.br\\\/wp-content\\\/uploads\\\/2022\\\/11\\\/unnamed-2022-11-18T144703.896.jpg\",\"width\":681,\"height\":541},{\"@type\":\"BreadcrumbList\",\"@id\":\"https:\\\/\\\/www.p31noticias.com.br\\\/?p=26784#breadcrumb\",\"itemListElement\":[{\"@type\":\"ListItem\",\"position\":1,\"name\":\"In\u00edcio\",\"item\":\"https:\\\/\\\/www.p31noticias.com.br\\\/\"},{\"@type\":\"ListItem\",\"position\":2,\"name\":\"Os exemplos sustent\u00e1veis do Brasil para o mundo na COP 27.\"}]},{\"@type\":\"WebSite\",\"@id\":\"https:\\\/\\\/www.p31noticias.com.br\\\/#website\",\"url\":\"https:\\\/\\\/www.p31noticias.com.br\\\/\",\"name\":\"P31\",\"description\":\"NOT\u00cdCIAS\",\"potentialAction\":[{\"@type\":\"SearchAction\",\"target\":{\"@type\":\"EntryPoint\",\"urlTemplate\":\"https:\\\/\\\/www.p31noticias.com.br\\\/?s={search_term_string}\"},\"query-input\":{\"@type\":\"PropertyValueSpecification\",\"valueRequired\":true,\"valueName\":\"search_term_string\"}}],\"inLanguage\":\"pt-BR\"},{\"@type\":\"Person\",\"@id\":\"https:\\\/\\\/www.p31noticias.com.br\\\/#\\\/schema\\\/person\\\/95f2ece30e3b4132065b915150cd0f94\",\"name\":\"Gon\u00e7alves Junior\",\"image\":{\"@type\":\"ImageObject\",\"inLanguage\":\"pt-BR\",\"@id\":\"https:\\\/\\\/secure.gravatar.com\\\/avatar\\\/6711f350116a89762687a48d66f723c799e5438a5b7578508d4294cd7a5d0800?s=96&d=mm&r=g\",\"url\":\"https:\\\/\\\/secure.gravatar.com\\\/avatar\\\/6711f350116a89762687a48d66f723c799e5438a5b7578508d4294cd7a5d0800?s=96&d=mm&r=g\",\"contentUrl\":\"https:\\\/\\\/secure.gravatar.com\\\/avatar\\\/6711f350116a89762687a48d66f723c799e5438a5b7578508d4294cd7a5d0800?s=96&d=mm&r=g\",\"caption\":\"Gon\u00e7alves Junior\"},\"url\":\"https:\\\/\\\/www.p31noticias.com.br\\\/?author=2\"}]}<\/script>\n<!-- \/ Yoast SEO Premium plugin. -->","yoast_head_json":{"title":"Os exemplos sustent\u00e1veis do Brasil para o mundo na COP 27. - P31","robots":{"index":"index","follow":"follow","max-snippet":"max-snippet:-1","max-image-preview":"max-image-preview:large","max-video-preview":"max-video-preview:-1"},"canonical":"https:\/\/www.p31noticias.com.br\/?p=26784","og_locale":"pt_BR","og_type":"article","og_title":"Os exemplos sustent\u00e1veis do Brasil para o mundo na COP 27.","og_description":"Em entrevista, Joaquim Leite, ministro do Meio Ambiente do Brasil, ressalta os principais pontos defendidos pelo Brasil na COP 27, realizada no Egito, e diz que o pa\u00eds\u00a0\u00e9 parte da solu\u00e7\u00e3o global no combate \u00e0s mudan\u00e7as clim\u00e1ticas. Um pa\u00eds dono de uma das matrizes energ\u00e9ticas mais limpas e renov\u00e1veis do mundo, que \u00e9 uma das [&hellip;]","og_url":"https:\/\/www.p31noticias.com.br\/?p=26784","og_site_name":"P31","article_published_time":"2022-11-18T17:50:25+00:00","article_modified_time":"2022-11-25T14:55:46+00:00","og_image":[{"width":681,"height":541,"url":"https:\/\/www.p31noticias.com.br\/wp-content\/uploads\/2022\/11\/unnamed-2022-11-18T144703.896.jpg","type":"image\/jpeg"}],"author":"Gon\u00e7alves Junior","twitter_card":"summary_large_image","twitter_misc":{"Escrito por":"Gon\u00e7alves Junior","Est. tempo de leitura":"5 minutos"},"schema":{"@context":"https:\/\/schema.org","@graph":[{"@type":"Article","@id":"https:\/\/www.p31noticias.com.br\/?p=26784#article","isPartOf":{"@id":"https:\/\/www.p31noticias.com.br\/?p=26784"},"author":{"name":"Gon\u00e7alves Junior","@id":"https:\/\/www.p31noticias.com.br\/#\/schema\/person\/95f2ece30e3b4132065b915150cd0f94"},"headline":"Os exemplos sustent\u00e1veis do Brasil para o mundo na COP 27.","datePublished":"2022-11-18T17:50:25+00:00","dateModified":"2022-11-25T14:55:46+00:00","mainEntityOfPage":{"@id":"https:\/\/www.p31noticias.com.br\/?p=26784"},"wordCount":969,"commentCount":0,"image":{"@id":"https:\/\/www.p31noticias.com.br\/?p=26784#primaryimage"},"thumbnailUrl":"https:\/\/www.p31noticias.com.br\/wp-content\/uploads\/2022\/11\/unnamed-2022-11-18T144703.896.jpg","articleSection":["Brasil"],"inLanguage":"pt-BR","potentialAction":[{"@type":"CommentAction","name":"Comment","target":["https:\/\/www.p31noticias.com.br\/?p=26784#respond"]}],"copyrightYear":"2022","copyrightHolder":{"@id":"https:\/\/www.p31noticias.com.br\/#organization"}},{"@type":"WebPage","@id":"https:\/\/www.p31noticias.com.br\/?p=26784","url":"https:\/\/www.p31noticias.com.br\/?p=26784","name":"Os exemplos sustent\u00e1veis do Brasil para o mundo na COP 27. - P31","isPartOf":{"@id":"https:\/\/www.p31noticias.com.br\/#website"},"primaryImageOfPage":{"@id":"https:\/\/www.p31noticias.com.br\/?p=26784#primaryimage"},"image":{"@id":"https:\/\/www.p31noticias.com.br\/?p=26784#primaryimage"},"thumbnailUrl":"https:\/\/www.p31noticias.com.br\/wp-content\/uploads\/2022\/11\/unnamed-2022-11-18T144703.896.jpg","datePublished":"2022-11-18T17:50:25+00:00","dateModified":"2022-11-25T14:55:46+00:00","author":{"@id":"https:\/\/www.p31noticias.com.br\/#\/schema\/person\/95f2ece30e3b4132065b915150cd0f94"},"breadcrumb":{"@id":"https:\/\/www.p31noticias.com.br\/?p=26784#breadcrumb"},"inLanguage":"pt-BR","potentialAction":[{"@type":"ReadAction","target":["https:\/\/www.p31noticias.com.br\/?p=26784"]}]},{"@type":"ImageObject","inLanguage":"pt-BR","@id":"https:\/\/www.p31noticias.com.br\/?p=26784#primaryimage","url":"https:\/\/www.p31noticias.com.br\/wp-content\/uploads\/2022\/11\/unnamed-2022-11-18T144703.896.jpg","contentUrl":"https:\/\/www.p31noticias.com.br\/wp-content\/uploads\/2022\/11\/unnamed-2022-11-18T144703.896.jpg","width":681,"height":541},{"@type":"BreadcrumbList","@id":"https:\/\/www.p31noticias.com.br\/?p=26784#breadcrumb","itemListElement":[{"@type":"ListItem","position":1,"name":"In\u00edcio","item":"https:\/\/www.p31noticias.com.br\/"},{"@type":"ListItem","position":2,"name":"Os exemplos sustent\u00e1veis do Brasil para o mundo na COP 27."}]},{"@type":"WebSite","@id":"https:\/\/www.p31noticias.com.br\/#website","url":"https:\/\/www.p31noticias.com.br\/","name":"P31","description":"NOT\u00cdCIAS","potentialAction":[{"@type":"SearchAction","target":{"@type":"EntryPoint","urlTemplate":"https:\/\/www.p31noticias.com.br\/?s={search_term_string}"},"query-input":{"@type":"PropertyValueSpecification","valueRequired":true,"valueName":"search_term_string"}}],"inLanguage":"pt-BR"},{"@type":"Person","@id":"https:\/\/www.p31noticias.com.br\/#\/schema\/person\/95f2ece30e3b4132065b915150cd0f94","name":"Gon\u00e7alves Junior","image":{"@type":"ImageObject","inLanguage":"pt-BR","@id":"https:\/\/secure.gravatar.com\/avatar\/6711f350116a89762687a48d66f723c799e5438a5b7578508d4294cd7a5d0800?s=96&d=mm&r=g","url":"https:\/\/secure.gravatar.com\/avatar\/6711f350116a89762687a48d66f723c799e5438a5b7578508d4294cd7a5d0800?s=96&d=mm&r=g","contentUrl":"https:\/\/secure.gravatar.com\/avatar\/6711f350116a89762687a48d66f723c799e5438a5b7578508d4294cd7a5d0800?s=96&d=mm&r=g","caption":"Gon\u00e7alves Junior"},"url":"https:\/\/www.p31noticias.com.br\/?author=2"}]}},"amp_enabled":true,"_links":{"self":[{"href":"https:\/\/www.p31noticias.com.br\/index.php?rest_route=\/wp\/v2\/posts\/26784","targetHints":{"allow":["GET"]}}],"collection":[{"href":"https:\/\/www.p31noticias.com.br\/index.php?rest_route=\/wp\/v2\/posts"}],"about":[{"href":"https:\/\/www.p31noticias.com.br\/index.php?rest_route=\/wp\/v2\/types\/post"}],"author":[{"embeddable":true,"href":"https:\/\/www.p31noticias.com.br\/index.php?rest_route=\/wp\/v2\/users\/2"}],"replies":[{"embeddable":true,"href":"https:\/\/www.p31noticias.com.br\/index.php?rest_route=%2Fwp%2Fv2%2Fcomments&post=26784"}],"version-history":[{"count":4,"href":"https:\/\/www.p31noticias.com.br\/index.php?rest_route=\/wp\/v2\/posts\/26784\/revisions"}],"predecessor-version":[{"id":26810,"href":"https:\/\/www.p31noticias.com.br\/index.php?rest_route=\/wp\/v2\/posts\/26784\/revisions\/26810"}],"wp:featuredmedia":[{"embeddable":true,"href":"https:\/\/www.p31noticias.com.br\/index.php?rest_route=\/wp\/v2\/media\/26785"}],"wp:attachment":[{"href":"https:\/\/www.p31noticias.com.br\/index.php?rest_route=%2Fwp%2Fv2%2Fmedia&parent=26784"}],"wp:term":[{"taxonomy":"category","embeddable":true,"href":"https:\/\/www.p31noticias.com.br\/index.php?rest_route=%2Fwp%2Fv2%2Fcategories&post=26784"},{"taxonomy":"post_tag","embeddable":true,"href":"https:\/\/www.p31noticias.com.br\/index.php?rest_route=%2Fwp%2Fv2%2Ftags&post=26784"}],"curies":[{"name":"wp","href":"https:\/\/api.w.org\/{rel}","templated":true}]}}