{"id":26761,"date":"2022-11-13T22:10:40","date_gmt":"2022-11-14T01:10:40","guid":{"rendered":"https:\/\/p31noticias.com.br\/?p=26761"},"modified":"2022-11-13T22:10:40","modified_gmt":"2022-11-14T01:10:40","slug":"partido-de-bolsonaro-se-movimenta-para-comandar-senado-veja-quem-sao-os-candidatos-que-disputarao-as-previas","status":"publish","type":"post","link":"https:\/\/www.p31noticias.com.br\/?p=26761","title":{"rendered":"Partido de Bolsonaro se movimenta para comandar Senado; veja quem s\u00e3o os candidatos que disputar\u00e3o as pr\u00e9vias."},"content":{"rendered":"<p style=\"text-align: justify;\"><em><strong>Partido Liberal conquistou a maior bancada da Congresso Nacional e conta com 14 senadores; Valdemar Costa Neto, presidente da sigla, j\u00e1 declarou que o objetivo da legenda \u00e9 conquistar o comando da Casa Alta.<\/strong><\/em><\/p>\n<p style=\"text-align: justify;\">Com a defini\u00e7\u00e3o dos deputados e senadores que representar\u00e3o o pa\u00eds nos pr\u00f3ximos anos, o Congresso Nacional se prepara, agora, para as elei\u00e7\u00f5es internas, processo no qual os parlamentares escolhem os chefes das duas Casas Legislativas. Se na C\u00e2mara dos Deputados o favoritismo de\u00a0<a href=\"https:\/\/jovempan.com.br\/tag\/arthur-lira\" target=\"_blank\" rel=\"noopener noreferrer\"><strong>Arthur Lira<\/strong><\/a>\u00a0(PP-AL) \u00e9 reconhecido, inclusive, por aliados do presidente eleito\u00a0<a href=\"https:\/\/jovempan.com.br\/tag\/lula\" target=\"_blank\" rel=\"noopener noreferrer\"><strong>Luiz In\u00e1cio Lula da Silva<\/strong><\/a>\u00a0(PT), que j\u00e1 afirmou que n\u00e3o ir\u00e1 interferir no pleito, no Senado a disputa est\u00e1 aberta. O atual presidente da Casa Alta,\u00a0<a href=\"https:\/\/jovempan.com.br\/tag\/rodrigo-pacheco\" target=\"_blank\" rel=\"noopener noreferrer\"><strong>Rodrigo Pacheco<\/strong><\/a>\u00a0(PSD-MG), \u00e9 candidato \u00e0 reelei\u00e7\u00e3o. Parlamentares do PSD, presidido por Gilberto Kassab, dizem acreditar que o mineiro tem os votos necess\u00e1rios para a recondu\u00e7\u00e3o. Apesar disso, o Partido Liberal (PL) se movimenta para apresentar um candidato competitivo capaz de derrotar Pacheco. Por se tratar da maior bancada, com 14 senadores, a sigla do presidente\u00a0<a href=\"https:\/\/jovempan.com.br\/tag\/jair-bolsonaro\" target=\"_blank\" rel=\"noopener noreferrer\"><strong>Jair Bolsonaro<\/strong><\/a>\u00a0reivindica o comando da Casa no bi\u00eanio 2023-2025. Segundo integrantes da c\u00fapula do PL ouvidos pelo site da\u00a0<strong>Jovem Pan<\/strong>, tr\u00eas nomes v\u00e3o disputar um processo de pr\u00e9vias para a escolha do nome que representar\u00e1 a legenda no prov\u00e1vel embate com o candidato do PSD.<\/p>\n<p style=\"text-align: justify;\">Os tr\u00eas nomes s\u00e3o\u00a0<a href=\"https:\/\/jovempan.com.br\/tag\/eduardo-gomes\" target=\"_blank\" rel=\"noopener noreferrer\"><strong>Eduardo Gomes<\/strong><\/a>\u00a0(TO), l\u00edder do governo no Congresso Nacional,\u00a0<a href=\"https:\/\/jovempan.com.br\/tag\/carlos-portinho\" target=\"_blank\" rel=\"noopener noreferrer\"><strong>Carlos Portinho<\/strong><\/a>\u00a0(RJ), l\u00edder do governo Bolsonaro no Senado, e\u00a0<a href=\"https:\/\/jovempan.com.br\/tag\/rogerio-marinho\" target=\"_blank\" rel=\"noopener noreferrer\"><strong>Rog\u00e9rio Marinho<\/strong><\/a>\u00a0(RN), ex-ministro do Desenvolvimento Regional. Outros nomes vinham sendo cogitados para a disputa, casos de Damares Alves (DF) e de Magno Malta (ES), que volta ao Senado a partir de 2023. Dias depois da elei\u00e7\u00e3o, Alves chegou a dizer que brigaria pelo posto de presidente da Casa. Membros do PL dizem nos bastidores, por\u00e9m, que a ex-ministra teria dificuldade para viabilizar sua candidatura por ser muito identificada com o bolsonarismo \u2013 a t\u00edtulo de compara\u00e7\u00e3o, Pacheco conta com a simpatia de senadores do PT e de siglas de centro-direita, como o Uni\u00e3o Brasil e o MDB.<\/p>\n<p style=\"text-align: justify;\">Ocupar a presid\u00eancia do Senado \u00e9 um objetivo do presidente do PL, Valdemar Costa Neto. Em entrevista coletiva nesta semana, o cacique, preso e condenado no esc\u00e2ndalo do Mensal\u00e3o, deixou claro o que pensa sobre as disputas internas do Legislativo. O dirigente lembrou que o partido tamb\u00e9m elegeu a maior bancada da C\u00e2mara dos Deputados, com 99 parlamentares, mas explicou que ir\u00e1 apoiar a reelei\u00e7\u00e3o de Arthur Lira. \u201cN\u00f3s temos a maior bancada na C\u00e2mara e a maior bancada no Senado. N\u00e3o \u00e9 poss\u00edvel que a gente n\u00e3o tenha a presid\u00eancia em uma das Casas. N\u00f3s vamos apoiar o Arthur [Lira], parece que est\u00e1 definido isso, mas com a garantia que ele nos ajude e trabalhe para eleger o nosso candidato no Senado\u201d.<\/p>\n<p style=\"text-align: justify;\">JP NEWS.<\/p>\n","protected":false},"excerpt":{"rendered":"<p>Partido Liberal conquistou a maior bancada da Congresso Nacional e conta com 14 senadores; Valdemar Costa Neto, presidente da sigla, j\u00e1 declarou que o objetivo da legenda \u00e9 conquistar o comando da Casa Alta. Com a defini\u00e7\u00e3o dos deputados e senadores que representar\u00e3o o pa\u00eds nos pr\u00f3ximos anos, o Congresso Nacional se prepara, agora, para [&hellip;]<\/p>\n","protected":false},"author":2,"featured_media":26762,"comment_status":"open","ping_status":"open","sticky":false,"template":"","format":"standard","meta":{"footnotes":""},"categories":[68,57],"tags":[],"class_list":{"0":"post-26761","1":"post","2":"type-post","3":"status-publish","4":"format-standard","5":"has-post-thumbnail","7":"category-brasil","8":"category-politica"},"yoast_head":"<!-- This site is optimized with the Yoast SEO Premium plugin v24.5 (Yoast SEO v27.5) - https:\/\/yoast.com\/product\/yoast-seo-premium-wordpress\/ -->\n<title>Partido de Bolsonaro se movimenta para comandar Senado; veja quem s\u00e3o os candidatos que disputar\u00e3o as pr\u00e9vias. - P31<\/title>\n<meta name=\"robots\" content=\"index, follow, max-snippet:-1, max-image-preview:large, max-video-preview:-1\" \/>\n<link rel=\"canonical\" href=\"https:\/\/www.p31noticias.com.br\/?p=26761\" \/>\n<meta property=\"og:locale\" content=\"pt_BR\" \/>\n<meta property=\"og:type\" content=\"article\" \/>\n<meta property=\"og:title\" content=\"Partido de Bolsonaro se movimenta para comandar Senado; veja quem s\u00e3o os candidatos que disputar\u00e3o as pr\u00e9vias.\" \/>\n<meta property=\"og:description\" content=\"Partido Liberal conquistou a maior bancada da Congresso Nacional e conta com 14 senadores; Valdemar Costa Neto, presidente da sigla, j\u00e1 declarou que o objetivo da legenda \u00e9 conquistar o comando da Casa Alta. Com a defini\u00e7\u00e3o dos deputados e senadores que representar\u00e3o o pa\u00eds nos pr\u00f3ximos anos, o Congresso Nacional se prepara, agora, para [&hellip;]\" \/>\n<meta property=\"og:url\" content=\"https:\/\/www.p31noticias.com.br\/?p=26761\" \/>\n<meta property=\"og:site_name\" content=\"P31\" \/>\n<meta property=\"article:published_time\" content=\"2022-11-14T01:10:40+00:00\" \/>\n<meta property=\"og:image\" content=\"https:\/\/www.p31noticias.com.br\/wp-content\/uploads\/2022\/11\/final_1668197286-e1668197345935-750x448-1.jpg\" \/>\n\t<meta property=\"og:image:width\" content=\"750\" \/>\n\t<meta property=\"og:image:height\" content=\"448\" \/>\n\t<meta property=\"og:image:type\" content=\"image\/jpeg\" \/>\n<meta name=\"author\" content=\"Gon\u00e7alves Junior\" \/>\n<meta name=\"twitter:card\" content=\"summary_large_image\" \/>\n<meta name=\"twitter:label1\" content=\"Escrito por\" \/>\n\t<meta name=\"twitter:data1\" content=\"Gon\u00e7alves Junior\" \/>\n\t<meta name=\"twitter:label2\" content=\"Est. tempo de leitura\" \/>\n\t<meta name=\"twitter:data2\" content=\"2 minutos\" \/>\n<script type=\"application\/ld+json\" class=\"yoast-schema-graph\">{\"@context\":\"https:\\\/\\\/schema.org\",\"@graph\":[{\"@type\":\"Article\",\"@id\":\"https:\\\/\\\/www.p31noticias.com.br\\\/?p=26761#article\",\"isPartOf\":{\"@id\":\"https:\\\/\\\/www.p31noticias.com.br\\\/?p=26761\"},\"author\":{\"name\":\"Gon\u00e7alves Junior\",\"@id\":\"https:\\\/\\\/www.p31noticias.com.br\\\/#\\\/schema\\\/person\\\/95f2ece30e3b4132065b915150cd0f94\"},\"headline\":\"Partido de Bolsonaro se movimenta para comandar Senado; veja quem s\u00e3o os candidatos que disputar\u00e3o as pr\u00e9vias.\",\"datePublished\":\"2022-11-14T01:10:40+00:00\",\"mainEntityOfPage\":{\"@id\":\"https:\\\/\\\/www.p31noticias.com.br\\\/?p=26761\"},\"wordCount\":514,\"commentCount\":0,\"image\":{\"@id\":\"https:\\\/\\\/www.p31noticias.com.br\\\/?p=26761#primaryimage\"},\"thumbnailUrl\":\"https:\\\/\\\/www.p31noticias.com.br\\\/wp-content\\\/uploads\\\/2022\\\/11\\\/final_1668197286-e1668197345935-750x448-1.jpg\",\"articleSection\":[\"Brasil\",\"Pol\u00edtica\"],\"inLanguage\":\"pt-BR\",\"potentialAction\":[{\"@type\":\"CommentAction\",\"name\":\"Comment\",\"target\":[\"https:\\\/\\\/www.p31noticias.com.br\\\/?p=26761#respond\"]}],\"copyrightYear\":\"2022\",\"copyrightHolder\":{\"@id\":\"https:\\\/\\\/www.p31noticias.com.br\\\/#organization\"}},{\"@type\":\"WebPage\",\"@id\":\"https:\\\/\\\/www.p31noticias.com.br\\\/?p=26761\",\"url\":\"https:\\\/\\\/www.p31noticias.com.br\\\/?p=26761\",\"name\":\"Partido de Bolsonaro se movimenta para comandar Senado; veja quem s\u00e3o os candidatos que disputar\u00e3o as pr\u00e9vias. - P31\",\"isPartOf\":{\"@id\":\"https:\\\/\\\/www.p31noticias.com.br\\\/#website\"},\"primaryImageOfPage\":{\"@id\":\"https:\\\/\\\/www.p31noticias.com.br\\\/?p=26761#primaryimage\"},\"image\":{\"@id\":\"https:\\\/\\\/www.p31noticias.com.br\\\/?p=26761#primaryimage\"},\"thumbnailUrl\":\"https:\\\/\\\/www.p31noticias.com.br\\\/wp-content\\\/uploads\\\/2022\\\/11\\\/final_1668197286-e1668197345935-750x448-1.jpg\",\"datePublished\":\"2022-11-14T01:10:40+00:00\",\"author\":{\"@id\":\"https:\\\/\\\/www.p31noticias.com.br\\\/#\\\/schema\\\/person\\\/95f2ece30e3b4132065b915150cd0f94\"},\"breadcrumb\":{\"@id\":\"https:\\\/\\\/www.p31noticias.com.br\\\/?p=26761#breadcrumb\"},\"inLanguage\":\"pt-BR\",\"potentialAction\":[{\"@type\":\"ReadAction\",\"target\":[\"https:\\\/\\\/www.p31noticias.com.br\\\/?p=26761\"]}]},{\"@type\":\"ImageObject\",\"inLanguage\":\"pt-BR\",\"@id\":\"https:\\\/\\\/www.p31noticias.com.br\\\/?p=26761#primaryimage\",\"url\":\"https:\\\/\\\/www.p31noticias.com.br\\\/wp-content\\\/uploads\\\/2022\\\/11\\\/final_1668197286-e1668197345935-750x448-1.jpg\",\"contentUrl\":\"https:\\\/\\\/www.p31noticias.com.br\\\/wp-content\\\/uploads\\\/2022\\\/11\\\/final_1668197286-e1668197345935-750x448-1.jpg\",\"width\":750,\"height\":448},{\"@type\":\"BreadcrumbList\",\"@id\":\"https:\\\/\\\/www.p31noticias.com.br\\\/?p=26761#breadcrumb\",\"itemListElement\":[{\"@type\":\"ListItem\",\"position\":1,\"name\":\"In\u00edcio\",\"item\":\"https:\\\/\\\/www.p31noticias.com.br\\\/\"},{\"@type\":\"ListItem\",\"position\":2,\"name\":\"Partido de Bolsonaro se movimenta para comandar Senado; veja quem s\u00e3o os candidatos que disputar\u00e3o as pr\u00e9vias.\"}]},{\"@type\":\"WebSite\",\"@id\":\"https:\\\/\\\/www.p31noticias.com.br\\\/#website\",\"url\":\"https:\\\/\\\/www.p31noticias.com.br\\\/\",\"name\":\"P31\",\"description\":\"NOT\u00cdCIAS\",\"potentialAction\":[{\"@type\":\"SearchAction\",\"target\":{\"@type\":\"EntryPoint\",\"urlTemplate\":\"https:\\\/\\\/www.p31noticias.com.br\\\/?s={search_term_string}\"},\"query-input\":{\"@type\":\"PropertyValueSpecification\",\"valueRequired\":true,\"valueName\":\"search_term_string\"}}],\"inLanguage\":\"pt-BR\"},{\"@type\":\"Person\",\"@id\":\"https:\\\/\\\/www.p31noticias.com.br\\\/#\\\/schema\\\/person\\\/95f2ece30e3b4132065b915150cd0f94\",\"name\":\"Gon\u00e7alves Junior\",\"image\":{\"@type\":\"ImageObject\",\"inLanguage\":\"pt-BR\",\"@id\":\"https:\\\/\\\/secure.gravatar.com\\\/avatar\\\/6711f350116a89762687a48d66f723c799e5438a5b7578508d4294cd7a5d0800?s=96&d=mm&r=g\",\"url\":\"https:\\\/\\\/secure.gravatar.com\\\/avatar\\\/6711f350116a89762687a48d66f723c799e5438a5b7578508d4294cd7a5d0800?s=96&d=mm&r=g\",\"contentUrl\":\"https:\\\/\\\/secure.gravatar.com\\\/avatar\\\/6711f350116a89762687a48d66f723c799e5438a5b7578508d4294cd7a5d0800?s=96&d=mm&r=g\",\"caption\":\"Gon\u00e7alves Junior\"},\"url\":\"https:\\\/\\\/www.p31noticias.com.br\\\/?author=2\"}]}<\/script>\n<!-- \/ Yoast SEO Premium plugin. -->","yoast_head_json":{"title":"Partido de Bolsonaro se movimenta para comandar Senado; veja quem s\u00e3o os candidatos que disputar\u00e3o as pr\u00e9vias. - P31","robots":{"index":"index","follow":"follow","max-snippet":"max-snippet:-1","max-image-preview":"max-image-preview:large","max-video-preview":"max-video-preview:-1"},"canonical":"https:\/\/www.p31noticias.com.br\/?p=26761","og_locale":"pt_BR","og_type":"article","og_title":"Partido de Bolsonaro se movimenta para comandar Senado; veja quem s\u00e3o os candidatos que disputar\u00e3o as pr\u00e9vias.","og_description":"Partido Liberal conquistou a maior bancada da Congresso Nacional e conta com 14 senadores; Valdemar Costa Neto, presidente da sigla, j\u00e1 declarou que o objetivo da legenda \u00e9 conquistar o comando da Casa Alta. Com a defini\u00e7\u00e3o dos deputados e senadores que representar\u00e3o o pa\u00eds nos pr\u00f3ximos anos, o Congresso Nacional se prepara, agora, para [&hellip;]","og_url":"https:\/\/www.p31noticias.com.br\/?p=26761","og_site_name":"P31","article_published_time":"2022-11-14T01:10:40+00:00","og_image":[{"width":750,"height":448,"url":"https:\/\/www.p31noticias.com.br\/wp-content\/uploads\/2022\/11\/final_1668197286-e1668197345935-750x448-1.jpg","type":"image\/jpeg"}],"author":"Gon\u00e7alves Junior","twitter_card":"summary_large_image","twitter_misc":{"Escrito por":"Gon\u00e7alves Junior","Est. tempo de leitura":"2 minutos"},"schema":{"@context":"https:\/\/schema.org","@graph":[{"@type":"Article","@id":"https:\/\/www.p31noticias.com.br\/?p=26761#article","isPartOf":{"@id":"https:\/\/www.p31noticias.com.br\/?p=26761"},"author":{"name":"Gon\u00e7alves Junior","@id":"https:\/\/www.p31noticias.com.br\/#\/schema\/person\/95f2ece30e3b4132065b915150cd0f94"},"headline":"Partido de Bolsonaro se movimenta para comandar Senado; veja quem s\u00e3o os candidatos que disputar\u00e3o as pr\u00e9vias.","datePublished":"2022-11-14T01:10:40+00:00","mainEntityOfPage":{"@id":"https:\/\/www.p31noticias.com.br\/?p=26761"},"wordCount":514,"commentCount":0,"image":{"@id":"https:\/\/www.p31noticias.com.br\/?p=26761#primaryimage"},"thumbnailUrl":"https:\/\/www.p31noticias.com.br\/wp-content\/uploads\/2022\/11\/final_1668197286-e1668197345935-750x448-1.jpg","articleSection":["Brasil","Pol\u00edtica"],"inLanguage":"pt-BR","potentialAction":[{"@type":"CommentAction","name":"Comment","target":["https:\/\/www.p31noticias.com.br\/?p=26761#respond"]}],"copyrightYear":"2022","copyrightHolder":{"@id":"https:\/\/www.p31noticias.com.br\/#organization"}},{"@type":"WebPage","@id":"https:\/\/www.p31noticias.com.br\/?p=26761","url":"https:\/\/www.p31noticias.com.br\/?p=26761","name":"Partido de Bolsonaro se movimenta para comandar Senado; veja quem s\u00e3o os candidatos que disputar\u00e3o as pr\u00e9vias. - P31","isPartOf":{"@id":"https:\/\/www.p31noticias.com.br\/#website"},"primaryImageOfPage":{"@id":"https:\/\/www.p31noticias.com.br\/?p=26761#primaryimage"},"image":{"@id":"https:\/\/www.p31noticias.com.br\/?p=26761#primaryimage"},"thumbnailUrl":"https:\/\/www.p31noticias.com.br\/wp-content\/uploads\/2022\/11\/final_1668197286-e1668197345935-750x448-1.jpg","datePublished":"2022-11-14T01:10:40+00:00","author":{"@id":"https:\/\/www.p31noticias.com.br\/#\/schema\/person\/95f2ece30e3b4132065b915150cd0f94"},"breadcrumb":{"@id":"https:\/\/www.p31noticias.com.br\/?p=26761#breadcrumb"},"inLanguage":"pt-BR","potentialAction":[{"@type":"ReadAction","target":["https:\/\/www.p31noticias.com.br\/?p=26761"]}]},{"@type":"ImageObject","inLanguage":"pt-BR","@id":"https:\/\/www.p31noticias.com.br\/?p=26761#primaryimage","url":"https:\/\/www.p31noticias.com.br\/wp-content\/uploads\/2022\/11\/final_1668197286-e1668197345935-750x448-1.jpg","contentUrl":"https:\/\/www.p31noticias.com.br\/wp-content\/uploads\/2022\/11\/final_1668197286-e1668197345935-750x448-1.jpg","width":750,"height":448},{"@type":"BreadcrumbList","@id":"https:\/\/www.p31noticias.com.br\/?p=26761#breadcrumb","itemListElement":[{"@type":"ListItem","position":1,"name":"In\u00edcio","item":"https:\/\/www.p31noticias.com.br\/"},{"@type":"ListItem","position":2,"name":"Partido de Bolsonaro se movimenta para comandar Senado; veja quem s\u00e3o os candidatos que disputar\u00e3o as pr\u00e9vias."}]},{"@type":"WebSite","@id":"https:\/\/www.p31noticias.com.br\/#website","url":"https:\/\/www.p31noticias.com.br\/","name":"P31","description":"NOT\u00cdCIAS","potentialAction":[{"@type":"SearchAction","target":{"@type":"EntryPoint","urlTemplate":"https:\/\/www.p31noticias.com.br\/?s={search_term_string}"},"query-input":{"@type":"PropertyValueSpecification","valueRequired":true,"valueName":"search_term_string"}}],"inLanguage":"pt-BR"},{"@type":"Person","@id":"https:\/\/www.p31noticias.com.br\/#\/schema\/person\/95f2ece30e3b4132065b915150cd0f94","name":"Gon\u00e7alves Junior","image":{"@type":"ImageObject","inLanguage":"pt-BR","@id":"https:\/\/secure.gravatar.com\/avatar\/6711f350116a89762687a48d66f723c799e5438a5b7578508d4294cd7a5d0800?s=96&d=mm&r=g","url":"https:\/\/secure.gravatar.com\/avatar\/6711f350116a89762687a48d66f723c799e5438a5b7578508d4294cd7a5d0800?s=96&d=mm&r=g","contentUrl":"https:\/\/secure.gravatar.com\/avatar\/6711f350116a89762687a48d66f723c799e5438a5b7578508d4294cd7a5d0800?s=96&d=mm&r=g","caption":"Gon\u00e7alves Junior"},"url":"https:\/\/www.p31noticias.com.br\/?author=2"}]}},"amp_enabled":true,"_links":{"self":[{"href":"https:\/\/www.p31noticias.com.br\/index.php?rest_route=\/wp\/v2\/posts\/26761","targetHints":{"allow":["GET"]}}],"collection":[{"href":"https:\/\/www.p31noticias.com.br\/index.php?rest_route=\/wp\/v2\/posts"}],"about":[{"href":"https:\/\/www.p31noticias.com.br\/index.php?rest_route=\/wp\/v2\/types\/post"}],"author":[{"embeddable":true,"href":"https:\/\/www.p31noticias.com.br\/index.php?rest_route=\/wp\/v2\/users\/2"}],"replies":[{"embeddable":true,"href":"https:\/\/www.p31noticias.com.br\/index.php?rest_route=%2Fwp%2Fv2%2Fcomments&post=26761"}],"version-history":[{"count":1,"href":"https:\/\/www.p31noticias.com.br\/index.php?rest_route=\/wp\/v2\/posts\/26761\/revisions"}],"predecessor-version":[{"id":26763,"href":"https:\/\/www.p31noticias.com.br\/index.php?rest_route=\/wp\/v2\/posts\/26761\/revisions\/26763"}],"wp:featuredmedia":[{"embeddable":true,"href":"https:\/\/www.p31noticias.com.br\/index.php?rest_route=\/wp\/v2\/media\/26762"}],"wp:attachment":[{"href":"https:\/\/www.p31noticias.com.br\/index.php?rest_route=%2Fwp%2Fv2%2Fmedia&parent=26761"}],"wp:term":[{"taxonomy":"category","embeddable":true,"href":"https:\/\/www.p31noticias.com.br\/index.php?rest_route=%2Fwp%2Fv2%2Fcategories&post=26761"},{"taxonomy":"post_tag","embeddable":true,"href":"https:\/\/www.p31noticias.com.br\/index.php?rest_route=%2Fwp%2Fv2%2Ftags&post=26761"}],"curies":[{"name":"wp","href":"https:\/\/api.w.org\/{rel}","templated":true}]}}