{"id":26730,"date":"2022-11-07T11:19:52","date_gmt":"2022-11-07T14:19:52","guid":{"rendered":"https:\/\/p31noticias.com.br\/?p=26730"},"modified":"2022-11-07T11:19:52","modified_gmt":"2022-11-07T14:19:52","slug":"diretor-da-prf-diz-que-operacao-contra-bloqueios-em-rodovias-foi-maior-da-historia","status":"publish","type":"post","link":"https:\/\/www.p31noticias.com.br\/?p=26730","title":{"rendered":"Diretor da PRF diz que opera\u00e7\u00e3o contra bloqueios em rodovias foi \u2018maior da hist\u00f3ria\u2019."},"content":{"rendered":"<p style=\"text-align: justify;\"><em><strong>Em meio a acusa\u00e7\u00f5es de omiss\u00e3o, Silvinei Vasques destacou presen\u00e7a de \u2018crian\u00e7as e idosos\u2019 nos protestos para justificar \u2018trabalho complexo\u2019 da corpora\u00e7\u00e3o.<\/strong><\/em><\/p>\n<p style=\"text-align: justify;\">O diretor-geral da\u00a0<a href=\"https:\/\/jovempan.com.br\/tag\/prf\"><strong>Pol\u00edcia Rodovi\u00e1ria Federal (PRF)<\/strong><\/a>,\u00a0<a href=\"https:\/\/jovempan.com.br\/tag\/silvinei-vasques\"><strong>Silvinei Vasques<\/strong><\/a>, divulgou um v\u00eddeo nas redes sociais do \u00f3rg\u00e3o dizendo que a opera\u00e7\u00e3o realizada nas rodovias do pa\u00eds para a acabar com os\u00a0<a href=\"https:\/\/jovempan.com.br\/tag\/bloqueios-em-rodovias\"><strong>bloqueios<\/strong><\/a>\u00a0realizados por\u00a0<a href=\"https:\/\/jovempan.com.br\/tag\/caminhoneiros\"><strong>caminhoneiros<\/strong><\/a>\u00a0foi \u201ca maior da hist\u00f3ria\u201d da corpora\u00e7\u00e3o. \u201cNossos policiais federais, homens e mulheres, que est\u00e3o na estrada, trabalhando desde domingo \u00e0 noite. Est\u00e1vamos encerrando uma opera\u00e7\u00e3o e j\u00e1 iniciamos outra para desbloquear rodovias em todo o Brasil. \u00c9 a maior opera\u00e7\u00e3o da hist\u00f3ria da PRF, com o maior efetivo da hist\u00f3ria. Todos os policiais, desde segunda-feira, est\u00e3o nas estradas operando. Estamos trabalhando muito. \u00c9 uma opera\u00e7\u00e3o complexa. Nesses bloqueios existem fam\u00edlias, idosos. Precisamos garantir o direito de ir e vir de todo cidad\u00e3o\u201d, destacou Vasques, em resposta \u00e0s acusa\u00e7\u00f5es de que a PRF se omitiu e colaborou com os protestos, realizados ap\u00f3s a elei\u00e7\u00e3o presidencial. Os caminhoneiros questionam a vit\u00f3ria de\u00a0<a href=\"https:\/\/jovempan.com.br\/tag\/lula\"><strong>Luiz In\u00e1cio Lula da Silva<\/strong><\/a> (PT).<\/p>\n<p style=\"text-align: justify;\">As cr\u00edticas \u00e0 PRF come\u00e7aram no \u00faltimo domingo, 30, quando algumas blitze, principalmente no Nordeste, prejudicaram o transporte de eleitores. Os bloqueios nas rodovias come\u00e7aram ainda no domingo, t\u00e3o logo foi anunciado o resultado das urnas. V\u00eddeos feitos em alguns pontos de interdi\u00e7\u00e3o mostraram policiais rodovi\u00e1rios colaborando com as manifesta\u00e7\u00f5es. \u201cA corregedoria instaurou procedimento para identificar e punir servidores que tiveram atitudes que n\u00e3o condizem com a coopera\u00e7\u00e3o. Estamos verificando as redes para identificar desvios de conduta\u201d, declarou o corregedor-chefe da institui\u00e7\u00e3o, Wendel Benevides. O ministro Alexandre de Moraes, do Supremo Tribunal Federal (STF), determinou que a Pol\u00edcia Rodovi\u00e1ria informe at\u00e9 amanh\u00e3 o n\u00famero de policiais nas estradas desde o dia 28 de outubro.<\/p>\n<p>JP NEWS;<\/p>\n<div class=\"meta\" style=\"text-align: justify;\">\n<div class=\"row\">\n<div class=\"col-xs-12 col-md-8\"><\/div>\n<\/div>\n<\/div>\n<p style=\"text-align: justify;\">\n","protected":false},"excerpt":{"rendered":"<p>Em meio a acusa\u00e7\u00f5es de omiss\u00e3o, Silvinei Vasques destacou presen\u00e7a de \u2018crian\u00e7as e idosos\u2019 nos protestos para justificar \u2018trabalho complexo\u2019 da corpora\u00e7\u00e3o. O diretor-geral da\u00a0Pol\u00edcia Rodovi\u00e1ria Federal (PRF),\u00a0Silvinei Vasques, divulgou um v\u00eddeo nas redes sociais do \u00f3rg\u00e3o dizendo que a opera\u00e7\u00e3o realizada nas rodovias do pa\u00eds para a acabar com os\u00a0bloqueios\u00a0realizados por\u00a0caminhoneiros\u00a0foi \u201ca maior da [&hellip;]<\/p>\n","protected":false},"author":2,"featured_media":26731,"comment_status":"open","ping_status":"open","sticky":false,"template":"","format":"standard","meta":{"footnotes":""},"categories":[68],"tags":[],"class_list":{"0":"post-26730","1":"post","2":"type-post","3":"status-publish","4":"format-standard","5":"has-post-thumbnail","7":"category-brasil"},"yoast_head":"<!-- This site is optimized with the Yoast SEO Premium plugin v24.5 (Yoast SEO v27.5) - https:\/\/yoast.com\/product\/yoast-seo-premium-wordpress\/ -->\n<title>Diretor da PRF diz que opera\u00e7\u00e3o contra bloqueios em rodovias foi \u2018maior da hist\u00f3ria\u2019. - P31<\/title>\n<meta name=\"robots\" content=\"index, follow, max-snippet:-1, max-image-preview:large, max-video-preview:-1\" \/>\n<link rel=\"canonical\" href=\"https:\/\/www.p31noticias.com.br\/?p=26730\" \/>\n<meta property=\"og:locale\" content=\"pt_BR\" \/>\n<meta property=\"og:type\" content=\"article\" \/>\n<meta property=\"og:title\" content=\"Diretor da PRF diz que opera\u00e7\u00e3o contra bloqueios em rodovias foi \u2018maior da hist\u00f3ria\u2019.\" \/>\n<meta property=\"og:description\" content=\"Em meio a acusa\u00e7\u00f5es de omiss\u00e3o, Silvinei Vasques destacou presen\u00e7a de \u2018crian\u00e7as e idosos\u2019 nos protestos para justificar \u2018trabalho complexo\u2019 da corpora\u00e7\u00e3o. O diretor-geral da\u00a0Pol\u00edcia Rodovi\u00e1ria Federal (PRF),\u00a0Silvinei Vasques, divulgou um v\u00eddeo nas redes sociais do \u00f3rg\u00e3o dizendo que a opera\u00e7\u00e3o realizada nas rodovias do pa\u00eds para a acabar com os\u00a0bloqueios\u00a0realizados por\u00a0caminhoneiros\u00a0foi \u201ca maior da [&hellip;]\" \/>\n<meta property=\"og:url\" content=\"https:\/\/www.p31noticias.com.br\/?p=26730\" \/>\n<meta property=\"og:site_name\" content=\"P31\" \/>\n<meta property=\"article:published_time\" content=\"2022-11-07T14:19:52+00:00\" \/>\n<meta property=\"og:image\" content=\"https:\/\/www.p31noticias.com.br\/wp-content\/uploads\/2022\/11\/fta20221028061-677x450-1.jpg\" \/>\n\t<meta property=\"og:image:width\" content=\"677\" \/>\n\t<meta property=\"og:image:height\" content=\"450\" \/>\n\t<meta property=\"og:image:type\" content=\"image\/jpeg\" \/>\n<meta name=\"author\" content=\"Gon\u00e7alves Junior\" \/>\n<meta name=\"twitter:card\" content=\"summary_large_image\" \/>\n<meta name=\"twitter:label1\" content=\"Escrito por\" \/>\n\t<meta name=\"twitter:data1\" content=\"Gon\u00e7alves Junior\" \/>\n\t<meta name=\"twitter:label2\" content=\"Est. tempo de leitura\" \/>\n\t<meta name=\"twitter:data2\" content=\"2 minutos\" \/>\n<script type=\"application\/ld+json\" class=\"yoast-schema-graph\">{\"@context\":\"https:\\\/\\\/schema.org\",\"@graph\":[{\"@type\":\"Article\",\"@id\":\"https:\\\/\\\/www.p31noticias.com.br\\\/?p=26730#article\",\"isPartOf\":{\"@id\":\"https:\\\/\\\/www.p31noticias.com.br\\\/?p=26730\"},\"author\":{\"name\":\"Gon\u00e7alves Junior\",\"@id\":\"https:\\\/\\\/www.p31noticias.com.br\\\/#\\\/schema\\\/person\\\/95f2ece30e3b4132065b915150cd0f94\"},\"headline\":\"Diretor da PRF diz que opera\u00e7\u00e3o contra bloqueios em rodovias foi \u2018maior da hist\u00f3ria\u2019.\",\"datePublished\":\"2022-11-07T14:19:52+00:00\",\"mainEntityOfPage\":{\"@id\":\"https:\\\/\\\/www.p31noticias.com.br\\\/?p=26730\"},\"wordCount\":342,\"commentCount\":0,\"image\":{\"@id\":\"https:\\\/\\\/www.p31noticias.com.br\\\/?p=26730#primaryimage\"},\"thumbnailUrl\":\"https:\\\/\\\/www.p31noticias.com.br\\\/wp-content\\\/uploads\\\/2022\\\/11\\\/fta20221028061-677x450-1.jpg\",\"articleSection\":[\"Brasil\"],\"inLanguage\":\"pt-BR\",\"potentialAction\":[{\"@type\":\"CommentAction\",\"name\":\"Comment\",\"target\":[\"https:\\\/\\\/www.p31noticias.com.br\\\/?p=26730#respond\"]}],\"copyrightYear\":\"2022\",\"copyrightHolder\":{\"@id\":\"https:\\\/\\\/www.p31noticias.com.br\\\/#organization\"}},{\"@type\":\"WebPage\",\"@id\":\"https:\\\/\\\/www.p31noticias.com.br\\\/?p=26730\",\"url\":\"https:\\\/\\\/www.p31noticias.com.br\\\/?p=26730\",\"name\":\"Diretor da PRF diz que opera\u00e7\u00e3o contra bloqueios em rodovias foi \u2018maior da hist\u00f3ria\u2019. - P31\",\"isPartOf\":{\"@id\":\"https:\\\/\\\/www.p31noticias.com.br\\\/#website\"},\"primaryImageOfPage\":{\"@id\":\"https:\\\/\\\/www.p31noticias.com.br\\\/?p=26730#primaryimage\"},\"image\":{\"@id\":\"https:\\\/\\\/www.p31noticias.com.br\\\/?p=26730#primaryimage\"},\"thumbnailUrl\":\"https:\\\/\\\/www.p31noticias.com.br\\\/wp-content\\\/uploads\\\/2022\\\/11\\\/fta20221028061-677x450-1.jpg\",\"datePublished\":\"2022-11-07T14:19:52+00:00\",\"author\":{\"@id\":\"https:\\\/\\\/www.p31noticias.com.br\\\/#\\\/schema\\\/person\\\/95f2ece30e3b4132065b915150cd0f94\"},\"breadcrumb\":{\"@id\":\"https:\\\/\\\/www.p31noticias.com.br\\\/?p=26730#breadcrumb\"},\"inLanguage\":\"pt-BR\",\"potentialAction\":[{\"@type\":\"ReadAction\",\"target\":[\"https:\\\/\\\/www.p31noticias.com.br\\\/?p=26730\"]}]},{\"@type\":\"ImageObject\",\"inLanguage\":\"pt-BR\",\"@id\":\"https:\\\/\\\/www.p31noticias.com.br\\\/?p=26730#primaryimage\",\"url\":\"https:\\\/\\\/www.p31noticias.com.br\\\/wp-content\\\/uploads\\\/2022\\\/11\\\/fta20221028061-677x450-1.jpg\",\"contentUrl\":\"https:\\\/\\\/www.p31noticias.com.br\\\/wp-content\\\/uploads\\\/2022\\\/11\\\/fta20221028061-677x450-1.jpg\",\"width\":677,\"height\":450},{\"@type\":\"BreadcrumbList\",\"@id\":\"https:\\\/\\\/www.p31noticias.com.br\\\/?p=26730#breadcrumb\",\"itemListElement\":[{\"@type\":\"ListItem\",\"position\":1,\"name\":\"In\u00edcio\",\"item\":\"https:\\\/\\\/www.p31noticias.com.br\\\/\"},{\"@type\":\"ListItem\",\"position\":2,\"name\":\"Diretor da PRF diz que opera\u00e7\u00e3o contra bloqueios em rodovias foi \u2018maior da hist\u00f3ria\u2019.\"}]},{\"@type\":\"WebSite\",\"@id\":\"https:\\\/\\\/www.p31noticias.com.br\\\/#website\",\"url\":\"https:\\\/\\\/www.p31noticias.com.br\\\/\",\"name\":\"P31\",\"description\":\"NOT\u00cdCIAS\",\"potentialAction\":[{\"@type\":\"SearchAction\",\"target\":{\"@type\":\"EntryPoint\",\"urlTemplate\":\"https:\\\/\\\/www.p31noticias.com.br\\\/?s={search_term_string}\"},\"query-input\":{\"@type\":\"PropertyValueSpecification\",\"valueRequired\":true,\"valueName\":\"search_term_string\"}}],\"inLanguage\":\"pt-BR\"},{\"@type\":\"Person\",\"@id\":\"https:\\\/\\\/www.p31noticias.com.br\\\/#\\\/schema\\\/person\\\/95f2ece30e3b4132065b915150cd0f94\",\"name\":\"Gon\u00e7alves Junior\",\"image\":{\"@type\":\"ImageObject\",\"inLanguage\":\"pt-BR\",\"@id\":\"https:\\\/\\\/secure.gravatar.com\\\/avatar\\\/6711f350116a89762687a48d66f723c799e5438a5b7578508d4294cd7a5d0800?s=96&d=mm&r=g\",\"url\":\"https:\\\/\\\/secure.gravatar.com\\\/avatar\\\/6711f350116a89762687a48d66f723c799e5438a5b7578508d4294cd7a5d0800?s=96&d=mm&r=g\",\"contentUrl\":\"https:\\\/\\\/secure.gravatar.com\\\/avatar\\\/6711f350116a89762687a48d66f723c799e5438a5b7578508d4294cd7a5d0800?s=96&d=mm&r=g\",\"caption\":\"Gon\u00e7alves Junior\"},\"url\":\"https:\\\/\\\/www.p31noticias.com.br\\\/?author=2\"}]}<\/script>\n<!-- \/ Yoast SEO Premium plugin. -->","yoast_head_json":{"title":"Diretor da PRF diz que opera\u00e7\u00e3o contra bloqueios em rodovias foi \u2018maior da hist\u00f3ria\u2019. - P31","robots":{"index":"index","follow":"follow","max-snippet":"max-snippet:-1","max-image-preview":"max-image-preview:large","max-video-preview":"max-video-preview:-1"},"canonical":"https:\/\/www.p31noticias.com.br\/?p=26730","og_locale":"pt_BR","og_type":"article","og_title":"Diretor da PRF diz que opera\u00e7\u00e3o contra bloqueios em rodovias foi \u2018maior da hist\u00f3ria\u2019.","og_description":"Em meio a acusa\u00e7\u00f5es de omiss\u00e3o, Silvinei Vasques destacou presen\u00e7a de \u2018crian\u00e7as e idosos\u2019 nos protestos para justificar \u2018trabalho complexo\u2019 da corpora\u00e7\u00e3o. O diretor-geral da\u00a0Pol\u00edcia Rodovi\u00e1ria Federal (PRF),\u00a0Silvinei Vasques, divulgou um v\u00eddeo nas redes sociais do \u00f3rg\u00e3o dizendo que a opera\u00e7\u00e3o realizada nas rodovias do pa\u00eds para a acabar com os\u00a0bloqueios\u00a0realizados por\u00a0caminhoneiros\u00a0foi \u201ca maior da [&hellip;]","og_url":"https:\/\/www.p31noticias.com.br\/?p=26730","og_site_name":"P31","article_published_time":"2022-11-07T14:19:52+00:00","og_image":[{"width":677,"height":450,"url":"https:\/\/www.p31noticias.com.br\/wp-content\/uploads\/2022\/11\/fta20221028061-677x450-1.jpg","type":"image\/jpeg"}],"author":"Gon\u00e7alves Junior","twitter_card":"summary_large_image","twitter_misc":{"Escrito por":"Gon\u00e7alves Junior","Est. tempo de leitura":"2 minutos"},"schema":{"@context":"https:\/\/schema.org","@graph":[{"@type":"Article","@id":"https:\/\/www.p31noticias.com.br\/?p=26730#article","isPartOf":{"@id":"https:\/\/www.p31noticias.com.br\/?p=26730"},"author":{"name":"Gon\u00e7alves Junior","@id":"https:\/\/www.p31noticias.com.br\/#\/schema\/person\/95f2ece30e3b4132065b915150cd0f94"},"headline":"Diretor da PRF diz que opera\u00e7\u00e3o contra bloqueios em rodovias foi \u2018maior da hist\u00f3ria\u2019.","datePublished":"2022-11-07T14:19:52+00:00","mainEntityOfPage":{"@id":"https:\/\/www.p31noticias.com.br\/?p=26730"},"wordCount":342,"commentCount":0,"image":{"@id":"https:\/\/www.p31noticias.com.br\/?p=26730#primaryimage"},"thumbnailUrl":"https:\/\/www.p31noticias.com.br\/wp-content\/uploads\/2022\/11\/fta20221028061-677x450-1.jpg","articleSection":["Brasil"],"inLanguage":"pt-BR","potentialAction":[{"@type":"CommentAction","name":"Comment","target":["https:\/\/www.p31noticias.com.br\/?p=26730#respond"]}],"copyrightYear":"2022","copyrightHolder":{"@id":"https:\/\/www.p31noticias.com.br\/#organization"}},{"@type":"WebPage","@id":"https:\/\/www.p31noticias.com.br\/?p=26730","url":"https:\/\/www.p31noticias.com.br\/?p=26730","name":"Diretor da PRF diz que opera\u00e7\u00e3o contra bloqueios em rodovias foi \u2018maior da hist\u00f3ria\u2019. - P31","isPartOf":{"@id":"https:\/\/www.p31noticias.com.br\/#website"},"primaryImageOfPage":{"@id":"https:\/\/www.p31noticias.com.br\/?p=26730#primaryimage"},"image":{"@id":"https:\/\/www.p31noticias.com.br\/?p=26730#primaryimage"},"thumbnailUrl":"https:\/\/www.p31noticias.com.br\/wp-content\/uploads\/2022\/11\/fta20221028061-677x450-1.jpg","datePublished":"2022-11-07T14:19:52+00:00","author":{"@id":"https:\/\/www.p31noticias.com.br\/#\/schema\/person\/95f2ece30e3b4132065b915150cd0f94"},"breadcrumb":{"@id":"https:\/\/www.p31noticias.com.br\/?p=26730#breadcrumb"},"inLanguage":"pt-BR","potentialAction":[{"@type":"ReadAction","target":["https:\/\/www.p31noticias.com.br\/?p=26730"]}]},{"@type":"ImageObject","inLanguage":"pt-BR","@id":"https:\/\/www.p31noticias.com.br\/?p=26730#primaryimage","url":"https:\/\/www.p31noticias.com.br\/wp-content\/uploads\/2022\/11\/fta20221028061-677x450-1.jpg","contentUrl":"https:\/\/www.p31noticias.com.br\/wp-content\/uploads\/2022\/11\/fta20221028061-677x450-1.jpg","width":677,"height":450},{"@type":"BreadcrumbList","@id":"https:\/\/www.p31noticias.com.br\/?p=26730#breadcrumb","itemListElement":[{"@type":"ListItem","position":1,"name":"In\u00edcio","item":"https:\/\/www.p31noticias.com.br\/"},{"@type":"ListItem","position":2,"name":"Diretor da PRF diz que opera\u00e7\u00e3o contra bloqueios em rodovias foi \u2018maior da hist\u00f3ria\u2019."}]},{"@type":"WebSite","@id":"https:\/\/www.p31noticias.com.br\/#website","url":"https:\/\/www.p31noticias.com.br\/","name":"P31","description":"NOT\u00cdCIAS","potentialAction":[{"@type":"SearchAction","target":{"@type":"EntryPoint","urlTemplate":"https:\/\/www.p31noticias.com.br\/?s={search_term_string}"},"query-input":{"@type":"PropertyValueSpecification","valueRequired":true,"valueName":"search_term_string"}}],"inLanguage":"pt-BR"},{"@type":"Person","@id":"https:\/\/www.p31noticias.com.br\/#\/schema\/person\/95f2ece30e3b4132065b915150cd0f94","name":"Gon\u00e7alves Junior","image":{"@type":"ImageObject","inLanguage":"pt-BR","@id":"https:\/\/secure.gravatar.com\/avatar\/6711f350116a89762687a48d66f723c799e5438a5b7578508d4294cd7a5d0800?s=96&d=mm&r=g","url":"https:\/\/secure.gravatar.com\/avatar\/6711f350116a89762687a48d66f723c799e5438a5b7578508d4294cd7a5d0800?s=96&d=mm&r=g","contentUrl":"https:\/\/secure.gravatar.com\/avatar\/6711f350116a89762687a48d66f723c799e5438a5b7578508d4294cd7a5d0800?s=96&d=mm&r=g","caption":"Gon\u00e7alves Junior"},"url":"https:\/\/www.p31noticias.com.br\/?author=2"}]}},"amp_enabled":true,"_links":{"self":[{"href":"https:\/\/www.p31noticias.com.br\/index.php?rest_route=\/wp\/v2\/posts\/26730","targetHints":{"allow":["GET"]}}],"collection":[{"href":"https:\/\/www.p31noticias.com.br\/index.php?rest_route=\/wp\/v2\/posts"}],"about":[{"href":"https:\/\/www.p31noticias.com.br\/index.php?rest_route=\/wp\/v2\/types\/post"}],"author":[{"embeddable":true,"href":"https:\/\/www.p31noticias.com.br\/index.php?rest_route=\/wp\/v2\/users\/2"}],"replies":[{"embeddable":true,"href":"https:\/\/www.p31noticias.com.br\/index.php?rest_route=%2Fwp%2Fv2%2Fcomments&post=26730"}],"version-history":[{"count":1,"href":"https:\/\/www.p31noticias.com.br\/index.php?rest_route=\/wp\/v2\/posts\/26730\/revisions"}],"predecessor-version":[{"id":26732,"href":"https:\/\/www.p31noticias.com.br\/index.php?rest_route=\/wp\/v2\/posts\/26730\/revisions\/26732"}],"wp:featuredmedia":[{"embeddable":true,"href":"https:\/\/www.p31noticias.com.br\/index.php?rest_route=\/wp\/v2\/media\/26731"}],"wp:attachment":[{"href":"https:\/\/www.p31noticias.com.br\/index.php?rest_route=%2Fwp%2Fv2%2Fmedia&parent=26730"}],"wp:term":[{"taxonomy":"category","embeddable":true,"href":"https:\/\/www.p31noticias.com.br\/index.php?rest_route=%2Fwp%2Fv2%2Fcategories&post=26730"},{"taxonomy":"post_tag","embeddable":true,"href":"https:\/\/www.p31noticias.com.br\/index.php?rest_route=%2Fwp%2Fv2%2Ftags&post=26730"}],"curies":[{"name":"wp","href":"https:\/\/api.w.org\/{rel}","templated":true}]}}