{"id":26650,"date":"2022-10-19T14:27:04","date_gmt":"2022-10-19T17:27:04","guid":{"rendered":"https:\/\/p31noticias.com.br\/?p=26650"},"modified":"2022-10-19T14:30:07","modified_gmt":"2022-10-19T17:30:07","slug":"consumidores-estao-pagando-mais-barato-pela-conta-de-luz","status":"publish","type":"post","link":"https:\/\/www.p31noticias.com.br\/?p=26650","title":{"rendered":"Consumidores est\u00e3o pagando mais barato pela conta de luz."},"content":{"rendered":"<p style=\"text-align: justify;\"><em><strong>O ministro de Minas e Energia, Adolfo Sachsida, apresenta um panorama sobre os<\/strong><\/em><br \/>\n<em><strong>impactos da redu\u00e7\u00e3o tarif\u00e1ria nas contas de luz.<\/strong><\/em><\/p>\n<p style=\"text-align: justify;\">Consumidores est\u00e3o pagando mais barato pela conta de luz<br \/>\nO ministro de Minas e Energia, Adolfo Sachsida, apresenta um panorama sobre os<br \/>\nimpactos da redu\u00e7\u00e3o tarif\u00e1ria nas contas de luz<br \/>\nConsumidores de todo o pa\u00eds j\u00e1 est\u00e3o pagando, desde junho, mais barato pela conta de<br \/>\nluz. Em m\u00e9dia, a redu\u00e7\u00e3o foi de 6,8% em virtude da edi\u00e7\u00e3o da Lei Complementar 194,<br \/>\nde junho de 2022, que definiu o abatimento do ICMS em servi\u00e7os considerados<br \/>\nessenciais, como de energia el\u00e9trica.<br \/>\nCom a implanta\u00e7\u00e3o da base de c\u00e1lculo do ICMS atualizada, pelos estados, uma nova<br \/>\ndedu\u00e7\u00e3o come\u00e7a a ser implementada, tornando a energia 6,5%, em m\u00e9dia, mais barata.<br \/>\nPara tornar esse desconto poss\u00edvel e beneficiar o consumidor, os estados t\u00eam que aderir<br \/>\nao novo c\u00e1lculo previsto na legisla\u00e7\u00e3o federal, excluindo cobran\u00e7as sobre os servi\u00e7os de<br \/>\ntransmiss\u00e3o, distribui\u00e7\u00e3o e opera\u00e7\u00e3o da energia el\u00e9trica.<br \/>\n1. Quantos e quais estados j\u00e1 aderiram \u00e0 exclus\u00e3o dos servi\u00e7os de transmiss\u00e3o<br \/>\ne de distribui\u00e7\u00e3o do c\u00e1lculo do ICMS? Quanto isso corresponde em n\u00famero<br \/>\nde consumidores?<br \/>\nMinistro Adolfo Sachsida &#8211; At\u00e9 agosto de 2022, sete estados haviam emitido<br \/>\nlegisla\u00e7\u00e3o relacionada \u00e0 nova base de c\u00e1lculo, o que representaria um total de<br \/>\nmais de 30 milh\u00f5es de unidades consumidoras (30.117.878 unidades<br \/>\nconsumidoras; 34% do total de unidades consumidoras do pa\u00eds). No entanto, em<br \/>\nalguns casos, n\u00e3o foi poss\u00edvel definir, de forma clara, a aplica\u00e7\u00e3o da nova base de<br \/>\nc\u00e1lculo, dificultando a implementa\u00e7\u00e3o por parte das distribuidoras.<br \/>\n2. Por que as contas de luz passar\u00e3o por novo c\u00e1lculo, que resultar\u00e1 na redu\u00e7\u00e3o<br \/>\nda tarifa?<br \/>\nA Lei Complementar 194\/2022 passou a classificar as opera\u00e7\u00f5es relativas \u00e0<br \/>\nenergia el\u00e9trica como opera\u00e7\u00f5es de bens e servi\u00e7os essenciais e indispens\u00e1veis.<br \/>\nTamb\u00e9m definiu a n\u00e3o incid\u00eancia dos servi\u00e7os de transmiss\u00e3o, distribui\u00e7\u00e3o e dos<br \/>\nencargos na base de c\u00e1lculo do ICMS. Destaca-se que, no campo do Poder<br \/>\nJudici\u00e1rio, j\u00e1 h\u00e1 decis\u00f5es do Superior Tribunal de Justi\u00e7a (STJ) com o<br \/>\nentendimento de que o ICMS n\u00e3o deveria incidir sobre a Tarifa de Uso do Sistema<br \/>\nde Transmiss\u00e3o (TUST) e de Distribui\u00e7\u00e3o (TUSD), mas t\u00e3o somente sobre o<br \/>\nconsumo de energia el\u00e9trica. Nesse sentido, essa legisla\u00e7\u00e3o representa maior<br \/>\nseguran\u00e7a jur\u00eddica ao setor el\u00e9trico.<br \/>\n3. Por que \u00e9 importante que os estados passem a excluir do c\u00e1lculo do ICMS as<br \/>\ntaxas de transmiss\u00e3o e distribui\u00e7\u00e3o?<br \/>\nO Congresso ratificou o entendimento de que o campo de incid\u00eancia da base de<br \/>\nc\u00e1lculo do ICMS deve envolver apenas o consumo de energia el\u00e9trica, que exclui<br \/>\na transmiss\u00e3o e a distribui\u00e7\u00e3o da energia. Nesse sentido e tendo como refer\u00eancia<br \/>\nalguns entendimentos do STJ, atualmente os consumidores est\u00e3o pagando um<br \/>\nvalor superior ao que deveriam pagar, pois ao considerar os valores de<br \/>\ntransmiss\u00e3o e distribui\u00e7\u00e3o na base de c\u00e1lculo, o total que ser\u00e1 pago pelo<br \/>\nconsumidor de energia el\u00e9trica na sua conta de energia el\u00e9trica \u00e9 maior.<br \/>\n4. O Minist\u00e9rio de Minas e Energia pode incentivar que os estados editem<br \/>\nnormas para contribuir com a redu\u00e7\u00e3o local de encargos sobre o ICMS?<br \/>\nComo?<br \/>\nOs estados t\u00eam autonomia para estabelecer al\u00edquotas diferenciadas para o ICMS,<br \/>\nrespeitado o teto estabelecido pela Lei Complementar n\u00ba 194\/2022. O MME n\u00e3o<br \/>\ndisp\u00f5e de mecanismos que possam interferir nessa autonomia, por\u00e9m vem<br \/>\ntrabalhando junto aos estados no intuito de mostrar os benef\u00edcios dessa redu\u00e7\u00e3o<br \/>\nda conta de energia el\u00e9trica para os cidad\u00e3os. O MME tamb\u00e9m comp\u00f5e Grupo<br \/>\nde Concilia\u00e7\u00e3o estabelecido no \u00e2mbito do Supremo Tribunal Federal (STF) para<br \/>\ndebater o tema.<br \/>\n5. Quais s\u00e3o as demais a\u00e7\u00f5es do Minist\u00e9rio de Minas e Energia voltadas aos<br \/>\nservi\u00e7os de fornecimento de energia?<br \/>\nO MME \u00e9 o respons\u00e1vel pela garantia do suprimento de energia \u00e0 sociedade<br \/>\nbrasileira e, para isso, atua de forma direta, realizando leil\u00f5es de gera\u00e7\u00e3o e de<br \/>\ntransmiss\u00e3o, acompanhando as condi\u00e7\u00f5es de suprimento eletroenerg\u00e9tico e<br \/>\nadotando medidas preventivas em situa\u00e7\u00f5es que possam oferecer risco ao<br \/>\natendimento dos consumidores.<br \/>\nTamb\u00e9m atua, de forma indireta, por meio de entidades vinculadas, como a Aneel,<br \/>\nrespons\u00e1vel pela regula\u00e7\u00e3o e fiscaliza\u00e7\u00e3o dos servi\u00e7os, o Operador Nacional do<br \/>\nSistema El\u00e9trico (ONS), respons\u00e1vel pela opera\u00e7\u00e3o eletroenerg\u00e9tica de curto<br \/>\nprazo, e a Empresa de Pesquisa Energ\u00e9tica (EPE), que tem a compet\u00eancia para<br \/>\nsubsidiar o planejamento setorial e a C\u00e2mara de Comercializa\u00e7\u00e3o de Energia<br \/>\nEl\u00e9trica (CCEE), que realiza a contabiliza\u00e7\u00e3o do mercado de curto prazo.<\/p>\n<p>SECOM PR.<\/p>\n<p>&nbsp;<\/p>\n","protected":false},"excerpt":{"rendered":"<p>O ministro de Minas e Energia, Adolfo Sachsida, apresenta um panorama sobre os impactos da redu\u00e7\u00e3o tarif\u00e1ria nas contas de luz. Consumidores est\u00e3o pagando mais barato pela conta de luz O ministro de Minas e Energia, Adolfo Sachsida, apresenta um panorama sobre os impactos da redu\u00e7\u00e3o tarif\u00e1ria nas contas de luz Consumidores de todo o [&hellip;]<\/p>\n","protected":false},"author":2,"featured_media":26651,"comment_status":"open","ping_status":"open","sticky":false,"template":"","format":"standard","meta":{"footnotes":""},"categories":[637],"tags":[],"class_list":{"0":"post-26650","1":"post","2":"type-post","3":"status-publish","4":"format-standard","5":"has-post-thumbnail","7":"category-economia"},"yoast_head":"<!-- This site is optimized with the Yoast SEO Premium plugin v24.5 (Yoast SEO v27.5) - https:\/\/yoast.com\/product\/yoast-seo-premium-wordpress\/ -->\n<title>Consumidores est\u00e3o pagando mais barato pela conta de luz. - P31<\/title>\n<meta name=\"robots\" content=\"index, follow, max-snippet:-1, max-image-preview:large, max-video-preview:-1\" \/>\n<link rel=\"canonical\" href=\"https:\/\/www.p31noticias.com.br\/?p=26650\" \/>\n<meta property=\"og:locale\" content=\"pt_BR\" \/>\n<meta property=\"og:type\" content=\"article\" \/>\n<meta property=\"og:title\" content=\"Consumidores est\u00e3o pagando mais barato pela conta de luz.\" \/>\n<meta property=\"og:description\" content=\"O ministro de Minas e Energia, Adolfo Sachsida, apresenta um panorama sobre os impactos da redu\u00e7\u00e3o tarif\u00e1ria nas contas de luz. Consumidores est\u00e3o pagando mais barato pela conta de luz O ministro de Minas e Energia, Adolfo Sachsida, apresenta um panorama sobre os impactos da redu\u00e7\u00e3o tarif\u00e1ria nas contas de luz Consumidores de todo o [&hellip;]\" \/>\n<meta property=\"og:url\" content=\"https:\/\/www.p31noticias.com.br\/?p=26650\" \/>\n<meta property=\"og:site_name\" content=\"P31\" \/>\n<meta property=\"article:published_time\" content=\"2022-10-19T17:27:04+00:00\" \/>\n<meta property=\"article:modified_time\" content=\"2022-10-19T17:30:07+00:00\" \/>\n<meta property=\"og:image\" content=\"https:\/\/www.p31noticias.com.br\/wp-content\/uploads\/2022\/10\/unnamed-2022-10-19T140911.386.jpg\" \/>\n\t<meta property=\"og:image:width\" content=\"861\" \/>\n\t<meta property=\"og:image:height\" content=\"1189\" \/>\n\t<meta property=\"og:image:type\" content=\"image\/jpeg\" \/>\n<meta name=\"author\" content=\"Gon\u00e7alves Junior\" \/>\n<meta name=\"twitter:card\" content=\"summary_large_image\" \/>\n<meta name=\"twitter:label1\" content=\"Escrito por\" \/>\n\t<meta name=\"twitter:data1\" content=\"Gon\u00e7alves Junior\" \/>\n\t<meta name=\"twitter:label2\" content=\"Est. tempo de leitura\" \/>\n\t<meta name=\"twitter:data2\" content=\"4 minutos\" \/>\n<script type=\"application\/ld+json\" class=\"yoast-schema-graph\">{\"@context\":\"https:\\\/\\\/schema.org\",\"@graph\":[{\"@type\":\"Article\",\"@id\":\"https:\\\/\\\/www.p31noticias.com.br\\\/?p=26650#article\",\"isPartOf\":{\"@id\":\"https:\\\/\\\/www.p31noticias.com.br\\\/?p=26650\"},\"author\":{\"name\":\"Gon\u00e7alves Junior\",\"@id\":\"https:\\\/\\\/www.p31noticias.com.br\\\/#\\\/schema\\\/person\\\/95f2ece30e3b4132065b915150cd0f94\"},\"headline\":\"Consumidores est\u00e3o pagando mais barato pela conta de luz.\",\"datePublished\":\"2022-10-19T17:27:04+00:00\",\"dateModified\":\"2022-10-19T17:30:07+00:00\",\"mainEntityOfPage\":{\"@id\":\"https:\\\/\\\/www.p31noticias.com.br\\\/?p=26650\"},\"wordCount\":831,\"commentCount\":0,\"image\":{\"@id\":\"https:\\\/\\\/www.p31noticias.com.br\\\/?p=26650#primaryimage\"},\"thumbnailUrl\":\"https:\\\/\\\/www.p31noticias.com.br\\\/wp-content\\\/uploads\\\/2022\\\/10\\\/unnamed-2022-10-19T140911.386.jpg\",\"articleSection\":[\"Economia\"],\"inLanguage\":\"pt-BR\",\"potentialAction\":[{\"@type\":\"CommentAction\",\"name\":\"Comment\",\"target\":[\"https:\\\/\\\/www.p31noticias.com.br\\\/?p=26650#respond\"]}],\"copyrightYear\":\"2022\",\"copyrightHolder\":{\"@id\":\"https:\\\/\\\/www.p31noticias.com.br\\\/#organization\"}},{\"@type\":\"WebPage\",\"@id\":\"https:\\\/\\\/www.p31noticias.com.br\\\/?p=26650\",\"url\":\"https:\\\/\\\/www.p31noticias.com.br\\\/?p=26650\",\"name\":\"Consumidores est\u00e3o pagando mais barato pela conta de luz. - P31\",\"isPartOf\":{\"@id\":\"https:\\\/\\\/www.p31noticias.com.br\\\/#website\"},\"primaryImageOfPage\":{\"@id\":\"https:\\\/\\\/www.p31noticias.com.br\\\/?p=26650#primaryimage\"},\"image\":{\"@id\":\"https:\\\/\\\/www.p31noticias.com.br\\\/?p=26650#primaryimage\"},\"thumbnailUrl\":\"https:\\\/\\\/www.p31noticias.com.br\\\/wp-content\\\/uploads\\\/2022\\\/10\\\/unnamed-2022-10-19T140911.386.jpg\",\"datePublished\":\"2022-10-19T17:27:04+00:00\",\"dateModified\":\"2022-10-19T17:30:07+00:00\",\"author\":{\"@id\":\"https:\\\/\\\/www.p31noticias.com.br\\\/#\\\/schema\\\/person\\\/95f2ece30e3b4132065b915150cd0f94\"},\"breadcrumb\":{\"@id\":\"https:\\\/\\\/www.p31noticias.com.br\\\/?p=26650#breadcrumb\"},\"inLanguage\":\"pt-BR\",\"potentialAction\":[{\"@type\":\"ReadAction\",\"target\":[\"https:\\\/\\\/www.p31noticias.com.br\\\/?p=26650\"]}]},{\"@type\":\"ImageObject\",\"inLanguage\":\"pt-BR\",\"@id\":\"https:\\\/\\\/www.p31noticias.com.br\\\/?p=26650#primaryimage\",\"url\":\"https:\\\/\\\/www.p31noticias.com.br\\\/wp-content\\\/uploads\\\/2022\\\/10\\\/unnamed-2022-10-19T140911.386.jpg\",\"contentUrl\":\"https:\\\/\\\/www.p31noticias.com.br\\\/wp-content\\\/uploads\\\/2022\\\/10\\\/unnamed-2022-10-19T140911.386.jpg\",\"width\":861,\"height\":1189,\"caption\":\"Ministro de Minas e Energia, Adolfo Sachsida\"},{\"@type\":\"BreadcrumbList\",\"@id\":\"https:\\\/\\\/www.p31noticias.com.br\\\/?p=26650#breadcrumb\",\"itemListElement\":[{\"@type\":\"ListItem\",\"position\":1,\"name\":\"In\u00edcio\",\"item\":\"https:\\\/\\\/www.p31noticias.com.br\\\/\"},{\"@type\":\"ListItem\",\"position\":2,\"name\":\"Consumidores est\u00e3o pagando mais barato pela conta de luz.\"}]},{\"@type\":\"WebSite\",\"@id\":\"https:\\\/\\\/www.p31noticias.com.br\\\/#website\",\"url\":\"https:\\\/\\\/www.p31noticias.com.br\\\/\",\"name\":\"P31\",\"description\":\"NOT\u00cdCIAS\",\"potentialAction\":[{\"@type\":\"SearchAction\",\"target\":{\"@type\":\"EntryPoint\",\"urlTemplate\":\"https:\\\/\\\/www.p31noticias.com.br\\\/?s={search_term_string}\"},\"query-input\":{\"@type\":\"PropertyValueSpecification\",\"valueRequired\":true,\"valueName\":\"search_term_string\"}}],\"inLanguage\":\"pt-BR\"},{\"@type\":\"Person\",\"@id\":\"https:\\\/\\\/www.p31noticias.com.br\\\/#\\\/schema\\\/person\\\/95f2ece30e3b4132065b915150cd0f94\",\"name\":\"Gon\u00e7alves Junior\",\"image\":{\"@type\":\"ImageObject\",\"inLanguage\":\"pt-BR\",\"@id\":\"https:\\\/\\\/secure.gravatar.com\\\/avatar\\\/6711f350116a89762687a48d66f723c799e5438a5b7578508d4294cd7a5d0800?s=96&d=mm&r=g\",\"url\":\"https:\\\/\\\/secure.gravatar.com\\\/avatar\\\/6711f350116a89762687a48d66f723c799e5438a5b7578508d4294cd7a5d0800?s=96&d=mm&r=g\",\"contentUrl\":\"https:\\\/\\\/secure.gravatar.com\\\/avatar\\\/6711f350116a89762687a48d66f723c799e5438a5b7578508d4294cd7a5d0800?s=96&d=mm&r=g\",\"caption\":\"Gon\u00e7alves Junior\"},\"url\":\"https:\\\/\\\/www.p31noticias.com.br\\\/?author=2\"}]}<\/script>\n<!-- \/ Yoast SEO Premium plugin. -->","yoast_head_json":{"title":"Consumidores est\u00e3o pagando mais barato pela conta de luz. - P31","robots":{"index":"index","follow":"follow","max-snippet":"max-snippet:-1","max-image-preview":"max-image-preview:large","max-video-preview":"max-video-preview:-1"},"canonical":"https:\/\/www.p31noticias.com.br\/?p=26650","og_locale":"pt_BR","og_type":"article","og_title":"Consumidores est\u00e3o pagando mais barato pela conta de luz.","og_description":"O ministro de Minas e Energia, Adolfo Sachsida, apresenta um panorama sobre os impactos da redu\u00e7\u00e3o tarif\u00e1ria nas contas de luz. Consumidores est\u00e3o pagando mais barato pela conta de luz O ministro de Minas e Energia, Adolfo Sachsida, apresenta um panorama sobre os impactos da redu\u00e7\u00e3o tarif\u00e1ria nas contas de luz Consumidores de todo o [&hellip;]","og_url":"https:\/\/www.p31noticias.com.br\/?p=26650","og_site_name":"P31","article_published_time":"2022-10-19T17:27:04+00:00","article_modified_time":"2022-10-19T17:30:07+00:00","og_image":[{"width":861,"height":1189,"url":"https:\/\/www.p31noticias.com.br\/wp-content\/uploads\/2022\/10\/unnamed-2022-10-19T140911.386.jpg","type":"image\/jpeg"}],"author":"Gon\u00e7alves Junior","twitter_card":"summary_large_image","twitter_misc":{"Escrito por":"Gon\u00e7alves Junior","Est. tempo de leitura":"4 minutos"},"schema":{"@context":"https:\/\/schema.org","@graph":[{"@type":"Article","@id":"https:\/\/www.p31noticias.com.br\/?p=26650#article","isPartOf":{"@id":"https:\/\/www.p31noticias.com.br\/?p=26650"},"author":{"name":"Gon\u00e7alves Junior","@id":"https:\/\/www.p31noticias.com.br\/#\/schema\/person\/95f2ece30e3b4132065b915150cd0f94"},"headline":"Consumidores est\u00e3o pagando mais barato pela conta de luz.","datePublished":"2022-10-19T17:27:04+00:00","dateModified":"2022-10-19T17:30:07+00:00","mainEntityOfPage":{"@id":"https:\/\/www.p31noticias.com.br\/?p=26650"},"wordCount":831,"commentCount":0,"image":{"@id":"https:\/\/www.p31noticias.com.br\/?p=26650#primaryimage"},"thumbnailUrl":"https:\/\/www.p31noticias.com.br\/wp-content\/uploads\/2022\/10\/unnamed-2022-10-19T140911.386.jpg","articleSection":["Economia"],"inLanguage":"pt-BR","potentialAction":[{"@type":"CommentAction","name":"Comment","target":["https:\/\/www.p31noticias.com.br\/?p=26650#respond"]}],"copyrightYear":"2022","copyrightHolder":{"@id":"https:\/\/www.p31noticias.com.br\/#organization"}},{"@type":"WebPage","@id":"https:\/\/www.p31noticias.com.br\/?p=26650","url":"https:\/\/www.p31noticias.com.br\/?p=26650","name":"Consumidores est\u00e3o pagando mais barato pela conta de luz. - P31","isPartOf":{"@id":"https:\/\/www.p31noticias.com.br\/#website"},"primaryImageOfPage":{"@id":"https:\/\/www.p31noticias.com.br\/?p=26650#primaryimage"},"image":{"@id":"https:\/\/www.p31noticias.com.br\/?p=26650#primaryimage"},"thumbnailUrl":"https:\/\/www.p31noticias.com.br\/wp-content\/uploads\/2022\/10\/unnamed-2022-10-19T140911.386.jpg","datePublished":"2022-10-19T17:27:04+00:00","dateModified":"2022-10-19T17:30:07+00:00","author":{"@id":"https:\/\/www.p31noticias.com.br\/#\/schema\/person\/95f2ece30e3b4132065b915150cd0f94"},"breadcrumb":{"@id":"https:\/\/www.p31noticias.com.br\/?p=26650#breadcrumb"},"inLanguage":"pt-BR","potentialAction":[{"@type":"ReadAction","target":["https:\/\/www.p31noticias.com.br\/?p=26650"]}]},{"@type":"ImageObject","inLanguage":"pt-BR","@id":"https:\/\/www.p31noticias.com.br\/?p=26650#primaryimage","url":"https:\/\/www.p31noticias.com.br\/wp-content\/uploads\/2022\/10\/unnamed-2022-10-19T140911.386.jpg","contentUrl":"https:\/\/www.p31noticias.com.br\/wp-content\/uploads\/2022\/10\/unnamed-2022-10-19T140911.386.jpg","width":861,"height":1189,"caption":"Ministro de Minas e Energia, Adolfo Sachsida"},{"@type":"BreadcrumbList","@id":"https:\/\/www.p31noticias.com.br\/?p=26650#breadcrumb","itemListElement":[{"@type":"ListItem","position":1,"name":"In\u00edcio","item":"https:\/\/www.p31noticias.com.br\/"},{"@type":"ListItem","position":2,"name":"Consumidores est\u00e3o pagando mais barato pela conta de luz."}]},{"@type":"WebSite","@id":"https:\/\/www.p31noticias.com.br\/#website","url":"https:\/\/www.p31noticias.com.br\/","name":"P31","description":"NOT\u00cdCIAS","potentialAction":[{"@type":"SearchAction","target":{"@type":"EntryPoint","urlTemplate":"https:\/\/www.p31noticias.com.br\/?s={search_term_string}"},"query-input":{"@type":"PropertyValueSpecification","valueRequired":true,"valueName":"search_term_string"}}],"inLanguage":"pt-BR"},{"@type":"Person","@id":"https:\/\/www.p31noticias.com.br\/#\/schema\/person\/95f2ece30e3b4132065b915150cd0f94","name":"Gon\u00e7alves Junior","image":{"@type":"ImageObject","inLanguage":"pt-BR","@id":"https:\/\/secure.gravatar.com\/avatar\/6711f350116a89762687a48d66f723c799e5438a5b7578508d4294cd7a5d0800?s=96&d=mm&r=g","url":"https:\/\/secure.gravatar.com\/avatar\/6711f350116a89762687a48d66f723c799e5438a5b7578508d4294cd7a5d0800?s=96&d=mm&r=g","contentUrl":"https:\/\/secure.gravatar.com\/avatar\/6711f350116a89762687a48d66f723c799e5438a5b7578508d4294cd7a5d0800?s=96&d=mm&r=g","caption":"Gon\u00e7alves Junior"},"url":"https:\/\/www.p31noticias.com.br\/?author=2"}]}},"amp_enabled":true,"_links":{"self":[{"href":"https:\/\/www.p31noticias.com.br\/index.php?rest_route=\/wp\/v2\/posts\/26650","targetHints":{"allow":["GET"]}}],"collection":[{"href":"https:\/\/www.p31noticias.com.br\/index.php?rest_route=\/wp\/v2\/posts"}],"about":[{"href":"https:\/\/www.p31noticias.com.br\/index.php?rest_route=\/wp\/v2\/types\/post"}],"author":[{"embeddable":true,"href":"https:\/\/www.p31noticias.com.br\/index.php?rest_route=\/wp\/v2\/users\/2"}],"replies":[{"embeddable":true,"href":"https:\/\/www.p31noticias.com.br\/index.php?rest_route=%2Fwp%2Fv2%2Fcomments&post=26650"}],"version-history":[{"count":1,"href":"https:\/\/www.p31noticias.com.br\/index.php?rest_route=\/wp\/v2\/posts\/26650\/revisions"}],"predecessor-version":[{"id":26652,"href":"https:\/\/www.p31noticias.com.br\/index.php?rest_route=\/wp\/v2\/posts\/26650\/revisions\/26652"}],"wp:featuredmedia":[{"embeddable":true,"href":"https:\/\/www.p31noticias.com.br\/index.php?rest_route=\/wp\/v2\/media\/26651"}],"wp:attachment":[{"href":"https:\/\/www.p31noticias.com.br\/index.php?rest_route=%2Fwp%2Fv2%2Fmedia&parent=26650"}],"wp:term":[{"taxonomy":"category","embeddable":true,"href":"https:\/\/www.p31noticias.com.br\/index.php?rest_route=%2Fwp%2Fv2%2Fcategories&post=26650"},{"taxonomy":"post_tag","embeddable":true,"href":"https:\/\/www.p31noticias.com.br\/index.php?rest_route=%2Fwp%2Fv2%2Ftags&post=26650"}],"curies":[{"name":"wp","href":"https:\/\/api.w.org\/{rel}","templated":true}]}}