{"id":26632,"date":"2022-10-16T23:40:37","date_gmt":"2022-10-17T02:40:37","guid":{"rendered":"https:\/\/p31noticias.com.br\/?p=26632"},"modified":"2022-10-16T23:40:37","modified_gmt":"2022-10-17T02:40:37","slug":"bolsonaro-explora-corrupcao-do-governo-petista-e-lula-ataca-gestao-do-presidente-na-pandemia","status":"publish","type":"post","link":"https:\/\/www.p31noticias.com.br\/?p=26632","title":{"rendered":"Bolsonaro explora corrup\u00e7\u00e3o do governo petista, e Lula ataca gest\u00e3o do presidente na pandemia."},"content":{"rendered":"<p style=\"text-align: justify;\"><em><strong>No primeiro debate do 2\u00ba turno, candidatos chamam um ao outro de mentirosos; Bolsonaro assume o compromisso de n\u00e3o mudar a composi\u00e7\u00e3o do STF e ex-presidente n\u00e3o responde quem ser\u00e1 seu ministro da Economia.<\/strong><\/em><\/p>\n<p style=\"text-align: justify;\">O presidente<a href=\"https:\/\/jovempan.com.br\/tag\/jair-bolsonaro\">\u00a0<b>Jair Bolsonaro<\/b><\/a>\u00a0(PL), candidato \u00e0 reelei\u00e7\u00e3o, e o ex-presidente<a href=\"https:\/\/jovempan.com.br\/tag\/lula\">\u00a0<b>Luiz In\u00e1cio Lula da Silva<\/b><\/a> (PT) se enfrentaram neste domingo, no debate promovido pelo pool de ve\u00edculos formado pelo Grupo Bandeirantes, a Folha de S.Paulo, o UOL e a TV Cultura. Na primeira vez em que ficaram frente a frente em um embate direto, sem a presen\u00e7a de coadjuvantes, os advers\u00e1rios protagonizaram uma s\u00e9rie de trocas de farpas, discuss\u00f5es e acusa\u00e7\u00f5es m\u00fatuas de corrup\u00e7\u00e3o. O atual chefe do Executivo, por exemplo, iniciou sua primeira fala acusando parlamentares do Partido dos Trabalhadores (PT) de terem votado contra a amplia\u00e7\u00e3o do Aux\u00edlio Brasil para R$ 400 mensais \u2013 o que foi desmentido pelo petista. \u201cS\u00f3 de aux\u00edlio emergencial gastamos o equivalente a 15 anos de Bolsa Fam\u00edlia. Eu tinha vergonha de ver as pessoas mais humildes, especialmente no interior do Nordeste, come\u00e7ando a receber R$ 42. Se podia dar algo melhor, por que n\u00e3o deu l\u00e1 atr\u00e1s\u201d, questionou o presidente, em claro aceno ao eleitorado nordestino, que majoritariamente votou em Lula no primeiro turno. Em outros pontos, o presidente tamb\u00e9m falou sobre a visita do petista ao Complexo do Alem\u00e3o, afirmando que \u201cn\u00e3o tinha um policial acompanhando, apenas traficantes\u201d, e questionou Lula sobre Petrol\u00e3o, falando em \u201cmaior esc\u00e2ndalo da hist\u00f3ria da humidade\u201d. \u201cLula, voc\u00ea tem muito a falar sobre corrup\u00e7\u00e3o. A responsabilidade pela corrup\u00e7\u00e3o no Brasil foi sua\u201d, disse Bolsonaro.<\/p>\n<div id=\"root\">\n<div class=\"App\">\n<p>&nbsp;<\/p>\n<div id=\"wrap\">\n<div id=\"main_content\">\n<div class=\"post-template-default single single-post postid-1325560 single-format-standard container gllr_jovempan.com.br postname-bolsonaro-explora-corrupcao-do-governo-petista-e-lula-ataca-gestao-do-presidente-na-pandemia single-eleicoes-2022 parent-politica parent-noticias\">\n<div class=\"row position-relative\">\n<div class=\"main col-md-8\" role=\"main\">\n<article id=\"post-1325560\" class=\"post-1325560 post type-post status-publish format-standard has-post-thumbnail hentry category-eleicoes-2022 tag-eleicoes-2022 tag-jair-bolsonaro tag-lula\">\n<div class=\"context\">\n<p style=\"text-align: justify;\">Por sua vez, o ex-presidente Lula iniciou suas falas questionando se o presidente da Rep\u00fablica n\u00e3o sente o \u201cpeso das 400\u00a0 mil mortes\u201d pela Covid-19 que, segundo ele, poderiam ser evitadas, caso a compra das vacinas tivesse\u00a0 sido mais r\u00e1pida. \u201cAtrasou a vacina, teve processo de corrup\u00e7\u00e3o denunciado pela CPI. A sua neglig\u00eancia fez que 380 mil pessoas morressem. O senhor n\u00e3o cuidou [da popula\u00e7\u00e3o]. Debochou, riu, disse que quem tomasse vacina virava jacar\u00e9, gozou das pessoas morrendo sem oxig\u00eanio\u201d, disse o candidato do PT, que voltou a criticar a\u00e7\u00f5es de Bolsonaro na pandemia: \u201cVoc\u00ea poderia ter comprado vacinas antes. Tratava a pandemia como uma gripezinha, colocou sigilo no seu cart\u00e3o de vacina\u201d, concluiu. Outro momento, Luiz In\u00e1cio chamou Jair Bolsonaro de \u201crei das fake news\u201d e questionou o presidente a respeito de quantas universidades e escolas t\u00e9cnicas a atual gest\u00e3o construiu, pergunta n\u00e3o respondida pelo presidente. \u201d Bolsonaro n\u00e3o quer dizer que vergonhosamente ele s\u00f3 fez uma universidade no Tocantins, que a Dilma j\u00e1 tinha aprovado.\u201d Lula tamb\u00e9m se colocou como respons\u00e1vel pela maior pol\u00edtica de infraestrutura, criticou o atual governo pelo\u00a0<a href=\"https:\/\/jovempan.com.br\/tag\/desmatamento\"><strong>desmatamento<\/strong><\/a>\u00a0na Amaz\u00f4nia e falou sobre esc\u00e2ndalos de corrup\u00e7\u00e3o do atual governo. \u201cPovo n\u00e3o quer algu\u00e9m que compre 51 im\u00f3veis com dinheiro vivo, que gaste R$36 milh\u00f5es no cart\u00e3o [corporativo]. O povo n\u00e3o quer rachadinhas, o [Fabr\u00edcio] Queiroz ainda est\u00e1 escondido. Votar a cena do crime? Lula vai voltar a cuidar do povo brasileiro, porque o povo precisa e voc\u00ea sabe que eu sei cuidar do povo\u201d, finalizou.<\/p>\n<p style=\"text-align: justify;\">Entre os momentos de confronto direto, Lula tamb\u00e9m rebateu Bolsonaro sobre a paternidade da transposi\u00e7\u00e3o do Rio S\u00e3o Francisco, afirmando que, na realidade, seu governo foi respons\u00e1vel por 88% das obras\u00a0 e a atual gest\u00e3o, apenas por 3,5%. \u201d Voc\u00ea acha que algu\u00e9m acredita que foi voc\u00ea que levou \u00e1gua? N\u00e3o tem um projeto seu. Quando era deputado nunca fez um discurso contra o governo Lula. Ele n\u00e3o fez porque no fundo sabe que fui o presidente que mais cuidei do pa\u00eds\u201d, disse o petista. Outro momento acalorado foi quando o atual chefe do Executivo questionou o motivo do petista n\u00e3o ter transferido Marcos Willians Herbas Camacho, o Marcola, l\u00edder do PCC, para um pres\u00eddio federal, quando era presidente. \u201cTeve que eu chegar junto com Sergio Moro para tirar Marcola e mandasse para um pres\u00eddio federal. Por que n\u00e3o transferiu? Era simpatia, amizade?\u201d, questionou Jair Bolsonaro, citando a morte de 59 policiais no per\u00edodo. Em resposta, Luiz In\u00e1cio disse que o advers\u00e1rio sabe que o governo do PT criou cinco pris\u00f5es de seguran\u00e7a m\u00e1xima. \u201cQuantos voc\u00ea fez? Nenhum\u201d. L\u00edder das pesquisas de inten\u00e7\u00f5es de votos no segundo turno, o candidato do PT foi ainda questionado quem ser\u00e1 o seu ministro da Economia, se eleito, mas n\u00e3o respondeu.<\/p>\n<p style=\"text-align: justify;\">Ao longo do debate, ambos candidatos tamb\u00e9m responderam perguntas de jornalistas a cerca de temas diversos. A primeira pergunta foi a respeito da cria\u00e7\u00e3o de novas vagas ao\u00a0<a href=\"https:\/\/jovempan.com.br\/tag\/stf\"><strong>Supremo Tribunal Federal<\/strong>\u00a0<\/a>e se os advers\u00e1rios se comprometeram a n\u00e3o aumentar o n\u00famero de ministros, o que ambos confirmaram. Bolsonaro tamb\u00e9m falou sobre a pol\u00edtica de pre\u00e7os dos combust\u00edveis, defendendo a redu\u00e7\u00e3o do ICMS, citando defla\u00e7\u00e3o pelo terceiro m\u00eas consecutivo e falou em \u201cBrasil no caminho certo com Paulo Guedes\u201d, ministro da Economia. Sobre a poss\u00edvel privatiza\u00e7\u00e3o da\u00a0<a href=\"https:\/\/jovempan.com.br\/tag\/petrobras\"><b>Petrobras<\/b><\/a>\u00a0e valores dos combust\u00edveis, Lula respondeu que o pre\u00e7o n\u00e3o deve ser dolarizado e se posicionou contra a venda da estatal. \u201cPrivatiza\u00e7\u00e3o n\u00e3o \u00e9 solu\u00e7\u00e3o para nada\u201d, disse o petista. Em outra quest\u00e3o da imprensa, a respeito de fake news de ambas campanhas, o candidato do PT defendeu que as propagandas eleitorais sejam reguladas e falou em combater a divulga\u00e7\u00e3o de not\u00edcias falsas. J\u00e1 Bolsonaro usou sua resposta para comentar sobre as acusa\u00e7\u00f5es de pedofilia que repercutiram nas redes sociais durante o final de semana, ap\u00f3s o presidente falar em um podcast que \u201cpintou um clima com meninas de 14, 15 anos\u201d. \u201cVoc\u00ea n\u00e3o tem o que falar do seu passado, que n\u00e3o tem nada que presta. S\u00f3 quer denegrir os outros\u201d, disse o presidente.<\/p>\n<p style=\"text-align: justify;\">Antes mesmo do debate come\u00e7ar, Bolsonaro j\u00e1 havia comentado sobre o suposto caso de pedofilia. Em conversa com a imprensa, o presidente falou em \u201cacusa\u00e7\u00e3o infame e s\u00f3rdida\u201d e culpou Gleisi Hoffmann, presidente do Partido dos Trabalhadores, por ter \u201cpotencializado\u201d o assunto \u2013 que ele nega ser ver\u00eddico. \u201cTentaram me atingir naquilo que \u00e9 mais sagrado a mim: a defesa da fam\u00edlia e das crian\u00e7as\u201d, afirmou o presidente. Segundo Bolsonaro, o presidente do Tribunal Superior Eleitoral (TSE), ministro Alexandre de Moraes, assinou despacho pela retirada de todos conte\u00fados que fa\u00e7am men\u00e7\u00e3o \u00e0 acusa\u00e7\u00e3o, afirmando que a fala foi \u201csabidamente inver\u00eddico, com grave descontextualiza\u00e7\u00e3o e aparente finalidade de vincular a figura do candidato ao cometimento de crime sexual\u201d.<\/p>\n<p style=\"text-align: justify;\">Ao longo do debate, ambos candidatos tamb\u00e9m responderam perguntas de jornalistas a cerca de temas diversos. A primeira pergunta foi a respeito da cria\u00e7\u00e3o de novas vagas ao\u00a0<a href=\"https:\/\/jovempan.com.br\/tag\/stf\"><strong>Supremo Tribunal Federal<\/strong>\u00a0<\/a>e se os advers\u00e1rios se comprometeram a n\u00e3o aumentar o n\u00famero de ministros, o que ambos confirmaram. Bolsonaro tamb\u00e9m falou sobre a pol\u00edtica de pre\u00e7os dos combust\u00edveis, defendendo a redu\u00e7\u00e3o do ICMS, citando defla\u00e7\u00e3o pelo terceiro m\u00eas consecutivo e falou em \u201cBrasil no caminho certo com Paulo Guedes\u201d, ministro da Economia. Sobre a poss\u00edvel privatiza\u00e7\u00e3o da\u00a0<a href=\"https:\/\/jovempan.com.br\/tag\/petrobras\"><b>Petrobras<\/b><\/a>\u00a0e valores dos combust\u00edveis, Lula respondeu que o pre\u00e7o n\u00e3o deve ser dolarizado e se posicionou contra a venda da estatal. \u201cPrivatiza\u00e7\u00e3o n\u00e3o \u00e9 solu\u00e7\u00e3o para nada\u201d, disse o petista. Em outra quest\u00e3o da imprensa, a respeito de fake news de ambas campanhas, o candidato do PT defendeu que as propagandas eleitorais sejam reguladas e falou em combater a divulga\u00e7\u00e3o de not\u00edcias falsas. J\u00e1 Bolsonaro usou sua resposta para comentar sobre as acusa\u00e7\u00f5es de pedofilia que repercutiram nas redes sociais durante o final de semana, ap\u00f3s o presidente falar em um podcast que \u201cpintou um clima com meninas de 14, 15 anos\u201d. \u201cVoc\u00ea n\u00e3o tem o que falar do seu passado, que n\u00e3o tem nada que presta. S\u00f3 quer denegrir os outros\u201d, disse o presidente.<\/p>\n<p style=\"text-align: justify;\">Antes mesmo do debate come\u00e7ar, Bolsonaro j\u00e1 havia comentado sobre o suposto caso de pedofilia. Em conversa com a imprensa, o presidente falou em \u201cacusa\u00e7\u00e3o infame e s\u00f3rdida\u201d e culpou Gleisi Hoffmann, presidente do Partido dos Trabalhadores, por ter \u201cpotencializado\u201d o assunto \u2013 que ele nega ser ver\u00eddico. \u201cTentaram me atingir naquilo que \u00e9 mais sagrado a mim: a defesa da fam\u00edlia e das crian\u00e7as\u201d, afirmou o presidente. Segundo Bolsonaro, o presidente do Tribunal Superior Eleitoral (TSE), ministro Alexandre de Moraes, assinou despacho pela retirada de todos conte\u00fados que fa\u00e7am men\u00e7\u00e3o \u00e0 acusa\u00e7\u00e3o, afirmando que a fala foi \u201csabidamente inver\u00eddico, com grave descontextualiza\u00e7\u00e3o e aparente finalidade de vincular a figura do candidato ao cometimento de crime sexual\u201d.<\/p>\n<div class=\"clearfix text-center advert\">\n<div id=\"ad-middle2\" class=\"ads-gam\">JP NEWS.<\/div>\n<\/div>\n<\/div>\n<\/article>\n<\/div>\n<\/div>\n<\/div>\n<\/div>\n<\/div>\n<\/div>\n<\/div>\n","protected":false},"excerpt":{"rendered":"<p>No primeiro debate do 2\u00ba turno, candidatos chamam um ao outro de mentirosos; Bolsonaro assume o compromisso de n\u00e3o mudar a composi\u00e7\u00e3o do STF e ex-presidente n\u00e3o responde quem ser\u00e1 seu ministro da Economia. O presidente\u00a0Jair Bolsonaro\u00a0(PL), candidato \u00e0 reelei\u00e7\u00e3o, e o ex-presidente\u00a0Luiz In\u00e1cio Lula da Silva (PT) se enfrentaram neste domingo, no debate promovido [&hellip;]<\/p>\n","protected":false},"author":2,"featured_media":26633,"comment_status":"open","ping_status":"open","sticky":false,"template":"","format":"standard","meta":{"footnotes":""},"categories":[57],"tags":[],"class_list":{"0":"post-26632","1":"post","2":"type-post","3":"status-publish","4":"format-standard","5":"has-post-thumbnail","7":"category-politica"},"yoast_head":"<!-- This site is optimized with the Yoast SEO Premium plugin v24.5 (Yoast SEO v27.5) - https:\/\/yoast.com\/product\/yoast-seo-premium-wordpress\/ -->\n<title>Bolsonaro explora corrup\u00e7\u00e3o do governo petista, e Lula ataca gest\u00e3o do presidente na pandemia. - P31<\/title>\n<meta name=\"robots\" content=\"index, follow, max-snippet:-1, max-image-preview:large, max-video-preview:-1\" \/>\n<link rel=\"canonical\" href=\"https:\/\/www.p31noticias.com.br\/?p=26632\" \/>\n<meta property=\"og:locale\" content=\"pt_BR\" \/>\n<meta property=\"og:type\" content=\"article\" \/>\n<meta property=\"og:title\" content=\"Bolsonaro explora corrup\u00e7\u00e3o do governo petista, e Lula ataca gest\u00e3o do presidente na pandemia.\" \/>\n<meta property=\"og:description\" content=\"No primeiro debate do 2\u00ba turno, candidatos chamam um ao outro de mentirosos; Bolsonaro assume o compromisso de n\u00e3o mudar a composi\u00e7\u00e3o do STF e ex-presidente n\u00e3o responde quem ser\u00e1 seu ministro da Economia. O presidente\u00a0Jair Bolsonaro\u00a0(PL), candidato \u00e0 reelei\u00e7\u00e3o, e o ex-presidente\u00a0Luiz In\u00e1cio Lula da Silva (PT) se enfrentaram neste domingo, no debate promovido [&hellip;]\" \/>\n<meta property=\"og:url\" content=\"https:\/\/www.p31noticias.com.br\/?p=26632\" \/>\n<meta property=\"og:site_name\" content=\"P31\" \/>\n<meta property=\"article:published_time\" content=\"2022-10-17T02:40:37+00:00\" \/>\n<meta property=\"og:image\" content=\"https:\/\/www.p31noticias.com.br\/wp-content\/uploads\/2022\/10\/fotografia-19-750x450-1.png\" \/>\n\t<meta property=\"og:image:width\" content=\"750\" \/>\n\t<meta property=\"og:image:height\" content=\"450\" \/>\n\t<meta property=\"og:image:type\" content=\"image\/png\" \/>\n<meta name=\"author\" content=\"Gon\u00e7alves Junior\" \/>\n<meta name=\"twitter:card\" content=\"summary_large_image\" \/>\n<meta name=\"twitter:label1\" content=\"Escrito por\" \/>\n\t<meta name=\"twitter:data1\" content=\"Gon\u00e7alves Junior\" \/>\n\t<meta name=\"twitter:label2\" content=\"Est. tempo de leitura\" \/>\n\t<meta name=\"twitter:data2\" content=\"8 minutos\" \/>\n<script type=\"application\/ld+json\" class=\"yoast-schema-graph\">{\"@context\":\"https:\\\/\\\/schema.org\",\"@graph\":[{\"@type\":\"Article\",\"@id\":\"https:\\\/\\\/www.p31noticias.com.br\\\/?p=26632#article\",\"isPartOf\":{\"@id\":\"https:\\\/\\\/www.p31noticias.com.br\\\/?p=26632\"},\"author\":{\"name\":\"Gon\u00e7alves Junior\",\"@id\":\"https:\\\/\\\/www.p31noticias.com.br\\\/#\\\/schema\\\/person\\\/95f2ece30e3b4132065b915150cd0f94\"},\"headline\":\"Bolsonaro explora corrup\u00e7\u00e3o do governo petista, e Lula ataca gest\u00e3o do presidente na pandemia.\",\"datePublished\":\"2022-10-17T02:40:37+00:00\",\"mainEntityOfPage\":{\"@id\":\"https:\\\/\\\/www.p31noticias.com.br\\\/?p=26632\"},\"wordCount\":1532,\"commentCount\":0,\"image\":{\"@id\":\"https:\\\/\\\/www.p31noticias.com.br\\\/?p=26632#primaryimage\"},\"thumbnailUrl\":\"https:\\\/\\\/www.p31noticias.com.br\\\/wp-content\\\/uploads\\\/2022\\\/10\\\/fotografia-19-750x450-1.png\",\"articleSection\":[\"Pol\u00edtica\"],\"inLanguage\":\"pt-BR\",\"potentialAction\":[{\"@type\":\"CommentAction\",\"name\":\"Comment\",\"target\":[\"https:\\\/\\\/www.p31noticias.com.br\\\/?p=26632#respond\"]}],\"copyrightYear\":\"2022\",\"copyrightHolder\":{\"@id\":\"https:\\\/\\\/www.p31noticias.com.br\\\/#organization\"}},{\"@type\":\"WebPage\",\"@id\":\"https:\\\/\\\/www.p31noticias.com.br\\\/?p=26632\",\"url\":\"https:\\\/\\\/www.p31noticias.com.br\\\/?p=26632\",\"name\":\"Bolsonaro explora corrup\u00e7\u00e3o do governo petista, e Lula ataca gest\u00e3o do presidente na pandemia. - P31\",\"isPartOf\":{\"@id\":\"https:\\\/\\\/www.p31noticias.com.br\\\/#website\"},\"primaryImageOfPage\":{\"@id\":\"https:\\\/\\\/www.p31noticias.com.br\\\/?p=26632#primaryimage\"},\"image\":{\"@id\":\"https:\\\/\\\/www.p31noticias.com.br\\\/?p=26632#primaryimage\"},\"thumbnailUrl\":\"https:\\\/\\\/www.p31noticias.com.br\\\/wp-content\\\/uploads\\\/2022\\\/10\\\/fotografia-19-750x450-1.png\",\"datePublished\":\"2022-10-17T02:40:37+00:00\",\"author\":{\"@id\":\"https:\\\/\\\/www.p31noticias.com.br\\\/#\\\/schema\\\/person\\\/95f2ece30e3b4132065b915150cd0f94\"},\"breadcrumb\":{\"@id\":\"https:\\\/\\\/www.p31noticias.com.br\\\/?p=26632#breadcrumb\"},\"inLanguage\":\"pt-BR\",\"potentialAction\":[{\"@type\":\"ReadAction\",\"target\":[\"https:\\\/\\\/www.p31noticias.com.br\\\/?p=26632\"]}]},{\"@type\":\"ImageObject\",\"inLanguage\":\"pt-BR\",\"@id\":\"https:\\\/\\\/www.p31noticias.com.br\\\/?p=26632#primaryimage\",\"url\":\"https:\\\/\\\/www.p31noticias.com.br\\\/wp-content\\\/uploads\\\/2022\\\/10\\\/fotografia-19-750x450-1.png\",\"contentUrl\":\"https:\\\/\\\/www.p31noticias.com.br\\\/wp-content\\\/uploads\\\/2022\\\/10\\\/fotografia-19-750x450-1.png\",\"width\":750,\"height\":450},{\"@type\":\"BreadcrumbList\",\"@id\":\"https:\\\/\\\/www.p31noticias.com.br\\\/?p=26632#breadcrumb\",\"itemListElement\":[{\"@type\":\"ListItem\",\"position\":1,\"name\":\"In\u00edcio\",\"item\":\"https:\\\/\\\/www.p31noticias.com.br\\\/\"},{\"@type\":\"ListItem\",\"position\":2,\"name\":\"Bolsonaro explora corrup\u00e7\u00e3o do governo petista, e Lula ataca gest\u00e3o do presidente na pandemia.\"}]},{\"@type\":\"WebSite\",\"@id\":\"https:\\\/\\\/www.p31noticias.com.br\\\/#website\",\"url\":\"https:\\\/\\\/www.p31noticias.com.br\\\/\",\"name\":\"P31\",\"description\":\"NOT\u00cdCIAS\",\"potentialAction\":[{\"@type\":\"SearchAction\",\"target\":{\"@type\":\"EntryPoint\",\"urlTemplate\":\"https:\\\/\\\/www.p31noticias.com.br\\\/?s={search_term_string}\"},\"query-input\":{\"@type\":\"PropertyValueSpecification\",\"valueRequired\":true,\"valueName\":\"search_term_string\"}}],\"inLanguage\":\"pt-BR\"},{\"@type\":\"Person\",\"@id\":\"https:\\\/\\\/www.p31noticias.com.br\\\/#\\\/schema\\\/person\\\/95f2ece30e3b4132065b915150cd0f94\",\"name\":\"Gon\u00e7alves Junior\",\"image\":{\"@type\":\"ImageObject\",\"inLanguage\":\"pt-BR\",\"@id\":\"https:\\\/\\\/secure.gravatar.com\\\/avatar\\\/6711f350116a89762687a48d66f723c799e5438a5b7578508d4294cd7a5d0800?s=96&d=mm&r=g\",\"url\":\"https:\\\/\\\/secure.gravatar.com\\\/avatar\\\/6711f350116a89762687a48d66f723c799e5438a5b7578508d4294cd7a5d0800?s=96&d=mm&r=g\",\"contentUrl\":\"https:\\\/\\\/secure.gravatar.com\\\/avatar\\\/6711f350116a89762687a48d66f723c799e5438a5b7578508d4294cd7a5d0800?s=96&d=mm&r=g\",\"caption\":\"Gon\u00e7alves Junior\"},\"url\":\"https:\\\/\\\/www.p31noticias.com.br\\\/?author=2\"}]}<\/script>\n<!-- \/ Yoast SEO Premium plugin. -->","yoast_head_json":{"title":"Bolsonaro explora corrup\u00e7\u00e3o do governo petista, e Lula ataca gest\u00e3o do presidente na pandemia. - P31","robots":{"index":"index","follow":"follow","max-snippet":"max-snippet:-1","max-image-preview":"max-image-preview:large","max-video-preview":"max-video-preview:-1"},"canonical":"https:\/\/www.p31noticias.com.br\/?p=26632","og_locale":"pt_BR","og_type":"article","og_title":"Bolsonaro explora corrup\u00e7\u00e3o do governo petista, e Lula ataca gest\u00e3o do presidente na pandemia.","og_description":"No primeiro debate do 2\u00ba turno, candidatos chamam um ao outro de mentirosos; Bolsonaro assume o compromisso de n\u00e3o mudar a composi\u00e7\u00e3o do STF e ex-presidente n\u00e3o responde quem ser\u00e1 seu ministro da Economia. O presidente\u00a0Jair Bolsonaro\u00a0(PL), candidato \u00e0 reelei\u00e7\u00e3o, e o ex-presidente\u00a0Luiz In\u00e1cio Lula da Silva (PT) se enfrentaram neste domingo, no debate promovido [&hellip;]","og_url":"https:\/\/www.p31noticias.com.br\/?p=26632","og_site_name":"P31","article_published_time":"2022-10-17T02:40:37+00:00","og_image":[{"width":750,"height":450,"url":"https:\/\/www.p31noticias.com.br\/wp-content\/uploads\/2022\/10\/fotografia-19-750x450-1.png","type":"image\/png"}],"author":"Gon\u00e7alves Junior","twitter_card":"summary_large_image","twitter_misc":{"Escrito por":"Gon\u00e7alves Junior","Est. tempo de leitura":"8 minutos"},"schema":{"@context":"https:\/\/schema.org","@graph":[{"@type":"Article","@id":"https:\/\/www.p31noticias.com.br\/?p=26632#article","isPartOf":{"@id":"https:\/\/www.p31noticias.com.br\/?p=26632"},"author":{"name":"Gon\u00e7alves Junior","@id":"https:\/\/www.p31noticias.com.br\/#\/schema\/person\/95f2ece30e3b4132065b915150cd0f94"},"headline":"Bolsonaro explora corrup\u00e7\u00e3o do governo petista, e Lula ataca gest\u00e3o do presidente na pandemia.","datePublished":"2022-10-17T02:40:37+00:00","mainEntityOfPage":{"@id":"https:\/\/www.p31noticias.com.br\/?p=26632"},"wordCount":1532,"commentCount":0,"image":{"@id":"https:\/\/www.p31noticias.com.br\/?p=26632#primaryimage"},"thumbnailUrl":"https:\/\/www.p31noticias.com.br\/wp-content\/uploads\/2022\/10\/fotografia-19-750x450-1.png","articleSection":["Pol\u00edtica"],"inLanguage":"pt-BR","potentialAction":[{"@type":"CommentAction","name":"Comment","target":["https:\/\/www.p31noticias.com.br\/?p=26632#respond"]}],"copyrightYear":"2022","copyrightHolder":{"@id":"https:\/\/www.p31noticias.com.br\/#organization"}},{"@type":"WebPage","@id":"https:\/\/www.p31noticias.com.br\/?p=26632","url":"https:\/\/www.p31noticias.com.br\/?p=26632","name":"Bolsonaro explora corrup\u00e7\u00e3o do governo petista, e Lula ataca gest\u00e3o do presidente na pandemia. - P31","isPartOf":{"@id":"https:\/\/www.p31noticias.com.br\/#website"},"primaryImageOfPage":{"@id":"https:\/\/www.p31noticias.com.br\/?p=26632#primaryimage"},"image":{"@id":"https:\/\/www.p31noticias.com.br\/?p=26632#primaryimage"},"thumbnailUrl":"https:\/\/www.p31noticias.com.br\/wp-content\/uploads\/2022\/10\/fotografia-19-750x450-1.png","datePublished":"2022-10-17T02:40:37+00:00","author":{"@id":"https:\/\/www.p31noticias.com.br\/#\/schema\/person\/95f2ece30e3b4132065b915150cd0f94"},"breadcrumb":{"@id":"https:\/\/www.p31noticias.com.br\/?p=26632#breadcrumb"},"inLanguage":"pt-BR","potentialAction":[{"@type":"ReadAction","target":["https:\/\/www.p31noticias.com.br\/?p=26632"]}]},{"@type":"ImageObject","inLanguage":"pt-BR","@id":"https:\/\/www.p31noticias.com.br\/?p=26632#primaryimage","url":"https:\/\/www.p31noticias.com.br\/wp-content\/uploads\/2022\/10\/fotografia-19-750x450-1.png","contentUrl":"https:\/\/www.p31noticias.com.br\/wp-content\/uploads\/2022\/10\/fotografia-19-750x450-1.png","width":750,"height":450},{"@type":"BreadcrumbList","@id":"https:\/\/www.p31noticias.com.br\/?p=26632#breadcrumb","itemListElement":[{"@type":"ListItem","position":1,"name":"In\u00edcio","item":"https:\/\/www.p31noticias.com.br\/"},{"@type":"ListItem","position":2,"name":"Bolsonaro explora corrup\u00e7\u00e3o do governo petista, e Lula ataca gest\u00e3o do presidente na pandemia."}]},{"@type":"WebSite","@id":"https:\/\/www.p31noticias.com.br\/#website","url":"https:\/\/www.p31noticias.com.br\/","name":"P31","description":"NOT\u00cdCIAS","potentialAction":[{"@type":"SearchAction","target":{"@type":"EntryPoint","urlTemplate":"https:\/\/www.p31noticias.com.br\/?s={search_term_string}"},"query-input":{"@type":"PropertyValueSpecification","valueRequired":true,"valueName":"search_term_string"}}],"inLanguage":"pt-BR"},{"@type":"Person","@id":"https:\/\/www.p31noticias.com.br\/#\/schema\/person\/95f2ece30e3b4132065b915150cd0f94","name":"Gon\u00e7alves Junior","image":{"@type":"ImageObject","inLanguage":"pt-BR","@id":"https:\/\/secure.gravatar.com\/avatar\/6711f350116a89762687a48d66f723c799e5438a5b7578508d4294cd7a5d0800?s=96&d=mm&r=g","url":"https:\/\/secure.gravatar.com\/avatar\/6711f350116a89762687a48d66f723c799e5438a5b7578508d4294cd7a5d0800?s=96&d=mm&r=g","contentUrl":"https:\/\/secure.gravatar.com\/avatar\/6711f350116a89762687a48d66f723c799e5438a5b7578508d4294cd7a5d0800?s=96&d=mm&r=g","caption":"Gon\u00e7alves Junior"},"url":"https:\/\/www.p31noticias.com.br\/?author=2"}]}},"amp_enabled":true,"_links":{"self":[{"href":"https:\/\/www.p31noticias.com.br\/index.php?rest_route=\/wp\/v2\/posts\/26632","targetHints":{"allow":["GET"]}}],"collection":[{"href":"https:\/\/www.p31noticias.com.br\/index.php?rest_route=\/wp\/v2\/posts"}],"about":[{"href":"https:\/\/www.p31noticias.com.br\/index.php?rest_route=\/wp\/v2\/types\/post"}],"author":[{"embeddable":true,"href":"https:\/\/www.p31noticias.com.br\/index.php?rest_route=\/wp\/v2\/users\/2"}],"replies":[{"embeddable":true,"href":"https:\/\/www.p31noticias.com.br\/index.php?rest_route=%2Fwp%2Fv2%2Fcomments&post=26632"}],"version-history":[{"count":1,"href":"https:\/\/www.p31noticias.com.br\/index.php?rest_route=\/wp\/v2\/posts\/26632\/revisions"}],"predecessor-version":[{"id":26634,"href":"https:\/\/www.p31noticias.com.br\/index.php?rest_route=\/wp\/v2\/posts\/26632\/revisions\/26634"}],"wp:featuredmedia":[{"embeddable":true,"href":"https:\/\/www.p31noticias.com.br\/index.php?rest_route=\/wp\/v2\/media\/26633"}],"wp:attachment":[{"href":"https:\/\/www.p31noticias.com.br\/index.php?rest_route=%2Fwp%2Fv2%2Fmedia&parent=26632"}],"wp:term":[{"taxonomy":"category","embeddable":true,"href":"https:\/\/www.p31noticias.com.br\/index.php?rest_route=%2Fwp%2Fv2%2Fcategories&post=26632"},{"taxonomy":"post_tag","embeddable":true,"href":"https:\/\/www.p31noticias.com.br\/index.php?rest_route=%2Fwp%2Fv2%2Ftags&post=26632"}],"curies":[{"name":"wp","href":"https:\/\/api.w.org\/{rel}","templated":true}]}}