{"id":26629,"date":"2022-10-16T23:26:48","date_gmt":"2022-10-17T02:26:48","guid":{"rendered":"https:\/\/p31noticias.com.br\/?p=26629"},"modified":"2022-10-16T23:26:48","modified_gmt":"2022-10-17T02:26:48","slug":"quarto-lote-dos-beneficios-taxista-e-caminhoneiro-comeca-a-ser-pago-na-terca-feira-18","status":"publish","type":"post","link":"https:\/\/www.p31noticias.com.br\/?p=26629","title":{"rendered":"Quarto lote dos Benef\u00edcios Taxista e Caminhoneiro come\u00e7a a ser pago na ter\u00e7a-feira (18)."},"content":{"rendered":"<p style=\"font-weight: 400; text-align: justify;\"><strong><em>Mais de 683 mil profissionais taxistas e transportadores aut\u00f4nomos de carga j\u00e1 foram beneficiados com o pagamento dos tr\u00eas lotes anteriores.<\/em><\/strong><\/p>\n<p style=\"font-weight: 400; text-align: justify;\">O pagamento do quarto lote do Benef\u00edcio Taxista e do Benef\u00edcio Caminhoneiro-TAC, referente ao m\u00eas de outubro, come\u00e7a a ser pago na ter\u00e7a-feira (18). Para ter direito ao recebimento, o caminhoneiro deve ter feito a autodeclara\u00e7\u00e3o de transportador aut\u00f4nomo de carga at\u00e9 o dia 7 de outubro. A mesma data limite foi estipulada para as prefeituras realizarem o cadastro dos taxistas. Cada parcela mensal tem o valor de R\uff04\u00a01 mil.<\/p>\n<p style=\"font-weight: 400; text-align: justify;\">A antecipa\u00e7\u00e3o do calend\u00e1rio de pagamento faz parte de uma reprograma\u00e7\u00e3o feita pelo Minist\u00e9rio do Trabalho e Previd\u00eancia e poder\u00e1 permitir a concess\u00e3o de uma parcela extra aos motoristas de taxi de todo o pa\u00eds ainda no m\u00eas de dezembro. O objetivo \u00e9 utilizar todo o recurso destinado ao benef\u00edcio, conforme estabelecido pela Emenda Constitucional n\u00ba 123\/22.<\/p>\n<p style=\"font-weight: 400; text-align: justify;\">De acordo com a reprograma\u00e7\u00e3o, o quinto lote \u2013 referente ao m\u00eas de novembro \u2013 ser\u00e1 pago no dia 19 do pr\u00f3ximo m\u00eas. Os caminhoneiros ainda n\u00e3o cadastrados e que preencham os requisitos do Benef\u00edcio, devem preencher a autodeclara\u00e7\u00e3o de transportador aut\u00f4nomo de carga at\u00e9 \u00e0s 18h do dia 7 de novembro. Tamb\u00e9m \u00e9 necess\u00e1rio estar\u00a0 com cadastro ativo no Registro Nacional de Transportadores Rodovi\u00e1rios de Cargas (RNTR-C), da Ag\u00eancia Nacional de Transportes Terrestres (ANTT). As prefeituras tamb\u00e9m devem enviar informa\u00e7\u00f5es de cadastro dos taxistas at\u00e9 o dia 7 de novembro. O processamento das informa\u00e7\u00f5es pela Dataprev, para identifica\u00e7\u00e3o dos eleg\u00edveis, ocorrer\u00e1 no per\u00edodo de 9 a 15 de novembro.<\/p>\n<p style=\"font-weight: 400; text-align: justify;\">O pagamento referente ao m\u00eas de dezembro, o sexto e \u00faltimo lote, est\u00e1 previsto para o dia 10 de dezembro. Os sistemas estar\u00e3o abertos para receber os cadastros dos caminhoneiros e taxistas at\u00e9 \u00e0s 18h do dia 28 de novembro. O processamento pela Dataprev ser\u00e1 realizado entre 30 de novembro e 6 de dezembro.<\/p>\n<p style=\"font-weight: 400; text-align: justify;\">Os motoristas de t\u00e1xi e caminh\u00e3o que tiverem em situa\u00e7\u00e3o regular no sistema, at\u00e9 a previs\u00e3o de pagamento do benef\u00edcio, at\u00e9 dezembro, receber\u00e3o todas as parcelas.<\/p>\n<p><img decoding=\"async\" src=\"https:\/\/mail.google.com\/mail\/u\/0?ui=2&amp;ik=e51c0b2605&amp;attid=0.1.1&amp;permmsgid=msg-f:1746899145394560972&amp;th=183e3b846bad1fcc&amp;view=fimg&amp;fur=ip&amp;sz=s0-l75-ft&amp;attbid=ANGjdJ8lTflDsjXn34aQDFHRLMIGmZSqY8ruXsAx7GGJyQUL7S0PSHIsF35_o50LerJf93VPSqcnrdkx0ak9Rdh2RQNRA_MEfMH134RpPBqrmtNlNBJjAaMgajJsdTc&amp;disp=emb\" \/><\/p>\n<p style=\"font-weight: 400; text-align: justify;\"><strong>BENEF\u00cdCIOS TAXISTA E CAMINHONEIRO-TAC<\/strong><\/p>\n<p style=\"font-weight: 400; text-align: justify;\">Considerando os tr\u00eas lotes j\u00e1 pagos, foram beneficiados 378.892 transportadores aut\u00f4nomos de carga e 305.076 motoristas de t\u00e1xi. O total de recursos repassados chega a R\uff04\u00a01,03 bilh\u00e3o para o Benef\u00edcio Caminhoneiro e R\uff04\u00a0877,3 milh\u00f5es para o Benef\u00edcio Taxista.<\/p>\n<p><img decoding=\"async\" src=\"https:\/\/mail.google.com\/mail\/u\/0?ui=2&amp;ik=e51c0b2605&amp;attid=0.1.1&amp;permmsgid=msg-f:1746899124945289899&amp;th=183e3b7fa8ce02ab&amp;view=fimg&amp;fur=ip&amp;sz=s0-l75-ft&amp;attbid=ANGjdJ8z_APpZQdWFEtwChMkIWPkexpbOHUmsbbxGY1FxfZvhSti0D1ctnq3q5N_NPVFZlIqCRhrswZT38o-YJC0sSYMP_htVLykau5KC-S_7EdxDqTGBImQKgXcJis&amp;disp=emb\" \/><\/p>\n<p style=\"font-weight: 400; text-align: justify;\">Os valores ser\u00e3o repassados ao benefici\u00e1rio pela conta poupan\u00e7a social digital aberta automaticamente pela CAIXA. Para a movimenta\u00e7\u00e3o do dinheiro, os usu\u00e1rios poder\u00e3o utilizar o aplicativo CAIXA Tem.<\/p>\n<p style=\"font-weight: 400; text-align: justify;\">A iniciativa foi criada pela Emenda Constitucional n\u00ba 123\/22, em julho deste ano. O objetivo \u00e9 refor\u00e7ar o enfrentamento do estado de emerg\u00eancia decorrente da eleva\u00e7\u00e3o extraordin\u00e1ria e imprevis\u00edvel dos pre\u00e7os do petr\u00f3leo, combust\u00edveis e seus derivados e dos impactos sociais deles decorrentes, segunda o minist\u00e9rio. O benef\u00edcio tem validade at\u00e9 dezembro de 2022, com previs\u00e3o de seis parcelas mensais, no valor de R\uff04\u00a01 mil cada, observado o limite global de recursos.<\/p>\n<p style=\"text-align: justify;\">SECOM PR<\/p>\n","protected":false},"excerpt":{"rendered":"<p>Mais de 683 mil profissionais taxistas e transportadores aut\u00f4nomos de carga j\u00e1 foram beneficiados com o pagamento dos tr\u00eas lotes anteriores. O pagamento do quarto lote do Benef\u00edcio Taxista e do Benef\u00edcio Caminhoneiro-TAC, referente ao m\u00eas de outubro, come\u00e7a a ser pago na ter\u00e7a-feira (18). Para ter direito ao recebimento, o caminhoneiro deve ter feito [&hellip;]<\/p>\n","protected":false},"author":2,"featured_media":26630,"comment_status":"open","ping_status":"open","sticky":false,"template":"","format":"standard","meta":{"footnotes":""},"categories":[637],"tags":[],"class_list":{"0":"post-26629","1":"post","2":"type-post","3":"status-publish","4":"format-standard","5":"has-post-thumbnail","7":"category-economia"},"yoast_head":"<!-- This site is optimized with the Yoast SEO Premium plugin v24.5 (Yoast SEO v27.5) - https:\/\/yoast.com\/product\/yoast-seo-premium-wordpress\/ -->\n<title>Quarto lote dos Benef\u00edcios Taxista e Caminhoneiro come\u00e7a a ser pago na ter\u00e7a-feira (18). - P31<\/title>\n<meta name=\"robots\" content=\"index, follow, max-snippet:-1, max-image-preview:large, max-video-preview:-1\" \/>\n<link rel=\"canonical\" href=\"https:\/\/www.p31noticias.com.br\/?p=26629\" \/>\n<meta property=\"og:locale\" content=\"pt_BR\" \/>\n<meta property=\"og:type\" content=\"article\" \/>\n<meta property=\"og:title\" content=\"Quarto lote dos Benef\u00edcios Taxista e Caminhoneiro come\u00e7a a ser pago na ter\u00e7a-feira (18).\" \/>\n<meta property=\"og:description\" content=\"Mais de 683 mil profissionais taxistas e transportadores aut\u00f4nomos de carga j\u00e1 foram beneficiados com o pagamento dos tr\u00eas lotes anteriores. O pagamento do quarto lote do Benef\u00edcio Taxista e do Benef\u00edcio Caminhoneiro-TAC, referente ao m\u00eas de outubro, come\u00e7a a ser pago na ter\u00e7a-feira (18). Para ter direito ao recebimento, o caminhoneiro deve ter feito [&hellip;]\" \/>\n<meta property=\"og:url\" content=\"https:\/\/www.p31noticias.com.br\/?p=26629\" \/>\n<meta property=\"og:site_name\" content=\"P31\" \/>\n<meta property=\"article:published_time\" content=\"2022-10-17T02:26:48+00:00\" \/>\n<meta property=\"og:image\" content=\"https:\/\/www.p31noticias.com.br\/wp-content\/uploads\/2022\/10\/unnamed-2022-10-16T231938.942.jpg\" \/>\n\t<meta property=\"og:image:width\" content=\"1242\" \/>\n\t<meta property=\"og:image:height\" content=\"708\" \/>\n\t<meta property=\"og:image:type\" content=\"image\/jpeg\" \/>\n<meta name=\"author\" content=\"Gon\u00e7alves Junior\" \/>\n<meta name=\"twitter:card\" content=\"summary_large_image\" \/>\n<meta name=\"twitter:label1\" content=\"Escrito por\" \/>\n\t<meta name=\"twitter:data1\" content=\"Gon\u00e7alves Junior\" \/>\n\t<meta name=\"twitter:label2\" content=\"Est. tempo de leitura\" \/>\n\t<meta name=\"twitter:data2\" content=\"3 minutos\" \/>\n<script type=\"application\/ld+json\" class=\"yoast-schema-graph\">{\"@context\":\"https:\\\/\\\/schema.org\",\"@graph\":[{\"@type\":\"Article\",\"@id\":\"https:\\\/\\\/www.p31noticias.com.br\\\/?p=26629#article\",\"isPartOf\":{\"@id\":\"https:\\\/\\\/www.p31noticias.com.br\\\/?p=26629\"},\"author\":{\"name\":\"Gon\u00e7alves Junior\",\"@id\":\"https:\\\/\\\/www.p31noticias.com.br\\\/#\\\/schema\\\/person\\\/95f2ece30e3b4132065b915150cd0f94\"},\"headline\":\"Quarto lote dos Benef\u00edcios Taxista e Caminhoneiro come\u00e7a a ser pago na ter\u00e7a-feira (18).\",\"datePublished\":\"2022-10-17T02:26:48+00:00\",\"mainEntityOfPage\":{\"@id\":\"https:\\\/\\\/www.p31noticias.com.br\\\/?p=26629\"},\"wordCount\":545,\"commentCount\":0,\"image\":{\"@id\":\"https:\\\/\\\/www.p31noticias.com.br\\\/?p=26629#primaryimage\"},\"thumbnailUrl\":\"https:\\\/\\\/www.p31noticias.com.br\\\/wp-content\\\/uploads\\\/2022\\\/10\\\/unnamed-2022-10-16T231938.942.jpg\",\"articleSection\":[\"Economia\"],\"inLanguage\":\"pt-BR\",\"potentialAction\":[{\"@type\":\"CommentAction\",\"name\":\"Comment\",\"target\":[\"https:\\\/\\\/www.p31noticias.com.br\\\/?p=26629#respond\"]}],\"copyrightYear\":\"2022\",\"copyrightHolder\":{\"@id\":\"https:\\\/\\\/www.p31noticias.com.br\\\/#organization\"}},{\"@type\":\"WebPage\",\"@id\":\"https:\\\/\\\/www.p31noticias.com.br\\\/?p=26629\",\"url\":\"https:\\\/\\\/www.p31noticias.com.br\\\/?p=26629\",\"name\":\"Quarto lote dos Benef\u00edcios Taxista e Caminhoneiro come\u00e7a a ser pago na ter\u00e7a-feira (18). - P31\",\"isPartOf\":{\"@id\":\"https:\\\/\\\/www.p31noticias.com.br\\\/#website\"},\"primaryImageOfPage\":{\"@id\":\"https:\\\/\\\/www.p31noticias.com.br\\\/?p=26629#primaryimage\"},\"image\":{\"@id\":\"https:\\\/\\\/www.p31noticias.com.br\\\/?p=26629#primaryimage\"},\"thumbnailUrl\":\"https:\\\/\\\/www.p31noticias.com.br\\\/wp-content\\\/uploads\\\/2022\\\/10\\\/unnamed-2022-10-16T231938.942.jpg\",\"datePublished\":\"2022-10-17T02:26:48+00:00\",\"author\":{\"@id\":\"https:\\\/\\\/www.p31noticias.com.br\\\/#\\\/schema\\\/person\\\/95f2ece30e3b4132065b915150cd0f94\"},\"breadcrumb\":{\"@id\":\"https:\\\/\\\/www.p31noticias.com.br\\\/?p=26629#breadcrumb\"},\"inLanguage\":\"pt-BR\",\"potentialAction\":[{\"@type\":\"ReadAction\",\"target\":[\"https:\\\/\\\/www.p31noticias.com.br\\\/?p=26629\"]}]},{\"@type\":\"ImageObject\",\"inLanguage\":\"pt-BR\",\"@id\":\"https:\\\/\\\/www.p31noticias.com.br\\\/?p=26629#primaryimage\",\"url\":\"https:\\\/\\\/www.p31noticias.com.br\\\/wp-content\\\/uploads\\\/2022\\\/10\\\/unnamed-2022-10-16T231938.942.jpg\",\"contentUrl\":\"https:\\\/\\\/www.p31noticias.com.br\\\/wp-content\\\/uploads\\\/2022\\\/10\\\/unnamed-2022-10-16T231938.942.jpg\",\"width\":1242,\"height\":708},{\"@type\":\"BreadcrumbList\",\"@id\":\"https:\\\/\\\/www.p31noticias.com.br\\\/?p=26629#breadcrumb\",\"itemListElement\":[{\"@type\":\"ListItem\",\"position\":1,\"name\":\"In\u00edcio\",\"item\":\"https:\\\/\\\/www.p31noticias.com.br\\\/\"},{\"@type\":\"ListItem\",\"position\":2,\"name\":\"Quarto lote dos Benef\u00edcios Taxista e Caminhoneiro come\u00e7a a ser pago na ter\u00e7a-feira (18).\"}]},{\"@type\":\"WebSite\",\"@id\":\"https:\\\/\\\/www.p31noticias.com.br\\\/#website\",\"url\":\"https:\\\/\\\/www.p31noticias.com.br\\\/\",\"name\":\"P31\",\"description\":\"NOT\u00cdCIAS\",\"potentialAction\":[{\"@type\":\"SearchAction\",\"target\":{\"@type\":\"EntryPoint\",\"urlTemplate\":\"https:\\\/\\\/www.p31noticias.com.br\\\/?s={search_term_string}\"},\"query-input\":{\"@type\":\"PropertyValueSpecification\",\"valueRequired\":true,\"valueName\":\"search_term_string\"}}],\"inLanguage\":\"pt-BR\"},{\"@type\":\"Person\",\"@id\":\"https:\\\/\\\/www.p31noticias.com.br\\\/#\\\/schema\\\/person\\\/95f2ece30e3b4132065b915150cd0f94\",\"name\":\"Gon\u00e7alves Junior\",\"image\":{\"@type\":\"ImageObject\",\"inLanguage\":\"pt-BR\",\"@id\":\"https:\\\/\\\/secure.gravatar.com\\\/avatar\\\/6711f350116a89762687a48d66f723c799e5438a5b7578508d4294cd7a5d0800?s=96&d=mm&r=g\",\"url\":\"https:\\\/\\\/secure.gravatar.com\\\/avatar\\\/6711f350116a89762687a48d66f723c799e5438a5b7578508d4294cd7a5d0800?s=96&d=mm&r=g\",\"contentUrl\":\"https:\\\/\\\/secure.gravatar.com\\\/avatar\\\/6711f350116a89762687a48d66f723c799e5438a5b7578508d4294cd7a5d0800?s=96&d=mm&r=g\",\"caption\":\"Gon\u00e7alves Junior\"},\"url\":\"https:\\\/\\\/www.p31noticias.com.br\\\/?author=2\"}]}<\/script>\n<!-- \/ Yoast SEO Premium plugin. -->","yoast_head_json":{"title":"Quarto lote dos Benef\u00edcios Taxista e Caminhoneiro come\u00e7a a ser pago na ter\u00e7a-feira (18). - P31","robots":{"index":"index","follow":"follow","max-snippet":"max-snippet:-1","max-image-preview":"max-image-preview:large","max-video-preview":"max-video-preview:-1"},"canonical":"https:\/\/www.p31noticias.com.br\/?p=26629","og_locale":"pt_BR","og_type":"article","og_title":"Quarto lote dos Benef\u00edcios Taxista e Caminhoneiro come\u00e7a a ser pago na ter\u00e7a-feira (18).","og_description":"Mais de 683 mil profissionais taxistas e transportadores aut\u00f4nomos de carga j\u00e1 foram beneficiados com o pagamento dos tr\u00eas lotes anteriores. O pagamento do quarto lote do Benef\u00edcio Taxista e do Benef\u00edcio Caminhoneiro-TAC, referente ao m\u00eas de outubro, come\u00e7a a ser pago na ter\u00e7a-feira (18). Para ter direito ao recebimento, o caminhoneiro deve ter feito [&hellip;]","og_url":"https:\/\/www.p31noticias.com.br\/?p=26629","og_site_name":"P31","article_published_time":"2022-10-17T02:26:48+00:00","og_image":[{"width":1242,"height":708,"url":"https:\/\/www.p31noticias.com.br\/wp-content\/uploads\/2022\/10\/unnamed-2022-10-16T231938.942.jpg","type":"image\/jpeg"}],"author":"Gon\u00e7alves Junior","twitter_card":"summary_large_image","twitter_misc":{"Escrito por":"Gon\u00e7alves Junior","Est. tempo de leitura":"3 minutos"},"schema":{"@context":"https:\/\/schema.org","@graph":[{"@type":"Article","@id":"https:\/\/www.p31noticias.com.br\/?p=26629#article","isPartOf":{"@id":"https:\/\/www.p31noticias.com.br\/?p=26629"},"author":{"name":"Gon\u00e7alves Junior","@id":"https:\/\/www.p31noticias.com.br\/#\/schema\/person\/95f2ece30e3b4132065b915150cd0f94"},"headline":"Quarto lote dos Benef\u00edcios Taxista e Caminhoneiro come\u00e7a a ser pago na ter\u00e7a-feira (18).","datePublished":"2022-10-17T02:26:48+00:00","mainEntityOfPage":{"@id":"https:\/\/www.p31noticias.com.br\/?p=26629"},"wordCount":545,"commentCount":0,"image":{"@id":"https:\/\/www.p31noticias.com.br\/?p=26629#primaryimage"},"thumbnailUrl":"https:\/\/www.p31noticias.com.br\/wp-content\/uploads\/2022\/10\/unnamed-2022-10-16T231938.942.jpg","articleSection":["Economia"],"inLanguage":"pt-BR","potentialAction":[{"@type":"CommentAction","name":"Comment","target":["https:\/\/www.p31noticias.com.br\/?p=26629#respond"]}],"copyrightYear":"2022","copyrightHolder":{"@id":"https:\/\/www.p31noticias.com.br\/#organization"}},{"@type":"WebPage","@id":"https:\/\/www.p31noticias.com.br\/?p=26629","url":"https:\/\/www.p31noticias.com.br\/?p=26629","name":"Quarto lote dos Benef\u00edcios Taxista e Caminhoneiro come\u00e7a a ser pago na ter\u00e7a-feira (18). - P31","isPartOf":{"@id":"https:\/\/www.p31noticias.com.br\/#website"},"primaryImageOfPage":{"@id":"https:\/\/www.p31noticias.com.br\/?p=26629#primaryimage"},"image":{"@id":"https:\/\/www.p31noticias.com.br\/?p=26629#primaryimage"},"thumbnailUrl":"https:\/\/www.p31noticias.com.br\/wp-content\/uploads\/2022\/10\/unnamed-2022-10-16T231938.942.jpg","datePublished":"2022-10-17T02:26:48+00:00","author":{"@id":"https:\/\/www.p31noticias.com.br\/#\/schema\/person\/95f2ece30e3b4132065b915150cd0f94"},"breadcrumb":{"@id":"https:\/\/www.p31noticias.com.br\/?p=26629#breadcrumb"},"inLanguage":"pt-BR","potentialAction":[{"@type":"ReadAction","target":["https:\/\/www.p31noticias.com.br\/?p=26629"]}]},{"@type":"ImageObject","inLanguage":"pt-BR","@id":"https:\/\/www.p31noticias.com.br\/?p=26629#primaryimage","url":"https:\/\/www.p31noticias.com.br\/wp-content\/uploads\/2022\/10\/unnamed-2022-10-16T231938.942.jpg","contentUrl":"https:\/\/www.p31noticias.com.br\/wp-content\/uploads\/2022\/10\/unnamed-2022-10-16T231938.942.jpg","width":1242,"height":708},{"@type":"BreadcrumbList","@id":"https:\/\/www.p31noticias.com.br\/?p=26629#breadcrumb","itemListElement":[{"@type":"ListItem","position":1,"name":"In\u00edcio","item":"https:\/\/www.p31noticias.com.br\/"},{"@type":"ListItem","position":2,"name":"Quarto lote dos Benef\u00edcios Taxista e Caminhoneiro come\u00e7a a ser pago na ter\u00e7a-feira (18)."}]},{"@type":"WebSite","@id":"https:\/\/www.p31noticias.com.br\/#website","url":"https:\/\/www.p31noticias.com.br\/","name":"P31","description":"NOT\u00cdCIAS","potentialAction":[{"@type":"SearchAction","target":{"@type":"EntryPoint","urlTemplate":"https:\/\/www.p31noticias.com.br\/?s={search_term_string}"},"query-input":{"@type":"PropertyValueSpecification","valueRequired":true,"valueName":"search_term_string"}}],"inLanguage":"pt-BR"},{"@type":"Person","@id":"https:\/\/www.p31noticias.com.br\/#\/schema\/person\/95f2ece30e3b4132065b915150cd0f94","name":"Gon\u00e7alves Junior","image":{"@type":"ImageObject","inLanguage":"pt-BR","@id":"https:\/\/secure.gravatar.com\/avatar\/6711f350116a89762687a48d66f723c799e5438a5b7578508d4294cd7a5d0800?s=96&d=mm&r=g","url":"https:\/\/secure.gravatar.com\/avatar\/6711f350116a89762687a48d66f723c799e5438a5b7578508d4294cd7a5d0800?s=96&d=mm&r=g","contentUrl":"https:\/\/secure.gravatar.com\/avatar\/6711f350116a89762687a48d66f723c799e5438a5b7578508d4294cd7a5d0800?s=96&d=mm&r=g","caption":"Gon\u00e7alves Junior"},"url":"https:\/\/www.p31noticias.com.br\/?author=2"}]}},"amp_enabled":true,"_links":{"self":[{"href":"https:\/\/www.p31noticias.com.br\/index.php?rest_route=\/wp\/v2\/posts\/26629","targetHints":{"allow":["GET"]}}],"collection":[{"href":"https:\/\/www.p31noticias.com.br\/index.php?rest_route=\/wp\/v2\/posts"}],"about":[{"href":"https:\/\/www.p31noticias.com.br\/index.php?rest_route=\/wp\/v2\/types\/post"}],"author":[{"embeddable":true,"href":"https:\/\/www.p31noticias.com.br\/index.php?rest_route=\/wp\/v2\/users\/2"}],"replies":[{"embeddable":true,"href":"https:\/\/www.p31noticias.com.br\/index.php?rest_route=%2Fwp%2Fv2%2Fcomments&post=26629"}],"version-history":[{"count":1,"href":"https:\/\/www.p31noticias.com.br\/index.php?rest_route=\/wp\/v2\/posts\/26629\/revisions"}],"predecessor-version":[{"id":26631,"href":"https:\/\/www.p31noticias.com.br\/index.php?rest_route=\/wp\/v2\/posts\/26629\/revisions\/26631"}],"wp:featuredmedia":[{"embeddable":true,"href":"https:\/\/www.p31noticias.com.br\/index.php?rest_route=\/wp\/v2\/media\/26630"}],"wp:attachment":[{"href":"https:\/\/www.p31noticias.com.br\/index.php?rest_route=%2Fwp%2Fv2%2Fmedia&parent=26629"}],"wp:term":[{"taxonomy":"category","embeddable":true,"href":"https:\/\/www.p31noticias.com.br\/index.php?rest_route=%2Fwp%2Fv2%2Fcategories&post=26629"},{"taxonomy":"post_tag","embeddable":true,"href":"https:\/\/www.p31noticias.com.br\/index.php?rest_route=%2Fwp%2Fv2%2Ftags&post=26629"}],"curies":[{"name":"wp","href":"https:\/\/api.w.org\/{rel}","templated":true}]}}