{"id":26612,"date":"2022-10-12T11:51:05","date_gmt":"2022-10-12T14:51:05","guid":{"rendered":"https:\/\/p31noticias.com.br\/?p=26612"},"modified":"2022-10-12T11:51:13","modified_gmt":"2022-10-12T14:51:13","slug":"de-olho-em-voto-religioso-bolsonaro-participa-de-culto-em-bh-e-celebracao-em-aparecida","status":"publish","type":"post","link":"https:\/\/www.p31noticias.com.br\/?p=26612","title":{"rendered":"De olho em voto religioso, Bolsonaro participa de culto em BH e celebra\u00e7\u00e3o em Aparecida."},"content":{"rendered":"<p style=\"text-align: justify;\"><em><strong>Candidato vai \u00e0 Igreja Mundial do Reino de Deus pela manh\u00e3, e depois acompanhar\u00e1 uma das missas do Dia de Nossa Senhora Aparecida no Santu\u00e1rio Nacional.<\/strong><\/em><\/p>\n<p style=\"text-align: justify;\">Nesta quarta-feira, 12, o presidente\u00a0<strong><a href=\"https:\/\/jovempan.com.br\/tag\/jair-bolsonaro\">Jair Bolsonaro<\/a><\/strong>\u00a0(PL) participa de um culto na Igreja Mundial do Reino de Deus, em\u00a0<strong><a href=\"https:\/\/jovempan.com.br\/tag\/belo-horizonte\">Belo Horizonte<\/a><\/strong>, capital de\u00a0<strong><a href=\"https:\/\/jovempan.com.br\/tag\/minas-gerais\">Minas Gerais<\/a><\/strong>. Na parte da tarde, o candidato \u00e0 reelei\u00e7\u00e3o segue para o interior de\u00a0<strong><a href=\"https:\/\/jovempan.com.br\/tag\/sao-paulo\">S\u00e3o Paulo<\/a><\/strong>, onde vai acompanhar uma das missas do Dia de\u00a0<strong><a href=\"https:\/\/jovempan.com.br\/tag\/nossa-senhora-aparecida\">Nossa Senhora Aparecida<\/a><\/strong>\u00a0no Santu\u00e1rio Nacional. Nesta ter\u00e7a-feira, 11,\u00a0<a href=\"https:\/\/jovempan.com.br\/noticias\/politica\/eleicoes-2022\/bolsonaro-encontra-politicos-e-apoiadores-em-balneario-e-pelotas-lula-faz-ato-em-belford-roxo.html\">Bolsonaro passou o dia na Regi\u00e3o Sul do pa\u00eds<\/a>, onde se reuniu com prefeitos apoiadores de Balne\u00e1rio Cambori\u00fa, em Santa Catarina. Em discurso o presidente falou sobre bons n\u00fameros na economia: \u201cIsso tudo n\u00e3o \u00e9 por acaso, desde o come\u00e7o, quando assumimos, apresentamos e aprovamos v\u00e1rias propostas para facilitar a vida daquele que quer empreender. Entre essas propostas, temos a lei da liberdade econ\u00f4mica\u201d. Em outro momento do com\u00edcio, com uma crian\u00e7a no colo, o presidente defendeu a liberdade: \u201cHoje n\u00f3s temos um dever, uma obriga\u00e7\u00e3o, deixar esse pa\u00eds livre para a Gabriele [crian\u00e7a no colo] l\u00e1 na frente\u201d. Na sequ\u00eancia, o presidente foi at\u00e9 Pelotas, no Rio Grande do Sul, onde foi recebido por apoiadores e discursou na tradicional Feira Gastron\u00f4mica de Pelotas, quando pediu para que eleitores permane\u00e7am nos locais de vota\u00e7\u00e3o at\u00e9 a apura\u00e7\u00e3o do resultado: \u201cDe verde e amarelo, vamos votar. Mais do que isso, vamos permanecer na regi\u00e3o da sess\u00e3o eleitoral at\u00e9 a apura\u00e7\u00e3o do resultado. Tenho certeza que o resultado ser\u00e1 aquele que todos n\u00f3s esperamos, at\u00e9 porque o outro lado n\u00e3o consegue reunir ningu\u00e9m. Todos n\u00f3s desconfiamos. Como pode aquele cara ter tanto voto se o povo n\u00e3o est\u00e1 ao lado dele\u201d.<\/p>\n<p style=\"text-align: justify;\">JP NEWS.<\/p>\n","protected":false},"excerpt":{"rendered":"<p>Candidato vai \u00e0 Igreja Mundial do Reino de Deus pela manh\u00e3, e depois acompanhar\u00e1 uma das missas do Dia de Nossa Senhora Aparecida no Santu\u00e1rio Nacional. Nesta quarta-feira, 12, o presidente\u00a0Jair Bolsonaro\u00a0(PL) participa de um culto na Igreja Mundial do Reino de Deus, em\u00a0Belo Horizonte, capital de\u00a0Minas Gerais. Na parte da tarde, o candidato \u00e0 [&hellip;]<\/p>\n","protected":false},"author":2,"featured_media":26613,"comment_status":"open","ping_status":"open","sticky":false,"template":"","format":"standard","meta":{"footnotes":""},"categories":[57],"tags":[],"class_list":{"0":"post-26612","1":"post","2":"type-post","3":"status-publish","4":"format-standard","5":"has-post-thumbnail","7":"category-politica"},"yoast_head":"<!-- This site is optimized with the Yoast SEO Premium plugin v24.5 (Yoast SEO v27.5) - https:\/\/yoast.com\/product\/yoast-seo-premium-wordpress\/ -->\n<title>De olho em voto religioso, Bolsonaro participa de culto em BH e celebra\u00e7\u00e3o em Aparecida. - P31<\/title>\n<meta name=\"robots\" content=\"index, follow, max-snippet:-1, max-image-preview:large, max-video-preview:-1\" \/>\n<link rel=\"canonical\" href=\"https:\/\/www.p31noticias.com.br\/?p=26612\" \/>\n<meta property=\"og:locale\" content=\"pt_BR\" \/>\n<meta property=\"og:type\" content=\"article\" \/>\n<meta property=\"og:title\" content=\"De olho em voto religioso, Bolsonaro participa de culto em BH e celebra\u00e7\u00e3o em Aparecida.\" \/>\n<meta property=\"og:description\" content=\"Candidato vai \u00e0 Igreja Mundial do Reino de Deus pela manh\u00e3, e depois acompanhar\u00e1 uma das missas do Dia de Nossa Senhora Aparecida no Santu\u00e1rio Nacional. Nesta quarta-feira, 12, o presidente\u00a0Jair Bolsonaro\u00a0(PL) participa de um culto na Igreja Mundial do Reino de Deus, em\u00a0Belo Horizonte, capital de\u00a0Minas Gerais. Na parte da tarde, o candidato \u00e0 [&hellip;]\" \/>\n<meta property=\"og:url\" content=\"https:\/\/www.p31noticias.com.br\/?p=26612\" \/>\n<meta property=\"og:site_name\" content=\"P31\" \/>\n<meta property=\"article:published_time\" content=\"2022-10-12T14:51:05+00:00\" \/>\n<meta property=\"article:modified_time\" content=\"2022-10-12T14:51:13+00:00\" \/>\n<meta property=\"og:image\" content=\"https:\/\/www.p31noticias.com.br\/wp-content\/uploads\/2022\/10\/agf20221002008-1-675x450-1.jpg\" \/>\n\t<meta property=\"og:image:width\" content=\"675\" \/>\n\t<meta property=\"og:image:height\" content=\"450\" \/>\n\t<meta property=\"og:image:type\" content=\"image\/jpeg\" \/>\n<meta name=\"author\" content=\"Gon\u00e7alves Junior\" \/>\n<meta name=\"twitter:card\" content=\"summary_large_image\" \/>\n<meta name=\"twitter:label1\" content=\"Escrito por\" \/>\n\t<meta name=\"twitter:data1\" content=\"Gon\u00e7alves Junior\" \/>\n\t<meta name=\"twitter:label2\" content=\"Est. tempo de leitura\" \/>\n\t<meta name=\"twitter:data2\" content=\"2 minutos\" \/>\n<script type=\"application\/ld+json\" class=\"yoast-schema-graph\">{\"@context\":\"https:\\\/\\\/schema.org\",\"@graph\":[{\"@type\":\"Article\",\"@id\":\"https:\\\/\\\/www.p31noticias.com.br\\\/?p=26612#article\",\"isPartOf\":{\"@id\":\"https:\\\/\\\/www.p31noticias.com.br\\\/?p=26612\"},\"author\":{\"name\":\"Gon\u00e7alves Junior\",\"@id\":\"https:\\\/\\\/www.p31noticias.com.br\\\/#\\\/schema\\\/person\\\/95f2ece30e3b4132065b915150cd0f94\"},\"headline\":\"De olho em voto religioso, Bolsonaro participa de culto em BH e celebra\u00e7\u00e3o em Aparecida.\",\"datePublished\":\"2022-10-12T14:51:05+00:00\",\"dateModified\":\"2022-10-12T14:51:13+00:00\",\"mainEntityOfPage\":{\"@id\":\"https:\\\/\\\/www.p31noticias.com.br\\\/?p=26612\"},\"wordCount\":329,\"commentCount\":0,\"image\":{\"@id\":\"https:\\\/\\\/www.p31noticias.com.br\\\/?p=26612#primaryimage\"},\"thumbnailUrl\":\"https:\\\/\\\/www.p31noticias.com.br\\\/wp-content\\\/uploads\\\/2022\\\/10\\\/agf20221002008-1-675x450-1.jpg\",\"articleSection\":[\"Pol\u00edtica\"],\"inLanguage\":\"pt-BR\",\"potentialAction\":[{\"@type\":\"CommentAction\",\"name\":\"Comment\",\"target\":[\"https:\\\/\\\/www.p31noticias.com.br\\\/?p=26612#respond\"]}],\"copyrightYear\":\"2022\",\"copyrightHolder\":{\"@id\":\"https:\\\/\\\/www.p31noticias.com.br\\\/#organization\"}},{\"@type\":\"WebPage\",\"@id\":\"https:\\\/\\\/www.p31noticias.com.br\\\/?p=26612\",\"url\":\"https:\\\/\\\/www.p31noticias.com.br\\\/?p=26612\",\"name\":\"De olho em voto religioso, Bolsonaro participa de culto em BH e celebra\u00e7\u00e3o em Aparecida. - P31\",\"isPartOf\":{\"@id\":\"https:\\\/\\\/www.p31noticias.com.br\\\/#website\"},\"primaryImageOfPage\":{\"@id\":\"https:\\\/\\\/www.p31noticias.com.br\\\/?p=26612#primaryimage\"},\"image\":{\"@id\":\"https:\\\/\\\/www.p31noticias.com.br\\\/?p=26612#primaryimage\"},\"thumbnailUrl\":\"https:\\\/\\\/www.p31noticias.com.br\\\/wp-content\\\/uploads\\\/2022\\\/10\\\/agf20221002008-1-675x450-1.jpg\",\"datePublished\":\"2022-10-12T14:51:05+00:00\",\"dateModified\":\"2022-10-12T14:51:13+00:00\",\"author\":{\"@id\":\"https:\\\/\\\/www.p31noticias.com.br\\\/#\\\/schema\\\/person\\\/95f2ece30e3b4132065b915150cd0f94\"},\"breadcrumb\":{\"@id\":\"https:\\\/\\\/www.p31noticias.com.br\\\/?p=26612#breadcrumb\"},\"inLanguage\":\"pt-BR\",\"potentialAction\":[{\"@type\":\"ReadAction\",\"target\":[\"https:\\\/\\\/www.p31noticias.com.br\\\/?p=26612\"]}]},{\"@type\":\"ImageObject\",\"inLanguage\":\"pt-BR\",\"@id\":\"https:\\\/\\\/www.p31noticias.com.br\\\/?p=26612#primaryimage\",\"url\":\"https:\\\/\\\/www.p31noticias.com.br\\\/wp-content\\\/uploads\\\/2022\\\/10\\\/agf20221002008-1-675x450-1.jpg\",\"contentUrl\":\"https:\\\/\\\/www.p31noticias.com.br\\\/wp-content\\\/uploads\\\/2022\\\/10\\\/agf20221002008-1-675x450-1.jpg\",\"width\":675,\"height\":450},{\"@type\":\"BreadcrumbList\",\"@id\":\"https:\\\/\\\/www.p31noticias.com.br\\\/?p=26612#breadcrumb\",\"itemListElement\":[{\"@type\":\"ListItem\",\"position\":1,\"name\":\"In\u00edcio\",\"item\":\"https:\\\/\\\/www.p31noticias.com.br\\\/\"},{\"@type\":\"ListItem\",\"position\":2,\"name\":\"De olho em voto religioso, Bolsonaro participa de culto em BH e celebra\u00e7\u00e3o em Aparecida.\"}]},{\"@type\":\"WebSite\",\"@id\":\"https:\\\/\\\/www.p31noticias.com.br\\\/#website\",\"url\":\"https:\\\/\\\/www.p31noticias.com.br\\\/\",\"name\":\"P31\",\"description\":\"NOT\u00cdCIAS\",\"potentialAction\":[{\"@type\":\"SearchAction\",\"target\":{\"@type\":\"EntryPoint\",\"urlTemplate\":\"https:\\\/\\\/www.p31noticias.com.br\\\/?s={search_term_string}\"},\"query-input\":{\"@type\":\"PropertyValueSpecification\",\"valueRequired\":true,\"valueName\":\"search_term_string\"}}],\"inLanguage\":\"pt-BR\"},{\"@type\":\"Person\",\"@id\":\"https:\\\/\\\/www.p31noticias.com.br\\\/#\\\/schema\\\/person\\\/95f2ece30e3b4132065b915150cd0f94\",\"name\":\"Gon\u00e7alves Junior\",\"image\":{\"@type\":\"ImageObject\",\"inLanguage\":\"pt-BR\",\"@id\":\"https:\\\/\\\/secure.gravatar.com\\\/avatar\\\/6711f350116a89762687a48d66f723c799e5438a5b7578508d4294cd7a5d0800?s=96&d=mm&r=g\",\"url\":\"https:\\\/\\\/secure.gravatar.com\\\/avatar\\\/6711f350116a89762687a48d66f723c799e5438a5b7578508d4294cd7a5d0800?s=96&d=mm&r=g\",\"contentUrl\":\"https:\\\/\\\/secure.gravatar.com\\\/avatar\\\/6711f350116a89762687a48d66f723c799e5438a5b7578508d4294cd7a5d0800?s=96&d=mm&r=g\",\"caption\":\"Gon\u00e7alves Junior\"},\"url\":\"https:\\\/\\\/www.p31noticias.com.br\\\/?author=2\"}]}<\/script>\n<!-- \/ Yoast SEO Premium plugin. -->","yoast_head_json":{"title":"De olho em voto religioso, Bolsonaro participa de culto em BH e celebra\u00e7\u00e3o em Aparecida. - P31","robots":{"index":"index","follow":"follow","max-snippet":"max-snippet:-1","max-image-preview":"max-image-preview:large","max-video-preview":"max-video-preview:-1"},"canonical":"https:\/\/www.p31noticias.com.br\/?p=26612","og_locale":"pt_BR","og_type":"article","og_title":"De olho em voto religioso, Bolsonaro participa de culto em BH e celebra\u00e7\u00e3o em Aparecida.","og_description":"Candidato vai \u00e0 Igreja Mundial do Reino de Deus pela manh\u00e3, e depois acompanhar\u00e1 uma das missas do Dia de Nossa Senhora Aparecida no Santu\u00e1rio Nacional. Nesta quarta-feira, 12, o presidente\u00a0Jair Bolsonaro\u00a0(PL) participa de um culto na Igreja Mundial do Reino de Deus, em\u00a0Belo Horizonte, capital de\u00a0Minas Gerais. Na parte da tarde, o candidato \u00e0 [&hellip;]","og_url":"https:\/\/www.p31noticias.com.br\/?p=26612","og_site_name":"P31","article_published_time":"2022-10-12T14:51:05+00:00","article_modified_time":"2022-10-12T14:51:13+00:00","og_image":[{"width":675,"height":450,"url":"https:\/\/www.p31noticias.com.br\/wp-content\/uploads\/2022\/10\/agf20221002008-1-675x450-1.jpg","type":"image\/jpeg"}],"author":"Gon\u00e7alves Junior","twitter_card":"summary_large_image","twitter_misc":{"Escrito por":"Gon\u00e7alves Junior","Est. tempo de leitura":"2 minutos"},"schema":{"@context":"https:\/\/schema.org","@graph":[{"@type":"Article","@id":"https:\/\/www.p31noticias.com.br\/?p=26612#article","isPartOf":{"@id":"https:\/\/www.p31noticias.com.br\/?p=26612"},"author":{"name":"Gon\u00e7alves Junior","@id":"https:\/\/www.p31noticias.com.br\/#\/schema\/person\/95f2ece30e3b4132065b915150cd0f94"},"headline":"De olho em voto religioso, Bolsonaro participa de culto em BH e celebra\u00e7\u00e3o em Aparecida.","datePublished":"2022-10-12T14:51:05+00:00","dateModified":"2022-10-12T14:51:13+00:00","mainEntityOfPage":{"@id":"https:\/\/www.p31noticias.com.br\/?p=26612"},"wordCount":329,"commentCount":0,"image":{"@id":"https:\/\/www.p31noticias.com.br\/?p=26612#primaryimage"},"thumbnailUrl":"https:\/\/www.p31noticias.com.br\/wp-content\/uploads\/2022\/10\/agf20221002008-1-675x450-1.jpg","articleSection":["Pol\u00edtica"],"inLanguage":"pt-BR","potentialAction":[{"@type":"CommentAction","name":"Comment","target":["https:\/\/www.p31noticias.com.br\/?p=26612#respond"]}],"copyrightYear":"2022","copyrightHolder":{"@id":"https:\/\/www.p31noticias.com.br\/#organization"}},{"@type":"WebPage","@id":"https:\/\/www.p31noticias.com.br\/?p=26612","url":"https:\/\/www.p31noticias.com.br\/?p=26612","name":"De olho em voto religioso, Bolsonaro participa de culto em BH e celebra\u00e7\u00e3o em Aparecida. - P31","isPartOf":{"@id":"https:\/\/www.p31noticias.com.br\/#website"},"primaryImageOfPage":{"@id":"https:\/\/www.p31noticias.com.br\/?p=26612#primaryimage"},"image":{"@id":"https:\/\/www.p31noticias.com.br\/?p=26612#primaryimage"},"thumbnailUrl":"https:\/\/www.p31noticias.com.br\/wp-content\/uploads\/2022\/10\/agf20221002008-1-675x450-1.jpg","datePublished":"2022-10-12T14:51:05+00:00","dateModified":"2022-10-12T14:51:13+00:00","author":{"@id":"https:\/\/www.p31noticias.com.br\/#\/schema\/person\/95f2ece30e3b4132065b915150cd0f94"},"breadcrumb":{"@id":"https:\/\/www.p31noticias.com.br\/?p=26612#breadcrumb"},"inLanguage":"pt-BR","potentialAction":[{"@type":"ReadAction","target":["https:\/\/www.p31noticias.com.br\/?p=26612"]}]},{"@type":"ImageObject","inLanguage":"pt-BR","@id":"https:\/\/www.p31noticias.com.br\/?p=26612#primaryimage","url":"https:\/\/www.p31noticias.com.br\/wp-content\/uploads\/2022\/10\/agf20221002008-1-675x450-1.jpg","contentUrl":"https:\/\/www.p31noticias.com.br\/wp-content\/uploads\/2022\/10\/agf20221002008-1-675x450-1.jpg","width":675,"height":450},{"@type":"BreadcrumbList","@id":"https:\/\/www.p31noticias.com.br\/?p=26612#breadcrumb","itemListElement":[{"@type":"ListItem","position":1,"name":"In\u00edcio","item":"https:\/\/www.p31noticias.com.br\/"},{"@type":"ListItem","position":2,"name":"De olho em voto religioso, Bolsonaro participa de culto em BH e celebra\u00e7\u00e3o em Aparecida."}]},{"@type":"WebSite","@id":"https:\/\/www.p31noticias.com.br\/#website","url":"https:\/\/www.p31noticias.com.br\/","name":"P31","description":"NOT\u00cdCIAS","potentialAction":[{"@type":"SearchAction","target":{"@type":"EntryPoint","urlTemplate":"https:\/\/www.p31noticias.com.br\/?s={search_term_string}"},"query-input":{"@type":"PropertyValueSpecification","valueRequired":true,"valueName":"search_term_string"}}],"inLanguage":"pt-BR"},{"@type":"Person","@id":"https:\/\/www.p31noticias.com.br\/#\/schema\/person\/95f2ece30e3b4132065b915150cd0f94","name":"Gon\u00e7alves Junior","image":{"@type":"ImageObject","inLanguage":"pt-BR","@id":"https:\/\/secure.gravatar.com\/avatar\/6711f350116a89762687a48d66f723c799e5438a5b7578508d4294cd7a5d0800?s=96&d=mm&r=g","url":"https:\/\/secure.gravatar.com\/avatar\/6711f350116a89762687a48d66f723c799e5438a5b7578508d4294cd7a5d0800?s=96&d=mm&r=g","contentUrl":"https:\/\/secure.gravatar.com\/avatar\/6711f350116a89762687a48d66f723c799e5438a5b7578508d4294cd7a5d0800?s=96&d=mm&r=g","caption":"Gon\u00e7alves Junior"},"url":"https:\/\/www.p31noticias.com.br\/?author=2"}]}},"amp_enabled":true,"_links":{"self":[{"href":"https:\/\/www.p31noticias.com.br\/index.php?rest_route=\/wp\/v2\/posts\/26612","targetHints":{"allow":["GET"]}}],"collection":[{"href":"https:\/\/www.p31noticias.com.br\/index.php?rest_route=\/wp\/v2\/posts"}],"about":[{"href":"https:\/\/www.p31noticias.com.br\/index.php?rest_route=\/wp\/v2\/types\/post"}],"author":[{"embeddable":true,"href":"https:\/\/www.p31noticias.com.br\/index.php?rest_route=\/wp\/v2\/users\/2"}],"replies":[{"embeddable":true,"href":"https:\/\/www.p31noticias.com.br\/index.php?rest_route=%2Fwp%2Fv2%2Fcomments&post=26612"}],"version-history":[{"count":1,"href":"https:\/\/www.p31noticias.com.br\/index.php?rest_route=\/wp\/v2\/posts\/26612\/revisions"}],"predecessor-version":[{"id":26614,"href":"https:\/\/www.p31noticias.com.br\/index.php?rest_route=\/wp\/v2\/posts\/26612\/revisions\/26614"}],"wp:featuredmedia":[{"embeddable":true,"href":"https:\/\/www.p31noticias.com.br\/index.php?rest_route=\/wp\/v2\/media\/26613"}],"wp:attachment":[{"href":"https:\/\/www.p31noticias.com.br\/index.php?rest_route=%2Fwp%2Fv2%2Fmedia&parent=26612"}],"wp:term":[{"taxonomy":"category","embeddable":true,"href":"https:\/\/www.p31noticias.com.br\/index.php?rest_route=%2Fwp%2Fv2%2Fcategories&post=26612"},{"taxonomy":"post_tag","embeddable":true,"href":"https:\/\/www.p31noticias.com.br\/index.php?rest_route=%2Fwp%2Fv2%2Ftags&post=26612"}],"curies":[{"name":"wp","href":"https:\/\/api.w.org\/{rel}","templated":true}]}}