{"id":26609,"date":"2022-10-12T11:41:26","date_gmt":"2022-10-12T14:41:26","guid":{"rendered":"https:\/\/p31noticias.com.br\/?p=26609"},"modified":"2022-10-12T11:41:26","modified_gmt":"2022-10-12T14:41:26","slug":"dia-das-criancas-data-ganhou-popularidade-com-campanha-de-empresarios","status":"publish","type":"post","link":"https:\/\/www.p31noticias.com.br\/?p=26609","title":{"rendered":"Dia das Crian\u00e7as: data ganhou popularidade com campanha de empres\u00e1rios."},"content":{"rendered":"<h3 class=\"col-10 offset-1 animated fadeInDown dealy-900 display-8 display-md-8 alt-font font-italic my-1 text-center\" style=\"text-align: justify;\"><em><strong>No Brasil, comemora\u00e7\u00e3o coincide com dia da padroeira.<\/strong><\/em><\/h3>\n<p style=\"text-align: justify;\">No dia de hoje, as crian\u00e7as brasileiras esperam receber presentes e muita comemora\u00e7\u00e3o, mas nem sempre a data teve popularidade. A data \u2013 12 de outubro \u2013 coincide com o dia em que os cat\u00f3licos festejam Nossa Senhora Aparecida, padroeira do Brasil.<\/p>\n<p>Foi o\u00a0<a href=\"https:\/\/www2.camara.leg.br\/legin\/fed\/decret\/1920-1929\/decreto-4867-5-novembro-1924-566474-publicacaooriginal-90038-pl.html\" target=\"_blank\" rel=\"noopener\">Decreto n\u00ba 4.867<\/a>, que instituiu 12 de outubro como data oficial para comemora\u00e7\u00e3o do \u201cdia de festa da crian\u00e7a\u201d.<img decoding=\"async\" src=\"https:\/\/agenciabrasil.ebc.com.br\/ebc.png?id=1487637&amp;o=node\" \/><img decoding=\"async\" src=\"https:\/\/agenciabrasil.ebc.com.br\/ebc.gif?id=1487637&amp;o=node\" \/><\/p>\n<p style=\"text-align: justify;\">De imediato, a data n\u00e3o ganhou popularidade entre os brasileiros e s\u00f3 teve proje\u00e7\u00e3o quando empres\u00e1rios da ind\u00fastria de brinquedos lan\u00e7aram uma campanha publicit\u00e1ria promovendo a Semana da Crian\u00e7a para aumentar as vendas. Desde ent\u00e3o, a data \u00e9 comemorada com festas, brincadeiras e, para quem pode ganhar, brinquedos.<\/p>\n<p style=\"text-align: justify;\">J\u00e1 o Dia Mundial das Crian\u00e7as \u00e9 comemorado em outro dia \u2013 20 de novembro, data reconhecida pela Organiza\u00e7\u00e3o das Na\u00e7\u00f5es Unidas (ONU). Naquele dia, foram aprovadas tanto a\u00a0<a href=\"https:\/\/bvsms.saude.gov.br\/bvs\/publicacoes\/declaracao_universal_direitos_crianca.pdf\" target=\"_blank\" rel=\"noopener\">Declara\u00e7\u00e3o Universal dos Direitos da Crian\u00e7a<\/a>, em 1959, quanto a\u00a0<a href=\"https:\/\/www.unicef.org\/brazil\/convencao-sobre-os-direitos-da-crianca\" target=\"_blank\" rel=\"noopener\">Conven\u00e7\u00e3o Sobre os Direitos da Crian\u00e7a<\/a>, em 1989.<\/p>\n<p style=\"text-align: justify;\">Segundo o Fundo das Na\u00e7\u00f5es Unidas para a Inf\u00e2ncia (Unicef), a data tem o objetivo de aumentar \u201ca conscientiza\u00e7\u00e3o em rela\u00e7\u00e3o aos milh\u00f5es de crian\u00e7as que t\u00eam negados seus direitos a cuidados adequados de sa\u00fade, nutri\u00e7\u00e3o, educa\u00e7\u00e3o e prote\u00e7\u00e3o, e elevar as vozes dos jovens como fundamentais para qualquer discuss\u00e3o sobre seu futuro\u201d.<\/p>\n<h2 style=\"text-align: justify;\">Am\u00e9rica do Sul<\/h2>\n<p style=\"text-align: justify;\">Na Am\u00e9rica do Sul, tr\u00eas pa\u00edses comemoram a data no m\u00eas de agosto: Argentina e Chile, no segundo domingo do m\u00eas, e Peru, no terceiro domingo.<\/p>\n<p style=\"text-align: justify;\">Na Col\u00f4mbia, a data \u00e9 comemorada no segundo ao \u00faltimo fim de semana de abril; na Venezuela, no terceiro domingo de julho; no Equador, em 1\u00ba de junho e, na Bol\u00edvia, em 12 de abril. O Uruguai tem o 6 de janeiro como data oficial; mas comercialmente celebra a data no segundo domingo de agosto. No Suriname, a data \u00e9 comemorada em 5 de dezembro e na Guiana, em 9 de setembro.<\/p>\n<p>Ag\u00eancia Brasil.<\/p>\n","protected":false},"excerpt":{"rendered":"<p>No Brasil, comemora\u00e7\u00e3o coincide com dia da padroeira. No dia de hoje, as crian\u00e7as brasileiras esperam receber presentes e muita comemora\u00e7\u00e3o, mas nem sempre a data teve popularidade. A data \u2013 12 de outubro \u2013 coincide com o dia em que os cat\u00f3licos festejam Nossa Senhora Aparecida, padroeira do Brasil. Foi o\u00a0Decreto n\u00ba 4.867, que [&hellip;]<\/p>\n","protected":false},"author":2,"featured_media":26610,"comment_status":"open","ping_status":"open","sticky":false,"template":"","format":"standard","meta":{"footnotes":""},"categories":[1],"tags":[],"class_list":{"0":"post-26609","1":"post","2":"type-post","3":"status-publish","4":"format-standard","5":"has-post-thumbnail","7":"category-outros"},"yoast_head":"<!-- This site is optimized with the Yoast SEO Premium plugin v24.5 (Yoast SEO v27.5) - https:\/\/yoast.com\/product\/yoast-seo-premium-wordpress\/ -->\n<title>Dia das Crian\u00e7as: data ganhou popularidade com campanha de empres\u00e1rios. - P31<\/title>\n<meta name=\"robots\" content=\"index, follow, max-snippet:-1, max-image-preview:large, max-video-preview:-1\" \/>\n<link rel=\"canonical\" href=\"https:\/\/www.p31noticias.com.br\/?p=26609\" \/>\n<meta property=\"og:locale\" content=\"pt_BR\" \/>\n<meta property=\"og:type\" content=\"article\" \/>\n<meta property=\"og:title\" content=\"Dia das Crian\u00e7as: data ganhou popularidade com campanha de empres\u00e1rios.\" \/>\n<meta property=\"og:description\" content=\"No Brasil, comemora\u00e7\u00e3o coincide com dia da padroeira. No dia de hoje, as crian\u00e7as brasileiras esperam receber presentes e muita comemora\u00e7\u00e3o, mas nem sempre a data teve popularidade. A data \u2013 12 de outubro \u2013 coincide com o dia em que os cat\u00f3licos festejam Nossa Senhora Aparecida, padroeira do Brasil. Foi o\u00a0Decreto n\u00ba 4.867, que [&hellip;]\" \/>\n<meta property=\"og:url\" content=\"https:\/\/www.p31noticias.com.br\/?p=26609\" \/>\n<meta property=\"og:site_name\" content=\"P31\" \/>\n<meta property=\"article:published_time\" content=\"2022-10-12T14:41:26+00:00\" \/>\n<meta property=\"og:image\" content=\"https:\/\/www.p31noticias.com.br\/wp-content\/uploads\/2022\/10\/movimento_de_vendas_de_brinquedos_para_o_dia_das_criancas_comercio_varejista_nas_ruas_do_polo_saara_centro_do_rio_de_janeiro_ffraz_abr_100720210101.jpg\" \/>\n\t<meta property=\"og:image:width\" content=\"1170\" \/>\n\t<meta property=\"og:image:height\" content=\"700\" \/>\n\t<meta property=\"og:image:type\" content=\"image\/jpeg\" \/>\n<meta name=\"author\" content=\"Gon\u00e7alves Junior\" \/>\n<meta name=\"twitter:card\" content=\"summary_large_image\" \/>\n<meta name=\"twitter:label1\" content=\"Escrito por\" \/>\n\t<meta name=\"twitter:data1\" content=\"Gon\u00e7alves Junior\" \/>\n\t<meta name=\"twitter:label2\" content=\"Est. tempo de leitura\" \/>\n\t<meta name=\"twitter:data2\" content=\"2 minutos\" \/>\n<script type=\"application\/ld+json\" class=\"yoast-schema-graph\">{\"@context\":\"https:\\\/\\\/schema.org\",\"@graph\":[{\"@type\":\"Article\",\"@id\":\"https:\\\/\\\/www.p31noticias.com.br\\\/?p=26609#article\",\"isPartOf\":{\"@id\":\"https:\\\/\\\/www.p31noticias.com.br\\\/?p=26609\"},\"author\":{\"name\":\"Gon\u00e7alves Junior\",\"@id\":\"https:\\\/\\\/www.p31noticias.com.br\\\/#\\\/schema\\\/person\\\/95f2ece30e3b4132065b915150cd0f94\"},\"headline\":\"Dia das Crian\u00e7as: data ganhou popularidade com campanha de empres\u00e1rios.\",\"datePublished\":\"2022-10-12T14:41:26+00:00\",\"mainEntityOfPage\":{\"@id\":\"https:\\\/\\\/www.p31noticias.com.br\\\/?p=26609\"},\"wordCount\":358,\"commentCount\":0,\"image\":{\"@id\":\"https:\\\/\\\/www.p31noticias.com.br\\\/?p=26609#primaryimage\"},\"thumbnailUrl\":\"https:\\\/\\\/www.p31noticias.com.br\\\/wp-content\\\/uploads\\\/2022\\\/10\\\/movimento_de_vendas_de_brinquedos_para_o_dia_das_criancas_comercio_varejista_nas_ruas_do_polo_saara_centro_do_rio_de_janeiro_ffraz_abr_100720210101.jpg\",\"articleSection\":[\"Outros\"],\"inLanguage\":\"pt-BR\",\"potentialAction\":[{\"@type\":\"CommentAction\",\"name\":\"Comment\",\"target\":[\"https:\\\/\\\/www.p31noticias.com.br\\\/?p=26609#respond\"]}],\"copyrightYear\":\"2022\",\"copyrightHolder\":{\"@id\":\"https:\\\/\\\/www.p31noticias.com.br\\\/#organization\"}},{\"@type\":\"WebPage\",\"@id\":\"https:\\\/\\\/www.p31noticias.com.br\\\/?p=26609\",\"url\":\"https:\\\/\\\/www.p31noticias.com.br\\\/?p=26609\",\"name\":\"Dia das Crian\u00e7as: data ganhou popularidade com campanha de empres\u00e1rios. - P31\",\"isPartOf\":{\"@id\":\"https:\\\/\\\/www.p31noticias.com.br\\\/#website\"},\"primaryImageOfPage\":{\"@id\":\"https:\\\/\\\/www.p31noticias.com.br\\\/?p=26609#primaryimage\"},\"image\":{\"@id\":\"https:\\\/\\\/www.p31noticias.com.br\\\/?p=26609#primaryimage\"},\"thumbnailUrl\":\"https:\\\/\\\/www.p31noticias.com.br\\\/wp-content\\\/uploads\\\/2022\\\/10\\\/movimento_de_vendas_de_brinquedos_para_o_dia_das_criancas_comercio_varejista_nas_ruas_do_polo_saara_centro_do_rio_de_janeiro_ffraz_abr_100720210101.jpg\",\"datePublished\":\"2022-10-12T14:41:26+00:00\",\"author\":{\"@id\":\"https:\\\/\\\/www.p31noticias.com.br\\\/#\\\/schema\\\/person\\\/95f2ece30e3b4132065b915150cd0f94\"},\"breadcrumb\":{\"@id\":\"https:\\\/\\\/www.p31noticias.com.br\\\/?p=26609#breadcrumb\"},\"inLanguage\":\"pt-BR\",\"potentialAction\":[{\"@type\":\"ReadAction\",\"target\":[\"https:\\\/\\\/www.p31noticias.com.br\\\/?p=26609\"]}]},{\"@type\":\"ImageObject\",\"inLanguage\":\"pt-BR\",\"@id\":\"https:\\\/\\\/www.p31noticias.com.br\\\/?p=26609#primaryimage\",\"url\":\"https:\\\/\\\/www.p31noticias.com.br\\\/wp-content\\\/uploads\\\/2022\\\/10\\\/movimento_de_vendas_de_brinquedos_para_o_dia_das_criancas_comercio_varejista_nas_ruas_do_polo_saara_centro_do_rio_de_janeiro_ffraz_abr_100720210101.jpg\",\"contentUrl\":\"https:\\\/\\\/www.p31noticias.com.br\\\/wp-content\\\/uploads\\\/2022\\\/10\\\/movimento_de_vendas_de_brinquedos_para_o_dia_das_criancas_comercio_varejista_nas_ruas_do_polo_saara_centro_do_rio_de_janeiro_ffraz_abr_100720210101.jpg\",\"width\":1170,\"height\":700,\"caption\":\"Movimento de vendas de brinquedos para o Dia das Crian\u00e7as, com\u00e9rcio varejista nas ruas do Polo Saara, centro do Rio de Janeiro.\"},{\"@type\":\"BreadcrumbList\",\"@id\":\"https:\\\/\\\/www.p31noticias.com.br\\\/?p=26609#breadcrumb\",\"itemListElement\":[{\"@type\":\"ListItem\",\"position\":1,\"name\":\"In\u00edcio\",\"item\":\"https:\\\/\\\/www.p31noticias.com.br\\\/\"},{\"@type\":\"ListItem\",\"position\":2,\"name\":\"Dia das Crian\u00e7as: data ganhou popularidade com campanha de empres\u00e1rios.\"}]},{\"@type\":\"WebSite\",\"@id\":\"https:\\\/\\\/www.p31noticias.com.br\\\/#website\",\"url\":\"https:\\\/\\\/www.p31noticias.com.br\\\/\",\"name\":\"P31\",\"description\":\"NOT\u00cdCIAS\",\"potentialAction\":[{\"@type\":\"SearchAction\",\"target\":{\"@type\":\"EntryPoint\",\"urlTemplate\":\"https:\\\/\\\/www.p31noticias.com.br\\\/?s={search_term_string}\"},\"query-input\":{\"@type\":\"PropertyValueSpecification\",\"valueRequired\":true,\"valueName\":\"search_term_string\"}}],\"inLanguage\":\"pt-BR\"},{\"@type\":\"Person\",\"@id\":\"https:\\\/\\\/www.p31noticias.com.br\\\/#\\\/schema\\\/person\\\/95f2ece30e3b4132065b915150cd0f94\",\"name\":\"Gon\u00e7alves Junior\",\"image\":{\"@type\":\"ImageObject\",\"inLanguage\":\"pt-BR\",\"@id\":\"https:\\\/\\\/secure.gravatar.com\\\/avatar\\\/6711f350116a89762687a48d66f723c799e5438a5b7578508d4294cd7a5d0800?s=96&d=mm&r=g\",\"url\":\"https:\\\/\\\/secure.gravatar.com\\\/avatar\\\/6711f350116a89762687a48d66f723c799e5438a5b7578508d4294cd7a5d0800?s=96&d=mm&r=g\",\"contentUrl\":\"https:\\\/\\\/secure.gravatar.com\\\/avatar\\\/6711f350116a89762687a48d66f723c799e5438a5b7578508d4294cd7a5d0800?s=96&d=mm&r=g\",\"caption\":\"Gon\u00e7alves Junior\"},\"url\":\"https:\\\/\\\/www.p31noticias.com.br\\\/?author=2\"}]}<\/script>\n<!-- \/ Yoast SEO Premium plugin. -->","yoast_head_json":{"title":"Dia das Crian\u00e7as: data ganhou popularidade com campanha de empres\u00e1rios. - P31","robots":{"index":"index","follow":"follow","max-snippet":"max-snippet:-1","max-image-preview":"max-image-preview:large","max-video-preview":"max-video-preview:-1"},"canonical":"https:\/\/www.p31noticias.com.br\/?p=26609","og_locale":"pt_BR","og_type":"article","og_title":"Dia das Crian\u00e7as: data ganhou popularidade com campanha de empres\u00e1rios.","og_description":"No Brasil, comemora\u00e7\u00e3o coincide com dia da padroeira. No dia de hoje, as crian\u00e7as brasileiras esperam receber presentes e muita comemora\u00e7\u00e3o, mas nem sempre a data teve popularidade. A data \u2013 12 de outubro \u2013 coincide com o dia em que os cat\u00f3licos festejam Nossa Senhora Aparecida, padroeira do Brasil. Foi o\u00a0Decreto n\u00ba 4.867, que [&hellip;]","og_url":"https:\/\/www.p31noticias.com.br\/?p=26609","og_site_name":"P31","article_published_time":"2022-10-12T14:41:26+00:00","og_image":[{"width":1170,"height":700,"url":"https:\/\/www.p31noticias.com.br\/wp-content\/uploads\/2022\/10\/movimento_de_vendas_de_brinquedos_para_o_dia_das_criancas_comercio_varejista_nas_ruas_do_polo_saara_centro_do_rio_de_janeiro_ffraz_abr_100720210101.jpg","type":"image\/jpeg"}],"author":"Gon\u00e7alves Junior","twitter_card":"summary_large_image","twitter_misc":{"Escrito por":"Gon\u00e7alves Junior","Est. tempo de leitura":"2 minutos"},"schema":{"@context":"https:\/\/schema.org","@graph":[{"@type":"Article","@id":"https:\/\/www.p31noticias.com.br\/?p=26609#article","isPartOf":{"@id":"https:\/\/www.p31noticias.com.br\/?p=26609"},"author":{"name":"Gon\u00e7alves Junior","@id":"https:\/\/www.p31noticias.com.br\/#\/schema\/person\/95f2ece30e3b4132065b915150cd0f94"},"headline":"Dia das Crian\u00e7as: data ganhou popularidade com campanha de empres\u00e1rios.","datePublished":"2022-10-12T14:41:26+00:00","mainEntityOfPage":{"@id":"https:\/\/www.p31noticias.com.br\/?p=26609"},"wordCount":358,"commentCount":0,"image":{"@id":"https:\/\/www.p31noticias.com.br\/?p=26609#primaryimage"},"thumbnailUrl":"https:\/\/www.p31noticias.com.br\/wp-content\/uploads\/2022\/10\/movimento_de_vendas_de_brinquedos_para_o_dia_das_criancas_comercio_varejista_nas_ruas_do_polo_saara_centro_do_rio_de_janeiro_ffraz_abr_100720210101.jpg","articleSection":["Outros"],"inLanguage":"pt-BR","potentialAction":[{"@type":"CommentAction","name":"Comment","target":["https:\/\/www.p31noticias.com.br\/?p=26609#respond"]}],"copyrightYear":"2022","copyrightHolder":{"@id":"https:\/\/www.p31noticias.com.br\/#organization"}},{"@type":"WebPage","@id":"https:\/\/www.p31noticias.com.br\/?p=26609","url":"https:\/\/www.p31noticias.com.br\/?p=26609","name":"Dia das Crian\u00e7as: data ganhou popularidade com campanha de empres\u00e1rios. - P31","isPartOf":{"@id":"https:\/\/www.p31noticias.com.br\/#website"},"primaryImageOfPage":{"@id":"https:\/\/www.p31noticias.com.br\/?p=26609#primaryimage"},"image":{"@id":"https:\/\/www.p31noticias.com.br\/?p=26609#primaryimage"},"thumbnailUrl":"https:\/\/www.p31noticias.com.br\/wp-content\/uploads\/2022\/10\/movimento_de_vendas_de_brinquedos_para_o_dia_das_criancas_comercio_varejista_nas_ruas_do_polo_saara_centro_do_rio_de_janeiro_ffraz_abr_100720210101.jpg","datePublished":"2022-10-12T14:41:26+00:00","author":{"@id":"https:\/\/www.p31noticias.com.br\/#\/schema\/person\/95f2ece30e3b4132065b915150cd0f94"},"breadcrumb":{"@id":"https:\/\/www.p31noticias.com.br\/?p=26609#breadcrumb"},"inLanguage":"pt-BR","potentialAction":[{"@type":"ReadAction","target":["https:\/\/www.p31noticias.com.br\/?p=26609"]}]},{"@type":"ImageObject","inLanguage":"pt-BR","@id":"https:\/\/www.p31noticias.com.br\/?p=26609#primaryimage","url":"https:\/\/www.p31noticias.com.br\/wp-content\/uploads\/2022\/10\/movimento_de_vendas_de_brinquedos_para_o_dia_das_criancas_comercio_varejista_nas_ruas_do_polo_saara_centro_do_rio_de_janeiro_ffraz_abr_100720210101.jpg","contentUrl":"https:\/\/www.p31noticias.com.br\/wp-content\/uploads\/2022\/10\/movimento_de_vendas_de_brinquedos_para_o_dia_das_criancas_comercio_varejista_nas_ruas_do_polo_saara_centro_do_rio_de_janeiro_ffraz_abr_100720210101.jpg","width":1170,"height":700,"caption":"Movimento de vendas de brinquedos para o Dia das Crian\u00e7as, com\u00e9rcio varejista nas ruas do Polo Saara, centro do Rio de Janeiro."},{"@type":"BreadcrumbList","@id":"https:\/\/www.p31noticias.com.br\/?p=26609#breadcrumb","itemListElement":[{"@type":"ListItem","position":1,"name":"In\u00edcio","item":"https:\/\/www.p31noticias.com.br\/"},{"@type":"ListItem","position":2,"name":"Dia das Crian\u00e7as: data ganhou popularidade com campanha de empres\u00e1rios."}]},{"@type":"WebSite","@id":"https:\/\/www.p31noticias.com.br\/#website","url":"https:\/\/www.p31noticias.com.br\/","name":"P31","description":"NOT\u00cdCIAS","potentialAction":[{"@type":"SearchAction","target":{"@type":"EntryPoint","urlTemplate":"https:\/\/www.p31noticias.com.br\/?s={search_term_string}"},"query-input":{"@type":"PropertyValueSpecification","valueRequired":true,"valueName":"search_term_string"}}],"inLanguage":"pt-BR"},{"@type":"Person","@id":"https:\/\/www.p31noticias.com.br\/#\/schema\/person\/95f2ece30e3b4132065b915150cd0f94","name":"Gon\u00e7alves Junior","image":{"@type":"ImageObject","inLanguage":"pt-BR","@id":"https:\/\/secure.gravatar.com\/avatar\/6711f350116a89762687a48d66f723c799e5438a5b7578508d4294cd7a5d0800?s=96&d=mm&r=g","url":"https:\/\/secure.gravatar.com\/avatar\/6711f350116a89762687a48d66f723c799e5438a5b7578508d4294cd7a5d0800?s=96&d=mm&r=g","contentUrl":"https:\/\/secure.gravatar.com\/avatar\/6711f350116a89762687a48d66f723c799e5438a5b7578508d4294cd7a5d0800?s=96&d=mm&r=g","caption":"Gon\u00e7alves Junior"},"url":"https:\/\/www.p31noticias.com.br\/?author=2"}]}},"amp_enabled":true,"_links":{"self":[{"href":"https:\/\/www.p31noticias.com.br\/index.php?rest_route=\/wp\/v2\/posts\/26609","targetHints":{"allow":["GET"]}}],"collection":[{"href":"https:\/\/www.p31noticias.com.br\/index.php?rest_route=\/wp\/v2\/posts"}],"about":[{"href":"https:\/\/www.p31noticias.com.br\/index.php?rest_route=\/wp\/v2\/types\/post"}],"author":[{"embeddable":true,"href":"https:\/\/www.p31noticias.com.br\/index.php?rest_route=\/wp\/v2\/users\/2"}],"replies":[{"embeddable":true,"href":"https:\/\/www.p31noticias.com.br\/index.php?rest_route=%2Fwp%2Fv2%2Fcomments&post=26609"}],"version-history":[{"count":1,"href":"https:\/\/www.p31noticias.com.br\/index.php?rest_route=\/wp\/v2\/posts\/26609\/revisions"}],"predecessor-version":[{"id":26611,"href":"https:\/\/www.p31noticias.com.br\/index.php?rest_route=\/wp\/v2\/posts\/26609\/revisions\/26611"}],"wp:featuredmedia":[{"embeddable":true,"href":"https:\/\/www.p31noticias.com.br\/index.php?rest_route=\/wp\/v2\/media\/26610"}],"wp:attachment":[{"href":"https:\/\/www.p31noticias.com.br\/index.php?rest_route=%2Fwp%2Fv2%2Fmedia&parent=26609"}],"wp:term":[{"taxonomy":"category","embeddable":true,"href":"https:\/\/www.p31noticias.com.br\/index.php?rest_route=%2Fwp%2Fv2%2Fcategories&post=26609"},{"taxonomy":"post_tag","embeddable":true,"href":"https:\/\/www.p31noticias.com.br\/index.php?rest_route=%2Fwp%2Fv2%2Ftags&post=26609"}],"curies":[{"name":"wp","href":"https:\/\/api.w.org\/{rel}","templated":true}]}}