{"id":26535,"date":"2022-09-20T21:55:44","date_gmt":"2022-09-21T00:55:44","guid":{"rendered":"https:\/\/p31noticias.com.br\/?p=26535"},"modified":"2022-09-20T21:58:43","modified_gmt":"2022-09-21T00:58:43","slug":"ministro-da-agricultura-celebra-valorizacao-do-agronegocio-no-governo-bolsonaro","status":"publish","type":"post","link":"https:\/\/www.p31noticias.com.br\/?p=26535","title":{"rendered":"Ministro da Agricultura celebra valoriza\u00e7\u00e3o do agroneg\u00f3cio no governo Bolsonaro."},"content":{"rendered":"<p style=\"text-align: justify;\"><em><strong>Segundo Marcos Montes, caso o presidente seja reeleito, um plano vem sendo elaborado para aumentar a produtividade do campo.<\/strong><\/em><\/p>\n<p style=\"text-align: justify;\">O ministro do Agricultura, Pecu\u00e1ria e Abastecimento\u00a0<a href=\"https:\/\/jovempan.com.br\/tag\/marcos-montes\"><strong>Marcos Montes<\/strong><\/a>\u00a0participou nesta segunda-feira, 19, de um encontro com representantes do Conselho do Agroneg\u00f3cio que aconteceu na Associa\u00e7\u00e3o Comercial de\u00a0<strong><a href=\"https:\/\/jovempan.com.br\/tag\/sao-paulo\">S\u00e3o Paulo<\/a><\/strong>. Na pasta desde o come\u00e7o do ano, Montes disse estar satisfeito e orgulhoso de fazer parte do minist\u00e9rio. Segundo ele, houve uma valoriza\u00e7\u00e3o do agro no governo Bolsonaro, o que permitiu que o Minist\u00e9rio da Agricultura passasse a ser considerado do primeiro escal\u00e3o. \u201cO presidente Bolsonaro faz o Minist\u00e9rio da Agricultura ser um minist\u00e9rio de primeiro escal\u00e3o\u201d, comentou. De acordo com o ministro, isso se deu ao trazer outros minist\u00e9rios para dentro de uma mesma pasta, como por exemplo, o da Agricultura Familiar e o da Pesca.<\/p>\n<div class=\"clearfix text-center advert\" style=\"text-align: justify;\">\n<div id=\"ad-middle1\" class=\"ads-gam\" data-google-query-id=\"CLbW_8bVpPoCFd8JuQYdOtAIJg\">\n<div id=\"google_ads_iframe_173743064\/jovempan\/web\/politica_19__container__\"><\/div>\n<\/div>\n<\/div>\n<p style=\"text-align: justify;\">Monstes garante que o produtor agr\u00edcola est\u00e1 na frente da maioria dos empres\u00e1rios brasileiros. \u201cMuita gente come\u00e7ou a usar a tecnologia e ci\u00eancia dentro de suas propriedades, e isso deu um salto, com um avan\u00e7o tecnol\u00f3gico extraordin\u00e1rio, que cabia ao minist\u00e9rio n\u00e3o atrapalhar esse pessoal, pelo contr\u00e1rio, come\u00e7ar a pavimentar e n\u00e3o incomodar os empres\u00e1rios\u201d,disse. Marcos Montes disse ainda que, apesar de aprovado, o c\u00f3digo florestal continua sendo um \u2018espinho na garganta\u2019, porque, com ele, a pasta n\u00e3o consegue implementar a\u00e7\u00f5es do jeito que gostaria. Caso Jair Bolsonaro seja reeleito, ele disse que h\u00e1 um plano espec\u00edfico para o agroneg\u00f3cio que est\u00e1 sendo elaborado, com propostas que miram, principalmente, a expans\u00e3o do potencial produtivo de \u00e1reas j\u00e1 exploradas no pa\u00eds para conseguir aumentar a produ\u00e7\u00e3o de alimentos, atender demandas nacionais e internacionais, cumprir compromissos socioambientais j\u00e1 assumidos e n\u00e3o precisar haver nenhum desmatamento.<\/p>\n<p style=\"text-align: justify;\"><em>*Com informa\u00e7\u00f5es do rep\u00f3rter Victor Moraes<\/em><\/p>\n<p style=\"text-align: justify;\">JP NEWS.<\/p>\n","protected":false},"excerpt":{"rendered":"<p>Segundo Marcos Montes, caso o presidente seja reeleito, um plano vem sendo elaborado para aumentar a produtividade do campo. O ministro do Agricultura, Pecu\u00e1ria e Abastecimento\u00a0Marcos Montes\u00a0participou nesta segunda-feira, 19, de um encontro com representantes do Conselho do Agroneg\u00f3cio que aconteceu na Associa\u00e7\u00e3o Comercial de\u00a0S\u00e3o Paulo. Na pasta desde o come\u00e7o do ano, Montes disse [&hellip;]<\/p>\n","protected":false},"author":2,"featured_media":26537,"comment_status":"open","ping_status":"open","sticky":false,"template":"","format":"standard","meta":{"footnotes":""},"categories":[1],"tags":[],"class_list":{"0":"post-26535","1":"post","2":"type-post","3":"status-publish","4":"format-standard","5":"has-post-thumbnail","7":"category-outros"},"yoast_head":"<!-- This site is optimized with the Yoast SEO Premium plugin v24.5 (Yoast SEO v27.5) - https:\/\/yoast.com\/product\/yoast-seo-premium-wordpress\/ -->\n<title>Ministro da Agricultura celebra valoriza\u00e7\u00e3o do agroneg\u00f3cio no governo Bolsonaro. - P31<\/title>\n<meta name=\"robots\" content=\"index, follow, max-snippet:-1, max-image-preview:large, max-video-preview:-1\" \/>\n<link rel=\"canonical\" href=\"https:\/\/www.p31noticias.com.br\/?p=26535\" \/>\n<meta property=\"og:locale\" content=\"pt_BR\" \/>\n<meta property=\"og:type\" content=\"article\" \/>\n<meta property=\"og:title\" content=\"Ministro da Agricultura celebra valoriza\u00e7\u00e3o do agroneg\u00f3cio no governo Bolsonaro.\" \/>\n<meta property=\"og:description\" content=\"Segundo Marcos Montes, caso o presidente seja reeleito, um plano vem sendo elaborado para aumentar a produtividade do campo. O ministro do Agricultura, Pecu\u00e1ria e Abastecimento\u00a0Marcos Montes\u00a0participou nesta segunda-feira, 19, de um encontro com representantes do Conselho do Agroneg\u00f3cio que aconteceu na Associa\u00e7\u00e3o Comercial de\u00a0S\u00e3o Paulo. Na pasta desde o come\u00e7o do ano, Montes disse [&hellip;]\" \/>\n<meta property=\"og:url\" content=\"https:\/\/www.p31noticias.com.br\/?p=26535\" \/>\n<meta property=\"og:site_name\" content=\"P31\" \/>\n<meta property=\"article:published_time\" content=\"2022-09-21T00:55:44+00:00\" \/>\n<meta property=\"article:modified_time\" content=\"2022-09-21T00:58:43+00:00\" \/>\n<meta property=\"og:image\" content=\"https:\/\/www.p31noticias.com.br\/wp-content\/uploads\/2022\/09\/img20180808185746404med-1.jpg\" \/>\n\t<meta property=\"og:image:width\" content=\"1000\" \/>\n\t<meta property=\"og:image:height\" content=\"655\" \/>\n\t<meta property=\"og:image:type\" content=\"image\/jpeg\" \/>\n<meta name=\"author\" content=\"Gon\u00e7alves Junior\" \/>\n<meta name=\"twitter:card\" content=\"summary_large_image\" \/>\n<meta name=\"twitter:label1\" content=\"Escrito por\" \/>\n\t<meta name=\"twitter:data1\" content=\"Gon\u00e7alves Junior\" \/>\n\t<meta name=\"twitter:label2\" content=\"Est. tempo de leitura\" \/>\n\t<meta name=\"twitter:data2\" content=\"2 minutos\" \/>\n<script type=\"application\/ld+json\" class=\"yoast-schema-graph\">{\"@context\":\"https:\\\/\\\/schema.org\",\"@graph\":[{\"@type\":\"Article\",\"@id\":\"https:\\\/\\\/www.p31noticias.com.br\\\/?p=26535#article\",\"isPartOf\":{\"@id\":\"https:\\\/\\\/www.p31noticias.com.br\\\/?p=26535\"},\"author\":{\"name\":\"Gon\u00e7alves Junior\",\"@id\":\"https:\\\/\\\/www.p31noticias.com.br\\\/#\\\/schema\\\/person\\\/95f2ece30e3b4132065b915150cd0f94\"},\"headline\":\"Ministro da Agricultura celebra valoriza\u00e7\u00e3o do agroneg\u00f3cio no governo Bolsonaro.\",\"datePublished\":\"2022-09-21T00:55:44+00:00\",\"dateModified\":\"2022-09-21T00:58:43+00:00\",\"mainEntityOfPage\":{\"@id\":\"https:\\\/\\\/www.p31noticias.com.br\\\/?p=26535\"},\"wordCount\":336,\"commentCount\":0,\"image\":{\"@id\":\"https:\\\/\\\/www.p31noticias.com.br\\\/?p=26535#primaryimage\"},\"thumbnailUrl\":\"https:\\\/\\\/www.p31noticias.com.br\\\/wp-content\\\/uploads\\\/2022\\\/09\\\/img20180808185746404med-1.jpg\",\"articleSection\":[\"Outros\"],\"inLanguage\":\"pt-BR\",\"potentialAction\":[{\"@type\":\"CommentAction\",\"name\":\"Comment\",\"target\":[\"https:\\\/\\\/www.p31noticias.com.br\\\/?p=26535#respond\"]}],\"copyrightYear\":\"2022\",\"copyrightHolder\":{\"@id\":\"https:\\\/\\\/www.p31noticias.com.br\\\/#organization\"}},{\"@type\":\"WebPage\",\"@id\":\"https:\\\/\\\/www.p31noticias.com.br\\\/?p=26535\",\"url\":\"https:\\\/\\\/www.p31noticias.com.br\\\/?p=26535\",\"name\":\"Ministro da Agricultura celebra valoriza\u00e7\u00e3o do agroneg\u00f3cio no governo Bolsonaro. - P31\",\"isPartOf\":{\"@id\":\"https:\\\/\\\/www.p31noticias.com.br\\\/#website\"},\"primaryImageOfPage\":{\"@id\":\"https:\\\/\\\/www.p31noticias.com.br\\\/?p=26535#primaryimage\"},\"image\":{\"@id\":\"https:\\\/\\\/www.p31noticias.com.br\\\/?p=26535#primaryimage\"},\"thumbnailUrl\":\"https:\\\/\\\/www.p31noticias.com.br\\\/wp-content\\\/uploads\\\/2022\\\/09\\\/img20180808185746404med-1.jpg\",\"datePublished\":\"2022-09-21T00:55:44+00:00\",\"dateModified\":\"2022-09-21T00:58:43+00:00\",\"author\":{\"@id\":\"https:\\\/\\\/www.p31noticias.com.br\\\/#\\\/schema\\\/person\\\/95f2ece30e3b4132065b915150cd0f94\"},\"breadcrumb\":{\"@id\":\"https:\\\/\\\/www.p31noticias.com.br\\\/?p=26535#breadcrumb\"},\"inLanguage\":\"pt-BR\",\"potentialAction\":[{\"@type\":\"ReadAction\",\"target\":[\"https:\\\/\\\/www.p31noticias.com.br\\\/?p=26535\"]}]},{\"@type\":\"ImageObject\",\"inLanguage\":\"pt-BR\",\"@id\":\"https:\\\/\\\/www.p31noticias.com.br\\\/?p=26535#primaryimage\",\"url\":\"https:\\\/\\\/www.p31noticias.com.br\\\/wp-content\\\/uploads\\\/2022\\\/09\\\/img20180808185746404med-1.jpg\",\"contentUrl\":\"https:\\\/\\\/www.p31noticias.com.br\\\/wp-content\\\/uploads\\\/2022\\\/09\\\/img20180808185746404med-1.jpg\",\"width\":1000,\"height\":655},{\"@type\":\"BreadcrumbList\",\"@id\":\"https:\\\/\\\/www.p31noticias.com.br\\\/?p=26535#breadcrumb\",\"itemListElement\":[{\"@type\":\"ListItem\",\"position\":1,\"name\":\"In\u00edcio\",\"item\":\"https:\\\/\\\/www.p31noticias.com.br\\\/\"},{\"@type\":\"ListItem\",\"position\":2,\"name\":\"Ministro da Agricultura celebra valoriza\u00e7\u00e3o do agroneg\u00f3cio no governo Bolsonaro.\"}]},{\"@type\":\"WebSite\",\"@id\":\"https:\\\/\\\/www.p31noticias.com.br\\\/#website\",\"url\":\"https:\\\/\\\/www.p31noticias.com.br\\\/\",\"name\":\"P31\",\"description\":\"NOT\u00cdCIAS\",\"potentialAction\":[{\"@type\":\"SearchAction\",\"target\":{\"@type\":\"EntryPoint\",\"urlTemplate\":\"https:\\\/\\\/www.p31noticias.com.br\\\/?s={search_term_string}\"},\"query-input\":{\"@type\":\"PropertyValueSpecification\",\"valueRequired\":true,\"valueName\":\"search_term_string\"}}],\"inLanguage\":\"pt-BR\"},{\"@type\":\"Person\",\"@id\":\"https:\\\/\\\/www.p31noticias.com.br\\\/#\\\/schema\\\/person\\\/95f2ece30e3b4132065b915150cd0f94\",\"name\":\"Gon\u00e7alves Junior\",\"image\":{\"@type\":\"ImageObject\",\"inLanguage\":\"pt-BR\",\"@id\":\"https:\\\/\\\/secure.gravatar.com\\\/avatar\\\/6711f350116a89762687a48d66f723c799e5438a5b7578508d4294cd7a5d0800?s=96&d=mm&r=g\",\"url\":\"https:\\\/\\\/secure.gravatar.com\\\/avatar\\\/6711f350116a89762687a48d66f723c799e5438a5b7578508d4294cd7a5d0800?s=96&d=mm&r=g\",\"contentUrl\":\"https:\\\/\\\/secure.gravatar.com\\\/avatar\\\/6711f350116a89762687a48d66f723c799e5438a5b7578508d4294cd7a5d0800?s=96&d=mm&r=g\",\"caption\":\"Gon\u00e7alves Junior\"},\"url\":\"https:\\\/\\\/www.p31noticias.com.br\\\/?author=2\"}]}<\/script>\n<!-- \/ Yoast SEO Premium plugin. -->","yoast_head_json":{"title":"Ministro da Agricultura celebra valoriza\u00e7\u00e3o do agroneg\u00f3cio no governo Bolsonaro. - P31","robots":{"index":"index","follow":"follow","max-snippet":"max-snippet:-1","max-image-preview":"max-image-preview:large","max-video-preview":"max-video-preview:-1"},"canonical":"https:\/\/www.p31noticias.com.br\/?p=26535","og_locale":"pt_BR","og_type":"article","og_title":"Ministro da Agricultura celebra valoriza\u00e7\u00e3o do agroneg\u00f3cio no governo Bolsonaro.","og_description":"Segundo Marcos Montes, caso o presidente seja reeleito, um plano vem sendo elaborado para aumentar a produtividade do campo. O ministro do Agricultura, Pecu\u00e1ria e Abastecimento\u00a0Marcos Montes\u00a0participou nesta segunda-feira, 19, de um encontro com representantes do Conselho do Agroneg\u00f3cio que aconteceu na Associa\u00e7\u00e3o Comercial de\u00a0S\u00e3o Paulo. Na pasta desde o come\u00e7o do ano, Montes disse [&hellip;]","og_url":"https:\/\/www.p31noticias.com.br\/?p=26535","og_site_name":"P31","article_published_time":"2022-09-21T00:55:44+00:00","article_modified_time":"2022-09-21T00:58:43+00:00","og_image":[{"width":1000,"height":655,"url":"https:\/\/www.p31noticias.com.br\/wp-content\/uploads\/2022\/09\/img20180808185746404med-1.jpg","type":"image\/jpeg"}],"author":"Gon\u00e7alves Junior","twitter_card":"summary_large_image","twitter_misc":{"Escrito por":"Gon\u00e7alves Junior","Est. tempo de leitura":"2 minutos"},"schema":{"@context":"https:\/\/schema.org","@graph":[{"@type":"Article","@id":"https:\/\/www.p31noticias.com.br\/?p=26535#article","isPartOf":{"@id":"https:\/\/www.p31noticias.com.br\/?p=26535"},"author":{"name":"Gon\u00e7alves Junior","@id":"https:\/\/www.p31noticias.com.br\/#\/schema\/person\/95f2ece30e3b4132065b915150cd0f94"},"headline":"Ministro da Agricultura celebra valoriza\u00e7\u00e3o do agroneg\u00f3cio no governo Bolsonaro.","datePublished":"2022-09-21T00:55:44+00:00","dateModified":"2022-09-21T00:58:43+00:00","mainEntityOfPage":{"@id":"https:\/\/www.p31noticias.com.br\/?p=26535"},"wordCount":336,"commentCount":0,"image":{"@id":"https:\/\/www.p31noticias.com.br\/?p=26535#primaryimage"},"thumbnailUrl":"https:\/\/www.p31noticias.com.br\/wp-content\/uploads\/2022\/09\/img20180808185746404med-1.jpg","articleSection":["Outros"],"inLanguage":"pt-BR","potentialAction":[{"@type":"CommentAction","name":"Comment","target":["https:\/\/www.p31noticias.com.br\/?p=26535#respond"]}],"copyrightYear":"2022","copyrightHolder":{"@id":"https:\/\/www.p31noticias.com.br\/#organization"}},{"@type":"WebPage","@id":"https:\/\/www.p31noticias.com.br\/?p=26535","url":"https:\/\/www.p31noticias.com.br\/?p=26535","name":"Ministro da Agricultura celebra valoriza\u00e7\u00e3o do agroneg\u00f3cio no governo Bolsonaro. - P31","isPartOf":{"@id":"https:\/\/www.p31noticias.com.br\/#website"},"primaryImageOfPage":{"@id":"https:\/\/www.p31noticias.com.br\/?p=26535#primaryimage"},"image":{"@id":"https:\/\/www.p31noticias.com.br\/?p=26535#primaryimage"},"thumbnailUrl":"https:\/\/www.p31noticias.com.br\/wp-content\/uploads\/2022\/09\/img20180808185746404med-1.jpg","datePublished":"2022-09-21T00:55:44+00:00","dateModified":"2022-09-21T00:58:43+00:00","author":{"@id":"https:\/\/www.p31noticias.com.br\/#\/schema\/person\/95f2ece30e3b4132065b915150cd0f94"},"breadcrumb":{"@id":"https:\/\/www.p31noticias.com.br\/?p=26535#breadcrumb"},"inLanguage":"pt-BR","potentialAction":[{"@type":"ReadAction","target":["https:\/\/www.p31noticias.com.br\/?p=26535"]}]},{"@type":"ImageObject","inLanguage":"pt-BR","@id":"https:\/\/www.p31noticias.com.br\/?p=26535#primaryimage","url":"https:\/\/www.p31noticias.com.br\/wp-content\/uploads\/2022\/09\/img20180808185746404med-1.jpg","contentUrl":"https:\/\/www.p31noticias.com.br\/wp-content\/uploads\/2022\/09\/img20180808185746404med-1.jpg","width":1000,"height":655},{"@type":"BreadcrumbList","@id":"https:\/\/www.p31noticias.com.br\/?p=26535#breadcrumb","itemListElement":[{"@type":"ListItem","position":1,"name":"In\u00edcio","item":"https:\/\/www.p31noticias.com.br\/"},{"@type":"ListItem","position":2,"name":"Ministro da Agricultura celebra valoriza\u00e7\u00e3o do agroneg\u00f3cio no governo Bolsonaro."}]},{"@type":"WebSite","@id":"https:\/\/www.p31noticias.com.br\/#website","url":"https:\/\/www.p31noticias.com.br\/","name":"P31","description":"NOT\u00cdCIAS","potentialAction":[{"@type":"SearchAction","target":{"@type":"EntryPoint","urlTemplate":"https:\/\/www.p31noticias.com.br\/?s={search_term_string}"},"query-input":{"@type":"PropertyValueSpecification","valueRequired":true,"valueName":"search_term_string"}}],"inLanguage":"pt-BR"},{"@type":"Person","@id":"https:\/\/www.p31noticias.com.br\/#\/schema\/person\/95f2ece30e3b4132065b915150cd0f94","name":"Gon\u00e7alves Junior","image":{"@type":"ImageObject","inLanguage":"pt-BR","@id":"https:\/\/secure.gravatar.com\/avatar\/6711f350116a89762687a48d66f723c799e5438a5b7578508d4294cd7a5d0800?s=96&d=mm&r=g","url":"https:\/\/secure.gravatar.com\/avatar\/6711f350116a89762687a48d66f723c799e5438a5b7578508d4294cd7a5d0800?s=96&d=mm&r=g","contentUrl":"https:\/\/secure.gravatar.com\/avatar\/6711f350116a89762687a48d66f723c799e5438a5b7578508d4294cd7a5d0800?s=96&d=mm&r=g","caption":"Gon\u00e7alves Junior"},"url":"https:\/\/www.p31noticias.com.br\/?author=2"}]}},"amp_enabled":true,"_links":{"self":[{"href":"https:\/\/www.p31noticias.com.br\/index.php?rest_route=\/wp\/v2\/posts\/26535","targetHints":{"allow":["GET"]}}],"collection":[{"href":"https:\/\/www.p31noticias.com.br\/index.php?rest_route=\/wp\/v2\/posts"}],"about":[{"href":"https:\/\/www.p31noticias.com.br\/index.php?rest_route=\/wp\/v2\/types\/post"}],"author":[{"embeddable":true,"href":"https:\/\/www.p31noticias.com.br\/index.php?rest_route=\/wp\/v2\/users\/2"}],"replies":[{"embeddable":true,"href":"https:\/\/www.p31noticias.com.br\/index.php?rest_route=%2Fwp%2Fv2%2Fcomments&post=26535"}],"version-history":[{"count":1,"href":"https:\/\/www.p31noticias.com.br\/index.php?rest_route=\/wp\/v2\/posts\/26535\/revisions"}],"predecessor-version":[{"id":26536,"href":"https:\/\/www.p31noticias.com.br\/index.php?rest_route=\/wp\/v2\/posts\/26535\/revisions\/26536"}],"wp:featuredmedia":[{"embeddable":true,"href":"https:\/\/www.p31noticias.com.br\/index.php?rest_route=\/wp\/v2\/media\/26537"}],"wp:attachment":[{"href":"https:\/\/www.p31noticias.com.br\/index.php?rest_route=%2Fwp%2Fv2%2Fmedia&parent=26535"}],"wp:term":[{"taxonomy":"category","embeddable":true,"href":"https:\/\/www.p31noticias.com.br\/index.php?rest_route=%2Fwp%2Fv2%2Fcategories&post=26535"},{"taxonomy":"post_tag","embeddable":true,"href":"https:\/\/www.p31noticias.com.br\/index.php?rest_route=%2Fwp%2Fv2%2Ftags&post=26535"}],"curies":[{"name":"wp","href":"https:\/\/api.w.org\/{rel}","templated":true}]}}