{"id":26532,"date":"2022-09-20T21:48:48","date_gmt":"2022-09-21T00:48:48","guid":{"rendered":"https:\/\/p31noticias.com.br\/?p=26532"},"modified":"2022-09-20T21:48:48","modified_gmt":"2022-09-21T00:48:48","slug":"stf-forma-maioria-para-barrar-decretos-de-bolsonaro-sobre-armas","status":"publish","type":"post","link":"https:\/\/www.p31noticias.com.br\/?p=26532","title":{"rendered":"STF forma maioria para barrar decretos de Bolsonaro sobre armas."},"content":{"rendered":"<p style=\"text-align: justify;\"><em><strong>Plen\u00e1rio virtual da Corte referenda liminar concedida pelo ministro Edson Fachin, que limitou a posse de armas de fogo a cidad\u00e3os que tenham \u2018efetiva necessidade\u2019.<\/strong><\/em><\/p>\n<p style=\"text-align: justify;\">O<a href=\"https:\/\/jovempan.com.br\/tag\/stf\">\u00a0<strong>Supremo Tribunal Federal<\/strong><\/a> (STF) formou maioria pela manuten\u00e7\u00e3o da liminar que <a href=\"https:\/\/jovempan.com.br\/noticias\/politica\/fachin-restringe-numero-de-armas-de-fogo-e-municoes-apos-suspender-decretos-de-bolsonaro.html\">suspendeu a flexibiliza\u00e7\u00e3o da compra e o porte de armas no Brasil<\/a>. O plen\u00e1rio da Suprema Corte manteve a decis\u00e3o concedida pelo ministro<a href=\"https:\/\/jovempan.com.br\/tag\/edson-fachin\">\u00a0<strong>Edson Fachin<\/strong>,<\/a>\u00a0em 5 de setembro, quando revogou trechos de decretos decretos realizados pelo governo\u00a0<strong><a href=\"https:\/\/jovempan.com.br\/tag\/jair-bolsonaro\">Jair Bolsonaro<\/a>\u00a0<\/strong>sobre os CACs (ca\u00e7adores, atiradores e colecionadores), que regulamentam o Estatuto do Desarmamento (Lei 10.826\/2003) e flexibilizam a posse de arma de fogo e a quantidade de muni\u00e7\u00f5es que podem ser adquiridas. Na ocasi\u00e3o, o ministro justificou a suspens\u00e3o pelo risco de aumento da viol\u00eancia pol\u00edtica com o in\u00edcio da campanha eleitoral. \u201cNoutras palavras, o risco de viol\u00eancia pol\u00edtica torna de extrema e excepcional urg\u00eancia a necessidade de conceder o provimento cautelar\u201d, disse ao atender os pedidos. A determina\u00e7\u00e3o de Fachin atendeu a pedidos realizados de maneira liminar, ou seja, provis\u00f3ria, em tr\u00eas processos impetrados por partidos oposicionistas como PSB e\u00a0<strong><a href=\"https:\/\/jovempan.com.br\/tag\/pt\">PT<\/a>.<\/strong><\/p>\n<div class=\"clearfix text-center advert\" style=\"text-align: justify;\">\n<div id=\"ad-middle1\" class=\"ads-gam\"><\/div>\n<\/div>\n<p style=\"text-align: justify;\">Com a decis\u00e3o, a \u201cposse de armas de fogo s\u00f3 pode ser autorizada \u00e0s pessoas que demonstrem concretamente, por raz\u00f5es profissionais ou pessoais, possu\u00edrem efetiva necessidade\u201d. Da mesma forma, a aquisi\u00e7\u00e3o de armas de fogo de uso restrito s\u00f3 deve ser autorizada no interesse da seguran\u00e7a p\u00fablica ou da defesa nacional, n\u00e3o em raz\u00e3o do interesse pessoal. Quanto \u00e0s muni\u00e7\u00f5es, o Edson Fachin definiu ainda que os limites devem se limitar ao que garanta apenas o necess\u00e1rio \u00e0 seguran\u00e7a dos cidad\u00e3os. At\u00e9 o momento, o placar no STF soma com seis votos favor\u00e1veis a suspens\u00e3o dos decretos de armas. Al\u00e9m de Edson Fachin, os ministros Luis Roberto Barroso, Ricardo Lewandowski, Alexandre de Moraes, Rosa Weber e Gilmar Mendes se posicionaram pela manuten\u00e7\u00e3o da decis\u00e3o, enquanto Kassio Nunes Marques se posicionou de forma contr\u00e1ria. Os ministros Luiz Fux\u00a0 Dias Toffoli, C\u00e1rmen L\u00facia e Andr\u00e9 Mendon\u00e7a ainda devem se manifestar, sendo que o prazo se encerra \u00e0s 23h59 desta ter\u00e7a.<\/p>\n<p>JP NEWS.<\/p>\n","protected":false},"excerpt":{"rendered":"<p>Plen\u00e1rio virtual da Corte referenda liminar concedida pelo ministro Edson Fachin, que limitou a posse de armas de fogo a cidad\u00e3os que tenham \u2018efetiva necessidade\u2019. O\u00a0Supremo Tribunal Federal (STF) formou maioria pela manuten\u00e7\u00e3o da liminar que suspendeu a flexibiliza\u00e7\u00e3o da compra e o porte de armas no Brasil. O plen\u00e1rio da Suprema Corte manteve a [&hellip;]<\/p>\n","protected":false},"author":2,"featured_media":26533,"comment_status":"open","ping_status":"open","sticky":false,"template":"","format":"standard","meta":{"footnotes":""},"categories":[1],"tags":[],"class_list":{"0":"post-26532","1":"post","2":"type-post","3":"status-publish","4":"format-standard","5":"has-post-thumbnail","7":"category-outros"},"yoast_head":"<!-- This site is optimized with the Yoast SEO Premium plugin v24.5 (Yoast SEO v27.5) - https:\/\/yoast.com\/product\/yoast-seo-premium-wordpress\/ -->\n<title>STF forma maioria para barrar decretos de Bolsonaro sobre armas. - P31<\/title>\n<meta name=\"robots\" content=\"index, follow, max-snippet:-1, max-image-preview:large, max-video-preview:-1\" \/>\n<link rel=\"canonical\" href=\"https:\/\/www.p31noticias.com.br\/?p=26532\" \/>\n<meta property=\"og:locale\" content=\"pt_BR\" \/>\n<meta property=\"og:type\" content=\"article\" \/>\n<meta property=\"og:title\" content=\"STF forma maioria para barrar decretos de Bolsonaro sobre armas.\" \/>\n<meta property=\"og:description\" content=\"Plen\u00e1rio virtual da Corte referenda liminar concedida pelo ministro Edson Fachin, que limitou a posse de armas de fogo a cidad\u00e3os que tenham \u2018efetiva necessidade\u2019. O\u00a0Supremo Tribunal Federal (STF) formou maioria pela manuten\u00e7\u00e3o da liminar que suspendeu a flexibiliza\u00e7\u00e3o da compra e o porte de armas no Brasil. O plen\u00e1rio da Suprema Corte manteve a [&hellip;]\" \/>\n<meta property=\"og:url\" content=\"https:\/\/www.p31noticias.com.br\/?p=26532\" \/>\n<meta property=\"og:site_name\" content=\"P31\" \/>\n<meta property=\"article:published_time\" content=\"2022-09-21T00:48:48+00:00\" \/>\n<meta property=\"og:image\" content=\"https:\/\/www.p31noticias.com.br\/wp-content\/uploads\/2022\/09\/52259409203_8d5c4721c3_k-675x450-1.jpg\" \/>\n\t<meta property=\"og:image:width\" content=\"675\" \/>\n\t<meta property=\"og:image:height\" content=\"450\" \/>\n\t<meta property=\"og:image:type\" content=\"image\/jpeg\" \/>\n<meta name=\"author\" content=\"Gon\u00e7alves Junior\" \/>\n<meta name=\"twitter:card\" content=\"summary_large_image\" \/>\n<meta name=\"twitter:label1\" content=\"Escrito por\" \/>\n\t<meta name=\"twitter:data1\" content=\"Gon\u00e7alves Junior\" \/>\n\t<meta name=\"twitter:label2\" content=\"Est. tempo de leitura\" \/>\n\t<meta name=\"twitter:data2\" content=\"2 minutos\" \/>\n<script type=\"application\/ld+json\" class=\"yoast-schema-graph\">{\"@context\":\"https:\\\/\\\/schema.org\",\"@graph\":[{\"@type\":\"Article\",\"@id\":\"https:\\\/\\\/www.p31noticias.com.br\\\/?p=26532#article\",\"isPartOf\":{\"@id\":\"https:\\\/\\\/www.p31noticias.com.br\\\/?p=26532\"},\"author\":{\"name\":\"Gon\u00e7alves Junior\",\"@id\":\"https:\\\/\\\/www.p31noticias.com.br\\\/#\\\/schema\\\/person\\\/95f2ece30e3b4132065b915150cd0f94\"},\"headline\":\"STF forma maioria para barrar decretos de Bolsonaro sobre armas.\",\"datePublished\":\"2022-09-21T00:48:48+00:00\",\"mainEntityOfPage\":{\"@id\":\"https:\\\/\\\/www.p31noticias.com.br\\\/?p=26532\"},\"wordCount\":387,\"commentCount\":0,\"image\":{\"@id\":\"https:\\\/\\\/www.p31noticias.com.br\\\/?p=26532#primaryimage\"},\"thumbnailUrl\":\"https:\\\/\\\/www.p31noticias.com.br\\\/wp-content\\\/uploads\\\/2022\\\/09\\\/52259409203_8d5c4721c3_k-675x450-1.jpg\",\"articleSection\":[\"Outros\"],\"inLanguage\":\"pt-BR\",\"potentialAction\":[{\"@type\":\"CommentAction\",\"name\":\"Comment\",\"target\":[\"https:\\\/\\\/www.p31noticias.com.br\\\/?p=26532#respond\"]}],\"copyrightYear\":\"2022\",\"copyrightHolder\":{\"@id\":\"https:\\\/\\\/www.p31noticias.com.br\\\/#organization\"}},{\"@type\":\"WebPage\",\"@id\":\"https:\\\/\\\/www.p31noticias.com.br\\\/?p=26532\",\"url\":\"https:\\\/\\\/www.p31noticias.com.br\\\/?p=26532\",\"name\":\"STF forma maioria para barrar decretos de Bolsonaro sobre armas. - P31\",\"isPartOf\":{\"@id\":\"https:\\\/\\\/www.p31noticias.com.br\\\/#website\"},\"primaryImageOfPage\":{\"@id\":\"https:\\\/\\\/www.p31noticias.com.br\\\/?p=26532#primaryimage\"},\"image\":{\"@id\":\"https:\\\/\\\/www.p31noticias.com.br\\\/?p=26532#primaryimage\"},\"thumbnailUrl\":\"https:\\\/\\\/www.p31noticias.com.br\\\/wp-content\\\/uploads\\\/2022\\\/09\\\/52259409203_8d5c4721c3_k-675x450-1.jpg\",\"datePublished\":\"2022-09-21T00:48:48+00:00\",\"author\":{\"@id\":\"https:\\\/\\\/www.p31noticias.com.br\\\/#\\\/schema\\\/person\\\/95f2ece30e3b4132065b915150cd0f94\"},\"breadcrumb\":{\"@id\":\"https:\\\/\\\/www.p31noticias.com.br\\\/?p=26532#breadcrumb\"},\"inLanguage\":\"pt-BR\",\"potentialAction\":[{\"@type\":\"ReadAction\",\"target\":[\"https:\\\/\\\/www.p31noticias.com.br\\\/?p=26532\"]}]},{\"@type\":\"ImageObject\",\"inLanguage\":\"pt-BR\",\"@id\":\"https:\\\/\\\/www.p31noticias.com.br\\\/?p=26532#primaryimage\",\"url\":\"https:\\\/\\\/www.p31noticias.com.br\\\/wp-content\\\/uploads\\\/2022\\\/09\\\/52259409203_8d5c4721c3_k-675x450-1.jpg\",\"contentUrl\":\"https:\\\/\\\/www.p31noticias.com.br\\\/wp-content\\\/uploads\\\/2022\\\/09\\\/52259409203_8d5c4721c3_k-675x450-1.jpg\",\"width\":675,\"height\":450},{\"@type\":\"BreadcrumbList\",\"@id\":\"https:\\\/\\\/www.p31noticias.com.br\\\/?p=26532#breadcrumb\",\"itemListElement\":[{\"@type\":\"ListItem\",\"position\":1,\"name\":\"In\u00edcio\",\"item\":\"https:\\\/\\\/www.p31noticias.com.br\\\/\"},{\"@type\":\"ListItem\",\"position\":2,\"name\":\"STF forma maioria para barrar decretos de Bolsonaro sobre armas.\"}]},{\"@type\":\"WebSite\",\"@id\":\"https:\\\/\\\/www.p31noticias.com.br\\\/#website\",\"url\":\"https:\\\/\\\/www.p31noticias.com.br\\\/\",\"name\":\"P31\",\"description\":\"NOT\u00cdCIAS\",\"potentialAction\":[{\"@type\":\"SearchAction\",\"target\":{\"@type\":\"EntryPoint\",\"urlTemplate\":\"https:\\\/\\\/www.p31noticias.com.br\\\/?s={search_term_string}\"},\"query-input\":{\"@type\":\"PropertyValueSpecification\",\"valueRequired\":true,\"valueName\":\"search_term_string\"}}],\"inLanguage\":\"pt-BR\"},{\"@type\":\"Person\",\"@id\":\"https:\\\/\\\/www.p31noticias.com.br\\\/#\\\/schema\\\/person\\\/95f2ece30e3b4132065b915150cd0f94\",\"name\":\"Gon\u00e7alves Junior\",\"image\":{\"@type\":\"ImageObject\",\"inLanguage\":\"pt-BR\",\"@id\":\"https:\\\/\\\/secure.gravatar.com\\\/avatar\\\/6711f350116a89762687a48d66f723c799e5438a5b7578508d4294cd7a5d0800?s=96&d=mm&r=g\",\"url\":\"https:\\\/\\\/secure.gravatar.com\\\/avatar\\\/6711f350116a89762687a48d66f723c799e5438a5b7578508d4294cd7a5d0800?s=96&d=mm&r=g\",\"contentUrl\":\"https:\\\/\\\/secure.gravatar.com\\\/avatar\\\/6711f350116a89762687a48d66f723c799e5438a5b7578508d4294cd7a5d0800?s=96&d=mm&r=g\",\"caption\":\"Gon\u00e7alves Junior\"},\"url\":\"https:\\\/\\\/www.p31noticias.com.br\\\/?author=2\"}]}<\/script>\n<!-- \/ Yoast SEO Premium plugin. -->","yoast_head_json":{"title":"STF forma maioria para barrar decretos de Bolsonaro sobre armas. - P31","robots":{"index":"index","follow":"follow","max-snippet":"max-snippet:-1","max-image-preview":"max-image-preview:large","max-video-preview":"max-video-preview:-1"},"canonical":"https:\/\/www.p31noticias.com.br\/?p=26532","og_locale":"pt_BR","og_type":"article","og_title":"STF forma maioria para barrar decretos de Bolsonaro sobre armas.","og_description":"Plen\u00e1rio virtual da Corte referenda liminar concedida pelo ministro Edson Fachin, que limitou a posse de armas de fogo a cidad\u00e3os que tenham \u2018efetiva necessidade\u2019. O\u00a0Supremo Tribunal Federal (STF) formou maioria pela manuten\u00e7\u00e3o da liminar que suspendeu a flexibiliza\u00e7\u00e3o da compra e o porte de armas no Brasil. O plen\u00e1rio da Suprema Corte manteve a [&hellip;]","og_url":"https:\/\/www.p31noticias.com.br\/?p=26532","og_site_name":"P31","article_published_time":"2022-09-21T00:48:48+00:00","og_image":[{"width":675,"height":450,"url":"https:\/\/www.p31noticias.com.br\/wp-content\/uploads\/2022\/09\/52259409203_8d5c4721c3_k-675x450-1.jpg","type":"image\/jpeg"}],"author":"Gon\u00e7alves Junior","twitter_card":"summary_large_image","twitter_misc":{"Escrito por":"Gon\u00e7alves Junior","Est. tempo de leitura":"2 minutos"},"schema":{"@context":"https:\/\/schema.org","@graph":[{"@type":"Article","@id":"https:\/\/www.p31noticias.com.br\/?p=26532#article","isPartOf":{"@id":"https:\/\/www.p31noticias.com.br\/?p=26532"},"author":{"name":"Gon\u00e7alves Junior","@id":"https:\/\/www.p31noticias.com.br\/#\/schema\/person\/95f2ece30e3b4132065b915150cd0f94"},"headline":"STF forma maioria para barrar decretos de Bolsonaro sobre armas.","datePublished":"2022-09-21T00:48:48+00:00","mainEntityOfPage":{"@id":"https:\/\/www.p31noticias.com.br\/?p=26532"},"wordCount":387,"commentCount":0,"image":{"@id":"https:\/\/www.p31noticias.com.br\/?p=26532#primaryimage"},"thumbnailUrl":"https:\/\/www.p31noticias.com.br\/wp-content\/uploads\/2022\/09\/52259409203_8d5c4721c3_k-675x450-1.jpg","articleSection":["Outros"],"inLanguage":"pt-BR","potentialAction":[{"@type":"CommentAction","name":"Comment","target":["https:\/\/www.p31noticias.com.br\/?p=26532#respond"]}],"copyrightYear":"2022","copyrightHolder":{"@id":"https:\/\/www.p31noticias.com.br\/#organization"}},{"@type":"WebPage","@id":"https:\/\/www.p31noticias.com.br\/?p=26532","url":"https:\/\/www.p31noticias.com.br\/?p=26532","name":"STF forma maioria para barrar decretos de Bolsonaro sobre armas. - P31","isPartOf":{"@id":"https:\/\/www.p31noticias.com.br\/#website"},"primaryImageOfPage":{"@id":"https:\/\/www.p31noticias.com.br\/?p=26532#primaryimage"},"image":{"@id":"https:\/\/www.p31noticias.com.br\/?p=26532#primaryimage"},"thumbnailUrl":"https:\/\/www.p31noticias.com.br\/wp-content\/uploads\/2022\/09\/52259409203_8d5c4721c3_k-675x450-1.jpg","datePublished":"2022-09-21T00:48:48+00:00","author":{"@id":"https:\/\/www.p31noticias.com.br\/#\/schema\/person\/95f2ece30e3b4132065b915150cd0f94"},"breadcrumb":{"@id":"https:\/\/www.p31noticias.com.br\/?p=26532#breadcrumb"},"inLanguage":"pt-BR","potentialAction":[{"@type":"ReadAction","target":["https:\/\/www.p31noticias.com.br\/?p=26532"]}]},{"@type":"ImageObject","inLanguage":"pt-BR","@id":"https:\/\/www.p31noticias.com.br\/?p=26532#primaryimage","url":"https:\/\/www.p31noticias.com.br\/wp-content\/uploads\/2022\/09\/52259409203_8d5c4721c3_k-675x450-1.jpg","contentUrl":"https:\/\/www.p31noticias.com.br\/wp-content\/uploads\/2022\/09\/52259409203_8d5c4721c3_k-675x450-1.jpg","width":675,"height":450},{"@type":"BreadcrumbList","@id":"https:\/\/www.p31noticias.com.br\/?p=26532#breadcrumb","itemListElement":[{"@type":"ListItem","position":1,"name":"In\u00edcio","item":"https:\/\/www.p31noticias.com.br\/"},{"@type":"ListItem","position":2,"name":"STF forma maioria para barrar decretos de Bolsonaro sobre armas."}]},{"@type":"WebSite","@id":"https:\/\/www.p31noticias.com.br\/#website","url":"https:\/\/www.p31noticias.com.br\/","name":"P31","description":"NOT\u00cdCIAS","potentialAction":[{"@type":"SearchAction","target":{"@type":"EntryPoint","urlTemplate":"https:\/\/www.p31noticias.com.br\/?s={search_term_string}"},"query-input":{"@type":"PropertyValueSpecification","valueRequired":true,"valueName":"search_term_string"}}],"inLanguage":"pt-BR"},{"@type":"Person","@id":"https:\/\/www.p31noticias.com.br\/#\/schema\/person\/95f2ece30e3b4132065b915150cd0f94","name":"Gon\u00e7alves Junior","image":{"@type":"ImageObject","inLanguage":"pt-BR","@id":"https:\/\/secure.gravatar.com\/avatar\/6711f350116a89762687a48d66f723c799e5438a5b7578508d4294cd7a5d0800?s=96&d=mm&r=g","url":"https:\/\/secure.gravatar.com\/avatar\/6711f350116a89762687a48d66f723c799e5438a5b7578508d4294cd7a5d0800?s=96&d=mm&r=g","contentUrl":"https:\/\/secure.gravatar.com\/avatar\/6711f350116a89762687a48d66f723c799e5438a5b7578508d4294cd7a5d0800?s=96&d=mm&r=g","caption":"Gon\u00e7alves Junior"},"url":"https:\/\/www.p31noticias.com.br\/?author=2"}]}},"amp_enabled":true,"_links":{"self":[{"href":"https:\/\/www.p31noticias.com.br\/index.php?rest_route=\/wp\/v2\/posts\/26532","targetHints":{"allow":["GET"]}}],"collection":[{"href":"https:\/\/www.p31noticias.com.br\/index.php?rest_route=\/wp\/v2\/posts"}],"about":[{"href":"https:\/\/www.p31noticias.com.br\/index.php?rest_route=\/wp\/v2\/types\/post"}],"author":[{"embeddable":true,"href":"https:\/\/www.p31noticias.com.br\/index.php?rest_route=\/wp\/v2\/users\/2"}],"replies":[{"embeddable":true,"href":"https:\/\/www.p31noticias.com.br\/index.php?rest_route=%2Fwp%2Fv2%2Fcomments&post=26532"}],"version-history":[{"count":1,"href":"https:\/\/www.p31noticias.com.br\/index.php?rest_route=\/wp\/v2\/posts\/26532\/revisions"}],"predecessor-version":[{"id":26534,"href":"https:\/\/www.p31noticias.com.br\/index.php?rest_route=\/wp\/v2\/posts\/26532\/revisions\/26534"}],"wp:featuredmedia":[{"embeddable":true,"href":"https:\/\/www.p31noticias.com.br\/index.php?rest_route=\/wp\/v2\/media\/26533"}],"wp:attachment":[{"href":"https:\/\/www.p31noticias.com.br\/index.php?rest_route=%2Fwp%2Fv2%2Fmedia&parent=26532"}],"wp:term":[{"taxonomy":"category","embeddable":true,"href":"https:\/\/www.p31noticias.com.br\/index.php?rest_route=%2Fwp%2Fv2%2Fcategories&post=26532"},{"taxonomy":"post_tag","embeddable":true,"href":"https:\/\/www.p31noticias.com.br\/index.php?rest_route=%2Fwp%2Fv2%2Ftags&post=26532"}],"curies":[{"name":"wp","href":"https:\/\/api.w.org\/{rel}","templated":true}]}}