{"id":26517,"date":"2022-09-18T14:13:40","date_gmt":"2022-09-18T17:13:40","guid":{"rendered":"https:\/\/p31noticias.com.br\/?p=26517"},"modified":"2022-09-21T07:25:11","modified_gmt":"2022-09-21T10:25:11","slug":"o-rio-de-janeiro-esta-mudando-para-melhor-gracas-a-deus","status":"publish","type":"post","link":"https:\/\/www.p31noticias.com.br\/?p=26517","title":{"rendered":"O Rio de Janeiro est\u00e1 mudando para melhor !!! Gra\u00e7as a Deus !!!"},"content":{"rendered":"<p><em><strong>Homens de Deus no Poder !!!<\/strong><\/em><\/p>\n<p style=\"text-align: justify;\">O Brasil tem experimentado um choque de realidade nos \u00faltimos\u00a0 anos , quando da vit\u00f3ria do ent\u00e3o Deputado Federal Jair Messias Bolsonaro nas elei\u00e7\u00f5es para Presidente da Rep\u00fablica do Brasil e sua ascens\u00e3o ao poder , dando in\u00edcio ent\u00e3o a uma nova era em que a vis\u00e3o de P\u00e1tria, Fam\u00edlia, Deus , Integridade e Moral vieram \u00e0 tona de uma forma muito contundente .<\/p>\n<p style=\"text-align: justify;\">O que aconteceu tamb\u00e9m foi que, junto com a elei\u00e7\u00e3o de Bolsonaro, muitos cidad\u00e3os da chamada \u201c Ala da Direita\u201d tiveram proemin\u00eancia, sendo muitos deles eleitos a cargos eletivos, tanto para o Senado como para a C\u00e2mara dos Deputados .<\/p>\n<p style=\"text-align: justify;\">Entre eles se destaca o jovem Pastor Evang\u00e9lico Otoni de Paula Junior, carioca, que com 120.498 votos dos cariocas, foi eleito Deputado Federal pelo Rio de Janeiro . Antes Otoni foi vereador pela cidade do Rio de Janeiro, onde tamb\u00e9m deixou marcas de probidade e fino trato com as fun\u00e7\u00f5es que\u00a0 l\u00e1 no Legislativo local exerceu.<\/p>\n<p style=\"text-align: justify;\">Seu tom conciliador e ao mesmo tempo firme em suas id\u00e9ias, o aproximaram ainda mais do Presidente da Rep\u00fablica, a ponto de se tornar por um bom tempo um dos l\u00edderes do Governo e apoiadores fortes do Executivo \u00a0na C\u00e2mara dos Deputados .<\/p>\n<p style=\"text-align: justify;\">O Rio de Janeiro, que passou por tantos problemas com corrup\u00e7\u00e3o, a ponto de ter governadores anteriores presos,\u00a0 v\u00ea nascer agora uma lideran\u00e7a forte, que fala a linguagem do povo, e que n\u00e3o se deixa levar pelo \u201cCanto da Sereia\u201d , t\u00e3o em voga nos dias de hoje, principalmente na cidade maravilhosa.<\/p>\n<p style=\"text-align: justify;\">O povo carioca, t\u00e3o alegre, extrovertido, de tantas versatilidades, na m\u00fasica, cultura, artes, esportes , n\u00e3o merece viver num estado de caos no que se refere a politica. O Rio de Janeiro, que \u00e9 um cart\u00e3o postal do Brasil para o mundo , deve ser e ser\u00e1 aben\u00e7oado com homens que tenham em seus cora\u00e7\u00f5es a boa f\u00e9 e conduta ilibada para assumirem os cargos mais altos da cidade.<\/p>\n<p style=\"text-align: justify;\">Otoni de Paula j\u00e1 \u00e9 visto como uma lideran\u00e7a forte , que far\u00e1 a diferen\u00e7a nas pr\u00f3ximas elei\u00e7\u00f5es no Rio de Janeiro . Isso quem diz s\u00e3o os pol\u00edticos e cientistas pol\u00edticos que fazem proje\u00e7\u00f5es para o futuro fluminense.<\/p>\n<p style=\"text-align: justify;\">O desejo do Carioca \u00e9 que Otoni de Paula conserve a sua caminhada proba, e que consiga agregar ainda mais os que pensam e desejam um Rio de Janeiro livre da corrup\u00e7\u00e3o, da roubalheira, do caos que agora impera, e que , atrav\u00e9s\u00a0 desses patriotas, possamos levar o Rio de Janeiro ao patamar que lhe faz jus: \u201cCidade Maravilhosa \u201c.<\/p>\n<p style=\"text-align: justify;\">Otoni de Paula \u00e9 candidato novamente a Deputado Federal, e seu n\u00famero \u00e9 1522. E agora traz junto com ele seu Pai , que tamb\u00e9m se chama Otoni de Paula , que tem o n\u00famero 15022 para Deputado Estadual . E isso trouxe uma for\u00e7a pol\u00edtica imensa, pois Otoni de Paula Pai tamb\u00e9m, como Otoni de Paula filho na C\u00e2mara Federal\u00a0 , est\u00e1 muito bem cotado para assumir uma vaga no Legislativo Fluminense.<\/p>\n<p style=\"text-align: justify;\">Mesmo fazendo parte do velho PMDB ( agora MDB ), que tem apoiadores em alguns estados voltados \u00e0 esquerda , Otoni de Paula continua fiel aos seus princ\u00edpios conservadores e tem como lema a defesa da Fam\u00edlia, Deus e a P\u00e1tria. \u00c9 contra o Aborto, a Ideologia de G\u00eanero , persegui\u00e7\u00e3o \u00e0s igrejas e Institui\u00e7\u00f5es Religiosas, e tem se destacado como um dos principais apoiadores do Presidente Bolsonaro, que o considera um dos seus amigos pr\u00f3ximos , e tamb\u00e9m um dos importantes puxadores de votos no Rio de Janeiro e tamb\u00e9m no p\u00fablico evang\u00e9lico em todo o Brasil. Otoni de Paula tem realizado reuni\u00f5es com muitos apoiadores importantes, e tem arrastado milhares de votos para Bolsonaro . Qualquer um gostaria de ter um Cabo Eleitoral desses . Parab\u00e9ns!!! Que venha a reelei\u00e7\u00e3o!!!<\/p>\n<p style=\"text-align: justify;\">Da Reda\u00e7\u00e3o.<\/p>\n","protected":false},"excerpt":{"rendered":"<p>Homens de Deus no Poder !!! O Brasil tem experimentado um choque de realidade nos \u00faltimos\u00a0 anos , quando da vit\u00f3ria do ent\u00e3o Deputado Federal Jair Messias Bolsonaro nas elei\u00e7\u00f5es para Presidente da Rep\u00fablica do Brasil e sua ascens\u00e3o ao poder , dando in\u00edcio ent\u00e3o a uma nova era em que a vis\u00e3o de P\u00e1tria, [&hellip;]<\/p>\n","protected":false},"author":2,"featured_media":26518,"comment_status":"open","ping_status":"open","sticky":false,"template":"","format":"standard","meta":{"footnotes":""},"categories":[57],"tags":[],"class_list":{"0":"post-26517","1":"post","2":"type-post","3":"status-publish","4":"format-standard","5":"has-post-thumbnail","7":"category-politica"},"yoast_head":"<!-- This site is optimized with the Yoast SEO Premium plugin v24.5 (Yoast SEO v27.5) - https:\/\/yoast.com\/product\/yoast-seo-premium-wordpress\/ -->\n<title>O Rio de Janeiro est\u00e1 mudando para melhor !!! Gra\u00e7as a Deus !!! - P31<\/title>\n<meta name=\"robots\" content=\"index, follow, max-snippet:-1, max-image-preview:large, max-video-preview:-1\" \/>\n<link rel=\"canonical\" href=\"https:\/\/www.p31noticias.com.br\/?p=26517\" \/>\n<meta property=\"og:locale\" content=\"pt_BR\" \/>\n<meta property=\"og:type\" content=\"article\" \/>\n<meta property=\"og:title\" content=\"O Rio de Janeiro est\u00e1 mudando para melhor !!! Gra\u00e7as a Deus !!!\" \/>\n<meta property=\"og:description\" content=\"Homens de Deus no Poder !!! O Brasil tem experimentado um choque de realidade nos \u00faltimos\u00a0 anos , quando da vit\u00f3ria do ent\u00e3o Deputado Federal Jair Messias Bolsonaro nas elei\u00e7\u00f5es para Presidente da Rep\u00fablica do Brasil e sua ascens\u00e3o ao poder , dando in\u00edcio ent\u00e3o a uma nova era em que a vis\u00e3o de P\u00e1tria, [&hellip;]\" \/>\n<meta property=\"og:url\" content=\"https:\/\/www.p31noticias.com.br\/?p=26517\" \/>\n<meta property=\"og:site_name\" content=\"P31\" \/>\n<meta property=\"article:published_time\" content=\"2022-09-18T17:13:40+00:00\" \/>\n<meta property=\"article:modified_time\" content=\"2022-09-21T10:25:11+00:00\" \/>\n<meta property=\"og:image\" content=\"https:\/\/www.p31noticias.com.br\/wp-content\/uploads\/2022\/09\/images-4.jpg\" \/>\n\t<meta property=\"og:image:width\" content=\"300\" \/>\n\t<meta property=\"og:image:height\" content=\"168\" \/>\n\t<meta property=\"og:image:type\" content=\"image\/jpeg\" \/>\n<meta name=\"author\" content=\"Gon\u00e7alves Junior\" \/>\n<meta name=\"twitter:card\" content=\"summary_large_image\" \/>\n<meta name=\"twitter:label1\" content=\"Escrito por\" \/>\n\t<meta name=\"twitter:data1\" content=\"Gon\u00e7alves Junior\" \/>\n\t<meta name=\"twitter:label2\" content=\"Est. tempo de leitura\" \/>\n\t<meta name=\"twitter:data2\" content=\"3 minutos\" \/>\n<script type=\"application\/ld+json\" class=\"yoast-schema-graph\">{\"@context\":\"https:\\\/\\\/schema.org\",\"@graph\":[{\"@type\":\"Article\",\"@id\":\"https:\\\/\\\/www.p31noticias.com.br\\\/?p=26517#article\",\"isPartOf\":{\"@id\":\"https:\\\/\\\/www.p31noticias.com.br\\\/?p=26517\"},\"author\":{\"name\":\"Gon\u00e7alves Junior\",\"@id\":\"https:\\\/\\\/www.p31noticias.com.br\\\/#\\\/schema\\\/person\\\/95f2ece30e3b4132065b915150cd0f94\"},\"headline\":\"O Rio de Janeiro est\u00e1 mudando para melhor !!! Gra\u00e7as a Deus !!!\",\"datePublished\":\"2022-09-18T17:13:40+00:00\",\"dateModified\":\"2022-09-21T10:25:11+00:00\",\"mainEntityOfPage\":{\"@id\":\"https:\\\/\\\/www.p31noticias.com.br\\\/?p=26517\"},\"wordCount\":674,\"commentCount\":0,\"image\":{\"@id\":\"https:\\\/\\\/www.p31noticias.com.br\\\/?p=26517#primaryimage\"},\"thumbnailUrl\":\"https:\\\/\\\/www.p31noticias.com.br\\\/wp-content\\\/uploads\\\/2022\\\/09\\\/images-4.jpg\",\"articleSection\":[\"Pol\u00edtica\"],\"inLanguage\":\"pt-BR\",\"potentialAction\":[{\"@type\":\"CommentAction\",\"name\":\"Comment\",\"target\":[\"https:\\\/\\\/www.p31noticias.com.br\\\/?p=26517#respond\"]}],\"copyrightYear\":\"2022\",\"copyrightHolder\":{\"@id\":\"https:\\\/\\\/www.p31noticias.com.br\\\/#organization\"}},{\"@type\":\"WebPage\",\"@id\":\"https:\\\/\\\/www.p31noticias.com.br\\\/?p=26517\",\"url\":\"https:\\\/\\\/www.p31noticias.com.br\\\/?p=26517\",\"name\":\"O Rio de Janeiro est\u00e1 mudando para melhor !!! Gra\u00e7as a Deus !!! - P31\",\"isPartOf\":{\"@id\":\"https:\\\/\\\/www.p31noticias.com.br\\\/#website\"},\"primaryImageOfPage\":{\"@id\":\"https:\\\/\\\/www.p31noticias.com.br\\\/?p=26517#primaryimage\"},\"image\":{\"@id\":\"https:\\\/\\\/www.p31noticias.com.br\\\/?p=26517#primaryimage\"},\"thumbnailUrl\":\"https:\\\/\\\/www.p31noticias.com.br\\\/wp-content\\\/uploads\\\/2022\\\/09\\\/images-4.jpg\",\"datePublished\":\"2022-09-18T17:13:40+00:00\",\"dateModified\":\"2022-09-21T10:25:11+00:00\",\"author\":{\"@id\":\"https:\\\/\\\/www.p31noticias.com.br\\\/#\\\/schema\\\/person\\\/95f2ece30e3b4132065b915150cd0f94\"},\"breadcrumb\":{\"@id\":\"https:\\\/\\\/www.p31noticias.com.br\\\/?p=26517#breadcrumb\"},\"inLanguage\":\"pt-BR\",\"potentialAction\":[{\"@type\":\"ReadAction\",\"target\":[\"https:\\\/\\\/www.p31noticias.com.br\\\/?p=26517\"]}]},{\"@type\":\"ImageObject\",\"inLanguage\":\"pt-BR\",\"@id\":\"https:\\\/\\\/www.p31noticias.com.br\\\/?p=26517#primaryimage\",\"url\":\"https:\\\/\\\/www.p31noticias.com.br\\\/wp-content\\\/uploads\\\/2022\\\/09\\\/images-4.jpg\",\"contentUrl\":\"https:\\\/\\\/www.p31noticias.com.br\\\/wp-content\\\/uploads\\\/2022\\\/09\\\/images-4.jpg\",\"width\":300,\"height\":168},{\"@type\":\"BreadcrumbList\",\"@id\":\"https:\\\/\\\/www.p31noticias.com.br\\\/?p=26517#breadcrumb\",\"itemListElement\":[{\"@type\":\"ListItem\",\"position\":1,\"name\":\"In\u00edcio\",\"item\":\"https:\\\/\\\/www.p31noticias.com.br\\\/\"},{\"@type\":\"ListItem\",\"position\":2,\"name\":\"O Rio de Janeiro est\u00e1 mudando para melhor !!! Gra\u00e7as a Deus !!!\"}]},{\"@type\":\"WebSite\",\"@id\":\"https:\\\/\\\/www.p31noticias.com.br\\\/#website\",\"url\":\"https:\\\/\\\/www.p31noticias.com.br\\\/\",\"name\":\"P31\",\"description\":\"NOT\u00cdCIAS\",\"potentialAction\":[{\"@type\":\"SearchAction\",\"target\":{\"@type\":\"EntryPoint\",\"urlTemplate\":\"https:\\\/\\\/www.p31noticias.com.br\\\/?s={search_term_string}\"},\"query-input\":{\"@type\":\"PropertyValueSpecification\",\"valueRequired\":true,\"valueName\":\"search_term_string\"}}],\"inLanguage\":\"pt-BR\"},{\"@type\":\"Person\",\"@id\":\"https:\\\/\\\/www.p31noticias.com.br\\\/#\\\/schema\\\/person\\\/95f2ece30e3b4132065b915150cd0f94\",\"name\":\"Gon\u00e7alves Junior\",\"image\":{\"@type\":\"ImageObject\",\"inLanguage\":\"pt-BR\",\"@id\":\"https:\\\/\\\/secure.gravatar.com\\\/avatar\\\/6711f350116a89762687a48d66f723c799e5438a5b7578508d4294cd7a5d0800?s=96&d=mm&r=g\",\"url\":\"https:\\\/\\\/secure.gravatar.com\\\/avatar\\\/6711f350116a89762687a48d66f723c799e5438a5b7578508d4294cd7a5d0800?s=96&d=mm&r=g\",\"contentUrl\":\"https:\\\/\\\/secure.gravatar.com\\\/avatar\\\/6711f350116a89762687a48d66f723c799e5438a5b7578508d4294cd7a5d0800?s=96&d=mm&r=g\",\"caption\":\"Gon\u00e7alves Junior\"},\"url\":\"https:\\\/\\\/www.p31noticias.com.br\\\/?author=2\"}]}<\/script>\n<!-- \/ Yoast SEO Premium plugin. -->","yoast_head_json":{"title":"O Rio de Janeiro est\u00e1 mudando para melhor !!! Gra\u00e7as a Deus !!! - P31","robots":{"index":"index","follow":"follow","max-snippet":"max-snippet:-1","max-image-preview":"max-image-preview:large","max-video-preview":"max-video-preview:-1"},"canonical":"https:\/\/www.p31noticias.com.br\/?p=26517","og_locale":"pt_BR","og_type":"article","og_title":"O Rio de Janeiro est\u00e1 mudando para melhor !!! Gra\u00e7as a Deus !!!","og_description":"Homens de Deus no Poder !!! O Brasil tem experimentado um choque de realidade nos \u00faltimos\u00a0 anos , quando da vit\u00f3ria do ent\u00e3o Deputado Federal Jair Messias Bolsonaro nas elei\u00e7\u00f5es para Presidente da Rep\u00fablica do Brasil e sua ascens\u00e3o ao poder , dando in\u00edcio ent\u00e3o a uma nova era em que a vis\u00e3o de P\u00e1tria, [&hellip;]","og_url":"https:\/\/www.p31noticias.com.br\/?p=26517","og_site_name":"P31","article_published_time":"2022-09-18T17:13:40+00:00","article_modified_time":"2022-09-21T10:25:11+00:00","og_image":[{"width":300,"height":168,"url":"https:\/\/www.p31noticias.com.br\/wp-content\/uploads\/2022\/09\/images-4.jpg","type":"image\/jpeg"}],"author":"Gon\u00e7alves Junior","twitter_card":"summary_large_image","twitter_misc":{"Escrito por":"Gon\u00e7alves Junior","Est. tempo de leitura":"3 minutos"},"schema":{"@context":"https:\/\/schema.org","@graph":[{"@type":"Article","@id":"https:\/\/www.p31noticias.com.br\/?p=26517#article","isPartOf":{"@id":"https:\/\/www.p31noticias.com.br\/?p=26517"},"author":{"name":"Gon\u00e7alves Junior","@id":"https:\/\/www.p31noticias.com.br\/#\/schema\/person\/95f2ece30e3b4132065b915150cd0f94"},"headline":"O Rio de Janeiro est\u00e1 mudando para melhor !!! Gra\u00e7as a Deus !!!","datePublished":"2022-09-18T17:13:40+00:00","dateModified":"2022-09-21T10:25:11+00:00","mainEntityOfPage":{"@id":"https:\/\/www.p31noticias.com.br\/?p=26517"},"wordCount":674,"commentCount":0,"image":{"@id":"https:\/\/www.p31noticias.com.br\/?p=26517#primaryimage"},"thumbnailUrl":"https:\/\/www.p31noticias.com.br\/wp-content\/uploads\/2022\/09\/images-4.jpg","articleSection":["Pol\u00edtica"],"inLanguage":"pt-BR","potentialAction":[{"@type":"CommentAction","name":"Comment","target":["https:\/\/www.p31noticias.com.br\/?p=26517#respond"]}],"copyrightYear":"2022","copyrightHolder":{"@id":"https:\/\/www.p31noticias.com.br\/#organization"}},{"@type":"WebPage","@id":"https:\/\/www.p31noticias.com.br\/?p=26517","url":"https:\/\/www.p31noticias.com.br\/?p=26517","name":"O Rio de Janeiro est\u00e1 mudando para melhor !!! Gra\u00e7as a Deus !!! - P31","isPartOf":{"@id":"https:\/\/www.p31noticias.com.br\/#website"},"primaryImageOfPage":{"@id":"https:\/\/www.p31noticias.com.br\/?p=26517#primaryimage"},"image":{"@id":"https:\/\/www.p31noticias.com.br\/?p=26517#primaryimage"},"thumbnailUrl":"https:\/\/www.p31noticias.com.br\/wp-content\/uploads\/2022\/09\/images-4.jpg","datePublished":"2022-09-18T17:13:40+00:00","dateModified":"2022-09-21T10:25:11+00:00","author":{"@id":"https:\/\/www.p31noticias.com.br\/#\/schema\/person\/95f2ece30e3b4132065b915150cd0f94"},"breadcrumb":{"@id":"https:\/\/www.p31noticias.com.br\/?p=26517#breadcrumb"},"inLanguage":"pt-BR","potentialAction":[{"@type":"ReadAction","target":["https:\/\/www.p31noticias.com.br\/?p=26517"]}]},{"@type":"ImageObject","inLanguage":"pt-BR","@id":"https:\/\/www.p31noticias.com.br\/?p=26517#primaryimage","url":"https:\/\/www.p31noticias.com.br\/wp-content\/uploads\/2022\/09\/images-4.jpg","contentUrl":"https:\/\/www.p31noticias.com.br\/wp-content\/uploads\/2022\/09\/images-4.jpg","width":300,"height":168},{"@type":"BreadcrumbList","@id":"https:\/\/www.p31noticias.com.br\/?p=26517#breadcrumb","itemListElement":[{"@type":"ListItem","position":1,"name":"In\u00edcio","item":"https:\/\/www.p31noticias.com.br\/"},{"@type":"ListItem","position":2,"name":"O Rio de Janeiro est\u00e1 mudando para melhor !!! Gra\u00e7as a Deus !!!"}]},{"@type":"WebSite","@id":"https:\/\/www.p31noticias.com.br\/#website","url":"https:\/\/www.p31noticias.com.br\/","name":"P31","description":"NOT\u00cdCIAS","potentialAction":[{"@type":"SearchAction","target":{"@type":"EntryPoint","urlTemplate":"https:\/\/www.p31noticias.com.br\/?s={search_term_string}"},"query-input":{"@type":"PropertyValueSpecification","valueRequired":true,"valueName":"search_term_string"}}],"inLanguage":"pt-BR"},{"@type":"Person","@id":"https:\/\/www.p31noticias.com.br\/#\/schema\/person\/95f2ece30e3b4132065b915150cd0f94","name":"Gon\u00e7alves Junior","image":{"@type":"ImageObject","inLanguage":"pt-BR","@id":"https:\/\/secure.gravatar.com\/avatar\/6711f350116a89762687a48d66f723c799e5438a5b7578508d4294cd7a5d0800?s=96&d=mm&r=g","url":"https:\/\/secure.gravatar.com\/avatar\/6711f350116a89762687a48d66f723c799e5438a5b7578508d4294cd7a5d0800?s=96&d=mm&r=g","contentUrl":"https:\/\/secure.gravatar.com\/avatar\/6711f350116a89762687a48d66f723c799e5438a5b7578508d4294cd7a5d0800?s=96&d=mm&r=g","caption":"Gon\u00e7alves Junior"},"url":"https:\/\/www.p31noticias.com.br\/?author=2"}]}},"amp_enabled":true,"_links":{"self":[{"href":"https:\/\/www.p31noticias.com.br\/index.php?rest_route=\/wp\/v2\/posts\/26517","targetHints":{"allow":["GET"]}}],"collection":[{"href":"https:\/\/www.p31noticias.com.br\/index.php?rest_route=\/wp\/v2\/posts"}],"about":[{"href":"https:\/\/www.p31noticias.com.br\/index.php?rest_route=\/wp\/v2\/types\/post"}],"author":[{"embeddable":true,"href":"https:\/\/www.p31noticias.com.br\/index.php?rest_route=\/wp\/v2\/users\/2"}],"replies":[{"embeddable":true,"href":"https:\/\/www.p31noticias.com.br\/index.php?rest_route=%2Fwp%2Fv2%2Fcomments&post=26517"}],"version-history":[{"count":3,"href":"https:\/\/www.p31noticias.com.br\/index.php?rest_route=\/wp\/v2\/posts\/26517\/revisions"}],"predecessor-version":[{"id":26521,"href":"https:\/\/www.p31noticias.com.br\/index.php?rest_route=\/wp\/v2\/posts\/26517\/revisions\/26521"}],"wp:featuredmedia":[{"embeddable":true,"href":"https:\/\/www.p31noticias.com.br\/index.php?rest_route=\/wp\/v2\/media\/26518"}],"wp:attachment":[{"href":"https:\/\/www.p31noticias.com.br\/index.php?rest_route=%2Fwp%2Fv2%2Fmedia&parent=26517"}],"wp:term":[{"taxonomy":"category","embeddable":true,"href":"https:\/\/www.p31noticias.com.br\/index.php?rest_route=%2Fwp%2Fv2%2Fcategories&post=26517"},{"taxonomy":"post_tag","embeddable":true,"href":"https:\/\/www.p31noticias.com.br\/index.php?rest_route=%2Fwp%2Fv2%2Ftags&post=26517"}],"curies":[{"name":"wp","href":"https:\/\/api.w.org\/{rel}","templated":true}]}}