{"id":26488,"date":"2022-09-13T10:30:38","date_gmt":"2022-09-13T13:30:38","guid":{"rendered":"https:\/\/p31noticias.com.br\/?p=26488"},"modified":"2022-09-13T10:30:38","modified_gmt":"2022-09-13T13:30:38","slug":"rosa-weber-assume-presidencia-do-stf-defende-democracia-e-prega-respeito-a-separacao-dos-poderes","status":"publish","type":"post","link":"https:\/\/www.p31noticias.com.br\/?p=26488","title":{"rendered":"Rosa Weber assume presid\u00eancia do STF, defende democracia e prega respeito \u00e0 separa\u00e7\u00e3o dos Poderes."},"content":{"rendered":"<p style=\"text-align: justify;\"><em><strong>Ministra substitui Luiz Fux e \u00e9 a terceira mulher a assumir o comando da Suprema Corte; presidente Jair Bolsonaro n\u00e3o compareceu \u00e0 sess\u00e3o solene.<\/strong><\/em><\/p>\n<p style=\"text-align: justify;\">A ministra\u00a0<strong><a href=\"https:\/\/jovempan.com.br\/tag\/rosa-weber\">Rosa Weber<\/a>\u00a0<\/strong>tomou posse como presidente do\u00a0<strong><a href=\"https:\/\/jovempan.com.br\/tag\/stf\">Supremo Tribunal Federal<\/a>\u00a0<\/strong>(STF) . A magistrada substitui o ministro <strong><a href=\"https:\/\/jovempan.com.br\/tag\/luiz-fux\">Luiz Fux<\/a>\u00a0<\/strong>e \u00e9 a terceira mulher a ocupar a presid\u00eancia da Suprema Corte do pa\u00eds \u2013 antes de Weber, comandaram o STF as ministras Ellen Gracie e C\u00e1rmen L\u00facia. Em seu discurso de posse, a ministra reiterou seu compromisso com a Constitui\u00e7\u00e3o Federal, com a laicidade do Estado, com a igualdade entre os brasileiros, pregou o respeito \u00e0 separa\u00e7\u00e3o entre os Poderes e criticou \u201cpr\u00e1ticas de intoler\u00e2ncia enquanto express\u00f5es inconstitucionalmente incompat\u00edveis com a liberdade de manifesta\u00e7\u00e3o do pensamento\u201d. \u201cSem um Poder Judici\u00e1rio independente e forte, sem ju\u00edzes independentes e sem imprensa livre, n\u00e3o h\u00e1 democracia\u201d, disse, antes de ser interrompida por longos aplausos. \u201cA democracia pressup\u00f5e di\u00e1logo constante, toler\u00e2ncia, compreens\u00e3o das diferen\u00e7as e cotejo pac\u00edfico de ideias distintas e at\u00e9 mesmo antag\u00f4nicas\u201d, seguiu.<\/p>\n<p style=\"text-align: justify;\">Em outro momento de seu discurso, Rosa Weber saiu em defesa do Tribunal Superior Eleitoral (TSE), classificado pela magistrada como \u201co nosso tribunal da democracia\u201d, e do ministro Alexandre de Moraes, que comanda a Corte Eleitoral. Weber disse que o TSE \u201cgarantir\u00e1 a regularidade do processo eleitoral, a certeza e a legitimidade dos resultados e, em fiel observ\u00e2ncia aos postulados de nossa Constitui\u00e7\u00e3o, o primado da vontade soberana do povo, que \u00e9 a fonte de todo o poder no \u00e2mbito das sociedades estruturadas em bases democr\u00e1ticas\u201d.<\/p>\n<div id=\"jp-truvid-ad\" style=\"text-align: justify;\"><\/div>\n<p style=\"text-align: justify;\">A ministra C\u00e1rmen L\u00facia discursou em nome do tribunal no in\u00edcio do ato e pontuou que a posse de Weber ocorre em tempos de \u201ctumulto e desassossego no mundo e no Brasil\u201d e que assumir a Corte neste momento exige \u201cdecoro e a Rep\u00fablica demanda compostura\u201d. \u201cVossa Excel\u00eancia n\u00e3o assume o cargo em momento hist\u00f3rico de tranquilidade social e de calmaria, bem diferente disso\u201d, disse. \u201cA despeito das dificuldades moment\u00e2neas ningu\u00e9m seria mais adequada para estar na posi\u00e7\u00e3o agora assumida. Magistrada s\u00e9ria, respons\u00e1vel, democrata\u201d, acrescentou. No local, o ministro\u00a0<strong><a href=\"https:\/\/jovempan.com.br\/tag\/luis-roberto-barroso\">Luis Roberto Barroso<\/a>\u00a0<\/strong>tamb\u00e9m assumiu o cargo de vice-presidente do Supremo Tribunal Federal.<\/p>\n<p style=\"text-align: justify;\">A cerim\u00f4nia que marcou o in\u00edcio da gest\u00e3o Weber \u00e0 frente da Corte para o bi\u00eanio 2022-2024 contou com a presen\u00e7a do ex-presidente da Rep\u00fablica, Jos\u00e9 Sarney; dos presidentes da C\u00e2mara,\u00a0<strong><a href=\"https:\/\/jovempan.com.br\/tag\/arthur-lira\">Arthur Lira<\/a>\u00a0<\/strong>(PP-AL), e do Senado, Rodrigo Pacheco (PSD-MG); dos ministros Ciro Nogueira (Casa Civil); F\u00e1bio Faria (Comunica\u00e7\u00f5es); Anderson Torres (Justi\u00e7a) e Bruno Bianco (Advocacia Geral da Uni\u00e3o), al\u00e9m dos atuais ministros e magistrados aposentados do STF. O presidente Jair Bolsonaro (PL) cumpre agenda no Estado de S\u00e3o Paulo e n\u00e3o compareceu \u00e0 sess\u00e3o solene. Com a aus\u00eancia, o mandat\u00e1rio do pa\u00eds se tornou o primeiro chefe do Executivo federal a faltar \u00e0 posse do representante m\u00e1ximo da Suprema Corte desde 1993, quando o ministro Octavio Galloti assumiu o cargo.<\/p>\n<p style=\"text-align: justify;\">JP NEWS.<\/p>\n","protected":false},"excerpt":{"rendered":"<p>Ministra substitui Luiz Fux e \u00e9 a terceira mulher a assumir o comando da Suprema Corte; presidente Jair Bolsonaro n\u00e3o compareceu \u00e0 sess\u00e3o solene. A ministra\u00a0Rosa Weber\u00a0tomou posse como presidente do\u00a0Supremo Tribunal Federal\u00a0(STF) . A magistrada substitui o ministro Luiz Fux\u00a0e \u00e9 a terceira mulher a ocupar a presid\u00eancia da Suprema Corte do pa\u00eds \u2013 [&hellip;]<\/p>\n","protected":false},"author":2,"featured_media":26490,"comment_status":"open","ping_status":"open","sticky":false,"template":"","format":"standard","meta":{"footnotes":""},"categories":[1],"tags":[],"class_list":{"0":"post-26488","1":"post","2":"type-post","3":"status-publish","4":"format-standard","5":"has-post-thumbnail","7":"category-outros"},"yoast_head":"<!-- This site is optimized with the Yoast SEO Premium plugin v24.5 (Yoast SEO v27.5) - https:\/\/yoast.com\/product\/yoast-seo-premium-wordpress\/ -->\n<title>Rosa Weber assume presid\u00eancia do STF, defende democracia e prega respeito \u00e0 separa\u00e7\u00e3o dos Poderes. - P31<\/title>\n<meta name=\"robots\" content=\"index, follow, max-snippet:-1, max-image-preview:large, max-video-preview:-1\" \/>\n<link rel=\"canonical\" href=\"https:\/\/www.p31noticias.com.br\/?p=26488\" \/>\n<meta property=\"og:locale\" content=\"pt_BR\" \/>\n<meta property=\"og:type\" content=\"article\" \/>\n<meta property=\"og:title\" content=\"Rosa Weber assume presid\u00eancia do STF, defende democracia e prega respeito \u00e0 separa\u00e7\u00e3o dos Poderes.\" \/>\n<meta property=\"og:description\" content=\"Ministra substitui Luiz Fux e \u00e9 a terceira mulher a assumir o comando da Suprema Corte; presidente Jair Bolsonaro n\u00e3o compareceu \u00e0 sess\u00e3o solene. A ministra\u00a0Rosa Weber\u00a0tomou posse como presidente do\u00a0Supremo Tribunal Federal\u00a0(STF) . A magistrada substitui o ministro Luiz Fux\u00a0e \u00e9 a terceira mulher a ocupar a presid\u00eancia da Suprema Corte do pa\u00eds \u2013 [&hellip;]\" \/>\n<meta property=\"og:url\" content=\"https:\/\/www.p31noticias.com.br\/?p=26488\" \/>\n<meta property=\"og:site_name\" content=\"P31\" \/>\n<meta property=\"article:published_time\" content=\"2022-09-13T13:30:38+00:00\" \/>\n<meta property=\"og:image\" content=\"https:\/\/www.p31noticias.com.br\/wp-content\/uploads\/2022\/09\/51615894495_3172740490_k-1.jpg\" \/>\n\t<meta property=\"og:image:width\" content=\"1000\" \/>\n\t<meta property=\"og:image:height\" content=\"635\" \/>\n\t<meta property=\"og:image:type\" content=\"image\/jpeg\" \/>\n<meta name=\"author\" content=\"Gon\u00e7alves Junior\" \/>\n<meta name=\"twitter:card\" content=\"summary_large_image\" \/>\n<meta name=\"twitter:label1\" content=\"Escrito por\" \/>\n\t<meta name=\"twitter:data1\" content=\"Gon\u00e7alves Junior\" \/>\n\t<meta name=\"twitter:label2\" content=\"Est. tempo de leitura\" \/>\n\t<meta name=\"twitter:data2\" content=\"3 minutos\" \/>\n<script type=\"application\/ld+json\" class=\"yoast-schema-graph\">{\"@context\":\"https:\\\/\\\/schema.org\",\"@graph\":[{\"@type\":\"Article\",\"@id\":\"https:\\\/\\\/www.p31noticias.com.br\\\/?p=26488#article\",\"isPartOf\":{\"@id\":\"https:\\\/\\\/www.p31noticias.com.br\\\/?p=26488\"},\"author\":{\"name\":\"Gon\u00e7alves Junior\",\"@id\":\"https:\\\/\\\/www.p31noticias.com.br\\\/#\\\/schema\\\/person\\\/95f2ece30e3b4132065b915150cd0f94\"},\"headline\":\"Rosa Weber assume presid\u00eancia do STF, defende democracia e prega respeito \u00e0 separa\u00e7\u00e3o dos Poderes.\",\"datePublished\":\"2022-09-13T13:30:38+00:00\",\"mainEntityOfPage\":{\"@id\":\"https:\\\/\\\/www.p31noticias.com.br\\\/?p=26488\"},\"wordCount\":541,\"commentCount\":0,\"image\":{\"@id\":\"https:\\\/\\\/www.p31noticias.com.br\\\/?p=26488#primaryimage\"},\"thumbnailUrl\":\"https:\\\/\\\/www.p31noticias.com.br\\\/wp-content\\\/uploads\\\/2022\\\/09\\\/51615894495_3172740490_k-1.jpg\",\"articleSection\":[\"Outros\"],\"inLanguage\":\"pt-BR\",\"potentialAction\":[{\"@type\":\"CommentAction\",\"name\":\"Comment\",\"target\":[\"https:\\\/\\\/www.p31noticias.com.br\\\/?p=26488#respond\"]}],\"copyrightYear\":\"2022\",\"copyrightHolder\":{\"@id\":\"https:\\\/\\\/www.p31noticias.com.br\\\/#organization\"}},{\"@type\":\"WebPage\",\"@id\":\"https:\\\/\\\/www.p31noticias.com.br\\\/?p=26488\",\"url\":\"https:\\\/\\\/www.p31noticias.com.br\\\/?p=26488\",\"name\":\"Rosa Weber assume presid\u00eancia do STF, defende democracia e prega respeito \u00e0 separa\u00e7\u00e3o dos Poderes. - P31\",\"isPartOf\":{\"@id\":\"https:\\\/\\\/www.p31noticias.com.br\\\/#website\"},\"primaryImageOfPage\":{\"@id\":\"https:\\\/\\\/www.p31noticias.com.br\\\/?p=26488#primaryimage\"},\"image\":{\"@id\":\"https:\\\/\\\/www.p31noticias.com.br\\\/?p=26488#primaryimage\"},\"thumbnailUrl\":\"https:\\\/\\\/www.p31noticias.com.br\\\/wp-content\\\/uploads\\\/2022\\\/09\\\/51615894495_3172740490_k-1.jpg\",\"datePublished\":\"2022-09-13T13:30:38+00:00\",\"author\":{\"@id\":\"https:\\\/\\\/www.p31noticias.com.br\\\/#\\\/schema\\\/person\\\/95f2ece30e3b4132065b915150cd0f94\"},\"breadcrumb\":{\"@id\":\"https:\\\/\\\/www.p31noticias.com.br\\\/?p=26488#breadcrumb\"},\"inLanguage\":\"pt-BR\",\"potentialAction\":[{\"@type\":\"ReadAction\",\"target\":[\"https:\\\/\\\/www.p31noticias.com.br\\\/?p=26488\"]}]},{\"@type\":\"ImageObject\",\"inLanguage\":\"pt-BR\",\"@id\":\"https:\\\/\\\/www.p31noticias.com.br\\\/?p=26488#primaryimage\",\"url\":\"https:\\\/\\\/www.p31noticias.com.br\\\/wp-content\\\/uploads\\\/2022\\\/09\\\/51615894495_3172740490_k-1.jpg\",\"contentUrl\":\"https:\\\/\\\/www.p31noticias.com.br\\\/wp-content\\\/uploads\\\/2022\\\/09\\\/51615894495_3172740490_k-1.jpg\",\"width\":1000,\"height\":635},{\"@type\":\"BreadcrumbList\",\"@id\":\"https:\\\/\\\/www.p31noticias.com.br\\\/?p=26488#breadcrumb\",\"itemListElement\":[{\"@type\":\"ListItem\",\"position\":1,\"name\":\"In\u00edcio\",\"item\":\"https:\\\/\\\/www.p31noticias.com.br\\\/\"},{\"@type\":\"ListItem\",\"position\":2,\"name\":\"Rosa Weber assume presid\u00eancia do STF, defende democracia e prega respeito \u00e0 separa\u00e7\u00e3o dos Poderes.\"}]},{\"@type\":\"WebSite\",\"@id\":\"https:\\\/\\\/www.p31noticias.com.br\\\/#website\",\"url\":\"https:\\\/\\\/www.p31noticias.com.br\\\/\",\"name\":\"P31\",\"description\":\"NOT\u00cdCIAS\",\"potentialAction\":[{\"@type\":\"SearchAction\",\"target\":{\"@type\":\"EntryPoint\",\"urlTemplate\":\"https:\\\/\\\/www.p31noticias.com.br\\\/?s={search_term_string}\"},\"query-input\":{\"@type\":\"PropertyValueSpecification\",\"valueRequired\":true,\"valueName\":\"search_term_string\"}}],\"inLanguage\":\"pt-BR\"},{\"@type\":\"Person\",\"@id\":\"https:\\\/\\\/www.p31noticias.com.br\\\/#\\\/schema\\\/person\\\/95f2ece30e3b4132065b915150cd0f94\",\"name\":\"Gon\u00e7alves Junior\",\"image\":{\"@type\":\"ImageObject\",\"inLanguage\":\"pt-BR\",\"@id\":\"https:\\\/\\\/secure.gravatar.com\\\/avatar\\\/6711f350116a89762687a48d66f723c799e5438a5b7578508d4294cd7a5d0800?s=96&d=mm&r=g\",\"url\":\"https:\\\/\\\/secure.gravatar.com\\\/avatar\\\/6711f350116a89762687a48d66f723c799e5438a5b7578508d4294cd7a5d0800?s=96&d=mm&r=g\",\"contentUrl\":\"https:\\\/\\\/secure.gravatar.com\\\/avatar\\\/6711f350116a89762687a48d66f723c799e5438a5b7578508d4294cd7a5d0800?s=96&d=mm&r=g\",\"caption\":\"Gon\u00e7alves Junior\"},\"url\":\"https:\\\/\\\/www.p31noticias.com.br\\\/?author=2\"}]}<\/script>\n<!-- \/ Yoast SEO Premium plugin. -->","yoast_head_json":{"title":"Rosa Weber assume presid\u00eancia do STF, defende democracia e prega respeito \u00e0 separa\u00e7\u00e3o dos Poderes. - P31","robots":{"index":"index","follow":"follow","max-snippet":"max-snippet:-1","max-image-preview":"max-image-preview:large","max-video-preview":"max-video-preview:-1"},"canonical":"https:\/\/www.p31noticias.com.br\/?p=26488","og_locale":"pt_BR","og_type":"article","og_title":"Rosa Weber assume presid\u00eancia do STF, defende democracia e prega respeito \u00e0 separa\u00e7\u00e3o dos Poderes.","og_description":"Ministra substitui Luiz Fux e \u00e9 a terceira mulher a assumir o comando da Suprema Corte; presidente Jair Bolsonaro n\u00e3o compareceu \u00e0 sess\u00e3o solene. A ministra\u00a0Rosa Weber\u00a0tomou posse como presidente do\u00a0Supremo Tribunal Federal\u00a0(STF) . A magistrada substitui o ministro Luiz Fux\u00a0e \u00e9 a terceira mulher a ocupar a presid\u00eancia da Suprema Corte do pa\u00eds \u2013 [&hellip;]","og_url":"https:\/\/www.p31noticias.com.br\/?p=26488","og_site_name":"P31","article_published_time":"2022-09-13T13:30:38+00:00","og_image":[{"width":1000,"height":635,"url":"https:\/\/www.p31noticias.com.br\/wp-content\/uploads\/2022\/09\/51615894495_3172740490_k-1.jpg","type":"image\/jpeg"}],"author":"Gon\u00e7alves Junior","twitter_card":"summary_large_image","twitter_misc":{"Escrito por":"Gon\u00e7alves Junior","Est. tempo de leitura":"3 minutos"},"schema":{"@context":"https:\/\/schema.org","@graph":[{"@type":"Article","@id":"https:\/\/www.p31noticias.com.br\/?p=26488#article","isPartOf":{"@id":"https:\/\/www.p31noticias.com.br\/?p=26488"},"author":{"name":"Gon\u00e7alves Junior","@id":"https:\/\/www.p31noticias.com.br\/#\/schema\/person\/95f2ece30e3b4132065b915150cd0f94"},"headline":"Rosa Weber assume presid\u00eancia do STF, defende democracia e prega respeito \u00e0 separa\u00e7\u00e3o dos Poderes.","datePublished":"2022-09-13T13:30:38+00:00","mainEntityOfPage":{"@id":"https:\/\/www.p31noticias.com.br\/?p=26488"},"wordCount":541,"commentCount":0,"image":{"@id":"https:\/\/www.p31noticias.com.br\/?p=26488#primaryimage"},"thumbnailUrl":"https:\/\/www.p31noticias.com.br\/wp-content\/uploads\/2022\/09\/51615894495_3172740490_k-1.jpg","articleSection":["Outros"],"inLanguage":"pt-BR","potentialAction":[{"@type":"CommentAction","name":"Comment","target":["https:\/\/www.p31noticias.com.br\/?p=26488#respond"]}],"copyrightYear":"2022","copyrightHolder":{"@id":"https:\/\/www.p31noticias.com.br\/#organization"}},{"@type":"WebPage","@id":"https:\/\/www.p31noticias.com.br\/?p=26488","url":"https:\/\/www.p31noticias.com.br\/?p=26488","name":"Rosa Weber assume presid\u00eancia do STF, defende democracia e prega respeito \u00e0 separa\u00e7\u00e3o dos Poderes. - P31","isPartOf":{"@id":"https:\/\/www.p31noticias.com.br\/#website"},"primaryImageOfPage":{"@id":"https:\/\/www.p31noticias.com.br\/?p=26488#primaryimage"},"image":{"@id":"https:\/\/www.p31noticias.com.br\/?p=26488#primaryimage"},"thumbnailUrl":"https:\/\/www.p31noticias.com.br\/wp-content\/uploads\/2022\/09\/51615894495_3172740490_k-1.jpg","datePublished":"2022-09-13T13:30:38+00:00","author":{"@id":"https:\/\/www.p31noticias.com.br\/#\/schema\/person\/95f2ece30e3b4132065b915150cd0f94"},"breadcrumb":{"@id":"https:\/\/www.p31noticias.com.br\/?p=26488#breadcrumb"},"inLanguage":"pt-BR","potentialAction":[{"@type":"ReadAction","target":["https:\/\/www.p31noticias.com.br\/?p=26488"]}]},{"@type":"ImageObject","inLanguage":"pt-BR","@id":"https:\/\/www.p31noticias.com.br\/?p=26488#primaryimage","url":"https:\/\/www.p31noticias.com.br\/wp-content\/uploads\/2022\/09\/51615894495_3172740490_k-1.jpg","contentUrl":"https:\/\/www.p31noticias.com.br\/wp-content\/uploads\/2022\/09\/51615894495_3172740490_k-1.jpg","width":1000,"height":635},{"@type":"BreadcrumbList","@id":"https:\/\/www.p31noticias.com.br\/?p=26488#breadcrumb","itemListElement":[{"@type":"ListItem","position":1,"name":"In\u00edcio","item":"https:\/\/www.p31noticias.com.br\/"},{"@type":"ListItem","position":2,"name":"Rosa Weber assume presid\u00eancia do STF, defende democracia e prega respeito \u00e0 separa\u00e7\u00e3o dos Poderes."}]},{"@type":"WebSite","@id":"https:\/\/www.p31noticias.com.br\/#website","url":"https:\/\/www.p31noticias.com.br\/","name":"P31","description":"NOT\u00cdCIAS","potentialAction":[{"@type":"SearchAction","target":{"@type":"EntryPoint","urlTemplate":"https:\/\/www.p31noticias.com.br\/?s={search_term_string}"},"query-input":{"@type":"PropertyValueSpecification","valueRequired":true,"valueName":"search_term_string"}}],"inLanguage":"pt-BR"},{"@type":"Person","@id":"https:\/\/www.p31noticias.com.br\/#\/schema\/person\/95f2ece30e3b4132065b915150cd0f94","name":"Gon\u00e7alves Junior","image":{"@type":"ImageObject","inLanguage":"pt-BR","@id":"https:\/\/secure.gravatar.com\/avatar\/6711f350116a89762687a48d66f723c799e5438a5b7578508d4294cd7a5d0800?s=96&d=mm&r=g","url":"https:\/\/secure.gravatar.com\/avatar\/6711f350116a89762687a48d66f723c799e5438a5b7578508d4294cd7a5d0800?s=96&d=mm&r=g","contentUrl":"https:\/\/secure.gravatar.com\/avatar\/6711f350116a89762687a48d66f723c799e5438a5b7578508d4294cd7a5d0800?s=96&d=mm&r=g","caption":"Gon\u00e7alves Junior"},"url":"https:\/\/www.p31noticias.com.br\/?author=2"}]}},"amp_enabled":true,"_links":{"self":[{"href":"https:\/\/www.p31noticias.com.br\/index.php?rest_route=\/wp\/v2\/posts\/26488","targetHints":{"allow":["GET"]}}],"collection":[{"href":"https:\/\/www.p31noticias.com.br\/index.php?rest_route=\/wp\/v2\/posts"}],"about":[{"href":"https:\/\/www.p31noticias.com.br\/index.php?rest_route=\/wp\/v2\/types\/post"}],"author":[{"embeddable":true,"href":"https:\/\/www.p31noticias.com.br\/index.php?rest_route=\/wp\/v2\/users\/2"}],"replies":[{"embeddable":true,"href":"https:\/\/www.p31noticias.com.br\/index.php?rest_route=%2Fwp%2Fv2%2Fcomments&post=26488"}],"version-history":[{"count":1,"href":"https:\/\/www.p31noticias.com.br\/index.php?rest_route=\/wp\/v2\/posts\/26488\/revisions"}],"predecessor-version":[{"id":26491,"href":"https:\/\/www.p31noticias.com.br\/index.php?rest_route=\/wp\/v2\/posts\/26488\/revisions\/26491"}],"wp:featuredmedia":[{"embeddable":true,"href":"https:\/\/www.p31noticias.com.br\/index.php?rest_route=\/wp\/v2\/media\/26490"}],"wp:attachment":[{"href":"https:\/\/www.p31noticias.com.br\/index.php?rest_route=%2Fwp%2Fv2%2Fmedia&parent=26488"}],"wp:term":[{"taxonomy":"category","embeddable":true,"href":"https:\/\/www.p31noticias.com.br\/index.php?rest_route=%2Fwp%2Fv2%2Fcategories&post=26488"},{"taxonomy":"post_tag","embeddable":true,"href":"https:\/\/www.p31noticias.com.br\/index.php?rest_route=%2Fwp%2Fv2%2Ftags&post=26488"}],"curies":[{"name":"wp","href":"https:\/\/api.w.org\/{rel}","templated":true}]}}