{"id":26438,"date":"2022-08-23T00:54:00","date_gmt":"2022-08-23T03:54:00","guid":{"rendered":"https:\/\/p31noticias.com.br\/?p=26438"},"modified":"2022-08-23T00:54:00","modified_gmt":"2022-08-23T03:54:00","slug":"ministerio-da-saude-lanca-campanha-sobre-a-variola-dos-macacos","status":"publish","type":"post","link":"https:\/\/www.p31noticias.com.br\/?p=26438","title":{"rendered":"Minist\u00e9rio da Sa\u00fade lan\u00e7a campanha sobre a var\u00edola dos macacos."},"content":{"rendered":"<h3 class=\"col-10 offset-1 animated fadeInDown dealy-900 display-8 display-md-8 alt-font font-italic my-1 text-center\" style=\"text-align: justify;\"><em><strong>Ideia \u00e9 informar popula\u00e7\u00e3o sobre a transmiss\u00e3o, cont\u00e1gio e sintomas.<\/strong><\/em><\/h3>\n<p style=\"text-align: justify;\">Com o conceito Var\u00edola dos Macacos: Fique Bem com a Informa\u00e7\u00e3o Certa, o Minist\u00e9rio da Sa\u00fade lan\u00e7ou, nesta segunda-feira (22), em Bras\u00edlia,\u00a0 a Campanha Nacional de Preven\u00e7\u00e3o \u00e0 doen\u00e7a. A ideia \u00e9 conscientizar a popula\u00e7\u00e3o sobre a transmiss\u00e3o, cont\u00e1gio, sintomas e preven\u00e7\u00e3o, al\u00e9m de dar orienta\u00e7\u00f5es sobre o que fazer em casos suspeitos de var\u00edola dos macacos.<img decoding=\"async\" src=\"https:\/\/agenciabrasil.ebc.com.br\/ebc.png?id=1478055&amp;o=node\" \/><img decoding=\"async\" src=\"https:\/\/agenciabrasil.ebc.com.br\/ebc.gif?id=1478055&amp;o=node\" \/><\/p>\n<h2 style=\"text-align: justify;\">N\u00fameros<\/h2>\n<p style=\"text-align: justify;\">Em todo o mundo, foram registrados mais de 41,5 mil casos da doen\u00e7a. No Brasil, conforme a \u00faltima atualiza\u00e7\u00e3o do Minist\u00e9rio da Sa\u00fade, de 21 de agosto, h\u00e1 3.788 casos confirmados. A campanha adverte que a principal forma de preven\u00e7\u00e3o \u00e9 evitar contato com pessoas infectadas ou objetos contaminados como, por exemplo, copos, talheres, len\u00e7\u00f3is e toalhas.<\/p>\n<p style=\"text-align: justify;\">Outro ponto destacado pelas autoridades de sa\u00fade \u00e9 que a fase de incuba\u00e7\u00e3o do v\u00edrus pode ser de cinco a 21 dias. Nesse per\u00edodo \u00e9 poss\u00edvel haver transmiss\u00e3o. Entre os casos registrados, o cont\u00e1gio ocorre, especialmente pelo contato f\u00edsico pele a pele com les\u00f5es ou fluidos corporais. Em pessoas infectadas, febre, erup\u00e7\u00f5es cut\u00e2neas, incha\u00e7o dos g\u00e2nglios (\u00ednguas), dor no corpo, exaust\u00e3o e calafrios s\u00e3o os sintomas mais comuns.<\/p>\n<h2 style=\"text-align: justify;\">Tratamento<\/h2>\n<p style=\"text-align: justify;\">Durante o lan\u00e7amento da campanha, o ministro da Sa\u00fade, Marcelo Queiroga, destacou que o fato de n\u00e3o existir um tratamento espec\u00edfico para a doen\u00e7a n\u00e3o quer dizer que ela n\u00e3o tenha tratamento. Segundo Queiroga, sintomas como dor podem ser amenizados com medidas espec\u00edficas.<\/p>\n<p style=\"text-align: justify;\">O ministro da Sa\u00fade fez quest\u00e3o de falar sobre a diferen\u00e7a da var\u00edola dos macacos para a covid-19. \u201cA letalidade dessa doen\u00e7a \u00e9 baixa. O v\u00edrus \u00e9 diferente. O v\u00edrus da covid-19 \u00e9 o v\u00edrus de RNA. Portanto \u00e9 o v\u00edrus que sofre muta\u00e7\u00f5es com maior frequ\u00eancia ao passo que o v\u00edrus de DNA [da var\u00edola dos macacos] tem um potencial menor de ter muta\u00e7\u00f5es, o que engana at\u00e9 as vacinas que s\u00e3o desenvolvidas com tecnologias sofisticadas\u201d, explicou.<\/p>\n<h2 style=\"text-align: justify;\">Vacinas<\/h2>\n<p style=\"text-align: justify;\">O Minist\u00e9rio da Sa\u00fade iniciou no m\u00eas passado as tratativas com a Organiza\u00e7\u00e3o Pan-Americana de Sa\u00fade (Opas) e a OMS para a compra de 50 mil doses da vacina contra a doen\u00e7a. \u201c\u00c9 necess\u00e1rio que haja um contrato a ser firmado pelo Minist\u00e9rio da Sa\u00fade com a Opas, para deixar isso bem claro, para que tenhamos uma previs\u00e3o de entrega dessas vacinas. A previs\u00e3o era de que se entregasse no fim do m\u00eas de agosto. A Socorro [Gross, representante da Opas] me informou que seria no come\u00e7o de setembro. Seriam duas remessas, s\u00e3o tr\u00eas agora. H\u00e1 uma car\u00eancia desse insumo a n\u00edvel mundial\u201d, justificou Queiroga.<\/p>\n<p style=\"text-align: justify;\">Na \u00faltima sexta-feira (19), a Ag\u00eancia Nacional de Vigil\u00e2ncia Sanit\u00e1ria (Anvisa)\u00a0<a href=\"https:\/\/agenciabrasil.ebc.com.br\/saude\/noticia\/2022-08\/anvisa-dispensa-registro-de-vacinas-para-variola-dos-macacos\" target=\"_blank\" rel=\"noopener\">autorizou a importa\u00e7\u00e3o excepcional<\/a>\u00a0de rem\u00e9dios e vacinas que anda n\u00e3o t\u00eam registro no Brasil. A previs\u00e3o \u00e9 de que a primeira, de tr\u00eas remessas, chegue no in\u00edcio de setembro. Sobre esses imunizantes, Marcelo Queiroga explicou que como a imuniza\u00e7\u00e3o completa requer duas doses, elas ser\u00e3o suficientes para vacinar 25 mil pessoas. Os primeiros a receber a vacina ser\u00e3o profissionais da sa\u00fade que atuam diretamente com o v\u00edrus.<\/p>\n<h2 style=\"text-align: justify;\">Antiviral<\/h2>\n<p style=\"text-align: justify;\">Assim como ocorre com as vacinas, como n\u00e3o h\u00e1 no Brasil nenhum representante do antiviral no pa\u00eds, o Minist\u00e9rio da Sa\u00fade tamb\u00e9m solicitou \u00e0 Opas a compra de 10 doses do tecovirimat para tratamentos imediatos, e outras 50 unidades para casos graves. A pasta negocia ainda o transporte de mais 12 unidades doadas pelo laborat\u00f3rio produtor, e a compra de mais 504 doses.<\/p>\n<h2 style=\"text-align: justify;\">TSE<\/h2>\n<p style=\"text-align: justify;\">O lan\u00e7amento da campanha hoje ocorre ap\u00f3s o ministro Edson Fachin, do Tribunal Superior Eleitoral (TSE),<a href=\"https:\/\/agenciabrasil.ebc.com.br\/justica\/noticia\/2022-08\/tse-libera-campanha-de-prevencao-variola-dos-macacos\" target=\"_blank\" rel=\"noopener\">\u00a0autorizar a veicula\u00e7\u00e3o de pe\u00e7as publicit\u00e1rias<\/a>\u00a0do governo federal sobre o tema at\u00e9 o dia 30 de agosto. A legisla\u00e7\u00e3o eleitoral brasileira pro\u00edbe qualquer publicidade institucional que possa configurar o uso abusivo da m\u00e1quina p\u00fablica para promo\u00e7\u00e3o de governantes durante os tr\u00eas meses antes das elei\u00e7\u00f5es, por isso, precisou ser analisada pela Justi\u00e7a Eleitoral. Em sua decis\u00e3o, Fachin ressaltou que a divulga\u00e7\u00e3o da campanha \u00e9 de interesse p\u00fablico. Ainda pela decis\u00e3o, todo o material da campanha deve ser veiculado em uma p\u00e1gina espec\u00edfica sobre a var\u00edola dos macacos.<\/p>\n<p style=\"text-align: justify;\">Ainda com objetivo de esclarecer a popula\u00e7\u00e3o sobre a doen\u00e7a , Queiroga adiantou que aguarda nova autoriza\u00e7\u00e3o do TSE, desta vez, para gravar um pronunciamento em cadeia de r\u00e1dio de TV com informa\u00e7\u00f5es t\u00e9cnicas sobre a var\u00edola dos macacos para esclarecer a popula\u00e7\u00e3o.<\/p>\n<p>Ag\u00eancia Brasil.<\/p>\n","protected":false},"excerpt":{"rendered":"<p>Ideia \u00e9 informar popula\u00e7\u00e3o sobre a transmiss\u00e3o, cont\u00e1gio e sintomas. Com o conceito Var\u00edola dos Macacos: Fique Bem com a Informa\u00e7\u00e3o Certa, o Minist\u00e9rio da Sa\u00fade lan\u00e7ou, nesta segunda-feira (22), em Bras\u00edlia,\u00a0 a Campanha Nacional de Preven\u00e7\u00e3o \u00e0 doen\u00e7a. A ideia \u00e9 conscientizar a popula\u00e7\u00e3o sobre a transmiss\u00e3o, cont\u00e1gio, sintomas e preven\u00e7\u00e3o, al\u00e9m de dar [&hellip;]<\/p>\n","protected":false},"author":2,"featured_media":26439,"comment_status":"open","ping_status":"open","sticky":false,"template":"","format":"standard","meta":{"footnotes":""},"categories":[124],"tags":[],"class_list":{"0":"post-26438","1":"post","2":"type-post","3":"status-publish","4":"format-standard","5":"has-post-thumbnail","7":"category-saude"},"yoast_head":"<!-- This site is optimized with the Yoast SEO Premium plugin v24.5 (Yoast SEO v27.5) - https:\/\/yoast.com\/product\/yoast-seo-premium-wordpress\/ -->\n<title>Minist\u00e9rio da Sa\u00fade lan\u00e7a campanha sobre a var\u00edola dos macacos. - P31<\/title>\n<meta name=\"robots\" content=\"index, follow, max-snippet:-1, max-image-preview:large, max-video-preview:-1\" \/>\n<link rel=\"canonical\" href=\"https:\/\/www.p31noticias.com.br\/?p=26438\" \/>\n<meta property=\"og:locale\" content=\"pt_BR\" \/>\n<meta property=\"og:type\" content=\"article\" \/>\n<meta property=\"og:title\" content=\"Minist\u00e9rio da Sa\u00fade lan\u00e7a campanha sobre a var\u00edola dos macacos.\" \/>\n<meta property=\"og:description\" content=\"Ideia \u00e9 informar popula\u00e7\u00e3o sobre a transmiss\u00e3o, cont\u00e1gio e sintomas. Com o conceito Var\u00edola dos Macacos: Fique Bem com a Informa\u00e7\u00e3o Certa, o Minist\u00e9rio da Sa\u00fade lan\u00e7ou, nesta segunda-feira (22), em Bras\u00edlia,\u00a0 a Campanha Nacional de Preven\u00e7\u00e3o \u00e0 doen\u00e7a. A ideia \u00e9 conscientizar a popula\u00e7\u00e3o sobre a transmiss\u00e3o, cont\u00e1gio, sintomas e preven\u00e7\u00e3o, al\u00e9m de dar [&hellip;]\" \/>\n<meta property=\"og:url\" content=\"https:\/\/www.p31noticias.com.br\/?p=26438\" \/>\n<meta property=\"og:site_name\" content=\"P31\" \/>\n<meta property=\"article:published_time\" content=\"2022-08-23T03:54:00+00:00\" \/>\n<meta property=\"og:image\" content=\"https:\/\/www.p31noticias.com.br\/wp-content\/uploads\/2022\/08\/jfcrz_abr_2208220220-1.jpg\" \/>\n\t<meta property=\"og:image:width\" content=\"1170\" \/>\n\t<meta property=\"og:image:height\" content=\"700\" \/>\n\t<meta property=\"og:image:type\" content=\"image\/jpeg\" \/>\n<meta name=\"author\" content=\"Gon\u00e7alves Junior\" \/>\n<meta name=\"twitter:card\" content=\"summary_large_image\" \/>\n<meta name=\"twitter:label1\" content=\"Escrito por\" \/>\n\t<meta name=\"twitter:data1\" content=\"Gon\u00e7alves Junior\" \/>\n\t<meta name=\"twitter:label2\" content=\"Est. tempo de leitura\" \/>\n\t<meta name=\"twitter:data2\" content=\"4 minutos\" \/>\n<script type=\"application\/ld+json\" class=\"yoast-schema-graph\">{\"@context\":\"https:\\\/\\\/schema.org\",\"@graph\":[{\"@type\":\"Article\",\"@id\":\"https:\\\/\\\/www.p31noticias.com.br\\\/?p=26438#article\",\"isPartOf\":{\"@id\":\"https:\\\/\\\/www.p31noticias.com.br\\\/?p=26438\"},\"author\":{\"name\":\"Gon\u00e7alves Junior\",\"@id\":\"https:\\\/\\\/www.p31noticias.com.br\\\/#\\\/schema\\\/person\\\/95f2ece30e3b4132065b915150cd0f94\"},\"headline\":\"Minist\u00e9rio da Sa\u00fade lan\u00e7a campanha sobre a var\u00edola dos macacos.\",\"datePublished\":\"2022-08-23T03:54:00+00:00\",\"mainEntityOfPage\":{\"@id\":\"https:\\\/\\\/www.p31noticias.com.br\\\/?p=26438\"},\"wordCount\":830,\"commentCount\":0,\"image\":{\"@id\":\"https:\\\/\\\/www.p31noticias.com.br\\\/?p=26438#primaryimage\"},\"thumbnailUrl\":\"https:\\\/\\\/www.p31noticias.com.br\\\/wp-content\\\/uploads\\\/2022\\\/08\\\/jfcrz_abr_2208220220-1.jpg\",\"articleSection\":[\"Sa\u00fade\"],\"inLanguage\":\"pt-BR\",\"potentialAction\":[{\"@type\":\"CommentAction\",\"name\":\"Comment\",\"target\":[\"https:\\\/\\\/www.p31noticias.com.br\\\/?p=26438#respond\"]}],\"copyrightYear\":\"2022\",\"copyrightHolder\":{\"@id\":\"https:\\\/\\\/www.p31noticias.com.br\\\/#organization\"}},{\"@type\":\"WebPage\",\"@id\":\"https:\\\/\\\/www.p31noticias.com.br\\\/?p=26438\",\"url\":\"https:\\\/\\\/www.p31noticias.com.br\\\/?p=26438\",\"name\":\"Minist\u00e9rio da Sa\u00fade lan\u00e7a campanha sobre a var\u00edola dos macacos. - P31\",\"isPartOf\":{\"@id\":\"https:\\\/\\\/www.p31noticias.com.br\\\/#website\"},\"primaryImageOfPage\":{\"@id\":\"https:\\\/\\\/www.p31noticias.com.br\\\/?p=26438#primaryimage\"},\"image\":{\"@id\":\"https:\\\/\\\/www.p31noticias.com.br\\\/?p=26438#primaryimage\"},\"thumbnailUrl\":\"https:\\\/\\\/www.p31noticias.com.br\\\/wp-content\\\/uploads\\\/2022\\\/08\\\/jfcrz_abr_2208220220-1.jpg\",\"datePublished\":\"2022-08-23T03:54:00+00:00\",\"author\":{\"@id\":\"https:\\\/\\\/www.p31noticias.com.br\\\/#\\\/schema\\\/person\\\/95f2ece30e3b4132065b915150cd0f94\"},\"breadcrumb\":{\"@id\":\"https:\\\/\\\/www.p31noticias.com.br\\\/?p=26438#breadcrumb\"},\"inLanguage\":\"pt-BR\",\"potentialAction\":[{\"@type\":\"ReadAction\",\"target\":[\"https:\\\/\\\/www.p31noticias.com.br\\\/?p=26438\"]}]},{\"@type\":\"ImageObject\",\"inLanguage\":\"pt-BR\",\"@id\":\"https:\\\/\\\/www.p31noticias.com.br\\\/?p=26438#primaryimage\",\"url\":\"https:\\\/\\\/www.p31noticias.com.br\\\/wp-content\\\/uploads\\\/2022\\\/08\\\/jfcrz_abr_2208220220-1.jpg\",\"contentUrl\":\"https:\\\/\\\/www.p31noticias.com.br\\\/wp-content\\\/uploads\\\/2022\\\/08\\\/jfcrz_abr_2208220220-1.jpg\",\"width\":1170,\"height\":700,\"caption\":\"O ministro da Sa\u00fade, Marcelo Queiroga, convida a imprensa para o lan\u00e7amento da Campanha Nacional de Preven\u00e7\u00e3o \u00e0 Var\u00edola dos Macacos, nesta segunda-feira (22), em Bras\u00edlia (DF).\"},{\"@type\":\"BreadcrumbList\",\"@id\":\"https:\\\/\\\/www.p31noticias.com.br\\\/?p=26438#breadcrumb\",\"itemListElement\":[{\"@type\":\"ListItem\",\"position\":1,\"name\":\"In\u00edcio\",\"item\":\"https:\\\/\\\/www.p31noticias.com.br\\\/\"},{\"@type\":\"ListItem\",\"position\":2,\"name\":\"Minist\u00e9rio da Sa\u00fade lan\u00e7a campanha sobre a var\u00edola dos macacos.\"}]},{\"@type\":\"WebSite\",\"@id\":\"https:\\\/\\\/www.p31noticias.com.br\\\/#website\",\"url\":\"https:\\\/\\\/www.p31noticias.com.br\\\/\",\"name\":\"P31\",\"description\":\"NOT\u00cdCIAS\",\"potentialAction\":[{\"@type\":\"SearchAction\",\"target\":{\"@type\":\"EntryPoint\",\"urlTemplate\":\"https:\\\/\\\/www.p31noticias.com.br\\\/?s={search_term_string}\"},\"query-input\":{\"@type\":\"PropertyValueSpecification\",\"valueRequired\":true,\"valueName\":\"search_term_string\"}}],\"inLanguage\":\"pt-BR\"},{\"@type\":\"Person\",\"@id\":\"https:\\\/\\\/www.p31noticias.com.br\\\/#\\\/schema\\\/person\\\/95f2ece30e3b4132065b915150cd0f94\",\"name\":\"Gon\u00e7alves Junior\",\"image\":{\"@type\":\"ImageObject\",\"inLanguage\":\"pt-BR\",\"@id\":\"https:\\\/\\\/secure.gravatar.com\\\/avatar\\\/6711f350116a89762687a48d66f723c799e5438a5b7578508d4294cd7a5d0800?s=96&d=mm&r=g\",\"url\":\"https:\\\/\\\/secure.gravatar.com\\\/avatar\\\/6711f350116a89762687a48d66f723c799e5438a5b7578508d4294cd7a5d0800?s=96&d=mm&r=g\",\"contentUrl\":\"https:\\\/\\\/secure.gravatar.com\\\/avatar\\\/6711f350116a89762687a48d66f723c799e5438a5b7578508d4294cd7a5d0800?s=96&d=mm&r=g\",\"caption\":\"Gon\u00e7alves Junior\"},\"url\":\"https:\\\/\\\/www.p31noticias.com.br\\\/?author=2\"}]}<\/script>\n<!-- \/ Yoast SEO Premium plugin. -->","yoast_head_json":{"title":"Minist\u00e9rio da Sa\u00fade lan\u00e7a campanha sobre a var\u00edola dos macacos. - P31","robots":{"index":"index","follow":"follow","max-snippet":"max-snippet:-1","max-image-preview":"max-image-preview:large","max-video-preview":"max-video-preview:-1"},"canonical":"https:\/\/www.p31noticias.com.br\/?p=26438","og_locale":"pt_BR","og_type":"article","og_title":"Minist\u00e9rio da Sa\u00fade lan\u00e7a campanha sobre a var\u00edola dos macacos.","og_description":"Ideia \u00e9 informar popula\u00e7\u00e3o sobre a transmiss\u00e3o, cont\u00e1gio e sintomas. Com o conceito Var\u00edola dos Macacos: Fique Bem com a Informa\u00e7\u00e3o Certa, o Minist\u00e9rio da Sa\u00fade lan\u00e7ou, nesta segunda-feira (22), em Bras\u00edlia,\u00a0 a Campanha Nacional de Preven\u00e7\u00e3o \u00e0 doen\u00e7a. A ideia \u00e9 conscientizar a popula\u00e7\u00e3o sobre a transmiss\u00e3o, cont\u00e1gio, sintomas e preven\u00e7\u00e3o, al\u00e9m de dar [&hellip;]","og_url":"https:\/\/www.p31noticias.com.br\/?p=26438","og_site_name":"P31","article_published_time":"2022-08-23T03:54:00+00:00","og_image":[{"width":1170,"height":700,"url":"https:\/\/www.p31noticias.com.br\/wp-content\/uploads\/2022\/08\/jfcrz_abr_2208220220-1.jpg","type":"image\/jpeg"}],"author":"Gon\u00e7alves Junior","twitter_card":"summary_large_image","twitter_misc":{"Escrito por":"Gon\u00e7alves Junior","Est. tempo de leitura":"4 minutos"},"schema":{"@context":"https:\/\/schema.org","@graph":[{"@type":"Article","@id":"https:\/\/www.p31noticias.com.br\/?p=26438#article","isPartOf":{"@id":"https:\/\/www.p31noticias.com.br\/?p=26438"},"author":{"name":"Gon\u00e7alves Junior","@id":"https:\/\/www.p31noticias.com.br\/#\/schema\/person\/95f2ece30e3b4132065b915150cd0f94"},"headline":"Minist\u00e9rio da Sa\u00fade lan\u00e7a campanha sobre a var\u00edola dos macacos.","datePublished":"2022-08-23T03:54:00+00:00","mainEntityOfPage":{"@id":"https:\/\/www.p31noticias.com.br\/?p=26438"},"wordCount":830,"commentCount":0,"image":{"@id":"https:\/\/www.p31noticias.com.br\/?p=26438#primaryimage"},"thumbnailUrl":"https:\/\/www.p31noticias.com.br\/wp-content\/uploads\/2022\/08\/jfcrz_abr_2208220220-1.jpg","articleSection":["Sa\u00fade"],"inLanguage":"pt-BR","potentialAction":[{"@type":"CommentAction","name":"Comment","target":["https:\/\/www.p31noticias.com.br\/?p=26438#respond"]}],"copyrightYear":"2022","copyrightHolder":{"@id":"https:\/\/www.p31noticias.com.br\/#organization"}},{"@type":"WebPage","@id":"https:\/\/www.p31noticias.com.br\/?p=26438","url":"https:\/\/www.p31noticias.com.br\/?p=26438","name":"Minist\u00e9rio da Sa\u00fade lan\u00e7a campanha sobre a var\u00edola dos macacos. - P31","isPartOf":{"@id":"https:\/\/www.p31noticias.com.br\/#website"},"primaryImageOfPage":{"@id":"https:\/\/www.p31noticias.com.br\/?p=26438#primaryimage"},"image":{"@id":"https:\/\/www.p31noticias.com.br\/?p=26438#primaryimage"},"thumbnailUrl":"https:\/\/www.p31noticias.com.br\/wp-content\/uploads\/2022\/08\/jfcrz_abr_2208220220-1.jpg","datePublished":"2022-08-23T03:54:00+00:00","author":{"@id":"https:\/\/www.p31noticias.com.br\/#\/schema\/person\/95f2ece30e3b4132065b915150cd0f94"},"breadcrumb":{"@id":"https:\/\/www.p31noticias.com.br\/?p=26438#breadcrumb"},"inLanguage":"pt-BR","potentialAction":[{"@type":"ReadAction","target":["https:\/\/www.p31noticias.com.br\/?p=26438"]}]},{"@type":"ImageObject","inLanguage":"pt-BR","@id":"https:\/\/www.p31noticias.com.br\/?p=26438#primaryimage","url":"https:\/\/www.p31noticias.com.br\/wp-content\/uploads\/2022\/08\/jfcrz_abr_2208220220-1.jpg","contentUrl":"https:\/\/www.p31noticias.com.br\/wp-content\/uploads\/2022\/08\/jfcrz_abr_2208220220-1.jpg","width":1170,"height":700,"caption":"O ministro da Sa\u00fade, Marcelo Queiroga, convida a imprensa para o lan\u00e7amento da Campanha Nacional de Preven\u00e7\u00e3o \u00e0 Var\u00edola dos Macacos, nesta segunda-feira (22), em Bras\u00edlia (DF)."},{"@type":"BreadcrumbList","@id":"https:\/\/www.p31noticias.com.br\/?p=26438#breadcrumb","itemListElement":[{"@type":"ListItem","position":1,"name":"In\u00edcio","item":"https:\/\/www.p31noticias.com.br\/"},{"@type":"ListItem","position":2,"name":"Minist\u00e9rio da Sa\u00fade lan\u00e7a campanha sobre a var\u00edola dos macacos."}]},{"@type":"WebSite","@id":"https:\/\/www.p31noticias.com.br\/#website","url":"https:\/\/www.p31noticias.com.br\/","name":"P31","description":"NOT\u00cdCIAS","potentialAction":[{"@type":"SearchAction","target":{"@type":"EntryPoint","urlTemplate":"https:\/\/www.p31noticias.com.br\/?s={search_term_string}"},"query-input":{"@type":"PropertyValueSpecification","valueRequired":true,"valueName":"search_term_string"}}],"inLanguage":"pt-BR"},{"@type":"Person","@id":"https:\/\/www.p31noticias.com.br\/#\/schema\/person\/95f2ece30e3b4132065b915150cd0f94","name":"Gon\u00e7alves Junior","image":{"@type":"ImageObject","inLanguage":"pt-BR","@id":"https:\/\/secure.gravatar.com\/avatar\/6711f350116a89762687a48d66f723c799e5438a5b7578508d4294cd7a5d0800?s=96&d=mm&r=g","url":"https:\/\/secure.gravatar.com\/avatar\/6711f350116a89762687a48d66f723c799e5438a5b7578508d4294cd7a5d0800?s=96&d=mm&r=g","contentUrl":"https:\/\/secure.gravatar.com\/avatar\/6711f350116a89762687a48d66f723c799e5438a5b7578508d4294cd7a5d0800?s=96&d=mm&r=g","caption":"Gon\u00e7alves Junior"},"url":"https:\/\/www.p31noticias.com.br\/?author=2"}]}},"amp_enabled":true,"_links":{"self":[{"href":"https:\/\/www.p31noticias.com.br\/index.php?rest_route=\/wp\/v2\/posts\/26438","targetHints":{"allow":["GET"]}}],"collection":[{"href":"https:\/\/www.p31noticias.com.br\/index.php?rest_route=\/wp\/v2\/posts"}],"about":[{"href":"https:\/\/www.p31noticias.com.br\/index.php?rest_route=\/wp\/v2\/types\/post"}],"author":[{"embeddable":true,"href":"https:\/\/www.p31noticias.com.br\/index.php?rest_route=\/wp\/v2\/users\/2"}],"replies":[{"embeddable":true,"href":"https:\/\/www.p31noticias.com.br\/index.php?rest_route=%2Fwp%2Fv2%2Fcomments&post=26438"}],"version-history":[{"count":1,"href":"https:\/\/www.p31noticias.com.br\/index.php?rest_route=\/wp\/v2\/posts\/26438\/revisions"}],"predecessor-version":[{"id":26440,"href":"https:\/\/www.p31noticias.com.br\/index.php?rest_route=\/wp\/v2\/posts\/26438\/revisions\/26440"}],"wp:featuredmedia":[{"embeddable":true,"href":"https:\/\/www.p31noticias.com.br\/index.php?rest_route=\/wp\/v2\/media\/26439"}],"wp:attachment":[{"href":"https:\/\/www.p31noticias.com.br\/index.php?rest_route=%2Fwp%2Fv2%2Fmedia&parent=26438"}],"wp:term":[{"taxonomy":"category","embeddable":true,"href":"https:\/\/www.p31noticias.com.br\/index.php?rest_route=%2Fwp%2Fv2%2Fcategories&post=26438"},{"taxonomy":"post_tag","embeddable":true,"href":"https:\/\/www.p31noticias.com.br\/index.php?rest_route=%2Fwp%2Fv2%2Ftags&post=26438"}],"curies":[{"name":"wp","href":"https:\/\/api.w.org\/{rel}","templated":true}]}}