{"id":26429,"date":"2022-08-21T01:27:42","date_gmt":"2022-08-21T04:27:42","guid":{"rendered":"https:\/\/p31noticias.com.br\/?p=26429"},"modified":"2022-08-21T01:27:42","modified_gmt":"2022-08-21T04:27:42","slug":"centro-de-apoio-e-de-atividades-para-a-pessoa-idosa","status":"publish","type":"post","link":"https:\/\/www.p31noticias.com.br\/?p=26429","title":{"rendered":"Centro de apoio e de atividades para a pessoa idosa."},"content":{"rendered":"<p style=\"text-align: justify;\"><em><strong>Unidade inaugurada no Guar\u00e1 come\u00e7a a funcionar a partir de setembro com v\u00e1rios cursos e oficinas com o objetivo de promover cuidado, aten\u00e7\u00e3o, integra\u00e7\u00e3o e prote\u00e7\u00e3o para esse p\u00fablico.<\/strong><\/em><\/p>\n<p style=\"text-align: justify;\">Com capacidade para receber dezenas de pessoas, o Centro de Apoio e Cursos Profissionalizantes come\u00e7a a funcionar a partir de setembro. A unidade, voltada para a aten\u00e7\u00e3o \u00e0 pessoa idosa, vai ofertar capacita\u00e7\u00f5es e atividades integrativas e de conviv\u00eancia para esse p\u00fablico e para quem trabalha diretamente com esses cidad\u00e3os. Instalada no Polo de Modas do Guar\u00e1 II, a primeira qualifica\u00e7\u00e3o j\u00e1 est\u00e1 com inscri\u00e7\u00f5es abertas.<\/p>\n<p style=\"text-align: justify;\"><img loading=\"lazy\" decoding=\"async\" class=\"\" src=\"https:\/\/mail.google.com\/mail\/u\/0?ui=2&amp;ik=e51c0b2605&amp;attid=0.1.1&amp;permmsgid=msg-f:1741742514828462431&amp;th=182be996ce8bc95f&amp;view=fimg&amp;fur=ip&amp;sz=s0-l75-ft&amp;attbid=ANGjdJ_SE8NpC7H12OxuvtV9t45VkFN08EAL2-T8K8hqriPU-OinWhwJMsFgRw2jTGNMTN5ifuvM1Wcbug5yhf8NNKPTgnH6UWujnMHjzhz0ANSCBqcmQvlbMiLL2oU&amp;disp=emb\" width=\"446\" height=\"334\" \/>Esse primeiro curso \u00e9 para quem quer ser cuidador de idoso. S\u00e3o 120 vagas gratuitas. \u201cPensamos essa qualifica\u00e7\u00e3o pois, no ano passado, perdi minha m\u00e3e, mas antes disso, cuidei dela e precisei aprender diversas t\u00e9cnicas para oferecer a dignidade, o carinho e a aten\u00e7\u00e3o que ela precisou\u201d, disse uma das respons\u00e1veis pela iniciativa, Roseni Nunes.<\/p>\n<p>Fruto de uma parceria entre institui\u00e7\u00f5es da sociedade civil, o local contou com a uni\u00e3o de esfor\u00e7os dos Institutos Adonai, Creai e Reciclando o Futuro. \u201cJ\u00e1 capacitamos mais de 300 profissionais para a atua\u00e7\u00e3o com esse p\u00fablico. Trata-se de uma a\u00e7\u00e3o muito importante para quem est\u00e1 em busca de gerar emprego e renda por meio de uma nova profiss\u00e3o, que \u00e9 uma das procuradas atualmente no mercado\u201d, explica a fundadora do Reciclando o Futuro, Renata d&#8217;Aguiar.<\/p>\n<p style=\"text-align: justify;\">O curso \u00e9 ministrado por professores especialistas em diversas \u00e1reas ligadas \u00e0 aten\u00e7\u00e3o integral \u00e0 pessoa idosa. A qualifica\u00e7\u00e3o tem dura\u00e7\u00e3o de oito horas e ocorre durante quatro dias \u2013 a data de in\u00edcio vai ser definida nos pr\u00f3ximos dias. De acordo com o cronograma, os alunos v\u00e3o aprender sobre sinais e sintomas das principais doen\u00e7as da terceira idade e preven\u00e7\u00e3o de quedas e \u00falceras de press\u00e3o, entre outros conte\u00fados.<\/p>\n<p><img loading=\"lazy\" decoding=\"async\" class=\"\" src=\"https:\/\/mail.google.com\/mail\/u\/0?ui=2&amp;ik=e51c0b2605&amp;attid=0.1.1&amp;permmsgid=msg-f:1741742555577245557&amp;th=182be9a04b5cdf75&amp;view=fimg&amp;fur=ip&amp;sz=s0-l75-ft&amp;attbid=ANGjdJ8K4rzM0A6vYJSlZ9eRtTm_tAJWROs4c6GVuKYmrIgAIR2ykIY1cXEEQjTKn7H7gXw7VMtIiQwKTSqimavoyPwzRzhAvZbkrkF7M9wvTH5dOYFp55bWcEPgE2w&amp;disp=emb\" width=\"427\" height=\"320\" \/><\/p>\n<p style=\"text-align: justify;\">\u201cO mercado est\u00e1 em busca de profissionais nessa \u00e1rea. Por\u00e9m, \u00e9 preciso qualifica\u00e7\u00e3o, pois trata-se de um p\u00fablico com particularidades que precisam ser levadas em considera\u00e7\u00e3o\u201d, enfatizou Renata d\u2019Aguiar, ao lembrar que mais 120 vagas v\u00e3o ser ofertadas de forma gratuita tamb\u00e9m em uma unidade em Samambaia.<\/p>\n<p>De acordo com ela, qualquer pessoa a partir de 18 anos pode participar, pois n\u00e3o s\u00e3o necess\u00e1rio requisitos pr\u00e9vios. No entanto, o\u00a0foco principal s\u00e3o nas comunidades de baixa renda ou em situa\u00e7\u00e3o de vulnerabilidade.<\/p>\n<p style=\"text-align: justify;\"><img loading=\"lazy\" decoding=\"async\" class=\"\" style=\"text-align: start;\" src=\"https:\/\/mail.google.com\/mail\/u\/0?ui=2&amp;ik=e51c0b2605&amp;attid=0.1.1&amp;permmsgid=msg-f:1741742488329395421&amp;th=182be990a3141cdd&amp;view=fimg&amp;fur=ip&amp;sz=s0-l75-ft&amp;attbid=ANGjdJ_yX8zTYHvR0KacvI5v0uvEhMTg7h4fwWzParFcDqrQaEeGqlQ31s13hyRbasUaBZGvmqKOU_TAC4D6XUYuAPsmkejeKDXJp8snYnd16l2r2tWM-OFCUW2nzQM&amp;disp=emb\" width=\"435\" height=\"326\" \/>O centro ainda prev\u00ea a oferta de atividades como inform\u00e1tica, oficinas de artesanato, beleza, musicaliza\u00e7\u00e3o e horta comunit\u00e1ria. \u201cQueremos tirar o cidad\u00e3o idoso do ambiente dom\u00e9stico e recoloc\u00e1-lo de volta \u00e0 vida ativa\u201d, acrescentou Fabiano Galv\u00e3o, mais um dos respons\u00e1veis pelo espa\u00e7o.<\/p>\n<p>*Servi\u00e7o*<br \/>\nCurso de cuidador de idoso<br \/>\nLocais: Centro de Apoio e Cursos Profissionalizantes (Polo de Modas do Guar\u00e1 II)<br \/>\nInstituto Adonai (Quadra QN 502, conjunto 13, lote 1 \u2013 Samambaia Sul)<br \/>\nInscri\u00e7\u00f5es gratuitas:\u00a0<a href=\"https:\/\/bityli.com\/ibenF\" target=\"_blank\" rel=\"noopener\" data-saferedirecturl=\"https:\/\/www.google.com\/url?q=https:\/\/bityli.com\/ibenF&amp;source=gmail&amp;ust=1661141595522000&amp;usg=AOvVaw0Xyt0_90cj6tPZ5XrxIpq3\">https:\/\/bityli.com\/ibenF<\/a><br \/>\nMais informa\u00e7\u00f5es e inscri\u00e7\u00f5es: (61) 98593-3373 ou (61) 98186-0802<br \/>\n@institutocreai<\/p>\n<p style=\"text-align: justify;\">Da Reda\u00e7\u00e3o.<\/p>\n","protected":false},"excerpt":{"rendered":"<p>Unidade inaugurada no Guar\u00e1 come\u00e7a a funcionar a partir de setembro com v\u00e1rios cursos e oficinas com o objetivo de promover cuidado, aten\u00e7\u00e3o, integra\u00e7\u00e3o e prote\u00e7\u00e3o para esse p\u00fablico. Com capacidade para receber dezenas de pessoas, o Centro de Apoio e Cursos Profissionalizantes come\u00e7a a funcionar a partir de setembro. A unidade, voltada para a [&hellip;]<\/p>\n","protected":false},"author":2,"featured_media":26430,"comment_status":"open","ping_status":"open","sticky":false,"template":"","format":"standard","meta":{"footnotes":""},"categories":[1],"tags":[],"class_list":{"0":"post-26429","1":"post","2":"type-post","3":"status-publish","4":"format-standard","5":"has-post-thumbnail","7":"category-outros"},"yoast_head":"<!-- This site is optimized with the Yoast SEO Premium plugin v24.5 (Yoast SEO v27.5) - https:\/\/yoast.com\/product\/yoast-seo-premium-wordpress\/ -->\n<title>Centro de apoio e de atividades para a pessoa idosa. - P31<\/title>\n<meta name=\"robots\" content=\"index, follow, max-snippet:-1, max-image-preview:large, max-video-preview:-1\" \/>\n<link rel=\"canonical\" href=\"https:\/\/www.p31noticias.com.br\/?p=26429\" \/>\n<meta property=\"og:locale\" content=\"pt_BR\" \/>\n<meta property=\"og:type\" content=\"article\" \/>\n<meta property=\"og:title\" content=\"Centro de apoio e de atividades para a pessoa idosa.\" \/>\n<meta property=\"og:description\" content=\"Unidade inaugurada no Guar\u00e1 come\u00e7a a funcionar a partir de setembro com v\u00e1rios cursos e oficinas com o objetivo de promover cuidado, aten\u00e7\u00e3o, integra\u00e7\u00e3o e prote\u00e7\u00e3o para esse p\u00fablico. Com capacidade para receber dezenas de pessoas, o Centro de Apoio e Cursos Profissionalizantes come\u00e7a a funcionar a partir de setembro. A unidade, voltada para a [&hellip;]\" \/>\n<meta property=\"og:url\" content=\"https:\/\/www.p31noticias.com.br\/?p=26429\" \/>\n<meta property=\"og:site_name\" content=\"P31\" \/>\n<meta property=\"article:published_time\" content=\"2022-08-21T04:27:42+00:00\" \/>\n<meta property=\"og:image\" content=\"https:\/\/www.p31noticias.com.br\/wp-content\/uploads\/2022\/08\/unnamed-87.jpg\" \/>\n\t<meta property=\"og:image:width\" content=\"1600\" \/>\n\t<meta property=\"og:image:height\" content=\"1200\" \/>\n\t<meta property=\"og:image:type\" content=\"image\/jpeg\" \/>\n<meta name=\"author\" content=\"Gon\u00e7alves Junior\" \/>\n<meta name=\"twitter:card\" content=\"summary_large_image\" \/>\n<meta name=\"twitter:label1\" content=\"Escrito por\" \/>\n\t<meta name=\"twitter:data1\" content=\"Gon\u00e7alves Junior\" \/>\n\t<meta name=\"twitter:label2\" content=\"Est. tempo de leitura\" \/>\n\t<meta name=\"twitter:data2\" content=\"3 minutos\" \/>\n<script type=\"application\/ld+json\" class=\"yoast-schema-graph\">{\"@context\":\"https:\\\/\\\/schema.org\",\"@graph\":[{\"@type\":\"Article\",\"@id\":\"https:\\\/\\\/www.p31noticias.com.br\\\/?p=26429#article\",\"isPartOf\":{\"@id\":\"https:\\\/\\\/www.p31noticias.com.br\\\/?p=26429\"},\"author\":{\"name\":\"Gon\u00e7alves Junior\",\"@id\":\"https:\\\/\\\/www.p31noticias.com.br\\\/#\\\/schema\\\/person\\\/95f2ece30e3b4132065b915150cd0f94\"},\"headline\":\"Centro de apoio e de atividades para a pessoa idosa.\",\"datePublished\":\"2022-08-21T04:27:42+00:00\",\"mainEntityOfPage\":{\"@id\":\"https:\\\/\\\/www.p31noticias.com.br\\\/?p=26429\"},\"wordCount\":525,\"commentCount\":0,\"image\":{\"@id\":\"https:\\\/\\\/www.p31noticias.com.br\\\/?p=26429#primaryimage\"},\"thumbnailUrl\":\"https:\\\/\\\/www.p31noticias.com.br\\\/wp-content\\\/uploads\\\/2022\\\/08\\\/unnamed-87.jpg\",\"articleSection\":[\"Outros\"],\"inLanguage\":\"pt-BR\",\"potentialAction\":[{\"@type\":\"CommentAction\",\"name\":\"Comment\",\"target\":[\"https:\\\/\\\/www.p31noticias.com.br\\\/?p=26429#respond\"]}],\"copyrightYear\":\"2022\",\"copyrightHolder\":{\"@id\":\"https:\\\/\\\/www.p31noticias.com.br\\\/#organization\"}},{\"@type\":\"WebPage\",\"@id\":\"https:\\\/\\\/www.p31noticias.com.br\\\/?p=26429\",\"url\":\"https:\\\/\\\/www.p31noticias.com.br\\\/?p=26429\",\"name\":\"Centro de apoio e de atividades para a pessoa idosa. - P31\",\"isPartOf\":{\"@id\":\"https:\\\/\\\/www.p31noticias.com.br\\\/#website\"},\"primaryImageOfPage\":{\"@id\":\"https:\\\/\\\/www.p31noticias.com.br\\\/?p=26429#primaryimage\"},\"image\":{\"@id\":\"https:\\\/\\\/www.p31noticias.com.br\\\/?p=26429#primaryimage\"},\"thumbnailUrl\":\"https:\\\/\\\/www.p31noticias.com.br\\\/wp-content\\\/uploads\\\/2022\\\/08\\\/unnamed-87.jpg\",\"datePublished\":\"2022-08-21T04:27:42+00:00\",\"author\":{\"@id\":\"https:\\\/\\\/www.p31noticias.com.br\\\/#\\\/schema\\\/person\\\/95f2ece30e3b4132065b915150cd0f94\"},\"breadcrumb\":{\"@id\":\"https:\\\/\\\/www.p31noticias.com.br\\\/?p=26429#breadcrumb\"},\"inLanguage\":\"pt-BR\",\"potentialAction\":[{\"@type\":\"ReadAction\",\"target\":[\"https:\\\/\\\/www.p31noticias.com.br\\\/?p=26429\"]}]},{\"@type\":\"ImageObject\",\"inLanguage\":\"pt-BR\",\"@id\":\"https:\\\/\\\/www.p31noticias.com.br\\\/?p=26429#primaryimage\",\"url\":\"https:\\\/\\\/www.p31noticias.com.br\\\/wp-content\\\/uploads\\\/2022\\\/08\\\/unnamed-87.jpg\",\"contentUrl\":\"https:\\\/\\\/www.p31noticias.com.br\\\/wp-content\\\/uploads\\\/2022\\\/08\\\/unnamed-87.jpg\",\"width\":1600,\"height\":1200},{\"@type\":\"BreadcrumbList\",\"@id\":\"https:\\\/\\\/www.p31noticias.com.br\\\/?p=26429#breadcrumb\",\"itemListElement\":[{\"@type\":\"ListItem\",\"position\":1,\"name\":\"In\u00edcio\",\"item\":\"https:\\\/\\\/www.p31noticias.com.br\\\/\"},{\"@type\":\"ListItem\",\"position\":2,\"name\":\"Centro de apoio e de atividades para a pessoa idosa.\"}]},{\"@type\":\"WebSite\",\"@id\":\"https:\\\/\\\/www.p31noticias.com.br\\\/#website\",\"url\":\"https:\\\/\\\/www.p31noticias.com.br\\\/\",\"name\":\"P31\",\"description\":\"NOT\u00cdCIAS\",\"potentialAction\":[{\"@type\":\"SearchAction\",\"target\":{\"@type\":\"EntryPoint\",\"urlTemplate\":\"https:\\\/\\\/www.p31noticias.com.br\\\/?s={search_term_string}\"},\"query-input\":{\"@type\":\"PropertyValueSpecification\",\"valueRequired\":true,\"valueName\":\"search_term_string\"}}],\"inLanguage\":\"pt-BR\"},{\"@type\":\"Person\",\"@id\":\"https:\\\/\\\/www.p31noticias.com.br\\\/#\\\/schema\\\/person\\\/95f2ece30e3b4132065b915150cd0f94\",\"name\":\"Gon\u00e7alves Junior\",\"image\":{\"@type\":\"ImageObject\",\"inLanguage\":\"pt-BR\",\"@id\":\"https:\\\/\\\/secure.gravatar.com\\\/avatar\\\/6711f350116a89762687a48d66f723c799e5438a5b7578508d4294cd7a5d0800?s=96&d=mm&r=g\",\"url\":\"https:\\\/\\\/secure.gravatar.com\\\/avatar\\\/6711f350116a89762687a48d66f723c799e5438a5b7578508d4294cd7a5d0800?s=96&d=mm&r=g\",\"contentUrl\":\"https:\\\/\\\/secure.gravatar.com\\\/avatar\\\/6711f350116a89762687a48d66f723c799e5438a5b7578508d4294cd7a5d0800?s=96&d=mm&r=g\",\"caption\":\"Gon\u00e7alves Junior\"},\"url\":\"https:\\\/\\\/www.p31noticias.com.br\\\/?author=2\"}]}<\/script>\n<!-- \/ Yoast SEO Premium plugin. -->","yoast_head_json":{"title":"Centro de apoio e de atividades para a pessoa idosa. - P31","robots":{"index":"index","follow":"follow","max-snippet":"max-snippet:-1","max-image-preview":"max-image-preview:large","max-video-preview":"max-video-preview:-1"},"canonical":"https:\/\/www.p31noticias.com.br\/?p=26429","og_locale":"pt_BR","og_type":"article","og_title":"Centro de apoio e de atividades para a pessoa idosa.","og_description":"Unidade inaugurada no Guar\u00e1 come\u00e7a a funcionar a partir de setembro com v\u00e1rios cursos e oficinas com o objetivo de promover cuidado, aten\u00e7\u00e3o, integra\u00e7\u00e3o e prote\u00e7\u00e3o para esse p\u00fablico. Com capacidade para receber dezenas de pessoas, o Centro de Apoio e Cursos Profissionalizantes come\u00e7a a funcionar a partir de setembro. A unidade, voltada para a [&hellip;]","og_url":"https:\/\/www.p31noticias.com.br\/?p=26429","og_site_name":"P31","article_published_time":"2022-08-21T04:27:42+00:00","og_image":[{"width":1600,"height":1200,"url":"https:\/\/www.p31noticias.com.br\/wp-content\/uploads\/2022\/08\/unnamed-87.jpg","type":"image\/jpeg"}],"author":"Gon\u00e7alves Junior","twitter_card":"summary_large_image","twitter_misc":{"Escrito por":"Gon\u00e7alves Junior","Est. tempo de leitura":"3 minutos"},"schema":{"@context":"https:\/\/schema.org","@graph":[{"@type":"Article","@id":"https:\/\/www.p31noticias.com.br\/?p=26429#article","isPartOf":{"@id":"https:\/\/www.p31noticias.com.br\/?p=26429"},"author":{"name":"Gon\u00e7alves Junior","@id":"https:\/\/www.p31noticias.com.br\/#\/schema\/person\/95f2ece30e3b4132065b915150cd0f94"},"headline":"Centro de apoio e de atividades para a pessoa idosa.","datePublished":"2022-08-21T04:27:42+00:00","mainEntityOfPage":{"@id":"https:\/\/www.p31noticias.com.br\/?p=26429"},"wordCount":525,"commentCount":0,"image":{"@id":"https:\/\/www.p31noticias.com.br\/?p=26429#primaryimage"},"thumbnailUrl":"https:\/\/www.p31noticias.com.br\/wp-content\/uploads\/2022\/08\/unnamed-87.jpg","articleSection":["Outros"],"inLanguage":"pt-BR","potentialAction":[{"@type":"CommentAction","name":"Comment","target":["https:\/\/www.p31noticias.com.br\/?p=26429#respond"]}],"copyrightYear":"2022","copyrightHolder":{"@id":"https:\/\/www.p31noticias.com.br\/#organization"}},{"@type":"WebPage","@id":"https:\/\/www.p31noticias.com.br\/?p=26429","url":"https:\/\/www.p31noticias.com.br\/?p=26429","name":"Centro de apoio e de atividades para a pessoa idosa. - P31","isPartOf":{"@id":"https:\/\/www.p31noticias.com.br\/#website"},"primaryImageOfPage":{"@id":"https:\/\/www.p31noticias.com.br\/?p=26429#primaryimage"},"image":{"@id":"https:\/\/www.p31noticias.com.br\/?p=26429#primaryimage"},"thumbnailUrl":"https:\/\/www.p31noticias.com.br\/wp-content\/uploads\/2022\/08\/unnamed-87.jpg","datePublished":"2022-08-21T04:27:42+00:00","author":{"@id":"https:\/\/www.p31noticias.com.br\/#\/schema\/person\/95f2ece30e3b4132065b915150cd0f94"},"breadcrumb":{"@id":"https:\/\/www.p31noticias.com.br\/?p=26429#breadcrumb"},"inLanguage":"pt-BR","potentialAction":[{"@type":"ReadAction","target":["https:\/\/www.p31noticias.com.br\/?p=26429"]}]},{"@type":"ImageObject","inLanguage":"pt-BR","@id":"https:\/\/www.p31noticias.com.br\/?p=26429#primaryimage","url":"https:\/\/www.p31noticias.com.br\/wp-content\/uploads\/2022\/08\/unnamed-87.jpg","contentUrl":"https:\/\/www.p31noticias.com.br\/wp-content\/uploads\/2022\/08\/unnamed-87.jpg","width":1600,"height":1200},{"@type":"BreadcrumbList","@id":"https:\/\/www.p31noticias.com.br\/?p=26429#breadcrumb","itemListElement":[{"@type":"ListItem","position":1,"name":"In\u00edcio","item":"https:\/\/www.p31noticias.com.br\/"},{"@type":"ListItem","position":2,"name":"Centro de apoio e de atividades para a pessoa idosa."}]},{"@type":"WebSite","@id":"https:\/\/www.p31noticias.com.br\/#website","url":"https:\/\/www.p31noticias.com.br\/","name":"P31","description":"NOT\u00cdCIAS","potentialAction":[{"@type":"SearchAction","target":{"@type":"EntryPoint","urlTemplate":"https:\/\/www.p31noticias.com.br\/?s={search_term_string}"},"query-input":{"@type":"PropertyValueSpecification","valueRequired":true,"valueName":"search_term_string"}}],"inLanguage":"pt-BR"},{"@type":"Person","@id":"https:\/\/www.p31noticias.com.br\/#\/schema\/person\/95f2ece30e3b4132065b915150cd0f94","name":"Gon\u00e7alves Junior","image":{"@type":"ImageObject","inLanguage":"pt-BR","@id":"https:\/\/secure.gravatar.com\/avatar\/6711f350116a89762687a48d66f723c799e5438a5b7578508d4294cd7a5d0800?s=96&d=mm&r=g","url":"https:\/\/secure.gravatar.com\/avatar\/6711f350116a89762687a48d66f723c799e5438a5b7578508d4294cd7a5d0800?s=96&d=mm&r=g","contentUrl":"https:\/\/secure.gravatar.com\/avatar\/6711f350116a89762687a48d66f723c799e5438a5b7578508d4294cd7a5d0800?s=96&d=mm&r=g","caption":"Gon\u00e7alves Junior"},"url":"https:\/\/www.p31noticias.com.br\/?author=2"}]}},"amp_enabled":true,"_links":{"self":[{"href":"https:\/\/www.p31noticias.com.br\/index.php?rest_route=\/wp\/v2\/posts\/26429","targetHints":{"allow":["GET"]}}],"collection":[{"href":"https:\/\/www.p31noticias.com.br\/index.php?rest_route=\/wp\/v2\/posts"}],"about":[{"href":"https:\/\/www.p31noticias.com.br\/index.php?rest_route=\/wp\/v2\/types\/post"}],"author":[{"embeddable":true,"href":"https:\/\/www.p31noticias.com.br\/index.php?rest_route=\/wp\/v2\/users\/2"}],"replies":[{"embeddable":true,"href":"https:\/\/www.p31noticias.com.br\/index.php?rest_route=%2Fwp%2Fv2%2Fcomments&post=26429"}],"version-history":[{"count":1,"href":"https:\/\/www.p31noticias.com.br\/index.php?rest_route=\/wp\/v2\/posts\/26429\/revisions"}],"predecessor-version":[{"id":26431,"href":"https:\/\/www.p31noticias.com.br\/index.php?rest_route=\/wp\/v2\/posts\/26429\/revisions\/26431"}],"wp:featuredmedia":[{"embeddable":true,"href":"https:\/\/www.p31noticias.com.br\/index.php?rest_route=\/wp\/v2\/media\/26430"}],"wp:attachment":[{"href":"https:\/\/www.p31noticias.com.br\/index.php?rest_route=%2Fwp%2Fv2%2Fmedia&parent=26429"}],"wp:term":[{"taxonomy":"category","embeddable":true,"href":"https:\/\/www.p31noticias.com.br\/index.php?rest_route=%2Fwp%2Fv2%2Fcategories&post=26429"},{"taxonomy":"post_tag","embeddable":true,"href":"https:\/\/www.p31noticias.com.br\/index.php?rest_route=%2Fwp%2Fv2%2Ftags&post=26429"}],"curies":[{"name":"wp","href":"https:\/\/api.w.org\/{rel}","templated":true}]}}