{"id":26426,"date":"2022-08-19T17:18:49","date_gmt":"2022-08-19T20:18:49","guid":{"rendered":"https:\/\/p31noticias.com.br\/?p=26426"},"modified":"2022-08-19T17:18:49","modified_gmt":"2022-08-19T20:18:49","slug":"aulao-gratuito-para-o-enem","status":"publish","type":"post","link":"https:\/\/www.p31noticias.com.br\/?p=26426","title":{"rendered":"Aul\u00e3o gratuito para o Enem."},"content":{"rendered":"<p style=\"text-align: justify;\"><em><strong>Inscri\u00e7\u00f5es est\u00e3o abertas e atividade vai contar com renomados professores do DF nos dias 20 e 27 de agosto.<\/strong><\/em><\/p>\n<p style=\"text-align: justify;\">O Exame Nacional do Ensino M\u00e9dio (Enem) 2002 est\u00e1 com provas marcadas para 13 e 20 de novembro em todo o Brasil. Milh\u00f5es de estudantes s\u00e3o esperados para participar da avalia\u00e7\u00e3o. Com o objetivo de preparar ainda mais os estudantes do Distrito Federal, o Instituto Reciclando o Futuro promove um aul\u00e3o gratuito nos dias 20 e 27 de agosto, a partir das 8 horas.<\/p>\n<p style=\"text-align: justify;\">As atividades ocorrem na Igreja Bra\u00e7o Forte, na QI 25, lote 13, em Taguatinga Norte. As aulas v\u00e3o ser ministradas por renomados professores do Distrito Federal, como Igor Diniz (Reda\u00e7\u00e3o) e F\u00e1bio Souza (biologia), entre outros. Ainda est\u00e1 prevista uma palestra sobre mercado de trabalho e in\u00edcio na vida profissional, com Renata d\u2019Aguiar, fundadora do Instituto Reciclando o Futuro e servidora p\u00fablica do Tesouro Nacional.<\/p>\n<p style=\"text-align: justify;\">\u201cNosso objetivo \u00e9 que esses estudantes absorvam o m\u00e1ximo de conhecimento para que possa estar, de fato, preparados para essa avalia\u00e7\u00e3o em novembro\u201d, destaca a economista. \u201cA entrada na faculdade \u00e9 um dos passos mais importantes na vida desses jovens e, por isso, precisamos fortalece-los neste momento\u201d, completa Renata d\u2019Aguiar.<\/p>\n<p style=\"text-align: justify;\">O Instituto Nacional de Pesquisas Educacionais An\u00edsio Teixeira (Inep) informou que, dos 3.396.632 estudantes que se inscreveram no Enem 2022, a maioria (1.544.378) j\u00e1 terminou o ensino m\u00e9dio.<\/p>\n<p style=\"text-align: justify;\">No total, 1.284.916 inscritos no exame est\u00e3o cursando o terceiro e \u00faltimo ano do ensino m\u00e9dio. Outro dado mostra que 490.328 alunos se inscreveram no exame na condi\u00e7\u00e3o de treineiros, ou seja, far\u00e3o as provas apenas para conhecimento.<\/p>\n<p style=\"text-align: justify;\">Assim como nas edi\u00e7\u00f5es anteriores, no Enem 2022 os estudantes puderam escolher entre fazer provas impressas e provas digitais. A \u00fanica diferen\u00e7a \u00e9 que, no \u00faltimo estilo de exame, os inscritos far\u00e3o os testes objetivos no computador. A reda\u00e7\u00e3o deve ser escrita \u00e0 m\u00e3o.<\/p>\n<p style=\"text-align: justify;\">A previs\u00e3o \u00e9 que o cart\u00e3o de confirma\u00e7\u00e3o de inscri\u00e7\u00e3o, com os hor\u00e1rios e os locais das provas, seja liberado em outubro.<\/p>\n<p style=\"text-align: justify;\">*Aul\u00e3o gratuito para o Enem*<br \/>\nDias 20 e 27 de agosto<br \/>\nDe 8 horas ao meio-dia<br \/>\nIgreja Bra\u00e7o Forte (QI 25, lote 13, em Taguatinga Norte)<br \/>\nInscri\u00e7\u00f5es:\u00a0<a href=\"https:\/\/forms.gle\/kxfUY3AT9dj89WMz6\" target=\"_blank\" rel=\"noopener\" data-saferedirecturl=\"https:\/\/www.google.com\/url?q=https:\/\/forms.gle\/kxfUY3AT9dj89WMz6&amp;source=gmail&amp;ust=1661024689119000&amp;usg=AOvVaw1mGRvulAAetLPLh1Amk1cu\">https:\/\/forms.gle\/<wbr \/>kxfUY3AT9dj89WMz6<\/a><br \/>\nMais informa\u00e7\u00f5es: (61) 99909-7967<\/p>\n<p style=\"text-align: justify;\">Da Reda\u00e7\u00e3o.<\/p>\n","protected":false},"excerpt":{"rendered":"<p>Inscri\u00e7\u00f5es est\u00e3o abertas e atividade vai contar com renomados professores do DF nos dias 20 e 27 de agosto. O Exame Nacional do Ensino M\u00e9dio (Enem) 2002 est\u00e1 com provas marcadas para 13 e 20 de novembro em todo o Brasil. Milh\u00f5es de estudantes s\u00e3o esperados para participar da avalia\u00e7\u00e3o. Com o objetivo de preparar [&hellip;]<\/p>\n","protected":false},"author":2,"featured_media":26427,"comment_status":"open","ping_status":"open","sticky":false,"template":"","format":"standard","meta":{"footnotes":""},"categories":[1],"tags":[],"class_list":{"0":"post-26426","1":"post","2":"type-post","3":"status-publish","4":"format-standard","5":"has-post-thumbnail","7":"category-outros"},"yoast_head":"<!-- This site is optimized with the Yoast SEO Premium plugin v24.5 (Yoast SEO v27.5) - https:\/\/yoast.com\/product\/yoast-seo-premium-wordpress\/ -->\n<title>Aul\u00e3o gratuito para o Enem. - P31<\/title>\n<meta name=\"robots\" content=\"index, follow, max-snippet:-1, max-image-preview:large, max-video-preview:-1\" \/>\n<link rel=\"canonical\" href=\"https:\/\/www.p31noticias.com.br\/?p=26426\" \/>\n<meta property=\"og:locale\" content=\"pt_BR\" \/>\n<meta property=\"og:type\" content=\"article\" \/>\n<meta property=\"og:title\" content=\"Aul\u00e3o gratuito para o Enem.\" \/>\n<meta property=\"og:description\" content=\"Inscri\u00e7\u00f5es est\u00e3o abertas e atividade vai contar com renomados professores do DF nos dias 20 e 27 de agosto. O Exame Nacional do Ensino M\u00e9dio (Enem) 2002 est\u00e1 com provas marcadas para 13 e 20 de novembro em todo o Brasil. Milh\u00f5es de estudantes s\u00e3o esperados para participar da avalia\u00e7\u00e3o. Com o objetivo de preparar [&hellip;]\" \/>\n<meta property=\"og:url\" content=\"https:\/\/www.p31noticias.com.br\/?p=26426\" \/>\n<meta property=\"og:site_name\" content=\"P31\" \/>\n<meta property=\"article:published_time\" content=\"2022-08-19T20:18:49+00:00\" \/>\n<meta property=\"og:image\" content=\"https:\/\/www.p31noticias.com.br\/wp-content\/uploads\/2022\/08\/unnamed-85.jpg\" \/>\n\t<meta property=\"og:image:width\" content=\"989\" \/>\n\t<meta property=\"og:image:height\" content=\"477\" \/>\n\t<meta property=\"og:image:type\" content=\"image\/jpeg\" \/>\n<meta name=\"author\" content=\"Gon\u00e7alves Junior\" \/>\n<meta name=\"twitter:card\" content=\"summary_large_image\" \/>\n<meta name=\"twitter:label1\" content=\"Escrito por\" \/>\n\t<meta name=\"twitter:data1\" content=\"Gon\u00e7alves Junior\" \/>\n\t<meta name=\"twitter:label2\" content=\"Est. tempo de leitura\" \/>\n\t<meta name=\"twitter:data2\" content=\"2 minutos\" \/>\n<script type=\"application\/ld+json\" class=\"yoast-schema-graph\">{\"@context\":\"https:\\\/\\\/schema.org\",\"@graph\":[{\"@type\":\"Article\",\"@id\":\"https:\\\/\\\/www.p31noticias.com.br\\\/?p=26426#article\",\"isPartOf\":{\"@id\":\"https:\\\/\\\/www.p31noticias.com.br\\\/?p=26426\"},\"author\":{\"name\":\"Gon\u00e7alves Junior\",\"@id\":\"https:\\\/\\\/www.p31noticias.com.br\\\/#\\\/schema\\\/person\\\/95f2ece30e3b4132065b915150cd0f94\"},\"headline\":\"Aul\u00e3o gratuito para o Enem.\",\"datePublished\":\"2022-08-19T20:18:49+00:00\",\"mainEntityOfPage\":{\"@id\":\"https:\\\/\\\/www.p31noticias.com.br\\\/?p=26426\"},\"wordCount\":387,\"commentCount\":0,\"image\":{\"@id\":\"https:\\\/\\\/www.p31noticias.com.br\\\/?p=26426#primaryimage\"},\"thumbnailUrl\":\"https:\\\/\\\/www.p31noticias.com.br\\\/wp-content\\\/uploads\\\/2022\\\/08\\\/unnamed-85.jpg\",\"articleSection\":[\"Outros\"],\"inLanguage\":\"pt-BR\",\"potentialAction\":[{\"@type\":\"CommentAction\",\"name\":\"Comment\",\"target\":[\"https:\\\/\\\/www.p31noticias.com.br\\\/?p=26426#respond\"]}],\"copyrightYear\":\"2022\",\"copyrightHolder\":{\"@id\":\"https:\\\/\\\/www.p31noticias.com.br\\\/#organization\"}},{\"@type\":\"WebPage\",\"@id\":\"https:\\\/\\\/www.p31noticias.com.br\\\/?p=26426\",\"url\":\"https:\\\/\\\/www.p31noticias.com.br\\\/?p=26426\",\"name\":\"Aul\u00e3o gratuito para o Enem. - P31\",\"isPartOf\":{\"@id\":\"https:\\\/\\\/www.p31noticias.com.br\\\/#website\"},\"primaryImageOfPage\":{\"@id\":\"https:\\\/\\\/www.p31noticias.com.br\\\/?p=26426#primaryimage\"},\"image\":{\"@id\":\"https:\\\/\\\/www.p31noticias.com.br\\\/?p=26426#primaryimage\"},\"thumbnailUrl\":\"https:\\\/\\\/www.p31noticias.com.br\\\/wp-content\\\/uploads\\\/2022\\\/08\\\/unnamed-85.jpg\",\"datePublished\":\"2022-08-19T20:18:49+00:00\",\"author\":{\"@id\":\"https:\\\/\\\/www.p31noticias.com.br\\\/#\\\/schema\\\/person\\\/95f2ece30e3b4132065b915150cd0f94\"},\"breadcrumb\":{\"@id\":\"https:\\\/\\\/www.p31noticias.com.br\\\/?p=26426#breadcrumb\"},\"inLanguage\":\"pt-BR\",\"potentialAction\":[{\"@type\":\"ReadAction\",\"target\":[\"https:\\\/\\\/www.p31noticias.com.br\\\/?p=26426\"]}]},{\"@type\":\"ImageObject\",\"inLanguage\":\"pt-BR\",\"@id\":\"https:\\\/\\\/www.p31noticias.com.br\\\/?p=26426#primaryimage\",\"url\":\"https:\\\/\\\/www.p31noticias.com.br\\\/wp-content\\\/uploads\\\/2022\\\/08\\\/unnamed-85.jpg\",\"contentUrl\":\"https:\\\/\\\/www.p31noticias.com.br\\\/wp-content\\\/uploads\\\/2022\\\/08\\\/unnamed-85.jpg\",\"width\":989,\"height\":477},{\"@type\":\"BreadcrumbList\",\"@id\":\"https:\\\/\\\/www.p31noticias.com.br\\\/?p=26426#breadcrumb\",\"itemListElement\":[{\"@type\":\"ListItem\",\"position\":1,\"name\":\"In\u00edcio\",\"item\":\"https:\\\/\\\/www.p31noticias.com.br\\\/\"},{\"@type\":\"ListItem\",\"position\":2,\"name\":\"Aul\u00e3o gratuito para o Enem.\"}]},{\"@type\":\"WebSite\",\"@id\":\"https:\\\/\\\/www.p31noticias.com.br\\\/#website\",\"url\":\"https:\\\/\\\/www.p31noticias.com.br\\\/\",\"name\":\"P31\",\"description\":\"NOT\u00cdCIAS\",\"potentialAction\":[{\"@type\":\"SearchAction\",\"target\":{\"@type\":\"EntryPoint\",\"urlTemplate\":\"https:\\\/\\\/www.p31noticias.com.br\\\/?s={search_term_string}\"},\"query-input\":{\"@type\":\"PropertyValueSpecification\",\"valueRequired\":true,\"valueName\":\"search_term_string\"}}],\"inLanguage\":\"pt-BR\"},{\"@type\":\"Person\",\"@id\":\"https:\\\/\\\/www.p31noticias.com.br\\\/#\\\/schema\\\/person\\\/95f2ece30e3b4132065b915150cd0f94\",\"name\":\"Gon\u00e7alves Junior\",\"image\":{\"@type\":\"ImageObject\",\"inLanguage\":\"pt-BR\",\"@id\":\"https:\\\/\\\/secure.gravatar.com\\\/avatar\\\/6711f350116a89762687a48d66f723c799e5438a5b7578508d4294cd7a5d0800?s=96&d=mm&r=g\",\"url\":\"https:\\\/\\\/secure.gravatar.com\\\/avatar\\\/6711f350116a89762687a48d66f723c799e5438a5b7578508d4294cd7a5d0800?s=96&d=mm&r=g\",\"contentUrl\":\"https:\\\/\\\/secure.gravatar.com\\\/avatar\\\/6711f350116a89762687a48d66f723c799e5438a5b7578508d4294cd7a5d0800?s=96&d=mm&r=g\",\"caption\":\"Gon\u00e7alves Junior\"},\"url\":\"https:\\\/\\\/www.p31noticias.com.br\\\/?author=2\"}]}<\/script>\n<!-- \/ Yoast SEO Premium plugin. -->","yoast_head_json":{"title":"Aul\u00e3o gratuito para o Enem. - P31","robots":{"index":"index","follow":"follow","max-snippet":"max-snippet:-1","max-image-preview":"max-image-preview:large","max-video-preview":"max-video-preview:-1"},"canonical":"https:\/\/www.p31noticias.com.br\/?p=26426","og_locale":"pt_BR","og_type":"article","og_title":"Aul\u00e3o gratuito para o Enem.","og_description":"Inscri\u00e7\u00f5es est\u00e3o abertas e atividade vai contar com renomados professores do DF nos dias 20 e 27 de agosto. O Exame Nacional do Ensino M\u00e9dio (Enem) 2002 est\u00e1 com provas marcadas para 13 e 20 de novembro em todo o Brasil. Milh\u00f5es de estudantes s\u00e3o esperados para participar da avalia\u00e7\u00e3o. Com o objetivo de preparar [&hellip;]","og_url":"https:\/\/www.p31noticias.com.br\/?p=26426","og_site_name":"P31","article_published_time":"2022-08-19T20:18:49+00:00","og_image":[{"width":989,"height":477,"url":"https:\/\/www.p31noticias.com.br\/wp-content\/uploads\/2022\/08\/unnamed-85.jpg","type":"image\/jpeg"}],"author":"Gon\u00e7alves Junior","twitter_card":"summary_large_image","twitter_misc":{"Escrito por":"Gon\u00e7alves Junior","Est. tempo de leitura":"2 minutos"},"schema":{"@context":"https:\/\/schema.org","@graph":[{"@type":"Article","@id":"https:\/\/www.p31noticias.com.br\/?p=26426#article","isPartOf":{"@id":"https:\/\/www.p31noticias.com.br\/?p=26426"},"author":{"name":"Gon\u00e7alves Junior","@id":"https:\/\/www.p31noticias.com.br\/#\/schema\/person\/95f2ece30e3b4132065b915150cd0f94"},"headline":"Aul\u00e3o gratuito para o Enem.","datePublished":"2022-08-19T20:18:49+00:00","mainEntityOfPage":{"@id":"https:\/\/www.p31noticias.com.br\/?p=26426"},"wordCount":387,"commentCount":0,"image":{"@id":"https:\/\/www.p31noticias.com.br\/?p=26426#primaryimage"},"thumbnailUrl":"https:\/\/www.p31noticias.com.br\/wp-content\/uploads\/2022\/08\/unnamed-85.jpg","articleSection":["Outros"],"inLanguage":"pt-BR","potentialAction":[{"@type":"CommentAction","name":"Comment","target":["https:\/\/www.p31noticias.com.br\/?p=26426#respond"]}],"copyrightYear":"2022","copyrightHolder":{"@id":"https:\/\/www.p31noticias.com.br\/#organization"}},{"@type":"WebPage","@id":"https:\/\/www.p31noticias.com.br\/?p=26426","url":"https:\/\/www.p31noticias.com.br\/?p=26426","name":"Aul\u00e3o gratuito para o Enem. - P31","isPartOf":{"@id":"https:\/\/www.p31noticias.com.br\/#website"},"primaryImageOfPage":{"@id":"https:\/\/www.p31noticias.com.br\/?p=26426#primaryimage"},"image":{"@id":"https:\/\/www.p31noticias.com.br\/?p=26426#primaryimage"},"thumbnailUrl":"https:\/\/www.p31noticias.com.br\/wp-content\/uploads\/2022\/08\/unnamed-85.jpg","datePublished":"2022-08-19T20:18:49+00:00","author":{"@id":"https:\/\/www.p31noticias.com.br\/#\/schema\/person\/95f2ece30e3b4132065b915150cd0f94"},"breadcrumb":{"@id":"https:\/\/www.p31noticias.com.br\/?p=26426#breadcrumb"},"inLanguage":"pt-BR","potentialAction":[{"@type":"ReadAction","target":["https:\/\/www.p31noticias.com.br\/?p=26426"]}]},{"@type":"ImageObject","inLanguage":"pt-BR","@id":"https:\/\/www.p31noticias.com.br\/?p=26426#primaryimage","url":"https:\/\/www.p31noticias.com.br\/wp-content\/uploads\/2022\/08\/unnamed-85.jpg","contentUrl":"https:\/\/www.p31noticias.com.br\/wp-content\/uploads\/2022\/08\/unnamed-85.jpg","width":989,"height":477},{"@type":"BreadcrumbList","@id":"https:\/\/www.p31noticias.com.br\/?p=26426#breadcrumb","itemListElement":[{"@type":"ListItem","position":1,"name":"In\u00edcio","item":"https:\/\/www.p31noticias.com.br\/"},{"@type":"ListItem","position":2,"name":"Aul\u00e3o gratuito para o Enem."}]},{"@type":"WebSite","@id":"https:\/\/www.p31noticias.com.br\/#website","url":"https:\/\/www.p31noticias.com.br\/","name":"P31","description":"NOT\u00cdCIAS","potentialAction":[{"@type":"SearchAction","target":{"@type":"EntryPoint","urlTemplate":"https:\/\/www.p31noticias.com.br\/?s={search_term_string}"},"query-input":{"@type":"PropertyValueSpecification","valueRequired":true,"valueName":"search_term_string"}}],"inLanguage":"pt-BR"},{"@type":"Person","@id":"https:\/\/www.p31noticias.com.br\/#\/schema\/person\/95f2ece30e3b4132065b915150cd0f94","name":"Gon\u00e7alves Junior","image":{"@type":"ImageObject","inLanguage":"pt-BR","@id":"https:\/\/secure.gravatar.com\/avatar\/6711f350116a89762687a48d66f723c799e5438a5b7578508d4294cd7a5d0800?s=96&d=mm&r=g","url":"https:\/\/secure.gravatar.com\/avatar\/6711f350116a89762687a48d66f723c799e5438a5b7578508d4294cd7a5d0800?s=96&d=mm&r=g","contentUrl":"https:\/\/secure.gravatar.com\/avatar\/6711f350116a89762687a48d66f723c799e5438a5b7578508d4294cd7a5d0800?s=96&d=mm&r=g","caption":"Gon\u00e7alves Junior"},"url":"https:\/\/www.p31noticias.com.br\/?author=2"}]}},"amp_enabled":true,"_links":{"self":[{"href":"https:\/\/www.p31noticias.com.br\/index.php?rest_route=\/wp\/v2\/posts\/26426","targetHints":{"allow":["GET"]}}],"collection":[{"href":"https:\/\/www.p31noticias.com.br\/index.php?rest_route=\/wp\/v2\/posts"}],"about":[{"href":"https:\/\/www.p31noticias.com.br\/index.php?rest_route=\/wp\/v2\/types\/post"}],"author":[{"embeddable":true,"href":"https:\/\/www.p31noticias.com.br\/index.php?rest_route=\/wp\/v2\/users\/2"}],"replies":[{"embeddable":true,"href":"https:\/\/www.p31noticias.com.br\/index.php?rest_route=%2Fwp%2Fv2%2Fcomments&post=26426"}],"version-history":[{"count":1,"href":"https:\/\/www.p31noticias.com.br\/index.php?rest_route=\/wp\/v2\/posts\/26426\/revisions"}],"predecessor-version":[{"id":26428,"href":"https:\/\/www.p31noticias.com.br\/index.php?rest_route=\/wp\/v2\/posts\/26426\/revisions\/26428"}],"wp:featuredmedia":[{"embeddable":true,"href":"https:\/\/www.p31noticias.com.br\/index.php?rest_route=\/wp\/v2\/media\/26427"}],"wp:attachment":[{"href":"https:\/\/www.p31noticias.com.br\/index.php?rest_route=%2Fwp%2Fv2%2Fmedia&parent=26426"}],"wp:term":[{"taxonomy":"category","embeddable":true,"href":"https:\/\/www.p31noticias.com.br\/index.php?rest_route=%2Fwp%2Fv2%2Fcategories&post=26426"},{"taxonomy":"post_tag","embeddable":true,"href":"https:\/\/www.p31noticias.com.br\/index.php?rest_route=%2Fwp%2Fv2%2Ftags&post=26426"}],"curies":[{"name":"wp","href":"https:\/\/api.w.org\/{rel}","templated":true}]}}